{"id":942,"date":"2019-12-18T12:58:57","date_gmt":"2019-12-18T12:58:57","guid":{"rendered":"https:\/\/www.senaatti.fi\/asema-alueet\/?p=942"},"modified":"2020-07-31T11:25:11","modified_gmt":"2020-07-31T11:25:11","slug":"kirkkonummen-munkinmaenpuiston-kaavaehdotuksen-valmistelu-alkaa","status":"publish","type":"post","link":"https:\/\/www.senaatti.fi\/asema-alueet\/ajankohtaista\/uutiset\/kirkkonummen-munkinmaenpuiston-kaavaehdotuksen-valmistelu-alkaa\/","title":{"rendered":"Kirkkonummen Munkinm\u00e4enpuiston kaavaehdotuksen valmistelu alkaa"},"content":{"rendered":"<p><strong>Senaatin Asema-alueet Oy ja Kirkkonummen kunta ovat k\u00e4ynnist\u00e4neet Kirkkonummen asema-alueen suunnittelun. Munkinm\u00e4enpuiston alueen kehitt\u00e4miseksi on laadittu ideasuunnitelma, jota k\u00e4siteltiin yhdyskuntatekniikan lautakannan kokouksessa 12.12.2019.<\/strong><\/p>\n<p>Suunnitelmalla pohjustetaan radan etel\u00e4puolen asemakaavamuutoksia. Parhaan lopputuloksen saavuttamiseksi alueen kaupunkikuvaa, asuntorakentamista ja liitynt\u00e4pys\u00e4k\u00f6inti\u00e4 on tarkasteltu suunnitelmissa kahden vaihtoehdon avulla. Niihin on valittu toisistaan poikkeavia ratkaisutapoja eri mahdollisuuksien kartoittamiseksi.<\/p>\n<p>Suunnittelualue sijaitsee Kirkkonummen liikekeskustan kaupunkikuvan kan\u00adnalta merkitt\u00e4v\u00e4ll\u00e4 paikalla liikenteen p\u00e4\u00e4v\u00e4ylien varressa, ja alueen merkitys korostuu etenkin Kirkkonummelle saavuttaessa. Munkinm\u00e4en ideasuunnittelu liittyy Kirkkonummen liikekeskustan uudistumiseen ja laajentumiseen. Munkinm\u00e4ki on kehittyv\u00e4n liikekeskustan ensimm\u00e4inen laajentumisalue radan etel\u00e4puolelle ja uudet korttelit tukeutuvat olemassa oleviin palveluihin. Suunnittelualueen kohdalla uusia palveluja sijoitetaan alikulun ja asemalaiturin l\u00e4heisyyteen, jossa asiakasvirrat hy\u00f6tyv\u00e4t pienimuotoisista kivijalkapalveluista.<\/p>\n<p>\u201dKirkkonummelle saavuttaessa Munkinm\u00e4enpuiston alue nousee vahvasti esiin. Uskon, ett\u00e4 hyvin alkaneella yhteisty\u00f6ll\u00e4 asemakaavoituksen lopputuloksena saadaan luotua uutta positiivista ilmett\u00e4 kaupunkikuvaan. Hyv\u00e4ll\u00e4 suunnitelmalla pystyt\u00e4\u00e4n takaamaan, ett\u00e4 koko asema-alueen potentiaali tulee k\u00e4ytt\u00f6\u00f6n ja alue kytkeytyy entist\u00e4 paremmin nykyiseen kaupunkiymp\u00e4rist\u00f6\u00f6n,\u201d sanoo Senaatin kiinteist\u00f6kehitysp\u00e4\u00e4llikk\u00f6 <strong>Janne Marttinen<\/strong>.<\/p>\n<p>Nyt tehdyn yhdyskuntatekniikan lautakunnan p\u00e4\u00e4t\u00f6ksen j\u00e4lkeen Senaatin Asema-alueet Oy ja Kirkkonummen kunta aloittavat valmistelut asemakaavoituksen edist\u00e4miseksi. Alustavien suunnitelmien mukaan Senaatin Asema-alueet Oy k\u00e4ynnist\u00e4\u00e4 omistamiensa alueiden ostajien ja toteuttajakumppaneiden haun alkuvuoden 2020 aikana.<\/p>\n<p><strong>Lis\u00e4tiedot:<\/strong><\/p>\n<p>Senaatti-kiinteist\u00f6t, Janne Marttinen, kiinteist\u00f6kehitysp\u00e4\u00e4llikk\u00f6, puh. +358 40 867 4667, <a href=\"mailto:janne.marttinen@senaatti.fi\">janne.marttinen@senaatti.fi<\/a><\/p>\n\n<p><strong><em>Senaatin Asema-alueet Oy<\/em><\/strong><em> on Senaatti-kiinteist\u00f6jen tyt\u00e4ryhti\u00f6, jonka teht\u00e4v\u00e4n\u00e4 on kehitt\u00e4\u00e4 junaliikenteen asema-alueita 22 paikkakunnalla. Luomme kest\u00e4v\u00e4n kaupunkikehityksen mukaisesti edellytyksi\u00e4 asema-alueiden elinvoimaisuudelle, monimuotoiselle asumiselle, uudelle liiketoiminnalle ja toimivalle liikenteelle. Kehit\u00e4mme kiinteist\u00f6j\u00e4 kaavoituksen keinoin tiiviiss\u00e4 yhteisty\u00f6ss\u00e4 kaupunkien ja kuntien kanssa. Yhti\u00f6n teht\u00e4v\u00e4n\u00e4 on myyd\u00e4 kehitt\u00e4m\u00e4ns\u00e4 kiinteist\u00f6t.<\/em> <em><a href=\"https:\/\/www.senaatti.fi\/asema-alueet\">Lue lis\u00e4\u00e4 Senaatin Asema-alueet Oy:st\u00e4<\/a><\/em><\/p>\n","protected":false},"excerpt":{"rendered":"<p>Senaatin Asema-alueet Oy ja Kirkkonummen kunta ovat k\u00e4ynnist\u00e4neet Kirkkonummen asema-alueen suunnittelun. Munkinm\u00e4enpuiston alueen kehitt\u00e4miseksi on laadittu ideasuunnitelma, jota k\u00e4siteltiin yhdyskuntatekniikan lautakannan kokouksessa 12.12.2019. Suunnitelmalla pohjustetaan radan etel\u00e4puolen asemakaavamuutoksia. Parhaan lopputuloksen saavuttamiseksi alueen kaupunkikuvaa, asuntorakentamista ja liitynt\u00e4pys\u00e4k\u00f6inti\u00e4 on tarkasteltu suunnitelmissa kahden vaihtoehdon avulla. Niihin on valittu toisistaan poikkeavia ratkaisutapoja eri mahdollisuuksien kartoittamiseksi. Suunnittelualue sijaitsee Kirkkonummen liikekeskustan [&hellip;]<\/p>\n","protected":false},"author":16,"featured_media":945,"comment_status":"open","ping_status":"open","sticky":false,"template":"","format":"standard","meta":{"_acf_changed":false,"footnotes":""},"senaatti_type":[],"class_list":["post-942","post","type-post","status-publish","format-standard","has-post-thumbnail","hentry"],"acf":[],"yoast_head":"<!-- This site is optimized with the Yoast SEO plugin v27.3 - https:\/\/yoast.com\/product\/yoast-seo-wordpress\/ -->\n<title>Kirkkonummen Munkinm\u00e4enpuiston kaavaehdotuksen valmistelu alkaa - Senaatti<\/title>\n<meta name=\"description\" content=\"Senaatin Asema-alueet Oy ja Kirkkonummen kunta ovat k\u00e4ynnist\u00e4neet Kirkkonummen asema-alueen suunnittelun. Munkinm\u00e4enpuiston alueen kehitt\u00e4miseksi on\" \/>\n<meta name=\"robots\" content=\"index, follow, max-snippet:-1, max-image-preview:large, max-video-preview:-1\" \/>\n<link rel=\"canonical\" href=\"https:\/\/www.senaatti.fi\/asema-alueet\/ajankohtaista\/uutiset\/kirkkonummen-munkinmaenpuiston-kaavaehdotuksen-valmistelu-alkaa\/\" \/>\n<meta property=\"og:locale\" content=\"fi_FI\" \/>\n<meta property=\"og:type\" content=\"article\" \/>\n<meta property=\"og:title\" content=\"Kirkkonummen Munkinm\u00e4enpuiston kaavaehdotuksen valmistelu alkaa - Senaatti\" \/>\n<meta property=\"og:description\" content=\"Senaatin Asema-alueet Oy ja Kirkkonummen kunta ovat k\u00e4ynnist\u00e4neet Kirkkonummen asema-alueen suunnittelun. Munkinm\u00e4enpuiston alueen kehitt\u00e4miseksi on\" \/>\n<meta property=\"og:url\" content=\"https:\/\/www.senaatti.fi\/asema-alueet\/ajankohtaista\/uutiset\/kirkkonummen-munkinmaenpuiston-kaavaehdotuksen-valmistelu-alkaa\/\" \/>\n<meta property=\"og:site_name\" content=\"Senaatti\" \/>\n<meta property=\"article:published_time\" content=\"2019-12-18T12:58:57+00:00\" \/>\n<meta property=\"article:modified_time\" content=\"2020-07-31T11:25:11+00:00\" \/>\n<meta property=\"og:image\" content=\"https:\/\/www.senaatti.fi\/app\/uploads\/sites\/6\/2019\/12\/Kirkkonummi-Munkinm\u00e4enpuiston-ideasuunnitelma_Arkkitehdit-Anttila-Rusanen-Oy-1024x526.png\" \/>\n\t<meta property=\"og:image:width\" content=\"1024\" \/>\n\t<meta property=\"og:image:height\" content=\"526\" \/>\n\t<meta property=\"og:image:type\" content=\"image\/png\" \/>\n<meta name=\"author\" content=\"Andreas Ylijarvi\" \/>\n<meta name=\"twitter:card\" content=\"summary_large_image\" \/>\n<meta name=\"twitter:label1\" content=\"Written by\" \/>\n\t<meta name=\"twitter:data1\" content=\"Andreas Ylijarvi\" \/>\n\t<meta name=\"twitter:label2\" content=\"Est. reading time\" \/>\n\t<meta name=\"twitter:data2\" content=\"1 minuutti\" \/>\n<script type=\"application\/ld+json\" class=\"yoast-schema-graph\">{\"@context\":\"https:\\\/\\\/schema.org\",\"@graph\":[{\"@type\":\"Article\",\"@id\":\"https:\\\/\\\/www.senaatti.fi\\\/asema-alueet\\\/ajankohtaista\\\/uutiset\\\/kirkkonummen-munkinmaenpuiston-kaavaehdotuksen-valmistelu-alkaa\\\/#article\",\"isPartOf\":{\"@id\":\"https:\\\/\\\/www.senaatti.fi\\\/asema-alueet\\\/ajankohtaista\\\/uutiset\\\/kirkkonummen-munkinmaenpuiston-kaavaehdotuksen-valmistelu-alkaa\\\/\"},\"author\":{\"name\":\"Andreas Ylijarvi\",\"@id\":\"https:\\\/\\\/www.senaatti.fi\\\/asema-alueet\\\/#\\\/schema\\\/person\\\/19ebcd857f41fa4cf02102cd128abc46\"},\"headline\":\"Kirkkonummen Munkinm\u00e4enpuiston kaavaehdotuksen valmistelu alkaa\",\"datePublished\":\"2019-12-18T12:58:57+00:00\",\"dateModified\":\"2020-07-31T11:25:11+00:00\",\"mainEntityOfPage\":{\"@id\":\"https:\\\/\\\/www.senaatti.fi\\\/asema-alueet\\\/ajankohtaista\\\/uutiset\\\/kirkkonummen-munkinmaenpuiston-kaavaehdotuksen-valmistelu-alkaa\\\/\"},\"wordCount\":300,\"commentCount\":0,\"image\":{\"@id\":\"https:\\\/\\\/www.senaatti.fi\\\/asema-alueet\\\/ajankohtaista\\\/uutiset\\\/kirkkonummen-munkinmaenpuiston-kaavaehdotuksen-valmistelu-alkaa\\\/#primaryimage\"},\"thumbnailUrl\":\"https:\\\/\\\/www.senaatti.fi\\\/app\\\/uploads\\\/sites\\\/6\\\/2019\\\/12\\\/Kirkkonummi-Munkinm\u00e4enpuiston-ideasuunnitelma_Arkkitehdit-Anttila-Rusanen-Oy.png\",\"inLanguage\":\"fi\"},{\"@type\":\"WebPage\",\"@id\":\"https:\\\/\\\/www.senaatti.fi\\\/asema-alueet\\\/ajankohtaista\\\/uutiset\\\/kirkkonummen-munkinmaenpuiston-kaavaehdotuksen-valmistelu-alkaa\\\/\",\"url\":\"https:\\\/\\\/www.senaatti.fi\\\/asema-alueet\\\/ajankohtaista\\\/uutiset\\\/kirkkonummen-munkinmaenpuiston-kaavaehdotuksen-valmistelu-alkaa\\\/\",\"name\":\"Kirkkonummen Munkinm\u00e4enpuiston kaavaehdotuksen valmistelu alkaa - Senaatti\",\"isPartOf\":{\"@id\":\"https:\\\/\\\/www.senaatti.fi\\\/asema-alueet\\\/#website\"},\"primaryImageOfPage\":{\"@id\":\"https:\\\/\\\/www.senaatti.fi\\\/asema-alueet\\\/ajankohtaista\\\/uutiset\\\/kirkkonummen-munkinmaenpuiston-kaavaehdotuksen-valmistelu-alkaa\\\/#primaryimage\"},\"image\":{\"@id\":\"https:\\\/\\\/www.senaatti.fi\\\/asema-alueet\\\/ajankohtaista\\\/uutiset\\\/kirkkonummen-munkinmaenpuiston-kaavaehdotuksen-valmistelu-alkaa\\\/#primaryimage\"},\"thumbnailUrl\":\"https:\\\/\\\/www.senaatti.fi\\\/app\\\/uploads\\\/sites\\\/6\\\/2019\\\/12\\\/Kirkkonummi-Munkinm\u00e4enpuiston-ideasuunnitelma_Arkkitehdit-Anttila-Rusanen-Oy.png\",\"datePublished\":\"2019-12-18T12:58:57+00:00\",\"dateModified\":\"2020-07-31T11:25:11+00:00\",\"author\":{\"@id\":\"https:\\\/\\\/www.senaatti.fi\\\/asema-alueet\\\/#\\\/schema\\\/person\\\/19ebcd857f41fa4cf02102cd128abc46\"},\"description\":\"Senaatin Asema-alueet Oy ja Kirkkonummen kunta ovat k\u00e4ynnist\u00e4neet Kirkkonummen asema-alueen suunnittelun. Munkinm\u00e4enpuiston alueen kehitt\u00e4miseksi on\",\"breadcrumb\":{\"@id\":\"https:\\\/\\\/www.senaatti.fi\\\/asema-alueet\\\/ajankohtaista\\\/uutiset\\\/kirkkonummen-munkinmaenpuiston-kaavaehdotuksen-valmistelu-alkaa\\\/#breadcrumb\"},\"inLanguage\":\"fi\",\"potentialAction\":[{\"@type\":\"ReadAction\",\"target\":[\"https:\\\/\\\/www.senaatti.fi\\\/asema-alueet\\\/ajankohtaista\\\/uutiset\\\/kirkkonummen-munkinmaenpuiston-kaavaehdotuksen-valmistelu-alkaa\\\/\"]}]},{\"@type\":\"ImageObject\",\"inLanguage\":\"fi\",\"@id\":\"https:\\\/\\\/www.senaatti.fi\\\/asema-alueet\\\/ajankohtaista\\\/uutiset\\\/kirkkonummen-munkinmaenpuiston-kaavaehdotuksen-valmistelu-alkaa\\\/#primaryimage\",\"url\":\"https:\\\/\\\/www.senaatti.fi\\\/app\\\/uploads\\\/sites\\\/6\\\/2019\\\/12\\\/Kirkkonummi-Munkinm\u00e4enpuiston-ideasuunnitelma_Arkkitehdit-Anttila-Rusanen-Oy.png\",\"contentUrl\":\"https:\\\/\\\/www.senaatti.fi\\\/app\\\/uploads\\\/sites\\\/6\\\/2019\\\/12\\\/Kirkkonummi-Munkinm\u00e4enpuiston-ideasuunnitelma_Arkkitehdit-Anttila-Rusanen-Oy.png\",\"width\":1446,\"height\":743,\"caption\":\"Kirkkonummi, Munkinm\u00e4enpuiston ideasuunnitelman kuva.\"},{\"@type\":\"BreadcrumbList\",\"@id\":\"https:\\\/\\\/www.senaatti.fi\\\/asema-alueet\\\/ajankohtaista\\\/uutiset\\\/kirkkonummen-munkinmaenpuiston-kaavaehdotuksen-valmistelu-alkaa\\\/#breadcrumb\",\"itemListElement\":[{\"@type\":\"ListItem\",\"position\":1,\"name\":\"Etusivu\",\"item\":\"https:\\\/\\\/www.senaatti.fi\\\/asema-alueet\\\/\"},{\"@type\":\"ListItem\",\"position\":2,\"name\":\"Kirkkonummen Munkinm\u00e4enpuiston kaavaehdotuksen valmistelu alkaa\"}]},{\"@type\":\"WebSite\",\"@id\":\"https:\\\/\\\/www.senaatti.fi\\\/asema-alueet\\\/#website\",\"url\":\"https:\\\/\\\/www.senaatti.fi\\\/asema-alueet\\\/\",\"name\":\"Asema-alueet\",\"description\":\"Senaatin Asema-alueet\",\"potentialAction\":[{\"@type\":\"SearchAction\",\"target\":{\"@type\":\"EntryPoint\",\"urlTemplate\":\"https:\\\/\\\/www.senaatti.fi\\\/asema-alueet\\\/?s={search_term_string}\"},\"query-input\":{\"@type\":\"PropertyValueSpecification\",\"valueRequired\":true,\"valueName\":\"search_term_string\"}}],\"inLanguage\":\"fi\"},{\"@type\":\"Person\",\"@id\":\"https:\\\/\\\/www.senaatti.fi\\\/asema-alueet\\\/#\\\/schema\\\/person\\\/19ebcd857f41fa4cf02102cd128abc46\",\"name\":\"Andreas Ylijarvi\",\"image\":{\"@type\":\"ImageObject\",\"inLanguage\":\"fi\",\"@id\":\"https:\\\/\\\/secure.gravatar.com\\\/avatar\\\/da48797f91660605745175abd9fe82263292008bf52cf452340b960fcdab186f?s=96&d=mm&r=g\",\"url\":\"https:\\\/\\\/secure.gravatar.com\\\/avatar\\\/da48797f91660605745175abd9fe82263292008bf52cf452340b960fcdab186f?s=96&d=mm&r=g\",\"contentUrl\":\"https:\\\/\\\/secure.gravatar.com\\\/avatar\\\/da48797f91660605745175abd9fe82263292008bf52cf452340b960fcdab186f?s=96&d=mm&r=g\",\"caption\":\"Andreas Ylijarvi\"}}]}<\/script>\n<!-- \/ Yoast SEO plugin. -->","yoast_head_json":{"title":"Kirkkonummen Munkinm\u00e4enpuiston kaavaehdotuksen valmistelu alkaa - Senaatti","description":"Senaatin Asema-alueet Oy ja Kirkkonummen kunta ovat k\u00e4ynnist\u00e4neet Kirkkonummen asema-alueen suunnittelun. Munkinm\u00e4enpuiston alueen kehitt\u00e4miseksi on","robots":{"index":"index","follow":"follow","max-snippet":"max-snippet:-1","max-image-preview":"max-image-preview:large","max-video-preview":"max-video-preview:-1"},"canonical":"https:\/\/www.senaatti.fi\/asema-alueet\/ajankohtaista\/uutiset\/kirkkonummen-munkinmaenpuiston-kaavaehdotuksen-valmistelu-alkaa\/","og_locale":"fi_FI","og_type":"article","og_title":"Kirkkonummen Munkinm\u00e4enpuiston kaavaehdotuksen valmistelu alkaa - Senaatti","og_description":"Senaatin Asema-alueet Oy ja Kirkkonummen kunta ovat k\u00e4ynnist\u00e4neet Kirkkonummen asema-alueen suunnittelun. Munkinm\u00e4enpuiston alueen kehitt\u00e4miseksi on","og_url":"https:\/\/www.senaatti.fi\/asema-alueet\/ajankohtaista\/uutiset\/kirkkonummen-munkinmaenpuiston-kaavaehdotuksen-valmistelu-alkaa\/","og_site_name":"Senaatti","article_published_time":"2019-12-18T12:58:57+00:00","article_modified_time":"2020-07-31T11:25:11+00:00","og_image":[{"width":1024,"height":526,"url":"https:\/\/www.senaatti.fi\/app\/uploads\/sites\/6\/2019\/12\/Kirkkonummi-Munkinm\u00e4enpuiston-ideasuunnitelma_Arkkitehdit-Anttila-Rusanen-Oy-1024x526.png","type":"image\/png"}],"author":"Andreas Ylijarvi","twitter_card":"summary_large_image","twitter_misc":{"Written by":"Andreas Ylijarvi","Est. reading time":"1 minuutti"},"schema":{"@context":"https:\/\/schema.org","@graph":[{"@type":"Article","@id":"https:\/\/www.senaatti.fi\/asema-alueet\/ajankohtaista\/uutiset\/kirkkonummen-munkinmaenpuiston-kaavaehdotuksen-valmistelu-alkaa\/#article","isPartOf":{"@id":"https:\/\/www.senaatti.fi\/asema-alueet\/ajankohtaista\/uutiset\/kirkkonummen-munkinmaenpuiston-kaavaehdotuksen-valmistelu-alkaa\/"},"author":{"name":"Andreas Ylijarvi","@id":"https:\/\/www.senaatti.fi\/asema-alueet\/#\/schema\/person\/19ebcd857f41fa4cf02102cd128abc46"},"headline":"Kirkkonummen Munkinm\u00e4enpuiston kaavaehdotuksen valmistelu alkaa","datePublished":"2019-12-18T12:58:57+00:00","dateModified":"2020-07-31T11:25:11+00:00","mainEntityOfPage":{"@id":"https:\/\/www.senaatti.fi\/asema-alueet\/ajankohtaista\/uutiset\/kirkkonummen-munkinmaenpuiston-kaavaehdotuksen-valmistelu-alkaa\/"},"wordCount":300,"commentCount":0,"image":{"@id":"https:\/\/www.senaatti.fi\/asema-alueet\/ajankohtaista\/uutiset\/kirkkonummen-munkinmaenpuiston-kaavaehdotuksen-valmistelu-alkaa\/#primaryimage"},"thumbnailUrl":"https:\/\/www.senaatti.fi\/app\/uploads\/sites\/6\/2019\/12\/Kirkkonummi-Munkinm\u00e4enpuiston-ideasuunnitelma_Arkkitehdit-Anttila-Rusanen-Oy.png","inLanguage":"fi"},{"@type":"WebPage","@id":"https:\/\/www.senaatti.fi\/asema-alueet\/ajankohtaista\/uutiset\/kirkkonummen-munkinmaenpuiston-kaavaehdotuksen-valmistelu-alkaa\/","url":"https:\/\/www.senaatti.fi\/asema-alueet\/ajankohtaista\/uutiset\/kirkkonummen-munkinmaenpuiston-kaavaehdotuksen-valmistelu-alkaa\/","name":"Kirkkonummen Munkinm\u00e4enpuiston kaavaehdotuksen valmistelu alkaa - Senaatti","isPartOf":{"@id":"https:\/\/www.senaatti.fi\/asema-alueet\/#website"},"primaryImageOfPage":{"@id":"https:\/\/www.senaatti.fi\/asema-alueet\/ajankohtaista\/uutiset\/kirkkonummen-munkinmaenpuiston-kaavaehdotuksen-valmistelu-alkaa\/#primaryimage"},"image":{"@id":"https:\/\/www.senaatti.fi\/asema-alueet\/ajankohtaista\/uutiset\/kirkkonummen-munkinmaenpuiston-kaavaehdotuksen-valmistelu-alkaa\/#primaryimage"},"thumbnailUrl":"https:\/\/www.senaatti.fi\/app\/uploads\/sites\/6\/2019\/12\/Kirkkonummi-Munkinm\u00e4enpuiston-ideasuunnitelma_Arkkitehdit-Anttila-Rusanen-Oy.png","datePublished":"2019-12-18T12:58:57+00:00","dateModified":"2020-07-31T11:25:11+00:00","author":{"@id":"https:\/\/www.senaatti.fi\/asema-alueet\/#\/schema\/person\/19ebcd857f41fa4cf02102cd128abc46"},"description":"Senaatin Asema-alueet Oy ja Kirkkonummen kunta ovat k\u00e4ynnist\u00e4neet Kirkkonummen asema-alueen suunnittelun. Munkinm\u00e4enpuiston alueen kehitt\u00e4miseksi on","breadcrumb":{"@id":"https:\/\/www.senaatti.fi\/asema-alueet\/ajankohtaista\/uutiset\/kirkkonummen-munkinmaenpuiston-kaavaehdotuksen-valmistelu-alkaa\/#breadcrumb"},"inLanguage":"fi","potentialAction":[{"@type":"ReadAction","target":["https:\/\/www.senaatti.fi\/asema-alueet\/ajankohtaista\/uutiset\/kirkkonummen-munkinmaenpuiston-kaavaehdotuksen-valmistelu-alkaa\/"]}]},{"@type":"ImageObject","inLanguage":"fi","@id":"https:\/\/www.senaatti.fi\/asema-alueet\/ajankohtaista\/uutiset\/kirkkonummen-munkinmaenpuiston-kaavaehdotuksen-valmistelu-alkaa\/#primaryimage","url":"https:\/\/www.senaatti.fi\/app\/uploads\/sites\/6\/2019\/12\/Kirkkonummi-Munkinm\u00e4enpuiston-ideasuunnitelma_Arkkitehdit-Anttila-Rusanen-Oy.png","contentUrl":"https:\/\/www.senaatti.fi\/app\/uploads\/sites\/6\/2019\/12\/Kirkkonummi-Munkinm\u00e4enpuiston-ideasuunnitelma_Arkkitehdit-Anttila-Rusanen-Oy.png","width":1446,"height":743,"caption":"Kirkkonummi, Munkinm\u00e4enpuiston ideasuunnitelman kuva."},{"@type":"BreadcrumbList","@id":"https:\/\/www.senaatti.fi\/asema-alueet\/ajankohtaista\/uutiset\/kirkkonummen-munkinmaenpuiston-kaavaehdotuksen-valmistelu-alkaa\/#breadcrumb","itemListElement":[{"@type":"ListItem","position":1,"name":"Etusivu","item":"https:\/\/www.senaatti.fi\/asema-alueet\/"},{"@type":"ListItem","position":2,"name":"Kirkkonummen Munkinm\u00e4enpuiston kaavaehdotuksen valmistelu alkaa"}]},{"@type":"WebSite","@id":"https:\/\/www.senaatti.fi\/asema-alueet\/#website","url":"https:\/\/www.senaatti.fi\/asema-alueet\/","name":"Asema-alueet","description":"Senaatin Asema-alueet","potentialAction":[{"@type":"SearchAction","target":{"@type":"EntryPoint","urlTemplate":"https:\/\/www.senaatti.fi\/asema-alueet\/?s={search_term_string}"},"query-input":{"@type":"PropertyValueSpecification","valueRequired":true,"valueName":"search_term_string"}}],"inLanguage":"fi"},{"@type":"Person","@id":"https:\/\/www.senaatti.fi\/asema-alueet\/#\/schema\/person\/19ebcd857f41fa4cf02102cd128abc46","name":"Andreas Ylijarvi","image":{"@type":"ImageObject","inLanguage":"fi","@id":"https:\/\/secure.gravatar.com\/avatar\/da48797f91660605745175abd9fe82263292008bf52cf452340b960fcdab186f?s=96&d=mm&r=g","url":"https:\/\/secure.gravatar.com\/avatar\/da48797f91660605745175abd9fe82263292008bf52cf452340b960fcdab186f?s=96&d=mm&r=g","contentUrl":"https:\/\/secure.gravatar.com\/avatar\/da48797f91660605745175abd9fe82263292008bf52cf452340b960fcdab186f?s=96&d=mm&r=g","caption":"Andreas Ylijarvi"}}]}},"lang":"fi","translations":{"fi":942},"pll_sync_post":[],"_links":{"self":[{"href":"https:\/\/www.senaatti.fi\/asema-alueet\/wp-json\/wp\/v2\/posts\/942","targetHints":{"allow":["GET"]}}],"collection":[{"href":"https:\/\/www.senaatti.fi\/asema-alueet\/wp-json\/wp\/v2\/posts"}],"about":[{"href":"https:\/\/www.senaatti.fi\/asema-alueet\/wp-json\/wp\/v2\/types\/post"}],"author":[{"embeddable":true,"href":"https:\/\/www.senaatti.fi\/asema-alueet\/wp-json\/wp\/v2\/users\/16"}],"replies":[{"embeddable":true,"href":"https:\/\/www.senaatti.fi\/asema-alueet\/wp-json\/wp\/v2\/comments?post=942"}],"version-history":[{"count":6,"href":"https:\/\/www.senaatti.fi\/asema-alueet\/wp-json\/wp\/v2\/posts\/942\/revisions"}],"predecessor-version":[{"id":1011,"href":"https:\/\/www.senaatti.fi\/asema-alueet\/wp-json\/wp\/v2\/posts\/942\/revisions\/1011"}],"wp:featuredmedia":[{"embeddable":true,"href":"https:\/\/www.senaatti.fi\/asema-alueet\/wp-json\/wp\/v2\/media\/945"}],"wp:attachment":[{"href":"https:\/\/www.senaatti.fi\/asema-alueet\/wp-json\/wp\/v2\/media?parent=942"}],"wp:term":[{"taxonomy":"senaatti_type","embeddable":true,"href":"https:\/\/www.senaatti.fi\/asema-alueet\/wp-json\/wp\/v2\/senaatti_type?post=942"}],"curies":[{"name":"wp","href":"https:\/\/api.w.org\/{rel}","templated":true}]}}