{"id":899,"date":"2019-10-24T12:19:52","date_gmt":"2019-10-24T12:19:52","guid":{"rendered":"https:\/\/www.senaatti.fi\/asema-alueet\/?p=899"},"modified":"2019-10-24T12:19:52","modified_gmt":"2019-10-24T12:19:52","slug":"kemin-keskustan-kehittaminen-kaynnistyy","status":"publish","type":"post","link":"https:\/\/www.senaatti.fi\/asema-alueet\/ajankohtaista\/uutiset\/kemin-keskustan-kehittaminen-kaynnistyy\/","title":{"rendered":"Kemin keskustan kehitt\u00e4minen k\u00e4ynnistyy"},"content":{"rendered":"<p>Kemin kaupunki k\u00e4ynnist\u00e4\u00e4 keskustan kehitt\u00e4mishankkeen vuorovaikutteisella maank\u00e4yt\u00f6n suunnitteluty\u00f6ll\u00e4. Kehitt\u00e4miskohteena ovat T\u00e4ik\u00f6n toria ymp\u00e4r\u00f6iv\u00e4t korttelit sek\u00e4 rautatieaseman alue. Tavoitteena on kaupunkimilj\u00f6\u00f6n ja sen palvelutarjonnan parantaminen, matkailun kehitt\u00e4minen, asuin- ja ty\u00f6paikkojen lis\u00e4\u00e4minen sek\u00e4 kansainv\u00e4lisen vetovoiman kasvattaminen.<\/p>\n<p>\u201cVihre\u00e4 Kemi on arvo, joka toimii my\u00f6s kehitt\u00e4mishankkeen punaisena lankana. Tulevaisuudessa haluamme olla kest\u00e4v\u00e4, tarkoituksenmukaisia ja laadukkaita palveluita tuottava ja resursseja mahdollisimman v\u00e4h\u00e4n kuluttava kaupunki\u201d, kertoo kaupungin suunnittelup\u00e4\u00e4llikk\u00f6\u00a0<strong>Jani Hiltunen<\/strong>. \u201cKaupunki pyrkii toimillaan hyvinvoinnin ja terveyden edist\u00e4miseen, elinvoimaisuuden edesauttamiseen sek\u00e4 kaupunkiymp\u00e4rist\u00f6n viihtyisyyden parantamiseen. Haluamme tarjota entist\u00e4 paremmat palvelut ja puitteet niin Kemin asukkaille kuin matkailijoillekin\u201d.<\/p>\n<p>Asema-alueen osalta yhteisty\u00f6kumppaniksi on jo liittynyt aseman kiinteist\u00f6t omistava Senaatin Asema-alueet Oy. Kytkem\u00e4ll\u00e4 aseman alue osaksi kehitt\u00e4misty\u00f6t\u00e4 ja uudistuvaa toriymp\u00e4rist\u00f6\u00e4 luodaan monipuolisempia, vetovoimaisempia ja kiinnostavampia investointimahdollisuuksia tarjoava suunnitelma. \u201dRautatieasemilla ja niiden ymp\u00e4rist\u00f6ll\u00e4 on merkitt\u00e4v\u00e4 rooli tulevaisuuden keskusta-alueiden asumisen, palveluiden ja liikkumisen suunnittelussa ja j\u00e4rjest\u00e4misess\u00e4.\u201d, kertoo Senaatin kiinteist\u00f6kehitysp\u00e4\u00e4llikk\u00f6\u00a0<strong>Janne Marttinen<\/strong>. \u201dMeist\u00e4 kaupungit ja kunnat saavat tehokkaan ja osaavan kumppanin asema-alueidensa uudistamiseen ja kest\u00e4v\u00e4\u00e4n kaupunkikehitykseen.\u201d<\/p>\n<p>Lue lis\u00e4\u00e4 hankkeesta Kemin kaupungin tiedotteesta sek\u00e4 hankkeen kotisivuilta.<\/p>\n<p><a href=\"https:\/\/www.kemi.fi\/ajankohtaista\/2019\/10\/22\/kemin-keskustan-kehittaminen-alkaa-kaupunki-kutsuu-kiinnostuneet-mukaan\/\" target=\"_blank\" rel=\"noopener noreferrer\">Kemin kaupungin tiedote &#8211; 22.10.2019<\/a><\/p>\n<p><a href=\"https:\/\/keminkeskusta.fi\/\" target=\"_blank\" rel=\"noopener noreferrer\">Hankkeen kotisivut<\/a><\/p>\n","protected":false},"excerpt":{"rendered":"<p>Kemin kaupunki k\u00e4ynnist\u00e4\u00e4 keskustan kehitt\u00e4mishankkeen vuorovaikutteisella maank\u00e4yt\u00f6n suunnitteluty\u00f6ll\u00e4. Kehitt\u00e4miskohteena ovat T\u00e4ik\u00f6n toria ymp\u00e4r\u00f6iv\u00e4t korttelit sek\u00e4 rautatieaseman alue. Tavoitteena on kaupunkimilj\u00f6\u00f6n ja sen palvelutarjonnan parantaminen, matkailun kehitt\u00e4minen, asuin- ja ty\u00f6paikkojen lis\u00e4\u00e4minen sek\u00e4 kansainv\u00e4lisen vetovoiman kasvattaminen. \u201cVihre\u00e4 Kemi on arvo, joka toimii my\u00f6s kehitt\u00e4mishankkeen punaisena lankana. Tulevaisuudessa haluamme olla kest\u00e4v\u00e4, tarkoituksenmukaisia ja laadukkaita palveluita tuottava ja resursseja [&hellip;]<\/p>\n","protected":false},"author":16,"featured_media":883,"comment_status":"open","ping_status":"open","sticky":false,"template":"","format":"standard","meta":{"_acf_changed":false,"footnotes":""},"senaatti_type":[],"class_list":["post-899","post","type-post","status-publish","format-standard","has-post-thumbnail","hentry"],"acf":[],"yoast_head":"<!-- This site is optimized with the Yoast SEO plugin v27.3 - https:\/\/yoast.com\/product\/yoast-seo-wordpress\/ -->\n<title>Kemin keskustan kehitt\u00e4minen k\u00e4ynnistyy - Senaatti<\/title>\n<meta name=\"description\" content=\"Kemin kaupunki k\u00e4ynnist\u00e4\u00e4 keskustan kehitt\u00e4mishankkeen vuorovaikutteisella maank\u00e4yt\u00f6n suunnitteluty\u00f6ll\u00e4. Kehitt\u00e4miskohteena ovat T\u00e4ik\u00f6n toria ymp\u00e4r\u00f6iv\u00e4t\" \/>\n<meta name=\"robots\" content=\"index, follow, max-snippet:-1, max-image-preview:large, max-video-preview:-1\" \/>\n<link rel=\"canonical\" href=\"https:\/\/www.senaatti.fi\/asema-alueet\/ajankohtaista\/uutiset\/kemin-keskustan-kehittaminen-kaynnistyy\/\" \/>\n<meta property=\"og:locale\" content=\"fi_FI\" \/>\n<meta property=\"og:type\" content=\"article\" \/>\n<meta property=\"og:title\" content=\"Kemin keskustan kehitt\u00e4minen k\u00e4ynnistyy - Senaatti\" \/>\n<meta property=\"og:description\" content=\"Kemin kaupunki k\u00e4ynnist\u00e4\u00e4 keskustan kehitt\u00e4mishankkeen vuorovaikutteisella maank\u00e4yt\u00f6n suunnitteluty\u00f6ll\u00e4. Kehitt\u00e4miskohteena ovat T\u00e4ik\u00f6n toria ymp\u00e4r\u00f6iv\u00e4t\" \/>\n<meta property=\"og:url\" content=\"https:\/\/www.senaatti.fi\/asema-alueet\/ajankohtaista\/uutiset\/kemin-keskustan-kehittaminen-kaynnistyy\/\" \/>\n<meta property=\"og:site_name\" content=\"Senaatti\" \/>\n<meta property=\"article:published_time\" content=\"2019-10-24T12:19:52+00:00\" \/>\n<meta property=\"og:image\" content=\"https:\/\/www.senaatti.fi\/app\/uploads\/sites\/6\/2019\/10\/17272_06-1024x683.jpg\" \/>\n\t<meta property=\"og:image:width\" content=\"1024\" \/>\n\t<meta property=\"og:image:height\" content=\"683\" \/>\n\t<meta property=\"og:image:type\" content=\"image\/jpeg\" \/>\n<meta name=\"author\" content=\"Andreas Ylijarvi\" \/>\n<meta name=\"twitter:card\" content=\"summary_large_image\" \/>\n<meta name=\"twitter:label1\" content=\"Written by\" \/>\n\t<meta name=\"twitter:data1\" content=\"Andreas Ylijarvi\" \/>\n\t<meta name=\"twitter:label2\" content=\"Est. reading time\" \/>\n\t<meta name=\"twitter:data2\" content=\"1 minuutti\" \/>\n<script type=\"application\/ld+json\" class=\"yoast-schema-graph\">{\"@context\":\"https:\\\/\\\/schema.org\",\"@graph\":[{\"@type\":\"Article\",\"@id\":\"https:\\\/\\\/www.senaatti.fi\\\/asema-alueet\\\/ajankohtaista\\\/uutiset\\\/kemin-keskustan-kehittaminen-kaynnistyy\\\/#article\",\"isPartOf\":{\"@id\":\"https:\\\/\\\/www.senaatti.fi\\\/asema-alueet\\\/ajankohtaista\\\/uutiset\\\/kemin-keskustan-kehittaminen-kaynnistyy\\\/\"},\"author\":{\"name\":\"Andreas Ylijarvi\",\"@id\":\"https:\\\/\\\/www.senaatti.fi\\\/asema-alueet\\\/#\\\/schema\\\/person\\\/19ebcd857f41fa4cf02102cd128abc46\"},\"headline\":\"Kemin keskustan kehitt\u00e4minen k\u00e4ynnistyy\",\"datePublished\":\"2019-10-24T12:19:52+00:00\",\"mainEntityOfPage\":{\"@id\":\"https:\\\/\\\/www.senaatti.fi\\\/asema-alueet\\\/ajankohtaista\\\/uutiset\\\/kemin-keskustan-kehittaminen-kaynnistyy\\\/\"},\"wordCount\":213,\"commentCount\":0,\"image\":{\"@id\":\"https:\\\/\\\/www.senaatti.fi\\\/asema-alueet\\\/ajankohtaista\\\/uutiset\\\/kemin-keskustan-kehittaminen-kaynnistyy\\\/#primaryimage\"},\"thumbnailUrl\":\"https:\\\/\\\/www.senaatti.fi\\\/app\\\/uploads\\\/sites\\\/6\\\/2019\\\/10\\\/17272_06.jpg\",\"articleSection\":[\"Senaatin Asema-alueet Oy\"],\"inLanguage\":\"fi\"},{\"@type\":\"WebPage\",\"@id\":\"https:\\\/\\\/www.senaatti.fi\\\/asema-alueet\\\/ajankohtaista\\\/uutiset\\\/kemin-keskustan-kehittaminen-kaynnistyy\\\/\",\"url\":\"https:\\\/\\\/www.senaatti.fi\\\/asema-alueet\\\/ajankohtaista\\\/uutiset\\\/kemin-keskustan-kehittaminen-kaynnistyy\\\/\",\"name\":\"Kemin keskustan kehitt\u00e4minen k\u00e4ynnistyy - Senaatti\",\"isPartOf\":{\"@id\":\"https:\\\/\\\/www.senaatti.fi\\\/asema-alueet\\\/#website\"},\"primaryImageOfPage\":{\"@id\":\"https:\\\/\\\/www.senaatti.fi\\\/asema-alueet\\\/ajankohtaista\\\/uutiset\\\/kemin-keskustan-kehittaminen-kaynnistyy\\\/#primaryimage\"},\"image\":{\"@id\":\"https:\\\/\\\/www.senaatti.fi\\\/asema-alueet\\\/ajankohtaista\\\/uutiset\\\/kemin-keskustan-kehittaminen-kaynnistyy\\\/#primaryimage\"},\"thumbnailUrl\":\"https:\\\/\\\/www.senaatti.fi\\\/app\\\/uploads\\\/sites\\\/6\\\/2019\\\/10\\\/17272_06.jpg\",\"datePublished\":\"2019-10-24T12:19:52+00:00\",\"author\":{\"@id\":\"https:\\\/\\\/www.senaatti.fi\\\/asema-alueet\\\/#\\\/schema\\\/person\\\/19ebcd857f41fa4cf02102cd128abc46\"},\"description\":\"Kemin kaupunki k\u00e4ynnist\u00e4\u00e4 keskustan kehitt\u00e4mishankkeen vuorovaikutteisella maank\u00e4yt\u00f6n suunnitteluty\u00f6ll\u00e4. Kehitt\u00e4miskohteena ovat T\u00e4ik\u00f6n toria ymp\u00e4r\u00f6iv\u00e4t\",\"breadcrumb\":{\"@id\":\"https:\\\/\\\/www.senaatti.fi\\\/asema-alueet\\\/ajankohtaista\\\/uutiset\\\/kemin-keskustan-kehittaminen-kaynnistyy\\\/#breadcrumb\"},\"inLanguage\":\"fi\",\"potentialAction\":[{\"@type\":\"ReadAction\",\"target\":[\"https:\\\/\\\/www.senaatti.fi\\\/asema-alueet\\\/ajankohtaista\\\/uutiset\\\/kemin-keskustan-kehittaminen-kaynnistyy\\\/\"]}]},{\"@type\":\"ImageObject\",\"inLanguage\":\"fi\",\"@id\":\"https:\\\/\\\/www.senaatti.fi\\\/asema-alueet\\\/ajankohtaista\\\/uutiset\\\/kemin-keskustan-kehittaminen-kaynnistyy\\\/#primaryimage\",\"url\":\"https:\\\/\\\/www.senaatti.fi\\\/app\\\/uploads\\\/sites\\\/6\\\/2019\\\/10\\\/17272_06.jpg\",\"contentUrl\":\"https:\\\/\\\/www.senaatti.fi\\\/app\\\/uploads\\\/sites\\\/6\\\/2019\\\/10\\\/17272_06.jpg\",\"width\":6016,\"height\":4011},{\"@type\":\"BreadcrumbList\",\"@id\":\"https:\\\/\\\/www.senaatti.fi\\\/asema-alueet\\\/ajankohtaista\\\/uutiset\\\/kemin-keskustan-kehittaminen-kaynnistyy\\\/#breadcrumb\",\"itemListElement\":[{\"@type\":\"ListItem\",\"position\":1,\"name\":\"Etusivu\",\"item\":\"https:\\\/\\\/www.senaatti.fi\\\/asema-alueet\\\/\"},{\"@type\":\"ListItem\",\"position\":2,\"name\":\"Kemin keskustan kehitt\u00e4minen k\u00e4ynnistyy\"}]},{\"@type\":\"WebSite\",\"@id\":\"https:\\\/\\\/www.senaatti.fi\\\/asema-alueet\\\/#website\",\"url\":\"https:\\\/\\\/www.senaatti.fi\\\/asema-alueet\\\/\",\"name\":\"Asema-alueet\",\"description\":\"Senaatin Asema-alueet\",\"potentialAction\":[{\"@type\":\"SearchAction\",\"target\":{\"@type\":\"EntryPoint\",\"urlTemplate\":\"https:\\\/\\\/www.senaatti.fi\\\/asema-alueet\\\/?s={search_term_string}\"},\"query-input\":{\"@type\":\"PropertyValueSpecification\",\"valueRequired\":true,\"valueName\":\"search_term_string\"}}],\"inLanguage\":\"fi\"},{\"@type\":\"Person\",\"@id\":\"https:\\\/\\\/www.senaatti.fi\\\/asema-alueet\\\/#\\\/schema\\\/person\\\/19ebcd857f41fa4cf02102cd128abc46\",\"name\":\"Andreas Ylijarvi\",\"image\":{\"@type\":\"ImageObject\",\"inLanguage\":\"fi\",\"@id\":\"https:\\\/\\\/secure.gravatar.com\\\/avatar\\\/da48797f91660605745175abd9fe82263292008bf52cf452340b960fcdab186f?s=96&d=mm&r=g\",\"url\":\"https:\\\/\\\/secure.gravatar.com\\\/avatar\\\/da48797f91660605745175abd9fe82263292008bf52cf452340b960fcdab186f?s=96&d=mm&r=g\",\"contentUrl\":\"https:\\\/\\\/secure.gravatar.com\\\/avatar\\\/da48797f91660605745175abd9fe82263292008bf52cf452340b960fcdab186f?s=96&d=mm&r=g\",\"caption\":\"Andreas Ylijarvi\"}}]}<\/script>\n<!-- \/ Yoast SEO plugin. -->","yoast_head_json":{"title":"Kemin keskustan kehitt\u00e4minen k\u00e4ynnistyy - Senaatti","description":"Kemin kaupunki k\u00e4ynnist\u00e4\u00e4 keskustan kehitt\u00e4mishankkeen vuorovaikutteisella maank\u00e4yt\u00f6n suunnitteluty\u00f6ll\u00e4. Kehitt\u00e4miskohteena ovat T\u00e4ik\u00f6n toria ymp\u00e4r\u00f6iv\u00e4t","robots":{"index":"index","follow":"follow","max-snippet":"max-snippet:-1","max-image-preview":"max-image-preview:large","max-video-preview":"max-video-preview:-1"},"canonical":"https:\/\/www.senaatti.fi\/asema-alueet\/ajankohtaista\/uutiset\/kemin-keskustan-kehittaminen-kaynnistyy\/","og_locale":"fi_FI","og_type":"article","og_title":"Kemin keskustan kehitt\u00e4minen k\u00e4ynnistyy - Senaatti","og_description":"Kemin kaupunki k\u00e4ynnist\u00e4\u00e4 keskustan kehitt\u00e4mishankkeen vuorovaikutteisella maank\u00e4yt\u00f6n suunnitteluty\u00f6ll\u00e4. Kehitt\u00e4miskohteena ovat T\u00e4ik\u00f6n toria ymp\u00e4r\u00f6iv\u00e4t","og_url":"https:\/\/www.senaatti.fi\/asema-alueet\/ajankohtaista\/uutiset\/kemin-keskustan-kehittaminen-kaynnistyy\/","og_site_name":"Senaatti","article_published_time":"2019-10-24T12:19:52+00:00","og_image":[{"width":1024,"height":683,"url":"https:\/\/www.senaatti.fi\/app\/uploads\/sites\/6\/2019\/10\/17272_06-1024x683.jpg","type":"image\/jpeg"}],"author":"Andreas Ylijarvi","twitter_card":"summary_large_image","twitter_misc":{"Written by":"Andreas Ylijarvi","Est. reading time":"1 minuutti"},"schema":{"@context":"https:\/\/schema.org","@graph":[{"@type":"Article","@id":"https:\/\/www.senaatti.fi\/asema-alueet\/ajankohtaista\/uutiset\/kemin-keskustan-kehittaminen-kaynnistyy\/#article","isPartOf":{"@id":"https:\/\/www.senaatti.fi\/asema-alueet\/ajankohtaista\/uutiset\/kemin-keskustan-kehittaminen-kaynnistyy\/"},"author":{"name":"Andreas Ylijarvi","@id":"https:\/\/www.senaatti.fi\/asema-alueet\/#\/schema\/person\/19ebcd857f41fa4cf02102cd128abc46"},"headline":"Kemin keskustan kehitt\u00e4minen k\u00e4ynnistyy","datePublished":"2019-10-24T12:19:52+00:00","mainEntityOfPage":{"@id":"https:\/\/www.senaatti.fi\/asema-alueet\/ajankohtaista\/uutiset\/kemin-keskustan-kehittaminen-kaynnistyy\/"},"wordCount":213,"commentCount":0,"image":{"@id":"https:\/\/www.senaatti.fi\/asema-alueet\/ajankohtaista\/uutiset\/kemin-keskustan-kehittaminen-kaynnistyy\/#primaryimage"},"thumbnailUrl":"https:\/\/www.senaatti.fi\/app\/uploads\/sites\/6\/2019\/10\/17272_06.jpg","articleSection":["Senaatin Asema-alueet Oy"],"inLanguage":"fi"},{"@type":"WebPage","@id":"https:\/\/www.senaatti.fi\/asema-alueet\/ajankohtaista\/uutiset\/kemin-keskustan-kehittaminen-kaynnistyy\/","url":"https:\/\/www.senaatti.fi\/asema-alueet\/ajankohtaista\/uutiset\/kemin-keskustan-kehittaminen-kaynnistyy\/","name":"Kemin keskustan kehitt\u00e4minen k\u00e4ynnistyy - Senaatti","isPartOf":{"@id":"https:\/\/www.senaatti.fi\/asema-alueet\/#website"},"primaryImageOfPage":{"@id":"https:\/\/www.senaatti.fi\/asema-alueet\/ajankohtaista\/uutiset\/kemin-keskustan-kehittaminen-kaynnistyy\/#primaryimage"},"image":{"@id":"https:\/\/www.senaatti.fi\/asema-alueet\/ajankohtaista\/uutiset\/kemin-keskustan-kehittaminen-kaynnistyy\/#primaryimage"},"thumbnailUrl":"https:\/\/www.senaatti.fi\/app\/uploads\/sites\/6\/2019\/10\/17272_06.jpg","datePublished":"2019-10-24T12:19:52+00:00","author":{"@id":"https:\/\/www.senaatti.fi\/asema-alueet\/#\/schema\/person\/19ebcd857f41fa4cf02102cd128abc46"},"description":"Kemin kaupunki k\u00e4ynnist\u00e4\u00e4 keskustan kehitt\u00e4mishankkeen vuorovaikutteisella maank\u00e4yt\u00f6n suunnitteluty\u00f6ll\u00e4. Kehitt\u00e4miskohteena ovat T\u00e4ik\u00f6n toria ymp\u00e4r\u00f6iv\u00e4t","breadcrumb":{"@id":"https:\/\/www.senaatti.fi\/asema-alueet\/ajankohtaista\/uutiset\/kemin-keskustan-kehittaminen-kaynnistyy\/#breadcrumb"},"inLanguage":"fi","potentialAction":[{"@type":"ReadAction","target":["https:\/\/www.senaatti.fi\/asema-alueet\/ajankohtaista\/uutiset\/kemin-keskustan-kehittaminen-kaynnistyy\/"]}]},{"@type":"ImageObject","inLanguage":"fi","@id":"https:\/\/www.senaatti.fi\/asema-alueet\/ajankohtaista\/uutiset\/kemin-keskustan-kehittaminen-kaynnistyy\/#primaryimage","url":"https:\/\/www.senaatti.fi\/app\/uploads\/sites\/6\/2019\/10\/17272_06.jpg","contentUrl":"https:\/\/www.senaatti.fi\/app\/uploads\/sites\/6\/2019\/10\/17272_06.jpg","width":6016,"height":4011},{"@type":"BreadcrumbList","@id":"https:\/\/www.senaatti.fi\/asema-alueet\/ajankohtaista\/uutiset\/kemin-keskustan-kehittaminen-kaynnistyy\/#breadcrumb","itemListElement":[{"@type":"ListItem","position":1,"name":"Etusivu","item":"https:\/\/www.senaatti.fi\/asema-alueet\/"},{"@type":"ListItem","position":2,"name":"Kemin keskustan kehitt\u00e4minen k\u00e4ynnistyy"}]},{"@type":"WebSite","@id":"https:\/\/www.senaatti.fi\/asema-alueet\/#website","url":"https:\/\/www.senaatti.fi\/asema-alueet\/","name":"Asema-alueet","description":"Senaatin Asema-alueet","potentialAction":[{"@type":"SearchAction","target":{"@type":"EntryPoint","urlTemplate":"https:\/\/www.senaatti.fi\/asema-alueet\/?s={search_term_string}"},"query-input":{"@type":"PropertyValueSpecification","valueRequired":true,"valueName":"search_term_string"}}],"inLanguage":"fi"},{"@type":"Person","@id":"https:\/\/www.senaatti.fi\/asema-alueet\/#\/schema\/person\/19ebcd857f41fa4cf02102cd128abc46","name":"Andreas Ylijarvi","image":{"@type":"ImageObject","inLanguage":"fi","@id":"https:\/\/secure.gravatar.com\/avatar\/da48797f91660605745175abd9fe82263292008bf52cf452340b960fcdab186f?s=96&d=mm&r=g","url":"https:\/\/secure.gravatar.com\/avatar\/da48797f91660605745175abd9fe82263292008bf52cf452340b960fcdab186f?s=96&d=mm&r=g","contentUrl":"https:\/\/secure.gravatar.com\/avatar\/da48797f91660605745175abd9fe82263292008bf52cf452340b960fcdab186f?s=96&d=mm&r=g","caption":"Andreas Ylijarvi"}}]}},"lang":"fi","translations":{"fi":899},"pll_sync_post":[],"_links":{"self":[{"href":"https:\/\/www.senaatti.fi\/asema-alueet\/wp-json\/wp\/v2\/posts\/899","targetHints":{"allow":["GET"]}}],"collection":[{"href":"https:\/\/www.senaatti.fi\/asema-alueet\/wp-json\/wp\/v2\/posts"}],"about":[{"href":"https:\/\/www.senaatti.fi\/asema-alueet\/wp-json\/wp\/v2\/types\/post"}],"author":[{"embeddable":true,"href":"https:\/\/www.senaatti.fi\/asema-alueet\/wp-json\/wp\/v2\/users\/16"}],"replies":[{"embeddable":true,"href":"https:\/\/www.senaatti.fi\/asema-alueet\/wp-json\/wp\/v2\/comments?post=899"}],"version-history":[{"count":1,"href":"https:\/\/www.senaatti.fi\/asema-alueet\/wp-json\/wp\/v2\/posts\/899\/revisions"}],"predecessor-version":[{"id":900,"href":"https:\/\/www.senaatti.fi\/asema-alueet\/wp-json\/wp\/v2\/posts\/899\/revisions\/900"}],"wp:featuredmedia":[{"embeddable":true,"href":"https:\/\/www.senaatti.fi\/asema-alueet\/wp-json\/wp\/v2\/media\/883"}],"wp:attachment":[{"href":"https:\/\/www.senaatti.fi\/asema-alueet\/wp-json\/wp\/v2\/media?parent=899"}],"wp:term":[{"taxonomy":"senaatti_type","embeddable":true,"href":"https:\/\/www.senaatti.fi\/asema-alueet\/wp-json\/wp\/v2\/senaatti_type?post=899"}],"curies":[{"name":"wp","href":"https:\/\/api.w.org\/{rel}","templated":true}]}}