{"id":874,"date":"2019-10-16T05:26:56","date_gmt":"2019-10-16T05:26:56","guid":{"rendered":"https:\/\/www.senaatti.fi\/asema-alueet\/?p=874"},"modified":"2019-10-16T05:26:56","modified_gmt":"2019-10-16T05:26:56","slug":"oulun-asema-alueen-kehittamisesta-aiesopimus","status":"publish","type":"post","link":"https:\/\/www.senaatti.fi\/asema-alueet\/ajankohtaista\/uutiset\/oulun-asema-alueen-kehittamisesta-aiesopimus\/","title":{"rendered":"Oulun asema-alueen kehitt\u00e4misest\u00e4 aiesopimus"},"content":{"rendered":"<p><strong>Senaatin Asema-alueet Oy, Senaatti-kiinteist\u00f6t ja Oulun kaupunki ovat solmimassa aiesopimusta Oulun asema-alueen kehitt\u00e4misest\u00e4. Tavoitteena on kehitt\u00e4\u00e4 Oulun asema-alueesta kaupunkikuvallisesti korkeatasoinen ja toiminnallisesti monipuolinen uusi kaupunginosa sek\u00e4 kasvavaa kaupunkia palveleva liikenteen solmukohta.<\/strong><\/p>\n<p>Oulun yhdyskuntalautakunta hyv\u00e4ksyi aiesopimuksen 15. lokakuuta. Aiesopimuksella sovitaan asema-alueen kehitt\u00e4misen yleisist\u00e4 tavoitteista sek\u00e4 maank\u00e4yt\u00f6n ja liikenteen yleissuunnittelun kustannusjaosta. Asema-alueen kehitt\u00e4misess\u00e4 sitoudutaan edist\u00e4m\u00e4\u00e4n muun muassa elinkaariajattelua, hiilineutraalisuutta sek\u00e4 rakentamaan sosiaalisesti kest\u00e4v\u00e4\u00e4 kaupunkia. Aiesopimuksen voimaantulo edellytt\u00e4\u00e4 viel\u00e4 kaupunginhallituksen k\u00e4sittely\u00e4 ja hyv\u00e4ksynt\u00e4\u00e4 28. lokakuuta.<\/p>\n<p>\u201dMeille on t\u00e4rke\u00e4\u00e4 toimia hankkeessa Oulun strategisena kumppanina ja edist\u00e4\u00e4 kaupungin tavoitteita kaupunkirakenteen eheytt\u00e4misess\u00e4 ja keskustan elinvoimaisuuden tukemisessa\u201d, toteaa Senaatin kiinteist\u00f6kehitysp\u00e4\u00e4llikk\u00f6<strong> Janne Marttinen.<\/strong><\/p>\n<p>Senaatin Asema-alueet on j\u00e4tt\u00e4nyt asemakaavan muutoshakemuksen Oulun kaupungille. Oulun asema-alueen kehityshankkeeseen on liitetty nyt my\u00f6s oikeus- ja poliisitalon alue ja yhteens\u00e4 noin viiden hehtaarin laajuisesta alueesta on tarkoitus kehitt\u00e4\u00e4 keskusta-asumisen, palveluiden, tapahtumien ja matkustamisen el\u00e4v\u00e4 kaupunkikeskus.<\/p>\n<p>\u201dOulun kaupungin l\u00e4hitulevaisuuden yksi merkitt\u00e4vimmist\u00e4 hankkeista l\u00e4htee nyt liikkeelle. Asiaa ovat odottaneet kuntalaiset, kaupungin johto sek\u00e4 poliittiset p\u00e4\u00e4tt\u00e4j\u00e4t. Nyt voidaan sanoa, ett\u00e4 odotus ei ole ollut turha\u201d, sanoo Oulun kaupungin yhdyskuntajohtaja <strong>Matti Matinheikki.<\/strong><\/p>\n<p>Senaatin Asema-alueet j\u00e4rjest\u00e4\u00e4 yhteisty\u00f6ss\u00e4 Oulun kaupungin kanssa asema-alueen ensimm\u00e4isen vaiheen suunnittelu- ja tontinluovutuskilpailun vuoden 2020 aikana ja tavoitteena on, ett\u00e4 uusi asemakaava olisi voimassa vuonna 2022, jolloin alueen rakentaminen voisi alkaa.<\/p>\n<p><strong>Alueen maaper\u00e4tutkimukset alkavat lokakuussa<\/strong><\/p>\n<p>Lokakuussa asema-alueella k\u00e4ynnistet\u00e4\u00e4n kehityshankkeen valmisteluun liittyv\u00e4t maaper\u00e4tutkimukset. Tutkimukset tehd\u00e4\u00e4n 21.-31.10.2019.<\/p>\n<p><strong>Lis\u00e4tietoja:<\/strong><\/p>\n<p>Senaatti-kiinteist\u00f6t, kiinteist\u00f6kehitysp\u00e4\u00e4llikk\u00f6 Janne Marttinen, p. 050 308 9158<\/p>\n<p>Oulun kaupunki, yhdyskuntajohtaja Matti Matinheikki, p. 044 703 1112<\/p>\n","protected":false},"excerpt":{"rendered":"<p>Senaatin Asema-alueet Oy, Senaatti-kiinteist\u00f6t ja Oulun kaupunki ovat solmimassa aiesopimusta Oulun asema-alueen kehitt\u00e4misest\u00e4. Tavoitteena on kehitt\u00e4\u00e4 Oulun asema-alueesta kaupunkikuvallisesti korkeatasoinen ja toiminnallisesti monipuolinen uusi kaupunginosa sek\u00e4 kasvavaa kaupunkia palveleva liikenteen solmukohta. Oulun yhdyskuntalautakunta hyv\u00e4ksyi aiesopimuksen 15. lokakuuta. Aiesopimuksella sovitaan asema-alueen kehitt\u00e4misen yleisist\u00e4 tavoitteista sek\u00e4 maank\u00e4yt\u00f6n ja liikenteen yleissuunnittelun kustannusjaosta. Asema-alueen kehitt\u00e4misess\u00e4 sitoudutaan edist\u00e4m\u00e4\u00e4n muun muassa [&hellip;]<\/p>\n","protected":false},"author":16,"featured_media":875,"comment_status":"open","ping_status":"open","sticky":false,"template":"","format":"standard","meta":{"_acf_changed":false,"footnotes":""},"senaatti_type":[],"class_list":["post-874","post","type-post","status-publish","format-standard","has-post-thumbnail","hentry"],"acf":[],"yoast_head":"<!-- This site is optimized with the Yoast SEO plugin v27.3 - https:\/\/yoast.com\/product\/yoast-seo-wordpress\/ -->\n<title>Oulun asema-alueen kehitt\u00e4misest\u00e4 aiesopimus - Senaatti<\/title>\n<meta name=\"description\" content=\"Senaatin Asema-alueet Oy, Senaatti-kiinteist\u00f6t ja Oulun kaupunki ovat solmimassa aiesopimusta Oulun asema-alueen kehitt\u00e4misest\u00e4. Tavoitteena on kehitt\u00e4\u00e4\" \/>\n<meta name=\"robots\" content=\"index, follow, max-snippet:-1, max-image-preview:large, max-video-preview:-1\" \/>\n<link rel=\"canonical\" href=\"https:\/\/www.senaatti.fi\/asema-alueet\/ajankohtaista\/uutiset\/oulun-asema-alueen-kehittamisesta-aiesopimus\/\" \/>\n<meta property=\"og:locale\" content=\"fi_FI\" \/>\n<meta property=\"og:type\" content=\"article\" \/>\n<meta property=\"og:title\" content=\"Oulun asema-alueen kehitt\u00e4misest\u00e4 aiesopimus - Senaatti\" \/>\n<meta property=\"og:description\" content=\"Senaatin Asema-alueet Oy, Senaatti-kiinteist\u00f6t ja Oulun kaupunki ovat solmimassa aiesopimusta Oulun asema-alueen kehitt\u00e4misest\u00e4. Tavoitteena on kehitt\u00e4\u00e4\" \/>\n<meta property=\"og:url\" content=\"https:\/\/www.senaatti.fi\/asema-alueet\/ajankohtaista\/uutiset\/oulun-asema-alueen-kehittamisesta-aiesopimus\/\" \/>\n<meta property=\"og:site_name\" content=\"Senaatti\" \/>\n<meta property=\"article:published_time\" content=\"2019-10-16T05:26:56+00:00\" \/>\n<meta property=\"og:image\" content=\"https:\/\/www.senaatti.fi\/app\/uploads\/sites\/6\/2019\/10\/Oulu_18563_07-1024x680.jpg\" \/>\n\t<meta property=\"og:image:width\" content=\"1024\" \/>\n\t<meta property=\"og:image:height\" content=\"680\" \/>\n\t<meta property=\"og:image:type\" content=\"image\/jpeg\" \/>\n<meta name=\"author\" content=\"Andreas Ylijarvi\" \/>\n<meta name=\"twitter:card\" content=\"summary_large_image\" \/>\n<meta name=\"twitter:label1\" content=\"Written by\" \/>\n\t<meta name=\"twitter:data1\" content=\"Andreas Ylijarvi\" \/>\n\t<meta name=\"twitter:label2\" content=\"Est. reading time\" \/>\n\t<meta name=\"twitter:data2\" content=\"1 minuutti\" \/>\n<script type=\"application\/ld+json\" class=\"yoast-schema-graph\">{\"@context\":\"https:\\\/\\\/schema.org\",\"@graph\":[{\"@type\":\"Article\",\"@id\":\"https:\\\/\\\/www.senaatti.fi\\\/asema-alueet\\\/ajankohtaista\\\/uutiset\\\/oulun-asema-alueen-kehittamisesta-aiesopimus\\\/#article\",\"isPartOf\":{\"@id\":\"https:\\\/\\\/www.senaatti.fi\\\/asema-alueet\\\/ajankohtaista\\\/uutiset\\\/oulun-asema-alueen-kehittamisesta-aiesopimus\\\/\"},\"author\":{\"name\":\"Andreas Ylijarvi\",\"@id\":\"https:\\\/\\\/www.senaatti.fi\\\/asema-alueet\\\/#\\\/schema\\\/person\\\/19ebcd857f41fa4cf02102cd128abc46\"},\"headline\":\"Oulun asema-alueen kehitt\u00e4misest\u00e4 aiesopimus\",\"datePublished\":\"2019-10-16T05:26:56+00:00\",\"mainEntityOfPage\":{\"@id\":\"https:\\\/\\\/www.senaatti.fi\\\/asema-alueet\\\/ajankohtaista\\\/uutiset\\\/oulun-asema-alueen-kehittamisesta-aiesopimus\\\/\"},\"wordCount\":261,\"commentCount\":0,\"image\":{\"@id\":\"https:\\\/\\\/www.senaatti.fi\\\/asema-alueet\\\/ajankohtaista\\\/uutiset\\\/oulun-asema-alueen-kehittamisesta-aiesopimus\\\/#primaryimage\"},\"thumbnailUrl\":\"https:\\\/\\\/www.senaatti.fi\\\/app\\\/uploads\\\/sites\\\/6\\\/2019\\\/10\\\/Oulu_18563_07.jpg\",\"articleSection\":[\"Senaatin Asema-alueet Oy\"],\"inLanguage\":\"fi\"},{\"@type\":\"WebPage\",\"@id\":\"https:\\\/\\\/www.senaatti.fi\\\/asema-alueet\\\/ajankohtaista\\\/uutiset\\\/oulun-asema-alueen-kehittamisesta-aiesopimus\\\/\",\"url\":\"https:\\\/\\\/www.senaatti.fi\\\/asema-alueet\\\/ajankohtaista\\\/uutiset\\\/oulun-asema-alueen-kehittamisesta-aiesopimus\\\/\",\"name\":\"Oulun asema-alueen kehitt\u00e4misest\u00e4 aiesopimus - Senaatti\",\"isPartOf\":{\"@id\":\"https:\\\/\\\/www.senaatti.fi\\\/asema-alueet\\\/#website\"},\"primaryImageOfPage\":{\"@id\":\"https:\\\/\\\/www.senaatti.fi\\\/asema-alueet\\\/ajankohtaista\\\/uutiset\\\/oulun-asema-alueen-kehittamisesta-aiesopimus\\\/#primaryimage\"},\"image\":{\"@id\":\"https:\\\/\\\/www.senaatti.fi\\\/asema-alueet\\\/ajankohtaista\\\/uutiset\\\/oulun-asema-alueen-kehittamisesta-aiesopimus\\\/#primaryimage\"},\"thumbnailUrl\":\"https:\\\/\\\/www.senaatti.fi\\\/app\\\/uploads\\\/sites\\\/6\\\/2019\\\/10\\\/Oulu_18563_07.jpg\",\"datePublished\":\"2019-10-16T05:26:56+00:00\",\"author\":{\"@id\":\"https:\\\/\\\/www.senaatti.fi\\\/asema-alueet\\\/#\\\/schema\\\/person\\\/19ebcd857f41fa4cf02102cd128abc46\"},\"description\":\"Senaatin Asema-alueet Oy, Senaatti-kiinteist\u00f6t ja Oulun kaupunki ovat solmimassa aiesopimusta Oulun asema-alueen kehitt\u00e4misest\u00e4. Tavoitteena on kehitt\u00e4\u00e4\",\"breadcrumb\":{\"@id\":\"https:\\\/\\\/www.senaatti.fi\\\/asema-alueet\\\/ajankohtaista\\\/uutiset\\\/oulun-asema-alueen-kehittamisesta-aiesopimus\\\/#breadcrumb\"},\"inLanguage\":\"fi\",\"potentialAction\":[{\"@type\":\"ReadAction\",\"target\":[\"https:\\\/\\\/www.senaatti.fi\\\/asema-alueet\\\/ajankohtaista\\\/uutiset\\\/oulun-asema-alueen-kehittamisesta-aiesopimus\\\/\"]}]},{\"@type\":\"ImageObject\",\"inLanguage\":\"fi\",\"@id\":\"https:\\\/\\\/www.senaatti.fi\\\/asema-alueet\\\/ajankohtaista\\\/uutiset\\\/oulun-asema-alueen-kehittamisesta-aiesopimus\\\/#primaryimage\",\"url\":\"https:\\\/\\\/www.senaatti.fi\\\/app\\\/uploads\\\/sites\\\/6\\\/2019\\\/10\\\/Oulu_18563_07.jpg\",\"contentUrl\":\"https:\\\/\\\/www.senaatti.fi\\\/app\\\/uploads\\\/sites\\\/6\\\/2019\\\/10\\\/Oulu_18563_07.jpg\",\"width\":6048,\"height\":4015,\"caption\":\"Oulun asema-alue ilmakuvassa.\"},{\"@type\":\"BreadcrumbList\",\"@id\":\"https:\\\/\\\/www.senaatti.fi\\\/asema-alueet\\\/ajankohtaista\\\/uutiset\\\/oulun-asema-alueen-kehittamisesta-aiesopimus\\\/#breadcrumb\",\"itemListElement\":[{\"@type\":\"ListItem\",\"position\":1,\"name\":\"Etusivu\",\"item\":\"https:\\\/\\\/www.senaatti.fi\\\/asema-alueet\\\/\"},{\"@type\":\"ListItem\",\"position\":2,\"name\":\"Oulun asema-alueen kehitt\u00e4misest\u00e4 aiesopimus\"}]},{\"@type\":\"WebSite\",\"@id\":\"https:\\\/\\\/www.senaatti.fi\\\/asema-alueet\\\/#website\",\"url\":\"https:\\\/\\\/www.senaatti.fi\\\/asema-alueet\\\/\",\"name\":\"Asema-alueet\",\"description\":\"Senaatin Asema-alueet\",\"potentialAction\":[{\"@type\":\"SearchAction\",\"target\":{\"@type\":\"EntryPoint\",\"urlTemplate\":\"https:\\\/\\\/www.senaatti.fi\\\/asema-alueet\\\/?s={search_term_string}\"},\"query-input\":{\"@type\":\"PropertyValueSpecification\",\"valueRequired\":true,\"valueName\":\"search_term_string\"}}],\"inLanguage\":\"fi\"},{\"@type\":\"Person\",\"@id\":\"https:\\\/\\\/www.senaatti.fi\\\/asema-alueet\\\/#\\\/schema\\\/person\\\/19ebcd857f41fa4cf02102cd128abc46\",\"name\":\"Andreas Ylijarvi\",\"image\":{\"@type\":\"ImageObject\",\"inLanguage\":\"fi\",\"@id\":\"https:\\\/\\\/secure.gravatar.com\\\/avatar\\\/da48797f91660605745175abd9fe82263292008bf52cf452340b960fcdab186f?s=96&d=mm&r=g\",\"url\":\"https:\\\/\\\/secure.gravatar.com\\\/avatar\\\/da48797f91660605745175abd9fe82263292008bf52cf452340b960fcdab186f?s=96&d=mm&r=g\",\"contentUrl\":\"https:\\\/\\\/secure.gravatar.com\\\/avatar\\\/da48797f91660605745175abd9fe82263292008bf52cf452340b960fcdab186f?s=96&d=mm&r=g\",\"caption\":\"Andreas Ylijarvi\"}}]}<\/script>\n<!-- \/ Yoast SEO plugin. -->","yoast_head_json":{"title":"Oulun asema-alueen kehitt\u00e4misest\u00e4 aiesopimus - Senaatti","description":"Senaatin Asema-alueet Oy, Senaatti-kiinteist\u00f6t ja Oulun kaupunki ovat solmimassa aiesopimusta Oulun asema-alueen kehitt\u00e4misest\u00e4. Tavoitteena on kehitt\u00e4\u00e4","robots":{"index":"index","follow":"follow","max-snippet":"max-snippet:-1","max-image-preview":"max-image-preview:large","max-video-preview":"max-video-preview:-1"},"canonical":"https:\/\/www.senaatti.fi\/asema-alueet\/ajankohtaista\/uutiset\/oulun-asema-alueen-kehittamisesta-aiesopimus\/","og_locale":"fi_FI","og_type":"article","og_title":"Oulun asema-alueen kehitt\u00e4misest\u00e4 aiesopimus - Senaatti","og_description":"Senaatin Asema-alueet Oy, Senaatti-kiinteist\u00f6t ja Oulun kaupunki ovat solmimassa aiesopimusta Oulun asema-alueen kehitt\u00e4misest\u00e4. Tavoitteena on kehitt\u00e4\u00e4","og_url":"https:\/\/www.senaatti.fi\/asema-alueet\/ajankohtaista\/uutiset\/oulun-asema-alueen-kehittamisesta-aiesopimus\/","og_site_name":"Senaatti","article_published_time":"2019-10-16T05:26:56+00:00","og_image":[{"width":1024,"height":680,"url":"https:\/\/www.senaatti.fi\/app\/uploads\/sites\/6\/2019\/10\/Oulu_18563_07-1024x680.jpg","type":"image\/jpeg"}],"author":"Andreas Ylijarvi","twitter_card":"summary_large_image","twitter_misc":{"Written by":"Andreas Ylijarvi","Est. reading time":"1 minuutti"},"schema":{"@context":"https:\/\/schema.org","@graph":[{"@type":"Article","@id":"https:\/\/www.senaatti.fi\/asema-alueet\/ajankohtaista\/uutiset\/oulun-asema-alueen-kehittamisesta-aiesopimus\/#article","isPartOf":{"@id":"https:\/\/www.senaatti.fi\/asema-alueet\/ajankohtaista\/uutiset\/oulun-asema-alueen-kehittamisesta-aiesopimus\/"},"author":{"name":"Andreas Ylijarvi","@id":"https:\/\/www.senaatti.fi\/asema-alueet\/#\/schema\/person\/19ebcd857f41fa4cf02102cd128abc46"},"headline":"Oulun asema-alueen kehitt\u00e4misest\u00e4 aiesopimus","datePublished":"2019-10-16T05:26:56+00:00","mainEntityOfPage":{"@id":"https:\/\/www.senaatti.fi\/asema-alueet\/ajankohtaista\/uutiset\/oulun-asema-alueen-kehittamisesta-aiesopimus\/"},"wordCount":261,"commentCount":0,"image":{"@id":"https:\/\/www.senaatti.fi\/asema-alueet\/ajankohtaista\/uutiset\/oulun-asema-alueen-kehittamisesta-aiesopimus\/#primaryimage"},"thumbnailUrl":"https:\/\/www.senaatti.fi\/app\/uploads\/sites\/6\/2019\/10\/Oulu_18563_07.jpg","articleSection":["Senaatin Asema-alueet Oy"],"inLanguage":"fi"},{"@type":"WebPage","@id":"https:\/\/www.senaatti.fi\/asema-alueet\/ajankohtaista\/uutiset\/oulun-asema-alueen-kehittamisesta-aiesopimus\/","url":"https:\/\/www.senaatti.fi\/asema-alueet\/ajankohtaista\/uutiset\/oulun-asema-alueen-kehittamisesta-aiesopimus\/","name":"Oulun asema-alueen kehitt\u00e4misest\u00e4 aiesopimus - Senaatti","isPartOf":{"@id":"https:\/\/www.senaatti.fi\/asema-alueet\/#website"},"primaryImageOfPage":{"@id":"https:\/\/www.senaatti.fi\/asema-alueet\/ajankohtaista\/uutiset\/oulun-asema-alueen-kehittamisesta-aiesopimus\/#primaryimage"},"image":{"@id":"https:\/\/www.senaatti.fi\/asema-alueet\/ajankohtaista\/uutiset\/oulun-asema-alueen-kehittamisesta-aiesopimus\/#primaryimage"},"thumbnailUrl":"https:\/\/www.senaatti.fi\/app\/uploads\/sites\/6\/2019\/10\/Oulu_18563_07.jpg","datePublished":"2019-10-16T05:26:56+00:00","author":{"@id":"https:\/\/www.senaatti.fi\/asema-alueet\/#\/schema\/person\/19ebcd857f41fa4cf02102cd128abc46"},"description":"Senaatin Asema-alueet Oy, Senaatti-kiinteist\u00f6t ja Oulun kaupunki ovat solmimassa aiesopimusta Oulun asema-alueen kehitt\u00e4misest\u00e4. Tavoitteena on kehitt\u00e4\u00e4","breadcrumb":{"@id":"https:\/\/www.senaatti.fi\/asema-alueet\/ajankohtaista\/uutiset\/oulun-asema-alueen-kehittamisesta-aiesopimus\/#breadcrumb"},"inLanguage":"fi","potentialAction":[{"@type":"ReadAction","target":["https:\/\/www.senaatti.fi\/asema-alueet\/ajankohtaista\/uutiset\/oulun-asema-alueen-kehittamisesta-aiesopimus\/"]}]},{"@type":"ImageObject","inLanguage":"fi","@id":"https:\/\/www.senaatti.fi\/asema-alueet\/ajankohtaista\/uutiset\/oulun-asema-alueen-kehittamisesta-aiesopimus\/#primaryimage","url":"https:\/\/www.senaatti.fi\/app\/uploads\/sites\/6\/2019\/10\/Oulu_18563_07.jpg","contentUrl":"https:\/\/www.senaatti.fi\/app\/uploads\/sites\/6\/2019\/10\/Oulu_18563_07.jpg","width":6048,"height":4015,"caption":"Oulun asema-alue ilmakuvassa."},{"@type":"BreadcrumbList","@id":"https:\/\/www.senaatti.fi\/asema-alueet\/ajankohtaista\/uutiset\/oulun-asema-alueen-kehittamisesta-aiesopimus\/#breadcrumb","itemListElement":[{"@type":"ListItem","position":1,"name":"Etusivu","item":"https:\/\/www.senaatti.fi\/asema-alueet\/"},{"@type":"ListItem","position":2,"name":"Oulun asema-alueen kehitt\u00e4misest\u00e4 aiesopimus"}]},{"@type":"WebSite","@id":"https:\/\/www.senaatti.fi\/asema-alueet\/#website","url":"https:\/\/www.senaatti.fi\/asema-alueet\/","name":"Asema-alueet","description":"Senaatin Asema-alueet","potentialAction":[{"@type":"SearchAction","target":{"@type":"EntryPoint","urlTemplate":"https:\/\/www.senaatti.fi\/asema-alueet\/?s={search_term_string}"},"query-input":{"@type":"PropertyValueSpecification","valueRequired":true,"valueName":"search_term_string"}}],"inLanguage":"fi"},{"@type":"Person","@id":"https:\/\/www.senaatti.fi\/asema-alueet\/#\/schema\/person\/19ebcd857f41fa4cf02102cd128abc46","name":"Andreas Ylijarvi","image":{"@type":"ImageObject","inLanguage":"fi","@id":"https:\/\/secure.gravatar.com\/avatar\/da48797f91660605745175abd9fe82263292008bf52cf452340b960fcdab186f?s=96&d=mm&r=g","url":"https:\/\/secure.gravatar.com\/avatar\/da48797f91660605745175abd9fe82263292008bf52cf452340b960fcdab186f?s=96&d=mm&r=g","contentUrl":"https:\/\/secure.gravatar.com\/avatar\/da48797f91660605745175abd9fe82263292008bf52cf452340b960fcdab186f?s=96&d=mm&r=g","caption":"Andreas Ylijarvi"}}]}},"lang":"fi","translations":{"fi":874},"pll_sync_post":[],"_links":{"self":[{"href":"https:\/\/www.senaatti.fi\/asema-alueet\/wp-json\/wp\/v2\/posts\/874","targetHints":{"allow":["GET"]}}],"collection":[{"href":"https:\/\/www.senaatti.fi\/asema-alueet\/wp-json\/wp\/v2\/posts"}],"about":[{"href":"https:\/\/www.senaatti.fi\/asema-alueet\/wp-json\/wp\/v2\/types\/post"}],"author":[{"embeddable":true,"href":"https:\/\/www.senaatti.fi\/asema-alueet\/wp-json\/wp\/v2\/users\/16"}],"replies":[{"embeddable":true,"href":"https:\/\/www.senaatti.fi\/asema-alueet\/wp-json\/wp\/v2\/comments?post=874"}],"version-history":[{"count":3,"href":"https:\/\/www.senaatti.fi\/asema-alueet\/wp-json\/wp\/v2\/posts\/874\/revisions"}],"predecessor-version":[{"id":880,"href":"https:\/\/www.senaatti.fi\/asema-alueet\/wp-json\/wp\/v2\/posts\/874\/revisions\/880"}],"wp:featuredmedia":[{"embeddable":true,"href":"https:\/\/www.senaatti.fi\/asema-alueet\/wp-json\/wp\/v2\/media\/875"}],"wp:attachment":[{"href":"https:\/\/www.senaatti.fi\/asema-alueet\/wp-json\/wp\/v2\/media?parent=874"}],"wp:term":[{"taxonomy":"senaatti_type","embeddable":true,"href":"https:\/\/www.senaatti.fi\/asema-alueet\/wp-json\/wp\/v2\/senaatti_type?post=874"}],"curies":[{"name":"wp","href":"https:\/\/api.w.org\/{rel}","templated":true}]}}