{"id":351,"date":"2019-04-11T07:48:37","date_gmt":"2019-04-11T07:48:37","guid":{"rendered":"https:\/\/www.senaatti.fi\/asema-alueet\/?p=351"},"modified":"2023-06-01T12:04:57","modified_gmt":"2023-06-01T12:04:57","slug":"asemanseudut-sateilevat-elinvoimaa-koko-ymparistoon","status":"publish","type":"post","link":"https:\/\/www.senaatti.fi\/asema-alueet\/ajankohtaista\/uutiset\/asemanseudut-sateilevat-elinvoimaa-koko-ymparistoon\/","title":{"rendered":"Asemanseudut s\u00e4teilev\u00e4t elinvoimaa koko ymp\u00e4rist\u00f6\u00f6n"},"content":{"rendered":"<p><strong>Suomalaisten asemanseutujen ymp\u00e4rill\u00e4 kuhisee. Kaupunkien keskeiset, mutta usein hieman sivuraiteelle j\u00e4\u00e4neet paraatipaikat halutaan valjastaa nykyist\u00e4 fiksumpaan k\u00e4ytt\u00f6\u00f6n asumisen, ty\u00f6paikkojen ja palvelujen keskuksina. Keinoja on monia yhteisty\u00f6n tiivist\u00e4misest\u00e4 parempiin py\u00f6r\u00e4parkkeihin.<\/strong><\/p>\n<p>Juna-asemien ymp\u00e4rist\u00f6t tarjoavat huikeita mahdollisuuksia kaupunkirakenteen tiivist\u00e4miseen ja eheytt\u00e4miseen ymp\u00e4ri Suomea. Samalla voidaan luoda uudenlaista yhteis\u00f6llisyytt\u00e4 ja ottaa k\u00e4ytt\u00f6\u00f6n ilmastoyst\u00e4v\u00e4llisi\u00e4 ratkaisuja.<\/p>\n<p>Iso askel kehitt\u00e4misty\u00f6ss\u00e4 otettiin t\u00e4m\u00e4n vuoden alussa, kun 22 asemanseutua eri puolilla Suomea saivat uuden is\u00e4nn\u00e4n Senaatin Asema-alueet Oy:st\u00e4. Yhti\u00f6 k\u00e4y nyt kehitt\u00e4m\u00e4\u00e4n asema-alueille uutta el\u00e4m\u00e4\u00e4 yhdess\u00e4 kaupunkien ja kuntien kanssa. Samalla asemanseuduista tulee houkuttelevia sijoituskohteita.<\/p>\n<p><em><a href=\"https:\/\/www.senaatti.fi\/asema-alueet\/2019\/02\/08\/uusi-senaatin-asema-alueet-oy-edistaa-kestavaa-kaupunkikehitysta\/\">Lue my\u00f6s: Uusi Senaatin Asema-alueet Oy edist\u00e4\u00e4 kest\u00e4v\u00e4\u00e4 kaupunkikehityst\u00e4<\/a><\/em><\/p>\n<p>Fiksu Assa -hanke, asemanseutujen kehitt\u00e4j\u00e4verkosto ja Senaatin Asema-alueet j\u00e4rjestiv\u00e4t aiheesta foorumin maaliskuun lopulla. Puhujat kertoivat kokemuksistaan ja jakoivat monta hy\u00f6dyllist\u00e4 ideaa:<\/p>\n<h2>1. Selke\u00e4t tavoitteet n\u00e4ytt\u00e4v\u00e4t suunnan<\/h2>\n<p>Asemanseutujen kehitt\u00e4misen ensisijainen tavoite on lis\u00e4t\u00e4 alueille asuntoja, ty\u00f6paikkoja ja palveluja sek\u00e4 kehitt\u00e4\u00e4 raideliikenteeseen limittyvi\u00e4, kest\u00e4v\u00e4n kehityksen huomioon ottavia liikkumispalveluja.<\/p>\n<p>\u201dAsemanseutu on osa kaupungin keskustan solmupistett\u00e4, jonka onnistunut kehitt\u00e4minen s\u00e4teilee elinvoimaa koko ymp\u00e4rist\u00f6\u00f6n. On t\u00e4rke\u00e4\u00e4, ett\u00e4 my\u00f6s kulttuurillinen kest\u00e4vyys otetaan huomioon\u201d, ymp\u00e4rist\u00f6ministeri\u00f6n rakennusneuvos <strong>Matti Vatilo <\/strong>sanoi esityksess\u00e4\u00e4n.<\/p>\n<p><img loading=\"lazy\" decoding=\"async\" class=\"alignnone size-large wp-image-318\" src=\"https:\/\/www.senaatti.fi\/app\/uploads\/sites\/6\/2019\/04\/SEN-Asemanseutu_63A9326-1024x683.jpg\" alt=\"\" width=\"1024\" height=\"683\" srcset=\"https:\/\/www.senaatti.fi\/app\/uploads\/sites\/6\/2019\/04\/SEN-Asemanseutu_63A9326-1024x683.jpg 1024w, https:\/\/www.senaatti.fi\/app\/uploads\/sites\/6\/2019\/04\/SEN-Asemanseutu_63A9326-300x200.jpg 300w, https:\/\/www.senaatti.fi\/app\/uploads\/sites\/6\/2019\/04\/SEN-Asemanseutu_63A9326-768x512.jpg 768w, https:\/\/www.senaatti.fi\/app\/uploads\/sites\/6\/2019\/04\/SEN-Asemanseutu_63A9326-1600x1067.jpg 1600w, https:\/\/www.senaatti.fi\/app\/uploads\/sites\/6\/2019\/04\/SEN-Asemanseutu_63A9326-2200x1467.jpg 2200w\" sizes=\"auto, (max-width: 1024px) 100vw, 1024px\" \/><\/p>\n<h2>2. Yhteisty\u00f6 on kaiken a ja o<\/h2>\n<p>Asemanseutujen kehitt\u00e4misess\u00e4 olennaista on eri osapuolten v\u00e4linen yhteisty\u00f6. Esimerkiksi Ruotsin G\u00f6teborgissa kaupungin asema-aluetta ja liikkumismahdollisuuksia sen ymp\u00e4rist\u00f6ss\u00e4 on kehitetty jo vuosikymmenien ajan.<\/p>\n<p>Suur-G\u00f6teborgin alueeseen kuuluu 13 erillist\u00e4 kuntaa, joiden p\u00e4\u00e4tt\u00e4j\u00e4t toimivat tiiviiss\u00e4 yhteisty\u00f6ss\u00e4 kesken\u00e4\u00e4n. Saumaton verkostoituminen on tuottanut tuloksia, ideoita ja yhteist\u00e4 vastuunkantoa: alueella on k\u00e4yt\u00f6ss\u00e4 muun muassa ruuhkamaksu ja infrastruktuuria on parannettu.<\/p>\n<p>\u201dKaikilla alueen p\u00e4\u00e4tt\u00e4jill\u00e4 on sama tavoite: pit\u00e4\u00e4 alueen noin miljoonasta asukkaasta niin hyv\u00e4 huolta kuin mahdollista\u201d, kertoi G\u00f6teborgin seudun Senior Planner <strong>Per Kristersson<\/strong>.<\/p>\n<h2>3. Asemanseututimantti auttaa ideoinnissa<\/h2>\n<p>Asiantuntijayritys Sitowise Oy ja asemanseutuverkoston j\u00e4senet ovat luoneet asemanseutujen kehitt\u00e4jille yhteisty\u00f6n v\u00e4lineeksi kehikon, joka on nimetty asemanseututimantiksi. Sen avulla asemanseutujen kehitt\u00e4j\u00e4t voivat yhdess\u00e4 arvioida kunkin kaupungin nykyist\u00e4 tilannetta, kehitysn\u00e4kymi\u00e4, asemanseudun toimintoja, liikenneyhteyksi\u00e4 sek\u00e4 uusien ideoiden toteutumismahdollisuuksia.<\/p>\n<p>\u201dJos keskustelu ei ole strukturoitua, puhutaan helposti toisten ohi tai ei ymm\u00e4rret\u00e4 toisia\u201d, Sitowisen johtava konsultti <strong>Anne Herneoja<\/strong> ev\u00e4sti osallistujia.<\/p>\n<h2>4. V\u00e4h\u00e4hiilisyys keski\u00f6ss\u00e4<\/h2>\n<p>Asemanseudut ovat liikkumisen lis\u00e4ksi my\u00f6s kest\u00e4v\u00e4n kehityksen solmukohtia.<\/p>\n<p>\u201dHiilijalanj\u00e4lki pit\u00e4\u00e4 saada h\u00e4ipym\u00e4\u00e4n n\u00e4kym\u00e4tt\u00f6miin\u201d, HSY:n tulosaluejohtaja <strong>Irma Karjalainen<\/strong> haastoi asemankehitt\u00e4ji\u00e4.<\/p>\n<p>Jo alueiden suunnitteluvaiheessa t\u00e4ytyy ottaa huomioon, miten niiss\u00e4 sopeudutaan ilmastonmuutokseen, edistet\u00e4\u00e4n v\u00e4h\u00e4hiilisyytt\u00e4, vahvistetaan kiertotaloutta ja rakennetaan sosiaalisesti kest\u00e4v\u00e4\u00e4 ymp\u00e4rist\u00f6\u00e4.<\/p>\n<h2>5. Lis\u00e4\u00e4 py\u00f6r\u00e4parkkeja<\/h2>\n<p>Liitynt\u00e4pys\u00e4k\u00f6innin, kuten py\u00f6r\u00e4parkkien, suunnittelu on yksi huomioon otettava asia. Toistaiseksi py\u00f6r\u00e4parkkien m\u00e4\u00e4r\u00e4 ja palvelun taso vaihtelevat melkoisesti paikkakunnittain. Selke\u00e4t polkupy\u00f6rien pys\u00e4k\u00f6intij\u00e4rjestelyt sek\u00e4 katetut ja runkolukituksen mahdollistavat py\u00f6r\u00e4paikat ovat t\u00e4rkeit\u00e4, vaikka niiden toteutuminen on viel\u00e4 asemilla satunnaista. My\u00f6s hyv\u00e4\u00e4n opastukseen on t\u00e4rke\u00e4\u00e4 satsata.<\/p>\n<h2>6. Selkeytt\u00e4 lupa-asioihin<\/h2>\n<p>Asema-alueille palveluita suunnittelevat yritt\u00e4j\u00e4t mielt\u00e4v\u00e4t lupa-asiat usein hankaliksi: Mist\u00e4 pyyt\u00e4\u00e4 lupa, jos aseman yhteydess\u00e4 olevaan kahvioon halutaan ulkoterassi? Mihin saa sijoittaa kylttej\u00e4 ja mainoksia?<\/p>\n<p>Asematilojen pirstaleisen omistajuuden takia asemilla ei aina ole yksitt\u00e4ist\u00e4 yhteyshenkil\u00f6\u00e4, jolta kysy\u00e4 neuvoja. Toisaalta monilla asemilla ei ole tyhji\u00e4 tiloja, joihin uudet yritt\u00e4j\u00e4t voisivat asettautua.<\/p>\n<h2>7. Fiksu Assa tuo eloa asemille<\/h2>\n<p>\u201dAsioilla on kiire, nyt pit\u00e4\u00e4 toimia\u201d, Helsingin seudun ymp\u00e4rist\u00f6palveluiden ilmastoyksik\u00f6n projektip\u00e4\u00e4llikk\u00f6 <strong>Pia Tynys<\/strong> korosti. HSY:n koordinoima kaksivuotinen Fiksu Assa -hanke edist\u00e4\u00e4 v\u00e4h\u00e4hiilisen liiketoiminnan yleistymist\u00e4 asemanseuduilla, kiihdytt\u00e4\u00e4 uusien v\u00e4h\u00e4hiilisten ratkaisujen syntymist\u00e4 ja mahdollistaa yhdyskuntien v\u00e4h\u00e4hiilisyytt\u00e4 edist\u00e4vi\u00e4 arjen ratkaisuja.<\/p>\n<p>Fiksu Assa -tapahtumat levitt\u00e4ytyv\u00e4t kev\u00e4\u00e4ll\u00e4 2019 ja 2020 seitsem\u00e4lle asemalle Helsinkiin, Espooseen, Vantaalle, H\u00e4meenlinnaan ja Riihim\u00e4elle. Asemat muuttuvat ilmastoa s\u00e4\u00e4st\u00e4vien tuotteiden ja palvelujen pop up -tiloksi. Tapahtuma avaa asemanseudut yritysten kehitt\u00e4mien ilmastofiksujen ratkaisujen kokeilualustaksi.<\/p>\n<p>V\u00e4h\u00e4hiilisi\u00e4 ratkaisuja vauhditetaan kev\u00e4\u00e4ll\u00e4 2019 my\u00f6s asemanseutujen innovaatiokilpailussa, jossa ty\u00f6stet\u00e4\u00e4n uusia palveluja asemaseuduille.<\/p>\n\n<div class=\"sidestory sidestory--columns-1 sidestory--background-gray\"><h3 class='sidestory__title'>Asemanseutufoorumi kokosi yhteen kehitt\u00e4j\u00e4t<\/h3><div class=\"sidestory__content\"><\/p>\n<p>Asemanseutufoorumi j\u00e4rjestettiin Helsingiss\u00e4 21.3.2019. Senaatti-kiinteist\u00f6jen lis\u00e4ksi tilaisuuden j\u00e4rjest\u00e4misess\u00e4 olivat mukana Fiksu Assa -hanke sek\u00e4 asemanseutujen kehitt\u00e4j\u00e4verkosto. \u00c4\u00e4neen p\u00e4\u00e4siv\u00e4t verkoston asiantuntijat ja kehitysty\u00f6ss\u00e4 mukana olevat tahot, kuten Helsingin seudun ymp\u00e4rist\u00f6palvelut, Suomen ymp\u00e4rist\u00f6ministeri\u00f6 ja V\u00e4yl\u00e4virasto.<\/p>\n<p>Puhujina oli Matti Vatilon, Per Kristerssonin<strong>,<\/strong> Anne Herneojan, Irma Karjalaisen ja Pia Tynyksen lis\u00e4ksi Senaatin Asema-alueet Oy:n toimitusjohtaja <strong>Mauri Sahi<\/strong>, Helsingin kaupungin arkkitehti <strong>Sari Ruotsalainen<\/strong>, Sein\u00e4joen kaupungin kaavoitusp\u00e4\u00e4llikk\u00f6 <strong>Martti Norja<\/strong>, Tampereen yliopiston lehtorit <strong>Markus Laine<\/strong> ja <strong>Helena Leino<\/strong>, V\u00e4yl\u00e4viraston liikennej\u00e4rjestelm\u00e4asiantuntija <strong>Maija Rekola<\/strong>, WSP:n <strong>Katja Koskela<\/strong> ja ymp\u00e4rist\u00f6ministeri\u00f6n ohjelmap\u00e4\u00e4llikk\u00f6 <strong>Virve Hokkanen<\/strong>.<\/p>\n<p>P\u00e4iv\u00e4n ohjelman ja muut puhujat n\u00e4et <a href=\"https:\/\/www.hsy.fi\/fi\/asiantuntijalle\/tapahtumat\/seminaarit\/Sivut\/asemanseutufoorumi.aspx?utm_source=ASEMANSEUTUFOORUMI+21.3.2019&amp;utm_medium=email&amp;utm_campaign=\" target=\"_blank\" rel=\"noopener noreferrer\">t\u00e4\u00e4lt\u00e4.<\/a><\/p>\n<\/div><\/div>\n","protected":false},"excerpt":{"rendered":"<p>Suomalaisten asemanseutujen ymp\u00e4rill\u00e4 kuhisee. Kaupunkien keskeiset, mutta usein hieman sivuraiteelle j\u00e4\u00e4neet paraatipaikat halutaan valjastaa nykyist\u00e4 fiksumpaan k\u00e4ytt\u00f6\u00f6n asumisen, ty\u00f6paikkojen ja palvelujen keskuksina. Keinoja on monia yhteisty\u00f6n tiivist\u00e4misest\u00e4 parempiin py\u00f6r\u00e4parkkeihin. Juna-asemien ymp\u00e4rist\u00f6t tarjoavat huikeita mahdollisuuksia kaupunkirakenteen tiivist\u00e4miseen ja eheytt\u00e4miseen ymp\u00e4ri Suomea. Samalla voidaan luoda uudenlaista yhteis\u00f6llisyytt\u00e4 ja ottaa k\u00e4ytt\u00f6\u00f6n ilmastoyst\u00e4v\u00e4llisi\u00e4 ratkaisuja. Iso askel kehitt\u00e4misty\u00f6ss\u00e4 otettiin t\u00e4m\u00e4n [&hellip;]<\/p>\n","protected":false},"author":16,"featured_media":317,"comment_status":"open","ping_status":"open","sticky":false,"template":"","format":"standard","meta":{"_acf_changed":false,"footnotes":""},"senaatti_type":[],"class_list":["post-351","post","type-post","status-publish","format-standard","has-post-thumbnail","hentry"],"acf":[],"yoast_head":"<!-- This site is optimized with the Yoast SEO plugin v27.3 - https:\/\/yoast.com\/product\/yoast-seo-wordpress\/ -->\n<title>Asemanseudut s\u00e4teilev\u00e4t elinvoimaa koko ymp\u00e4rist\u00f6\u00f6n - Senaatti<\/title>\n<meta name=\"description\" content=\"Suomalaisten asemanseutujen ymp\u00e4rill\u00e4 kuhisee. Kaupunkien keskeiset, mutta usein hieman sivuraiteelle j\u00e4\u00e4neet paraatipaikat halutaan valjastaa nykyist\u00e4\" \/>\n<meta name=\"robots\" content=\"index, follow, max-snippet:-1, max-image-preview:large, max-video-preview:-1\" \/>\n<link rel=\"canonical\" href=\"https:\/\/www.senaatti.fi\/asema-alueet\/ajankohtaista\/uutiset\/asemanseudut-sateilevat-elinvoimaa-koko-ymparistoon\/\" \/>\n<meta property=\"og:locale\" content=\"fi_FI\" \/>\n<meta property=\"og:type\" content=\"article\" \/>\n<meta property=\"og:title\" content=\"Asemanseudut s\u00e4teilev\u00e4t elinvoimaa koko ymp\u00e4rist\u00f6\u00f6n - Senaatti\" \/>\n<meta property=\"og:description\" content=\"Suomalaisten asemanseutujen ymp\u00e4rill\u00e4 kuhisee. Kaupunkien keskeiset, mutta usein hieman sivuraiteelle j\u00e4\u00e4neet paraatipaikat halutaan valjastaa nykyist\u00e4\" \/>\n<meta property=\"og:url\" content=\"https:\/\/www.senaatti.fi\/asema-alueet\/ajankohtaista\/uutiset\/asemanseudut-sateilevat-elinvoimaa-koko-ymparistoon\/\" \/>\n<meta property=\"og:site_name\" content=\"Senaatti\" \/>\n<meta property=\"article:published_time\" content=\"2019-04-11T07:48:37+00:00\" \/>\n<meta property=\"article:modified_time\" content=\"2023-06-01T12:04:57+00:00\" \/>\n<meta property=\"og:image\" content=\"https:\/\/www.senaatti.fi\/app\/uploads\/sites\/6\/2019\/04\/SEN-Asemanseutu_63A9263-1024x683.jpg\" \/>\n\t<meta property=\"og:image:width\" content=\"1024\" \/>\n\t<meta property=\"og:image:height\" content=\"683\" \/>\n\t<meta property=\"og:image:type\" content=\"image\/jpeg\" \/>\n<meta name=\"author\" content=\"Andreas Ylijarvi\" \/>\n<meta name=\"twitter:card\" content=\"summary_large_image\" \/>\n<meta name=\"twitter:label1\" content=\"Written by\" \/>\n\t<meta name=\"twitter:data1\" content=\"Andreas Ylijarvi\" \/>\n\t<meta name=\"twitter:label2\" content=\"Est. reading time\" \/>\n\t<meta name=\"twitter:data2\" content=\"5 minuuttia\" \/>\n<script type=\"application\/ld+json\" class=\"yoast-schema-graph\">{\"@context\":\"https:\\\/\\\/schema.org\",\"@graph\":[{\"@type\":\"Article\",\"@id\":\"https:\\\/\\\/www.senaatti.fi\\\/asema-alueet\\\/ajankohtaista\\\/uutiset\\\/asemanseudut-sateilevat-elinvoimaa-koko-ymparistoon\\\/#article\",\"isPartOf\":{\"@id\":\"https:\\\/\\\/www.senaatti.fi\\\/asema-alueet\\\/ajankohtaista\\\/uutiset\\\/asemanseudut-sateilevat-elinvoimaa-koko-ymparistoon\\\/\"},\"author\":{\"name\":\"Andreas Ylijarvi\",\"@id\":\"https:\\\/\\\/www.senaatti.fi\\\/asema-alueet\\\/#\\\/schema\\\/person\\\/19ebcd857f41fa4cf02102cd128abc46\"},\"headline\":\"Asemanseudut s\u00e4teilev\u00e4t elinvoimaa koko ymp\u00e4rist\u00f6\u00f6n\",\"datePublished\":\"2019-04-11T07:48:37+00:00\",\"dateModified\":\"2023-06-01T12:04:57+00:00\",\"mainEntityOfPage\":{\"@id\":\"https:\\\/\\\/www.senaatti.fi\\\/asema-alueet\\\/ajankohtaista\\\/uutiset\\\/asemanseudut-sateilevat-elinvoimaa-koko-ymparistoon\\\/\"},\"wordCount\":829,\"commentCount\":0,\"image\":{\"@id\":\"https:\\\/\\\/www.senaatti.fi\\\/asema-alueet\\\/ajankohtaista\\\/uutiset\\\/asemanseudut-sateilevat-elinvoimaa-koko-ymparistoon\\\/#primaryimage\"},\"thumbnailUrl\":\"https:\\\/\\\/www.senaatti.fi\\\/app\\\/uploads\\\/sites\\\/6\\\/2019\\\/04\\\/SEN-Asemanseutu_63A9263.jpg\",\"articleSection\":[\"Senaatin Asema-alueet Oy\"],\"inLanguage\":\"fi\"},{\"@type\":\"WebPage\",\"@id\":\"https:\\\/\\\/www.senaatti.fi\\\/asema-alueet\\\/ajankohtaista\\\/uutiset\\\/asemanseudut-sateilevat-elinvoimaa-koko-ymparistoon\\\/\",\"url\":\"https:\\\/\\\/www.senaatti.fi\\\/asema-alueet\\\/ajankohtaista\\\/uutiset\\\/asemanseudut-sateilevat-elinvoimaa-koko-ymparistoon\\\/\",\"name\":\"Asemanseudut s\u00e4teilev\u00e4t elinvoimaa koko ymp\u00e4rist\u00f6\u00f6n - Senaatti\",\"isPartOf\":{\"@id\":\"https:\\\/\\\/www.senaatti.fi\\\/asema-alueet\\\/#website\"},\"primaryImageOfPage\":{\"@id\":\"https:\\\/\\\/www.senaatti.fi\\\/asema-alueet\\\/ajankohtaista\\\/uutiset\\\/asemanseudut-sateilevat-elinvoimaa-koko-ymparistoon\\\/#primaryimage\"},\"image\":{\"@id\":\"https:\\\/\\\/www.senaatti.fi\\\/asema-alueet\\\/ajankohtaista\\\/uutiset\\\/asemanseudut-sateilevat-elinvoimaa-koko-ymparistoon\\\/#primaryimage\"},\"thumbnailUrl\":\"https:\\\/\\\/www.senaatti.fi\\\/app\\\/uploads\\\/sites\\\/6\\\/2019\\\/04\\\/SEN-Asemanseutu_63A9263.jpg\",\"datePublished\":\"2019-04-11T07:48:37+00:00\",\"dateModified\":\"2023-06-01T12:04:57+00:00\",\"author\":{\"@id\":\"https:\\\/\\\/www.senaatti.fi\\\/asema-alueet\\\/#\\\/schema\\\/person\\\/19ebcd857f41fa4cf02102cd128abc46\"},\"description\":\"Suomalaisten asemanseutujen ymp\u00e4rill\u00e4 kuhisee. Kaupunkien keskeiset, mutta usein hieman sivuraiteelle j\u00e4\u00e4neet paraatipaikat halutaan valjastaa nykyist\u00e4\",\"breadcrumb\":{\"@id\":\"https:\\\/\\\/www.senaatti.fi\\\/asema-alueet\\\/ajankohtaista\\\/uutiset\\\/asemanseudut-sateilevat-elinvoimaa-koko-ymparistoon\\\/#breadcrumb\"},\"inLanguage\":\"fi\",\"potentialAction\":[{\"@type\":\"ReadAction\",\"target\":[\"https:\\\/\\\/www.senaatti.fi\\\/asema-alueet\\\/ajankohtaista\\\/uutiset\\\/asemanseudut-sateilevat-elinvoimaa-koko-ymparistoon\\\/\"]}]},{\"@type\":\"ImageObject\",\"inLanguage\":\"fi\",\"@id\":\"https:\\\/\\\/www.senaatti.fi\\\/asema-alueet\\\/ajankohtaista\\\/uutiset\\\/asemanseudut-sateilevat-elinvoimaa-koko-ymparistoon\\\/#primaryimage\",\"url\":\"https:\\\/\\\/www.senaatti.fi\\\/app\\\/uploads\\\/sites\\\/6\\\/2019\\\/04\\\/SEN-Asemanseutu_63A9263.jpg\",\"contentUrl\":\"https:\\\/\\\/www.senaatti.fi\\\/app\\\/uploads\\\/sites\\\/6\\\/2019\\\/04\\\/SEN-Asemanseutu_63A9263.jpg\",\"width\":6720,\"height\":4480,\"caption\":\"Kuva asemanseutu foorumista\"},{\"@type\":\"BreadcrumbList\",\"@id\":\"https:\\\/\\\/www.senaatti.fi\\\/asema-alueet\\\/ajankohtaista\\\/uutiset\\\/asemanseudut-sateilevat-elinvoimaa-koko-ymparistoon\\\/#breadcrumb\",\"itemListElement\":[{\"@type\":\"ListItem\",\"position\":1,\"name\":\"Etusivu\",\"item\":\"https:\\\/\\\/www.senaatti.fi\\\/asema-alueet\\\/\"},{\"@type\":\"ListItem\",\"position\":2,\"name\":\"Asemanseudut s\u00e4teilev\u00e4t elinvoimaa koko ymp\u00e4rist\u00f6\u00f6n\"}]},{\"@type\":\"WebSite\",\"@id\":\"https:\\\/\\\/www.senaatti.fi\\\/asema-alueet\\\/#website\",\"url\":\"https:\\\/\\\/www.senaatti.fi\\\/asema-alueet\\\/\",\"name\":\"Asema-alueet\",\"description\":\"Senaatin Asema-alueet\",\"potentialAction\":[{\"@type\":\"SearchAction\",\"target\":{\"@type\":\"EntryPoint\",\"urlTemplate\":\"https:\\\/\\\/www.senaatti.fi\\\/asema-alueet\\\/?s={search_term_string}\"},\"query-input\":{\"@type\":\"PropertyValueSpecification\",\"valueRequired\":true,\"valueName\":\"search_term_string\"}}],\"inLanguage\":\"fi\"},{\"@type\":\"Person\",\"@id\":\"https:\\\/\\\/www.senaatti.fi\\\/asema-alueet\\\/#\\\/schema\\\/person\\\/19ebcd857f41fa4cf02102cd128abc46\",\"name\":\"Andreas Ylijarvi\",\"image\":{\"@type\":\"ImageObject\",\"inLanguage\":\"fi\",\"@id\":\"https:\\\/\\\/secure.gravatar.com\\\/avatar\\\/da48797f91660605745175abd9fe82263292008bf52cf452340b960fcdab186f?s=96&d=mm&r=g\",\"url\":\"https:\\\/\\\/secure.gravatar.com\\\/avatar\\\/da48797f91660605745175abd9fe82263292008bf52cf452340b960fcdab186f?s=96&d=mm&r=g\",\"contentUrl\":\"https:\\\/\\\/secure.gravatar.com\\\/avatar\\\/da48797f91660605745175abd9fe82263292008bf52cf452340b960fcdab186f?s=96&d=mm&r=g\",\"caption\":\"Andreas Ylijarvi\"}}]}<\/script>\n<!-- \/ Yoast SEO plugin. -->","yoast_head_json":{"title":"Asemanseudut s\u00e4teilev\u00e4t elinvoimaa koko ymp\u00e4rist\u00f6\u00f6n - Senaatti","description":"Suomalaisten asemanseutujen ymp\u00e4rill\u00e4 kuhisee. Kaupunkien keskeiset, mutta usein hieman sivuraiteelle j\u00e4\u00e4neet paraatipaikat halutaan valjastaa nykyist\u00e4","robots":{"index":"index","follow":"follow","max-snippet":"max-snippet:-1","max-image-preview":"max-image-preview:large","max-video-preview":"max-video-preview:-1"},"canonical":"https:\/\/www.senaatti.fi\/asema-alueet\/ajankohtaista\/uutiset\/asemanseudut-sateilevat-elinvoimaa-koko-ymparistoon\/","og_locale":"fi_FI","og_type":"article","og_title":"Asemanseudut s\u00e4teilev\u00e4t elinvoimaa koko ymp\u00e4rist\u00f6\u00f6n - Senaatti","og_description":"Suomalaisten asemanseutujen ymp\u00e4rill\u00e4 kuhisee. Kaupunkien keskeiset, mutta usein hieman sivuraiteelle j\u00e4\u00e4neet paraatipaikat halutaan valjastaa nykyist\u00e4","og_url":"https:\/\/www.senaatti.fi\/asema-alueet\/ajankohtaista\/uutiset\/asemanseudut-sateilevat-elinvoimaa-koko-ymparistoon\/","og_site_name":"Senaatti","article_published_time":"2019-04-11T07:48:37+00:00","article_modified_time":"2023-06-01T12:04:57+00:00","og_image":[{"width":1024,"height":683,"url":"https:\/\/www.senaatti.fi\/app\/uploads\/sites\/6\/2019\/04\/SEN-Asemanseutu_63A9263-1024x683.jpg","type":"image\/jpeg"}],"author":"Andreas Ylijarvi","twitter_card":"summary_large_image","twitter_misc":{"Written by":"Andreas Ylijarvi","Est. reading time":"5 minuuttia"},"schema":{"@context":"https:\/\/schema.org","@graph":[{"@type":"Article","@id":"https:\/\/www.senaatti.fi\/asema-alueet\/ajankohtaista\/uutiset\/asemanseudut-sateilevat-elinvoimaa-koko-ymparistoon\/#article","isPartOf":{"@id":"https:\/\/www.senaatti.fi\/asema-alueet\/ajankohtaista\/uutiset\/asemanseudut-sateilevat-elinvoimaa-koko-ymparistoon\/"},"author":{"name":"Andreas Ylijarvi","@id":"https:\/\/www.senaatti.fi\/asema-alueet\/#\/schema\/person\/19ebcd857f41fa4cf02102cd128abc46"},"headline":"Asemanseudut s\u00e4teilev\u00e4t elinvoimaa koko ymp\u00e4rist\u00f6\u00f6n","datePublished":"2019-04-11T07:48:37+00:00","dateModified":"2023-06-01T12:04:57+00:00","mainEntityOfPage":{"@id":"https:\/\/www.senaatti.fi\/asema-alueet\/ajankohtaista\/uutiset\/asemanseudut-sateilevat-elinvoimaa-koko-ymparistoon\/"},"wordCount":829,"commentCount":0,"image":{"@id":"https:\/\/www.senaatti.fi\/asema-alueet\/ajankohtaista\/uutiset\/asemanseudut-sateilevat-elinvoimaa-koko-ymparistoon\/#primaryimage"},"thumbnailUrl":"https:\/\/www.senaatti.fi\/app\/uploads\/sites\/6\/2019\/04\/SEN-Asemanseutu_63A9263.jpg","articleSection":["Senaatin Asema-alueet Oy"],"inLanguage":"fi"},{"@type":"WebPage","@id":"https:\/\/www.senaatti.fi\/asema-alueet\/ajankohtaista\/uutiset\/asemanseudut-sateilevat-elinvoimaa-koko-ymparistoon\/","url":"https:\/\/www.senaatti.fi\/asema-alueet\/ajankohtaista\/uutiset\/asemanseudut-sateilevat-elinvoimaa-koko-ymparistoon\/","name":"Asemanseudut s\u00e4teilev\u00e4t elinvoimaa koko ymp\u00e4rist\u00f6\u00f6n - Senaatti","isPartOf":{"@id":"https:\/\/www.senaatti.fi\/asema-alueet\/#website"},"primaryImageOfPage":{"@id":"https:\/\/www.senaatti.fi\/asema-alueet\/ajankohtaista\/uutiset\/asemanseudut-sateilevat-elinvoimaa-koko-ymparistoon\/#primaryimage"},"image":{"@id":"https:\/\/www.senaatti.fi\/asema-alueet\/ajankohtaista\/uutiset\/asemanseudut-sateilevat-elinvoimaa-koko-ymparistoon\/#primaryimage"},"thumbnailUrl":"https:\/\/www.senaatti.fi\/app\/uploads\/sites\/6\/2019\/04\/SEN-Asemanseutu_63A9263.jpg","datePublished":"2019-04-11T07:48:37+00:00","dateModified":"2023-06-01T12:04:57+00:00","author":{"@id":"https:\/\/www.senaatti.fi\/asema-alueet\/#\/schema\/person\/19ebcd857f41fa4cf02102cd128abc46"},"description":"Suomalaisten asemanseutujen ymp\u00e4rill\u00e4 kuhisee. Kaupunkien keskeiset, mutta usein hieman sivuraiteelle j\u00e4\u00e4neet paraatipaikat halutaan valjastaa nykyist\u00e4","breadcrumb":{"@id":"https:\/\/www.senaatti.fi\/asema-alueet\/ajankohtaista\/uutiset\/asemanseudut-sateilevat-elinvoimaa-koko-ymparistoon\/#breadcrumb"},"inLanguage":"fi","potentialAction":[{"@type":"ReadAction","target":["https:\/\/www.senaatti.fi\/asema-alueet\/ajankohtaista\/uutiset\/asemanseudut-sateilevat-elinvoimaa-koko-ymparistoon\/"]}]},{"@type":"ImageObject","inLanguage":"fi","@id":"https:\/\/www.senaatti.fi\/asema-alueet\/ajankohtaista\/uutiset\/asemanseudut-sateilevat-elinvoimaa-koko-ymparistoon\/#primaryimage","url":"https:\/\/www.senaatti.fi\/app\/uploads\/sites\/6\/2019\/04\/SEN-Asemanseutu_63A9263.jpg","contentUrl":"https:\/\/www.senaatti.fi\/app\/uploads\/sites\/6\/2019\/04\/SEN-Asemanseutu_63A9263.jpg","width":6720,"height":4480,"caption":"Kuva asemanseutu foorumista"},{"@type":"BreadcrumbList","@id":"https:\/\/www.senaatti.fi\/asema-alueet\/ajankohtaista\/uutiset\/asemanseudut-sateilevat-elinvoimaa-koko-ymparistoon\/#breadcrumb","itemListElement":[{"@type":"ListItem","position":1,"name":"Etusivu","item":"https:\/\/www.senaatti.fi\/asema-alueet\/"},{"@type":"ListItem","position":2,"name":"Asemanseudut s\u00e4teilev\u00e4t elinvoimaa koko ymp\u00e4rist\u00f6\u00f6n"}]},{"@type":"WebSite","@id":"https:\/\/www.senaatti.fi\/asema-alueet\/#website","url":"https:\/\/www.senaatti.fi\/asema-alueet\/","name":"Asema-alueet","description":"Senaatin Asema-alueet","potentialAction":[{"@type":"SearchAction","target":{"@type":"EntryPoint","urlTemplate":"https:\/\/www.senaatti.fi\/asema-alueet\/?s={search_term_string}"},"query-input":{"@type":"PropertyValueSpecification","valueRequired":true,"valueName":"search_term_string"}}],"inLanguage":"fi"},{"@type":"Person","@id":"https:\/\/www.senaatti.fi\/asema-alueet\/#\/schema\/person\/19ebcd857f41fa4cf02102cd128abc46","name":"Andreas Ylijarvi","image":{"@type":"ImageObject","inLanguage":"fi","@id":"https:\/\/secure.gravatar.com\/avatar\/da48797f91660605745175abd9fe82263292008bf52cf452340b960fcdab186f?s=96&d=mm&r=g","url":"https:\/\/secure.gravatar.com\/avatar\/da48797f91660605745175abd9fe82263292008bf52cf452340b960fcdab186f?s=96&d=mm&r=g","contentUrl":"https:\/\/secure.gravatar.com\/avatar\/da48797f91660605745175abd9fe82263292008bf52cf452340b960fcdab186f?s=96&d=mm&r=g","caption":"Andreas Ylijarvi"}}]}},"lang":"fi","translations":{"fi":351},"pll_sync_post":[],"_links":{"self":[{"href":"https:\/\/www.senaatti.fi\/asema-alueet\/wp-json\/wp\/v2\/posts\/351","targetHints":{"allow":["GET"]}}],"collection":[{"href":"https:\/\/www.senaatti.fi\/asema-alueet\/wp-json\/wp\/v2\/posts"}],"about":[{"href":"https:\/\/www.senaatti.fi\/asema-alueet\/wp-json\/wp\/v2\/types\/post"}],"author":[{"embeddable":true,"href":"https:\/\/www.senaatti.fi\/asema-alueet\/wp-json\/wp\/v2\/users\/16"}],"replies":[{"embeddable":true,"href":"https:\/\/www.senaatti.fi\/asema-alueet\/wp-json\/wp\/v2\/comments?post=351"}],"version-history":[{"count":8,"href":"https:\/\/www.senaatti.fi\/asema-alueet\/wp-json\/wp\/v2\/posts\/351\/revisions"}],"predecessor-version":[{"id":1693,"href":"https:\/\/www.senaatti.fi\/asema-alueet\/wp-json\/wp\/v2\/posts\/351\/revisions\/1693"}],"wp:featuredmedia":[{"embeddable":true,"href":"https:\/\/www.senaatti.fi\/asema-alueet\/wp-json\/wp\/v2\/media\/317"}],"wp:attachment":[{"href":"https:\/\/www.senaatti.fi\/asema-alueet\/wp-json\/wp\/v2\/media?parent=351"}],"wp:term":[{"taxonomy":"senaatti_type","embeddable":true,"href":"https:\/\/www.senaatti.fi\/asema-alueet\/wp-json\/wp\/v2\/senaatti_type?post=351"}],"curies":[{"name":"wp","href":"https:\/\/api.w.org\/{rel}","templated":true}]}}