{"id":315,"date":"2019-04-11T11:06:06","date_gmt":"2019-04-11T11:06:06","guid":{"rendered":"https:\/\/www.senaatti.fi\/asema-alueet\/?p=315"},"modified":"2023-06-02T11:46:42","modified_gmt":"2023-06-02T11:46:42","slug":"kestava-kehitys-ohjaa-asemanseutujen-tulevaisuutta","status":"publish","type":"post","link":"https:\/\/www.senaatti.fi\/asema-alueet\/ajankohtaista\/uutiset\/kestava-kehitys-ohjaa-asemanseutujen-tulevaisuutta\/","title":{"rendered":"Kest\u00e4v\u00e4 kehitys ohjaa asemanseutujen tulevaisuutta"},"content":{"rendered":"<p><strong>Fiksu Assa -hankkeen, asemanseutujen kehitt\u00e4j\u00e4verkoston ja Senaatin Asema-alueet Oy:n j\u00e4rjest\u00e4m\u00e4ss\u00e4 asemanseutufoorumissa \u00e4\u00e4neen p\u00e4\u00e4siv\u00e4t asiantuntijat ja seutujen kehitt\u00e4j\u00e4t ymp\u00e4ri Suomen. Kysyimme osallistujilta, mik\u00e4 merkitys asemanseuduilla on kaupungeille ja miten v\u00e4h\u00e4hiilisyys on otettu huomioon niiden kehitysty\u00f6ss\u00e4.<\/strong><\/p>\n<p><img loading=\"lazy\" decoding=\"async\" class=\"alignnone wp-image-322 size-full\" src=\"https:\/\/www.senaatti.fi\/app\/uploads\/sites\/6\/2019\/04\/SEN-Laura-Yrja\u2560\u00eana\u2560\u00ea_63A9375-e1554381257331.jpg\" alt=\"\" width=\"767\" height=\"511\" \/><\/p>\n<blockquote><p>Asemanseudun kehitt\u00e4mien on ilmastoteko<\/p><\/blockquote>\n<p>Erityisasiantuntija <strong>Laura Yrj\u00e4n\u00e4<\/strong>, Helsingin kaupunki<\/p>\n<p>Mik\u00e4 merkitys asemanseutujen kehitt\u00e4misell\u00e4 on kaupungeille?<\/p>\n<p>\u201dAsemanseutujen kehitt\u00e4minen Helsingin seudulla on t\u00e4rke\u00e4\u00e4 asemien viihtyisyyden ja liikenteen sujuvoittamisen takia. Esimerkiksi Malmin asemanseutu nousee yleiskaavassa esille potentiaalisena kehitysalueena, josta muodostuu tulevaisuudessa koko koillisen Helsingin keskus. Asemanseutujen kehitt\u00e4mishankkeet voivat t\u00e4hd\u00e4t\u00e4 kymmenienkin vuosien p\u00e4\u00e4h\u00e4n, mutta my\u00f6s nopeita n\u00e4ytt\u00e4vi\u00e4 tekoja on saatava aikaan.\u201d<\/p>\n<p>Millaisia uusia ratkaisuja on tehty tai tarvitaan?<\/p>\n<p>\u201dKehitt\u00e4misty\u00f6ss\u00e4 t\u00e4ytyy pohtia, miten asema vaikuttaa ymp\u00e4rist\u00f6\u00f6ns\u00e4. Esimerkiksi Malmin ratapihan yli kulkeva, jalankulkijoille tarkoitettu putki ei ole mairitteleva n\u00e4ky. Malmin asemalla uusien ylityskohtien kehitt\u00e4minen olisi erityisen t\u00e4rke\u00e4\u00e4. My\u00f6s muilla asemanseuduilla voidaan itse aseman kehitt\u00e4misell\u00e4 vaikuttaa my\u00f6nteisesti koko alueeseen.\u201d<\/p>\n<p>Miten v\u00e4h\u00e4hiilisyys on otettu huomioon kehitysty\u00f6ss\u00e4?<\/p>\n<p>\u201dPohdimme paraikaa, voisiko tulevissa kaavaratkaisuissa ottaa huomioon esimerkiksi hiilineutraalimmat rakennusmateriaalit. Minulle jo pelk\u00e4st\u00e4\u00e4n asemanseudun kehitt\u00e4minen on ilmastoteko. Onnistumme tavoitteessamme, jos kehit\u00e4mme esimerkiksi py\u00f6r\u00e4pys\u00e4k\u00f6inti\u00e4 ja saamme lis\u00e4tty\u00e4 julkisen liikenteen k\u00e4ytt\u00e4ji\u00e4 sek\u00e4 edist\u00e4mme asemien houkuttelevuutta yrityksien sijoittumispaikkana.\u201d<\/p>\n\n<p><img loading=\"lazy\" decoding=\"async\" class=\"alignnone wp-image-323 size-full\" src=\"https:\/\/www.senaatti.fi\/app\/uploads\/sites\/6\/2019\/04\/SEN-Martti-Norja_63A9355-e1554381381362.jpg\" alt=\"\" width=\"767\" height=\"511\" \/><\/p>\n<blockquote><p>Sein\u00e4joen uuden aseman yleissuunnitelma on valmis<strong><br \/>\n<\/strong><\/p><\/blockquote>\n<p>Kaavoitusjohtaja <strong>Martti Norja<\/strong>, Sein\u00e4joen kaupunki<\/p>\n<p>Mik\u00e4 merkitys asemanseutujen kehitt\u00e4misell\u00e4 on kaupungeille?<\/p>\n<p>\u201dSein\u00e4joen asema sijaitsee erinomaisella paikalla keskell\u00e4 kaupunkia. Meill\u00e4 ei ole keskustan ja aseman v\u00e4list\u00e4 et\u00e4isyytt\u00e4, vaan yhdell\u00e4 kadun ylityksell\u00e4 matkaaja on kaupungin keskustassa. Paikallisten kannalta on t\u00e4rke\u00e4\u00e4 pit\u00e4\u00e4 asemanseutu virke\u00e4n\u00e4.\u201d<\/p>\n<p>Millaisia uusia ratkaisuja on tehty tai tarvitaan?<\/p>\n<p>\u201dSaimme uuden aseman yleissuunnitelman valmiiksi vuosi sitten. Tarkoituksena on rakentaa uusi rakennus t\u00e4m\u00e4nhetkisen aseman etel\u00e4puolelle, eli samaan paikkaan kuin miss\u00e4 asema aikoinaan sijaitsi ennen nykyisen betonibrutalistisen talon rakentamista vuonna 1969. Tarvetta olisi my\u00f6s alikulkutunnelille, joka yhdist\u00e4isi radan jakamat puolet ja palvelisi hyvin uutta asemaa uusine laitureineen.\u201d<\/p>\n<p>Miten v\u00e4h\u00e4hiilisyys on otettu huomioon kehitysty\u00f6ss\u00e4?<\/p>\n<p>\u201dSein\u00e4joelta matkaa junalla Helsinkiin kahdessa ja puolessa tunnissa. Autolla matka kest\u00e4\u00e4 nelj\u00e4 ja puoli tuntia. Sein\u00e4jokelaiset k\u00e4ytt\u00e4v\u00e4t mielell\u00e4\u00e4n junaa, kun he matkustavat etel\u00e4\u00e4n p\u00e4in.\u201d<\/p>\n<p><img loading=\"lazy\" decoding=\"async\" class=\"alignnone wp-image-321 size-full\" src=\"https:\/\/www.senaatti.fi\/app\/uploads\/sites\/6\/2019\/04\/SEN-Irma-Karjalainen_63A9407-e1554381417337.jpg\" alt=\"\" width=\"767\" height=\"511\" \/><\/p>\n<blockquote><p>Asemanseudun kehitys lis\u00e4\u00e4 alueen elinvoimaa<\/p><\/blockquote>\n<p>Talousaluejohtaja <strong>Irma Karjalainen<\/strong>, HSY<\/p>\n<p>Mik\u00e4 merkitys asemanseutujen kehitt\u00e4misell\u00e4 on kaupungeille?<\/p>\n<p>\u201dAsemanseudut ovat alueita, joissa on jo tarjolla v\u00e4h\u00e4p\u00e4\u00e4st\u00f6inen joukkoliikenne raiteilla. Olemassa olevilla asemanseuduilla kehitt\u00e4minen on taloudellisesti edullista, koska siell\u00e4 on valmiina my\u00f6s kunnallistekniikan infrastruktuuri. Kun maank\u00e4ytt\u00f6\u00e4 hyv\u00e4n raideliikenneyhteyden solmukohdassa tehostetaan ja alueen ty\u00f6paikkojen ja asukkaiden m\u00e4\u00e4r\u00e4 lis\u00e4\u00e4ntyy, parantuu sek\u00e4 yritysten tuottavuus ett\u00e4 alueen elinvoimaisuus.\u201d<\/p>\n<p>Millaisia uusia ratkaisuja on tehty tai tarvitaan?<\/p>\n<p>\u201dMielest\u00e4ni Suomessa on vasta alettu ymm\u00e4rt\u00e4\u00e4 asemanseudun merkitys ymp\u00e4rist\u00f6lle ja asukkaille. Esimerkiksi K\u00f6\u00f6penhaminassa on aseman ymp\u00e4rist\u00f6 ja liikkumisreitit jo pitk\u00e4\u00e4n suunniteltu jalankulkijoiden ja py\u00f6r\u00e4ilij\u00f6iden parasta ajatellen. Suomessa puolestaan kunnollinen py\u00f6r\u00e4ilyn liitynt\u00e4pys\u00e4k\u00f6inti asemien l\u00e4heisyydess\u00e4, Bike and Ride -konsepti, on viel\u00e4 alkutekij\u00f6iss\u00e4\u00e4n. Ymm\u00e4rrys on siis syntynyt, mutta todelliset teot ovat viel\u00e4 vaiheessa.\u201d<\/p>\n<p>Miten v\u00e4h\u00e4hiilisyys on otettu huomioon kehitysty\u00f6ss\u00e4?<\/p>\n<p>\u201dAsemanseudut ovat v\u00e4h\u00e4hiilisi\u00e4 kaupunkirakentamisen ytimi\u00e4, ja kehitt\u00e4misen tulokset voivat n\u00e4ky\u00e4 nopeastikin. Raideliikenne tarjoaa nollap\u00e4\u00e4st\u00f6isen liikenteen. Mill\u00e4\u00e4n muulla kaupunkirakentamisella emme pysty yht\u00e4 nopeasti pudottamaan kaupungissa syntyvi\u00e4 p\u00e4\u00e4st\u00f6j\u00e4 kuin edist\u00e4m\u00e4ll\u00e4 ihmisten siirtymist\u00e4 k\u00e4velyyn, py\u00f6r\u00e4ilyyn ja raideliikenteeseen.\u201d<\/p>\n<p><img loading=\"lazy\" decoding=\"async\" class=\"alignnone wp-image-320 size-full\" src=\"https:\/\/www.senaatti.fi\/app\/uploads\/sites\/6\/2019\/04\/SEN-Elias-Rainio_63A9306-e1554381442916.jpg\" alt=\"\" width=\"767\" height=\"511\" \/><\/p>\n<blockquote><p>Haluamme sujuvoittaa ty\u00f6matkalaisten arkea<\/p><\/blockquote>\n<p>Kiinteist\u00f6kehitysp\u00e4\u00e4llikk\u00f6 <strong>Elias Rainio<\/strong>, Senaatti-kiinteist\u00f6t<\/p>\n<p>Mik\u00e4 merkitys asemanseutujen kehitt\u00e4misell\u00e4 on kaupungeille?<\/p>\n<p>\u201dAsemanseutujen kehitt\u00e4minen vaikuttaa keskeisesti sek\u00e4 kaupunkien imagoon ett\u00e4 kaupungin kasvuun ja kehitykseen. Asemanseudut ovat paikkoja, joiden t\u00e4ytyy olla nykyaikana tapahtumien ytimess\u00e4.\u201d<\/p>\n<p>Millaisia uusia ratkaisuja on tehty tai tarvitaan?<\/p>\n<p>\u201dViime vuosien aikana ihmisten matkanteko on saatu ketjutettua rakentamalla esimerkiksi matkakeskuksia kaupunkien keskeisille paikoille \u2013 eli matkaajien siirtymist\u00e4 eri liikennev\u00e4lineest\u00e4 toiseen on sujuvoitettu. Silti viel\u00e4 on paljon teht\u00e4v\u00e4\u00e4: erityisesti on edistett\u00e4v\u00e4 py\u00f6r\u00e4ilyn, jalankulun ja autopaikkojen liitt\u00e4mist\u00e4 juna- ja bussiasemien yhteyteen.\u201d<\/p>\n<p>Miten v\u00e4h\u00e4hiilisyys on otettu huomioon kehitysty\u00f6ss\u00e4?<\/p>\n<p>\u201dKest\u00e4v\u00e4 kehitys on meill\u00e4 Senaatissa merkitt\u00e4v\u00e4 osa yhteiskuntavastuuta. Asemanseutujen tiivist\u00e4minen ohjaa ihmisi\u00e4 v\u00e4h\u00e4hiilisen el\u00e4m\u00e4ntyylin noudattamiseen. Ohjaamme heit\u00e4 joukkoliikenneyhteyksien varrelle, jotta liikkuminen esimerkiksi yksityisautolla v\u00e4henisi. Ideaali tilanne olisi, ett\u00e4 ty\u00f6matkaaja voisi k\u00e4vell\u00e4 helposti kotoaan ja ty\u00f6paikaltaan esimerkiksi junaan.\u201d<\/p>\n","protected":false},"excerpt":{"rendered":"<p>Fiksu Assa -hankkeen, asemanseutujen kehitt\u00e4j\u00e4verkoston ja Senaatin Asema-alueet Oy:n j\u00e4rjest\u00e4m\u00e4ss\u00e4 asemanseutufoorumissa \u00e4\u00e4neen p\u00e4\u00e4siv\u00e4t asiantuntijat ja seutujen kehitt\u00e4j\u00e4t ymp\u00e4ri Suomen. Kysyimme osallistujilta, mik\u00e4 merkitys asemanseuduilla on kaupungeille ja miten v\u00e4h\u00e4hiilisyys on otettu huomioon niiden kehitysty\u00f6ss\u00e4. Asemanseudun kehitt\u00e4mien on ilmastoteko Erityisasiantuntija Laura Yrj\u00e4n\u00e4, Helsingin kaupunki Mik\u00e4 merkitys asemanseutujen kehitt\u00e4misell\u00e4 on kaupungeille? \u201dAsemanseutujen kehitt\u00e4minen Helsingin seudulla on t\u00e4rke\u00e4\u00e4 [&hellip;]<\/p>\n","protected":false},"author":16,"featured_media":316,"comment_status":"open","ping_status":"open","sticky":false,"template":"","format":"standard","meta":{"_acf_changed":false,"footnotes":""},"senaatti_type":[],"class_list":["post-315","post","type-post","status-publish","format-standard","has-post-thumbnail","hentry"],"acf":[],"yoast_head":"<!-- This site is optimized with the Yoast SEO plugin v27.3 - https:\/\/yoast.com\/product\/yoast-seo-wordpress\/ -->\n<title>Kest\u00e4v\u00e4 kehitys ohjaa asemanseutujen tulevaisuutta - Senaatti<\/title>\n<meta name=\"description\" content=\"Fiksu Assa -hankkeen, asemanseutujen kehitt\u00e4j\u00e4verkoston ja Senaatin Asema-alueet Oy:n j\u00e4rjest\u00e4m\u00e4ss\u00e4 asemanseutufoorumissa \u00e4\u00e4neen p\u00e4\u00e4siv\u00e4t asiantuntijat ja\" \/>\n<meta name=\"robots\" content=\"index, follow, max-snippet:-1, max-image-preview:large, max-video-preview:-1\" \/>\n<link rel=\"canonical\" href=\"https:\/\/www.senaatti.fi\/asema-alueet\/ajankohtaista\/uutiset\/kestava-kehitys-ohjaa-asemanseutujen-tulevaisuutta\/\" \/>\n<meta property=\"og:locale\" content=\"fi_FI\" \/>\n<meta property=\"og:type\" content=\"article\" \/>\n<meta property=\"og:title\" content=\"Kest\u00e4v\u00e4 kehitys ohjaa asemanseutujen tulevaisuutta - Senaatti\" \/>\n<meta property=\"og:description\" content=\"Fiksu Assa -hankkeen, asemanseutujen kehitt\u00e4j\u00e4verkoston ja Senaatin Asema-alueet Oy:n j\u00e4rjest\u00e4m\u00e4ss\u00e4 asemanseutufoorumissa \u00e4\u00e4neen p\u00e4\u00e4siv\u00e4t asiantuntijat ja\" \/>\n<meta property=\"og:url\" content=\"https:\/\/www.senaatti.fi\/asema-alueet\/ajankohtaista\/uutiset\/kestava-kehitys-ohjaa-asemanseutujen-tulevaisuutta\/\" \/>\n<meta property=\"og:site_name\" content=\"Senaatti\" \/>\n<meta property=\"article:published_time\" content=\"2019-04-11T11:06:06+00:00\" \/>\n<meta property=\"article:modified_time\" content=\"2023-06-02T11:46:42+00:00\" \/>\n<meta property=\"og:image\" content=\"https:\/\/www.senaatti.fi\/app\/uploads\/sites\/6\/2019\/04\/SEN-Asemanseutu_63A9228-1024x683.jpg\" \/>\n\t<meta property=\"og:image:width\" content=\"1024\" \/>\n\t<meta property=\"og:image:height\" content=\"683\" \/>\n\t<meta property=\"og:image:type\" content=\"image\/jpeg\" \/>\n<meta name=\"author\" content=\"Andreas Ylijarvi\" \/>\n<meta name=\"twitter:card\" content=\"summary_large_image\" \/>\n<meta name=\"twitter:label1\" content=\"Kirjoittanut\" \/>\n\t<meta name=\"twitter:data1\" content=\"Andreas Ylijarvi\" \/>\n\t<meta name=\"twitter:label2\" content=\"Arvioitu lukuaika\" \/>\n\t<meta name=\"twitter:data2\" content=\"5 minuuttia\" \/>\n<script type=\"application\/ld+json\" class=\"yoast-schema-graph\">{\"@context\":\"https:\\\/\\\/schema.org\",\"@graph\":[{\"@type\":\"Article\",\"@id\":\"https:\\\/\\\/www.senaatti.fi\\\/asema-alueet\\\/ajankohtaista\\\/uutiset\\\/kestava-kehitys-ohjaa-asemanseutujen-tulevaisuutta\\\/#article\",\"isPartOf\":{\"@id\":\"https:\\\/\\\/www.senaatti.fi\\\/asema-alueet\\\/ajankohtaista\\\/uutiset\\\/kestava-kehitys-ohjaa-asemanseutujen-tulevaisuutta\\\/\"},\"author\":{\"name\":\"Andreas Ylijarvi\",\"@id\":\"https:\\\/\\\/www.senaatti.fi\\\/asema-alueet\\\/#\\\/schema\\\/person\\\/19ebcd857f41fa4cf02102cd128abc46\"},\"headline\":\"Kest\u00e4v\u00e4 kehitys ohjaa asemanseutujen tulevaisuutta\",\"datePublished\":\"2019-04-11T11:06:06+00:00\",\"dateModified\":\"2023-06-02T11:46:42+00:00\",\"mainEntityOfPage\":{\"@id\":\"https:\\\/\\\/www.senaatti.fi\\\/asema-alueet\\\/ajankohtaista\\\/uutiset\\\/kestava-kehitys-ohjaa-asemanseutujen-tulevaisuutta\\\/\"},\"wordCount\":745,\"commentCount\":0,\"image\":{\"@id\":\"https:\\\/\\\/www.senaatti.fi\\\/asema-alueet\\\/ajankohtaista\\\/uutiset\\\/kestava-kehitys-ohjaa-asemanseutujen-tulevaisuutta\\\/#primaryimage\"},\"thumbnailUrl\":\"https:\\\/\\\/www.senaatti.fi\\\/app\\\/uploads\\\/sites\\\/6\\\/2019\\\/04\\\/SEN-Asemanseutu_63A9228.jpg\",\"articleSection\":[\"Senaatin Asema-alueet Oy\"],\"inLanguage\":\"fi\"},{\"@type\":\"WebPage\",\"@id\":\"https:\\\/\\\/www.senaatti.fi\\\/asema-alueet\\\/ajankohtaista\\\/uutiset\\\/kestava-kehitys-ohjaa-asemanseutujen-tulevaisuutta\\\/\",\"url\":\"https:\\\/\\\/www.senaatti.fi\\\/asema-alueet\\\/ajankohtaista\\\/uutiset\\\/kestava-kehitys-ohjaa-asemanseutujen-tulevaisuutta\\\/\",\"name\":\"Kest\u00e4v\u00e4 kehitys ohjaa asemanseutujen tulevaisuutta - Senaatti\",\"isPartOf\":{\"@id\":\"https:\\\/\\\/www.senaatti.fi\\\/asema-alueet\\\/#website\"},\"primaryImageOfPage\":{\"@id\":\"https:\\\/\\\/www.senaatti.fi\\\/asema-alueet\\\/ajankohtaista\\\/uutiset\\\/kestava-kehitys-ohjaa-asemanseutujen-tulevaisuutta\\\/#primaryimage\"},\"image\":{\"@id\":\"https:\\\/\\\/www.senaatti.fi\\\/asema-alueet\\\/ajankohtaista\\\/uutiset\\\/kestava-kehitys-ohjaa-asemanseutujen-tulevaisuutta\\\/#primaryimage\"},\"thumbnailUrl\":\"https:\\\/\\\/www.senaatti.fi\\\/app\\\/uploads\\\/sites\\\/6\\\/2019\\\/04\\\/SEN-Asemanseutu_63A9228.jpg\",\"datePublished\":\"2019-04-11T11:06:06+00:00\",\"dateModified\":\"2023-06-02T11:46:42+00:00\",\"author\":{\"@id\":\"https:\\\/\\\/www.senaatti.fi\\\/asema-alueet\\\/#\\\/schema\\\/person\\\/19ebcd857f41fa4cf02102cd128abc46\"},\"description\":\"Fiksu Assa -hankkeen, asemanseutujen kehitt\u00e4j\u00e4verkoston ja Senaatin Asema-alueet Oy:n j\u00e4rjest\u00e4m\u00e4ss\u00e4 asemanseutufoorumissa \u00e4\u00e4neen p\u00e4\u00e4siv\u00e4t asiantuntijat ja\",\"breadcrumb\":{\"@id\":\"https:\\\/\\\/www.senaatti.fi\\\/asema-alueet\\\/ajankohtaista\\\/uutiset\\\/kestava-kehitys-ohjaa-asemanseutujen-tulevaisuutta\\\/#breadcrumb\"},\"inLanguage\":\"fi\",\"potentialAction\":[{\"@type\":\"ReadAction\",\"target\":[\"https:\\\/\\\/www.senaatti.fi\\\/asema-alueet\\\/ajankohtaista\\\/uutiset\\\/kestava-kehitys-ohjaa-asemanseutujen-tulevaisuutta\\\/\"]}]},{\"@type\":\"ImageObject\",\"inLanguage\":\"fi\",\"@id\":\"https:\\\/\\\/www.senaatti.fi\\\/asema-alueet\\\/ajankohtaista\\\/uutiset\\\/kestava-kehitys-ohjaa-asemanseutujen-tulevaisuutta\\\/#primaryimage\",\"url\":\"https:\\\/\\\/www.senaatti.fi\\\/app\\\/uploads\\\/sites\\\/6\\\/2019\\\/04\\\/SEN-Asemanseutu_63A9228.jpg\",\"contentUrl\":\"https:\\\/\\\/www.senaatti.fi\\\/app\\\/uploads\\\/sites\\\/6\\\/2019\\\/04\\\/SEN-Asemanseutu_63A9228.jpg\",\"width\":6720,\"height\":4480,\"caption\":\"Kuva asemanseutu foorumista\"},{\"@type\":\"BreadcrumbList\",\"@id\":\"https:\\\/\\\/www.senaatti.fi\\\/asema-alueet\\\/ajankohtaista\\\/uutiset\\\/kestava-kehitys-ohjaa-asemanseutujen-tulevaisuutta\\\/#breadcrumb\",\"itemListElement\":[{\"@type\":\"ListItem\",\"position\":1,\"name\":\"Etusivu\",\"item\":\"https:\\\/\\\/www.senaatti.fi\\\/asema-alueet\\\/\"},{\"@type\":\"ListItem\",\"position\":2,\"name\":\"Kest\u00e4v\u00e4 kehitys ohjaa asemanseutujen tulevaisuutta\"}]},{\"@type\":\"WebSite\",\"@id\":\"https:\\\/\\\/www.senaatti.fi\\\/asema-alueet\\\/#website\",\"url\":\"https:\\\/\\\/www.senaatti.fi\\\/asema-alueet\\\/\",\"name\":\"Asema-alueet\",\"description\":\"Senaatin Asema-alueet\",\"potentialAction\":[{\"@type\":\"SearchAction\",\"target\":{\"@type\":\"EntryPoint\",\"urlTemplate\":\"https:\\\/\\\/www.senaatti.fi\\\/asema-alueet\\\/?s={search_term_string}\"},\"query-input\":{\"@type\":\"PropertyValueSpecification\",\"valueRequired\":true,\"valueName\":\"search_term_string\"}}],\"inLanguage\":\"fi\"},{\"@type\":\"Person\",\"@id\":\"https:\\\/\\\/www.senaatti.fi\\\/asema-alueet\\\/#\\\/schema\\\/person\\\/19ebcd857f41fa4cf02102cd128abc46\",\"name\":\"Andreas Ylijarvi\",\"image\":{\"@type\":\"ImageObject\",\"inLanguage\":\"fi\",\"@id\":\"https:\\\/\\\/secure.gravatar.com\\\/avatar\\\/da48797f91660605745175abd9fe82263292008bf52cf452340b960fcdab186f?s=96&d=mm&r=g\",\"url\":\"https:\\\/\\\/secure.gravatar.com\\\/avatar\\\/da48797f91660605745175abd9fe82263292008bf52cf452340b960fcdab186f?s=96&d=mm&r=g\",\"contentUrl\":\"https:\\\/\\\/secure.gravatar.com\\\/avatar\\\/da48797f91660605745175abd9fe82263292008bf52cf452340b960fcdab186f?s=96&d=mm&r=g\",\"caption\":\"Andreas Ylijarvi\"}}]}<\/script>\n<!-- \/ Yoast SEO plugin. -->","yoast_head_json":{"title":"Kest\u00e4v\u00e4 kehitys ohjaa asemanseutujen tulevaisuutta - Senaatti","description":"Fiksu Assa -hankkeen, asemanseutujen kehitt\u00e4j\u00e4verkoston ja Senaatin Asema-alueet Oy:n j\u00e4rjest\u00e4m\u00e4ss\u00e4 asemanseutufoorumissa \u00e4\u00e4neen p\u00e4\u00e4siv\u00e4t asiantuntijat ja","robots":{"index":"index","follow":"follow","max-snippet":"max-snippet:-1","max-image-preview":"max-image-preview:large","max-video-preview":"max-video-preview:-1"},"canonical":"https:\/\/www.senaatti.fi\/asema-alueet\/ajankohtaista\/uutiset\/kestava-kehitys-ohjaa-asemanseutujen-tulevaisuutta\/","og_locale":"fi_FI","og_type":"article","og_title":"Kest\u00e4v\u00e4 kehitys ohjaa asemanseutujen tulevaisuutta - Senaatti","og_description":"Fiksu Assa -hankkeen, asemanseutujen kehitt\u00e4j\u00e4verkoston ja Senaatin Asema-alueet Oy:n j\u00e4rjest\u00e4m\u00e4ss\u00e4 asemanseutufoorumissa \u00e4\u00e4neen p\u00e4\u00e4siv\u00e4t asiantuntijat ja","og_url":"https:\/\/www.senaatti.fi\/asema-alueet\/ajankohtaista\/uutiset\/kestava-kehitys-ohjaa-asemanseutujen-tulevaisuutta\/","og_site_name":"Senaatti","article_published_time":"2019-04-11T11:06:06+00:00","article_modified_time":"2023-06-02T11:46:42+00:00","og_image":[{"width":1024,"height":683,"url":"https:\/\/www.senaatti.fi\/app\/uploads\/sites\/6\/2019\/04\/SEN-Asemanseutu_63A9228-1024x683.jpg","type":"image\/jpeg"}],"author":"Andreas Ylijarvi","twitter_card":"summary_large_image","twitter_misc":{"Kirjoittanut":"Andreas Ylijarvi","Arvioitu lukuaika":"5 minuuttia"},"schema":{"@context":"https:\/\/schema.org","@graph":[{"@type":"Article","@id":"https:\/\/www.senaatti.fi\/asema-alueet\/ajankohtaista\/uutiset\/kestava-kehitys-ohjaa-asemanseutujen-tulevaisuutta\/#article","isPartOf":{"@id":"https:\/\/www.senaatti.fi\/asema-alueet\/ajankohtaista\/uutiset\/kestava-kehitys-ohjaa-asemanseutujen-tulevaisuutta\/"},"author":{"name":"Andreas Ylijarvi","@id":"https:\/\/www.senaatti.fi\/asema-alueet\/#\/schema\/person\/19ebcd857f41fa4cf02102cd128abc46"},"headline":"Kest\u00e4v\u00e4 kehitys ohjaa asemanseutujen tulevaisuutta","datePublished":"2019-04-11T11:06:06+00:00","dateModified":"2023-06-02T11:46:42+00:00","mainEntityOfPage":{"@id":"https:\/\/www.senaatti.fi\/asema-alueet\/ajankohtaista\/uutiset\/kestava-kehitys-ohjaa-asemanseutujen-tulevaisuutta\/"},"wordCount":745,"commentCount":0,"image":{"@id":"https:\/\/www.senaatti.fi\/asema-alueet\/ajankohtaista\/uutiset\/kestava-kehitys-ohjaa-asemanseutujen-tulevaisuutta\/#primaryimage"},"thumbnailUrl":"https:\/\/www.senaatti.fi\/app\/uploads\/sites\/6\/2019\/04\/SEN-Asemanseutu_63A9228.jpg","articleSection":["Senaatin Asema-alueet Oy"],"inLanguage":"fi"},{"@type":"WebPage","@id":"https:\/\/www.senaatti.fi\/asema-alueet\/ajankohtaista\/uutiset\/kestava-kehitys-ohjaa-asemanseutujen-tulevaisuutta\/","url":"https:\/\/www.senaatti.fi\/asema-alueet\/ajankohtaista\/uutiset\/kestava-kehitys-ohjaa-asemanseutujen-tulevaisuutta\/","name":"Kest\u00e4v\u00e4 kehitys ohjaa asemanseutujen tulevaisuutta - Senaatti","isPartOf":{"@id":"https:\/\/www.senaatti.fi\/asema-alueet\/#website"},"primaryImageOfPage":{"@id":"https:\/\/www.senaatti.fi\/asema-alueet\/ajankohtaista\/uutiset\/kestava-kehitys-ohjaa-asemanseutujen-tulevaisuutta\/#primaryimage"},"image":{"@id":"https:\/\/www.senaatti.fi\/asema-alueet\/ajankohtaista\/uutiset\/kestava-kehitys-ohjaa-asemanseutujen-tulevaisuutta\/#primaryimage"},"thumbnailUrl":"https:\/\/www.senaatti.fi\/app\/uploads\/sites\/6\/2019\/04\/SEN-Asemanseutu_63A9228.jpg","datePublished":"2019-04-11T11:06:06+00:00","dateModified":"2023-06-02T11:46:42+00:00","author":{"@id":"https:\/\/www.senaatti.fi\/asema-alueet\/#\/schema\/person\/19ebcd857f41fa4cf02102cd128abc46"},"description":"Fiksu Assa -hankkeen, asemanseutujen kehitt\u00e4j\u00e4verkoston ja Senaatin Asema-alueet Oy:n j\u00e4rjest\u00e4m\u00e4ss\u00e4 asemanseutufoorumissa \u00e4\u00e4neen p\u00e4\u00e4siv\u00e4t asiantuntijat ja","breadcrumb":{"@id":"https:\/\/www.senaatti.fi\/asema-alueet\/ajankohtaista\/uutiset\/kestava-kehitys-ohjaa-asemanseutujen-tulevaisuutta\/#breadcrumb"},"inLanguage":"fi","potentialAction":[{"@type":"ReadAction","target":["https:\/\/www.senaatti.fi\/asema-alueet\/ajankohtaista\/uutiset\/kestava-kehitys-ohjaa-asemanseutujen-tulevaisuutta\/"]}]},{"@type":"ImageObject","inLanguage":"fi","@id":"https:\/\/www.senaatti.fi\/asema-alueet\/ajankohtaista\/uutiset\/kestava-kehitys-ohjaa-asemanseutujen-tulevaisuutta\/#primaryimage","url":"https:\/\/www.senaatti.fi\/app\/uploads\/sites\/6\/2019\/04\/SEN-Asemanseutu_63A9228.jpg","contentUrl":"https:\/\/www.senaatti.fi\/app\/uploads\/sites\/6\/2019\/04\/SEN-Asemanseutu_63A9228.jpg","width":6720,"height":4480,"caption":"Kuva asemanseutu foorumista"},{"@type":"BreadcrumbList","@id":"https:\/\/www.senaatti.fi\/asema-alueet\/ajankohtaista\/uutiset\/kestava-kehitys-ohjaa-asemanseutujen-tulevaisuutta\/#breadcrumb","itemListElement":[{"@type":"ListItem","position":1,"name":"Etusivu","item":"https:\/\/www.senaatti.fi\/asema-alueet\/"},{"@type":"ListItem","position":2,"name":"Kest\u00e4v\u00e4 kehitys ohjaa asemanseutujen tulevaisuutta"}]},{"@type":"WebSite","@id":"https:\/\/www.senaatti.fi\/asema-alueet\/#website","url":"https:\/\/www.senaatti.fi\/asema-alueet\/","name":"Asema-alueet","description":"Senaatin Asema-alueet","potentialAction":[{"@type":"SearchAction","target":{"@type":"EntryPoint","urlTemplate":"https:\/\/www.senaatti.fi\/asema-alueet\/?s={search_term_string}"},"query-input":{"@type":"PropertyValueSpecification","valueRequired":true,"valueName":"search_term_string"}}],"inLanguage":"fi"},{"@type":"Person","@id":"https:\/\/www.senaatti.fi\/asema-alueet\/#\/schema\/person\/19ebcd857f41fa4cf02102cd128abc46","name":"Andreas Ylijarvi","image":{"@type":"ImageObject","inLanguage":"fi","@id":"https:\/\/secure.gravatar.com\/avatar\/da48797f91660605745175abd9fe82263292008bf52cf452340b960fcdab186f?s=96&d=mm&r=g","url":"https:\/\/secure.gravatar.com\/avatar\/da48797f91660605745175abd9fe82263292008bf52cf452340b960fcdab186f?s=96&d=mm&r=g","contentUrl":"https:\/\/secure.gravatar.com\/avatar\/da48797f91660605745175abd9fe82263292008bf52cf452340b960fcdab186f?s=96&d=mm&r=g","caption":"Andreas Ylijarvi"}}]}},"lang":"fi","translations":{"fi":315},"pll_sync_post":[],"_links":{"self":[{"href":"https:\/\/www.senaatti.fi\/asema-alueet\/wp-json\/wp\/v2\/posts\/315","targetHints":{"allow":["GET"]}}],"collection":[{"href":"https:\/\/www.senaatti.fi\/asema-alueet\/wp-json\/wp\/v2\/posts"}],"about":[{"href":"https:\/\/www.senaatti.fi\/asema-alueet\/wp-json\/wp\/v2\/types\/post"}],"author":[{"embeddable":true,"href":"https:\/\/www.senaatti.fi\/asema-alueet\/wp-json\/wp\/v2\/users\/16"}],"replies":[{"embeddable":true,"href":"https:\/\/www.senaatti.fi\/asema-alueet\/wp-json\/wp\/v2\/comments?post=315"}],"version-history":[{"count":9,"href":"https:\/\/www.senaatti.fi\/asema-alueet\/wp-json\/wp\/v2\/posts\/315\/revisions"}],"predecessor-version":[{"id":1697,"href":"https:\/\/www.senaatti.fi\/asema-alueet\/wp-json\/wp\/v2\/posts\/315\/revisions\/1697"}],"wp:featuredmedia":[{"embeddable":true,"href":"https:\/\/www.senaatti.fi\/asema-alueet\/wp-json\/wp\/v2\/media\/316"}],"wp:attachment":[{"href":"https:\/\/www.senaatti.fi\/asema-alueet\/wp-json\/wp\/v2\/media?parent=315"}],"wp:term":[{"taxonomy":"senaatti_type","embeddable":true,"href":"https:\/\/www.senaatti.fi\/asema-alueet\/wp-json\/wp\/v2\/senaatti_type?post=315"}],"curies":[{"name":"wp","href":"https:\/\/api.w.org\/{rel}","templated":true}]}}