{"id":223,"date":"2019-02-08T07:03:08","date_gmt":"2019-02-08T07:03:08","guid":{"rendered":"https:\/\/www.senaatti.fi\/asema-alueet\/?p=223"},"modified":"2019-02-08T07:03:08","modified_gmt":"2019-02-08T07:03:08","slug":"senaatin-asema-alueet-oy-kaupunkien-kumppaniksi-junaliikenteen-asema-alueiden-kehittamiseen","status":"publish","type":"post","link":"https:\/\/www.senaatti.fi\/asema-alueet\/ajankohtaista\/uutiset\/senaatin-asema-alueet-oy-kaupunkien-kumppaniksi-junaliikenteen-asema-alueiden-kehittamiseen\/","title":{"rendered":"Senaatin Asema-alueet Oy kaupunkien kumppaniksi junaliikenteen asema-alueiden kehitt\u00e4miseen"},"content":{"rendered":"<p><strong>Uusi kiinteist\u00f6kehitysyhti\u00f6 Senaatin Asema-alueet Oy huolehtii jatkossa eri puolilla Suomea sijaitsevien 22 junaliikenteen asema-alueen kehitt\u00e4misest\u00e4 yhteisty\u00f6ss\u00e4 kaupunkien ja kuntien kanssa. Keskitt\u00e4m\u00e4ll\u00e4 omistus ja vastuu yhdelle toimijalle saadaan kehitt\u00e4miseen selkeytt\u00e4 ja ketteryytt\u00e4.<\/strong><\/p>\n<p>Rautatieasemilla ja niiden ymp\u00e4rist\u00f6ll\u00e4 on merkitt\u00e4v\u00e4 rooli tulevaisuuden keskusta-alueiden asumisen, palveluiden ja liikkumisen suunnittelussa ja j\u00e4rjest\u00e4misess\u00e4. Kev\u00e4\u00e4ll\u00e4 2018 valtioneuvoston kehysriihess\u00e4 linjattiin, ett\u00e4 valtion ja valtionyhti\u00f6iden asuntorakentamiseen tai yritystoimintaan soveltuva ei-strateginen maaomaisuus keskitet\u00e4\u00e4n Senaatti-kiinteist\u00f6ille.<\/p>\n<p>Valtioneuvoston syksyll\u00e4 2018 asiasta tekem\u00e4n p\u00e4\u00e4t\u00f6ksen mukaisesti Senaatti-kiinteist\u00f6t perusti tyt\u00e4ryhti\u00f6n, Senaatin Asema-alueet Oy:n, johon asema-alueiden kehitt\u00e4minen 22 paikkakunnalla keskitet\u00e4\u00e4n 1. tammikuuta 2019 alkaen.<\/p>\n<p>\u201dT\u00e4h\u00e4n saakka omistus on asema-alueilla hajautunut usealle valtion toimijalle, yleens\u00e4 Senaatille, VR:lle ja V\u00e4yl\u00e4virastolle. Omistuksen ja vastuun keskitt\u00e4misell\u00e4 saadaan kehitt\u00e4miseen selkeytt\u00e4 ja ketteryytt\u00e4. Senaatin Asema-alueet Oy vastaa alueiden uudistamisesta tiiviiss\u00e4 yhteisty\u00f6ss\u00e4 kaupunkien ja kuntien kanssa\u201d, Senaatin Asema-alueet Oy:n toimitusjohtaja <strong>Mauri Sahi<\/strong> kertoo.<\/p>\n<p><strong>Kehitt\u00e4miseen tehokas ja osaava yhteisty\u00f6kumppani<\/strong><\/p>\n<p>Uudesta yhti\u00f6st\u00e4 kaupungit ja kunnat saavat tehokkaan ja osaavan kumppanin asema-alueidensa uudistamiseen ja kest\u00e4v\u00e4\u00e4n kaupunkikehitykseen. Yhti\u00f6 edist\u00e4\u00e4 kiinteist\u00f6kehityksess\u00e4\u00e4n hyv\u00e4n rakennetun asuin- ja elinymp\u00e4rist\u00f6n mahdollistavaa suunnittelua sek\u00e4 toteutuksen edellytyksi\u00e4 ja toimivien matkaketjujen syntymist\u00e4. Toiminnan keski\u00f6ss\u00e4 on yhteiskunnallinen vaikuttavuus sek\u00e4 kest\u00e4v\u00e4n kaupunkikehityksen haasteisiin vastaaminen ja sen edellytysten t\u00e4yttyminen.<\/p>\n<p>Yhti\u00f6n toiminnan k\u00e4ynnist\u00e4misen valmisteluvaiheessa vuonna 2018 kartoitettiin asema-alueet, joissa kehitysty\u00f6t\u00e4 on viel\u00e4 teht\u00e4v\u00e4n\u00e4 tai se on kesken. Monia asema-alueita on kehitetty jo ennen Senaatin Asema-alueet Oy:n toiminnan aloittamista.<\/p>\n<p>\u201dKehit\u00e4mme asema-alueiden k\u00e4ytt\u00f6tarkoituksia ensisijaisesti kaavoituksen keinoin ja helpotamme alueiden monipuolista hy\u00f6dynt\u00e4mist\u00e4 asuntorakentamisessa, liiketoiminnassa ja liikenteen solmukohtina.\u00a0Yhti\u00f6n teht\u00e4v\u00e4n\u00e4 on lopulta myyd\u00e4 kehitt\u00e4m\u00e4ns\u00e4 kiinteist\u00f6t. Ryhdymme yhteisty\u00f6ss\u00e4 kaupunkien ja kuntien kanssa suunnittelemaan, mill\u00e4 keinoin kukin asema-alue parhaiten palvelee oman ymp\u00e4rist\u00f6ns\u00e4 kest\u00e4v\u00e4\u00e4 kaupunkikehityst\u00e4\u201d, Sahi kuvaa yhteisty\u00f6t\u00e4.<\/p>\n<p>\u201dSuomen suurin, nyt jo myyntivaiheessa oleva, Keski-Pasilan asema-alueen kiinteist\u00f6kehityshanke on hyv\u00e4 esimerkki asema-alueilla teht\u00e4v\u00e4st\u00e4 kehitysty\u00f6st\u00e4. Senaatti-kiinteist\u00f6t ja Helsingin kaupunki ovat tehneet hyv\u00e4\u00e4 yhteisty\u00f6t\u00e4 ja vieneet hanketta eteenp\u00e4in menestyksekk\u00e4\u00e4sti\u201d, Sahi jatkaa.<\/p>\n<p>Uuteen yhti\u00f6\u00f6n siirtyv\u00e4t seuraavat asema-alueet eri puolilla Suomea: Espoo (Kauklahti), Hanko, Helsinki (Malmi), Iisalmi, J\u00e4rvenp\u00e4\u00e4, Karjaa, Kauniainen, Kemi, Kirkkonummi, Kokkola, Kotka, Kuopio, Lahti, Lappeenranta, Oulu, Pori, Riihim\u00e4ki, Rovaniemi, Sein\u00e4joki, Tuusula, Vaasa ja Ylivieska.<\/p>\n<p>Kehitystoimet ovat monilla paikkakunnilla k\u00e4ynniss\u00e4 ja osin pitk\u00e4ll\u00e4kin. Esimerkiksi Oulun asema-alueen kehityshankkeen valmisteluty\u00f6t\u00e4 on tehty yhteisty\u00f6ss\u00e4 Oulun kaupungin kanssa jo pitk\u00e4\u00e4n. Muita esimerkkej\u00e4 k\u00e4ynniss\u00e4 olevista kehityshankkeista ovat muun muassa Kirkkonummi, Espoon Kauklahti, Riihim\u00e4ki ja Sein\u00e4joki.<\/p>\n<p>Meneill\u00e4\u00e4n olevat kehityshankkeet jatkuvat, ja kaupunkien ja kuntien kanssa arvioidaan, mink\u00e4laisin tavoittein ja mink\u00e4laisella aikataululla kunkin alueen kanssa edet\u00e4\u00e4n. Valmisteleva ty\u00f6 ja suunnittelu on teht\u00e4v\u00e4 huolella, jotta huomioidaan kunkin alueen pitk\u00e4n t\u00e4ht\u00e4imen kehitys.<\/p>\n<p><strong>Senaatin Asema-alueet Oy ja VR-Yhtym\u00e4 Oy sopivat kiinteist\u00f6kaupasta<\/strong><\/p>\n<p>VR-Yhtym\u00e4 Oy (VR) ja Senaatin Asema-alueet Oy allekirjoittivat 31.1.2019 kauppakirjat nyt m\u00e4\u00e4riteltyjen VR:n asema-alueiden kiinteist\u00f6omaisuuden siirrosta VR:lt\u00e4 Senaatin Asema-alueet Oy:lle. Kauppa toteuttaa valtioneuvoston 2018 tekem\u00e4\u00e4 p\u00e4\u00e4t\u00f6st\u00e4 valtion ei-strategisen kiinteist\u00f6omaisuuden keskitt\u00e4misest\u00e4 Senaatti-kiinteist\u00f6ille ja VR:n osalta m\u00e4\u00e4ritellyn kiinteist\u00f6omaisuuden siirt\u00e4mist\u00e4 Senaatin Asema-alueet Oy:lle. Kauppahinnaksi osapuolet sopivat yhteens\u00e4 23 milj. euroa ja omistusoikeus siirtyy Senaatin Asema-alueet Oy:lle 1.3.2019.<\/p>\n\n<p><strong>Lis\u00e4tietoja:<\/strong><\/p>\n<p>Mauri Sahi, toimitusjohtaja, Senaatin Asema-alueet Oy<\/p>\n<p>Puh. +358 40 037 6303, s\u00e4hk\u00f6posti: <a href=\"mailto:mauri.sahi@senaatti.fi\">mauri.sahi@senaatti.fi<\/a><\/p>\n<p><a href=\"https:\/\/www.senaatti.fi\/asema-alueet\">www.senaatti.fi\/asema-alueet<\/a><\/p>\n","protected":false},"excerpt":{"rendered":"<p>Uusi kiinteist\u00f6kehitysyhti\u00f6 Senaatin Asema-alueet Oy huolehtii jatkossa eri puolilla Suomea sijaitsevien 22 junaliikenteen asema-alueen kehitt\u00e4misest\u00e4 yhteisty\u00f6ss\u00e4 kaupunkien ja kuntien kanssa. Keskitt\u00e4m\u00e4ll\u00e4 omistus ja vastuu yhdelle toimijalle saadaan kehitt\u00e4miseen selkeytt\u00e4 ja ketteryytt\u00e4. Rautatieasemilla ja niiden ymp\u00e4rist\u00f6ll\u00e4 on merkitt\u00e4v\u00e4 rooli tulevaisuuden keskusta-alueiden asumisen, palveluiden ja liikkumisen suunnittelussa ja j\u00e4rjest\u00e4misess\u00e4. Kev\u00e4\u00e4ll\u00e4 2018 valtioneuvoston kehysriihess\u00e4 linjattiin, ett\u00e4 valtion ja [&hellip;]<\/p>\n","protected":false},"author":16,"featured_media":150,"comment_status":"open","ping_status":"open","sticky":false,"template":"","format":"standard","meta":{"_acf_changed":false,"footnotes":""},"senaatti_type":[],"class_list":["post-223","post","type-post","status-publish","format-standard","has-post-thumbnail","hentry"],"acf":[],"yoast_head":"<!-- This site is optimized with the Yoast SEO plugin v27.3 - https:\/\/yoast.com\/product\/yoast-seo-wordpress\/ -->\n<title>Senaatin Asema-alueet Oy kaupunkien kumppaniksi junaliikenteen asema-alueiden kehitt\u00e4miseen - Senaatti<\/title>\n<meta name=\"description\" content=\"Uusi kiinteist\u00f6kehitysyhti\u00f6 Senaatin Asema-alueet Oy huolehtii jatkossa eri puolilla Suomea sijaitsevien 22 junaliikenteen asema-alueen kehitt\u00e4misest\u00e4\" \/>\n<meta name=\"robots\" content=\"index, follow, max-snippet:-1, max-image-preview:large, max-video-preview:-1\" \/>\n<link rel=\"canonical\" href=\"https:\/\/www.senaatti.fi\/asema-alueet\/ajankohtaista\/uutiset\/senaatin-asema-alueet-oy-kaupunkien-kumppaniksi-junaliikenteen-asema-alueiden-kehittamiseen\/\" \/>\n<meta property=\"og:locale\" content=\"fi_FI\" \/>\n<meta property=\"og:type\" content=\"article\" \/>\n<meta property=\"og:title\" content=\"Senaatin Asema-alueet Oy kaupunkien kumppaniksi junaliikenteen asema-alueiden kehitt\u00e4miseen - Senaatti\" \/>\n<meta property=\"og:description\" content=\"Uusi kiinteist\u00f6kehitysyhti\u00f6 Senaatin Asema-alueet Oy huolehtii jatkossa eri puolilla Suomea sijaitsevien 22 junaliikenteen asema-alueen kehitt\u00e4misest\u00e4\" \/>\n<meta property=\"og:url\" content=\"https:\/\/www.senaatti.fi\/asema-alueet\/ajankohtaista\/uutiset\/senaatin-asema-alueet-oy-kaupunkien-kumppaniksi-junaliikenteen-asema-alueiden-kehittamiseen\/\" \/>\n<meta property=\"og:site_name\" content=\"Senaatti\" \/>\n<meta property=\"article:published_time\" content=\"2019-02-08T07:03:08+00:00\" \/>\n<meta property=\"og:image\" content=\"https:\/\/www.senaatti.fi\/app\/uploads\/sites\/6\/2019\/01\/TU-131001-vr-seinajoki-012-1024x683.jpg\" \/>\n\t<meta property=\"og:image:width\" content=\"1024\" \/>\n\t<meta property=\"og:image:height\" content=\"683\" \/>\n\t<meta property=\"og:image:type\" content=\"image\/jpeg\" \/>\n<meta name=\"author\" content=\"Andreas Ylijarvi\" \/>\n<meta name=\"twitter:card\" content=\"summary_large_image\" \/>\n<meta name=\"twitter:label1\" content=\"Kirjoittanut\" \/>\n\t<meta name=\"twitter:data1\" content=\"Andreas Ylijarvi\" \/>\n\t<meta name=\"twitter:label2\" content=\"Arvioitu lukuaika\" \/>\n\t<meta name=\"twitter:data2\" content=\"3 minuuttia\" \/>\n<script type=\"application\/ld+json\" class=\"yoast-schema-graph\">{\"@context\":\"https:\\\/\\\/schema.org\",\"@graph\":[{\"@type\":\"Article\",\"@id\":\"https:\\\/\\\/www.senaatti.fi\\\/asema-alueet\\\/ajankohtaista\\\/uutiset\\\/senaatin-asema-alueet-oy-kaupunkien-kumppaniksi-junaliikenteen-asema-alueiden-kehittamiseen\\\/#article\",\"isPartOf\":{\"@id\":\"https:\\\/\\\/www.senaatti.fi\\\/asema-alueet\\\/ajankohtaista\\\/uutiset\\\/senaatin-asema-alueet-oy-kaupunkien-kumppaniksi-junaliikenteen-asema-alueiden-kehittamiseen\\\/\"},\"author\":{\"name\":\"Andreas Ylijarvi\",\"@id\":\"https:\\\/\\\/www.senaatti.fi\\\/asema-alueet\\\/#\\\/schema\\\/person\\\/19ebcd857f41fa4cf02102cd128abc46\"},\"headline\":\"Senaatin Asema-alueet Oy kaupunkien kumppaniksi junaliikenteen asema-alueiden kehitt\u00e4miseen\",\"datePublished\":\"2019-02-08T07:03:08+00:00\",\"mainEntityOfPage\":{\"@id\":\"https:\\\/\\\/www.senaatti.fi\\\/asema-alueet\\\/ajankohtaista\\\/uutiset\\\/senaatin-asema-alueet-oy-kaupunkien-kumppaniksi-junaliikenteen-asema-alueiden-kehittamiseen\\\/\"},\"wordCount\":580,\"commentCount\":0,\"image\":{\"@id\":\"https:\\\/\\\/www.senaatti.fi\\\/asema-alueet\\\/ajankohtaista\\\/uutiset\\\/senaatin-asema-alueet-oy-kaupunkien-kumppaniksi-junaliikenteen-asema-alueiden-kehittamiseen\\\/#primaryimage\"},\"thumbnailUrl\":\"https:\\\/\\\/www.senaatti.fi\\\/app\\\/uploads\\\/sites\\\/6\\\/2019\\\/01\\\/TU-131001-vr-seinajoki-012.jpg\",\"articleSection\":[\"Senaatin Asema-alueet Oy\"],\"inLanguage\":\"fi\"},{\"@type\":\"WebPage\",\"@id\":\"https:\\\/\\\/www.senaatti.fi\\\/asema-alueet\\\/ajankohtaista\\\/uutiset\\\/senaatin-asema-alueet-oy-kaupunkien-kumppaniksi-junaliikenteen-asema-alueiden-kehittamiseen\\\/\",\"url\":\"https:\\\/\\\/www.senaatti.fi\\\/asema-alueet\\\/ajankohtaista\\\/uutiset\\\/senaatin-asema-alueet-oy-kaupunkien-kumppaniksi-junaliikenteen-asema-alueiden-kehittamiseen\\\/\",\"name\":\"Senaatin Asema-alueet Oy kaupunkien kumppaniksi junaliikenteen asema-alueiden kehitt\u00e4miseen - Senaatti\",\"isPartOf\":{\"@id\":\"https:\\\/\\\/www.senaatti.fi\\\/asema-alueet\\\/#website\"},\"primaryImageOfPage\":{\"@id\":\"https:\\\/\\\/www.senaatti.fi\\\/asema-alueet\\\/ajankohtaista\\\/uutiset\\\/senaatin-asema-alueet-oy-kaupunkien-kumppaniksi-junaliikenteen-asema-alueiden-kehittamiseen\\\/#primaryimage\"},\"image\":{\"@id\":\"https:\\\/\\\/www.senaatti.fi\\\/asema-alueet\\\/ajankohtaista\\\/uutiset\\\/senaatin-asema-alueet-oy-kaupunkien-kumppaniksi-junaliikenteen-asema-alueiden-kehittamiseen\\\/#primaryimage\"},\"thumbnailUrl\":\"https:\\\/\\\/www.senaatti.fi\\\/app\\\/uploads\\\/sites\\\/6\\\/2019\\\/01\\\/TU-131001-vr-seinajoki-012.jpg\",\"datePublished\":\"2019-02-08T07:03:08+00:00\",\"author\":{\"@id\":\"https:\\\/\\\/www.senaatti.fi\\\/asema-alueet\\\/#\\\/schema\\\/person\\\/19ebcd857f41fa4cf02102cd128abc46\"},\"description\":\"Uusi kiinteist\u00f6kehitysyhti\u00f6 Senaatin Asema-alueet Oy huolehtii jatkossa eri puolilla Suomea sijaitsevien 22 junaliikenteen asema-alueen kehitt\u00e4misest\u00e4\",\"breadcrumb\":{\"@id\":\"https:\\\/\\\/www.senaatti.fi\\\/asema-alueet\\\/ajankohtaista\\\/uutiset\\\/senaatin-asema-alueet-oy-kaupunkien-kumppaniksi-junaliikenteen-asema-alueiden-kehittamiseen\\\/#breadcrumb\"},\"inLanguage\":\"fi\",\"potentialAction\":[{\"@type\":\"ReadAction\",\"target\":[\"https:\\\/\\\/www.senaatti.fi\\\/asema-alueet\\\/ajankohtaista\\\/uutiset\\\/senaatin-asema-alueet-oy-kaupunkien-kumppaniksi-junaliikenteen-asema-alueiden-kehittamiseen\\\/\"]}]},{\"@type\":\"ImageObject\",\"inLanguage\":\"fi\",\"@id\":\"https:\\\/\\\/www.senaatti.fi\\\/asema-alueet\\\/ajankohtaista\\\/uutiset\\\/senaatin-asema-alueet-oy-kaupunkien-kumppaniksi-junaliikenteen-asema-alueiden-kehittamiseen\\\/#primaryimage\",\"url\":\"https:\\\/\\\/www.senaatti.fi\\\/app\\\/uploads\\\/sites\\\/6\\\/2019\\\/01\\\/TU-131001-vr-seinajoki-012.jpg\",\"contentUrl\":\"https:\\\/\\\/www.senaatti.fi\\\/app\\\/uploads\\\/sites\\\/6\\\/2019\\\/01\\\/TU-131001-vr-seinajoki-012.jpg\",\"width\":4800,\"height\":3200,\"caption\":\"Sein\u00e4joen rautatieaseman p\u00e4\u00e4rakennus\"},{\"@type\":\"BreadcrumbList\",\"@id\":\"https:\\\/\\\/www.senaatti.fi\\\/asema-alueet\\\/ajankohtaista\\\/uutiset\\\/senaatin-asema-alueet-oy-kaupunkien-kumppaniksi-junaliikenteen-asema-alueiden-kehittamiseen\\\/#breadcrumb\",\"itemListElement\":[{\"@type\":\"ListItem\",\"position\":1,\"name\":\"Etusivu\",\"item\":\"https:\\\/\\\/www.senaatti.fi\\\/asema-alueet\\\/\"},{\"@type\":\"ListItem\",\"position\":2,\"name\":\"Senaatin Asema-alueet Oy kaupunkien kumppaniksi junaliikenteen asema-alueiden kehitt\u00e4miseen\"}]},{\"@type\":\"WebSite\",\"@id\":\"https:\\\/\\\/www.senaatti.fi\\\/asema-alueet\\\/#website\",\"url\":\"https:\\\/\\\/www.senaatti.fi\\\/asema-alueet\\\/\",\"name\":\"Asema-alueet\",\"description\":\"Senaatin Asema-alueet\",\"potentialAction\":[{\"@type\":\"SearchAction\",\"target\":{\"@type\":\"EntryPoint\",\"urlTemplate\":\"https:\\\/\\\/www.senaatti.fi\\\/asema-alueet\\\/?s={search_term_string}\"},\"query-input\":{\"@type\":\"PropertyValueSpecification\",\"valueRequired\":true,\"valueName\":\"search_term_string\"}}],\"inLanguage\":\"fi\"},{\"@type\":\"Person\",\"@id\":\"https:\\\/\\\/www.senaatti.fi\\\/asema-alueet\\\/#\\\/schema\\\/person\\\/19ebcd857f41fa4cf02102cd128abc46\",\"name\":\"Andreas Ylijarvi\",\"image\":{\"@type\":\"ImageObject\",\"inLanguage\":\"fi\",\"@id\":\"https:\\\/\\\/secure.gravatar.com\\\/avatar\\\/da48797f91660605745175abd9fe82263292008bf52cf452340b960fcdab186f?s=96&d=mm&r=g\",\"url\":\"https:\\\/\\\/secure.gravatar.com\\\/avatar\\\/da48797f91660605745175abd9fe82263292008bf52cf452340b960fcdab186f?s=96&d=mm&r=g\",\"contentUrl\":\"https:\\\/\\\/secure.gravatar.com\\\/avatar\\\/da48797f91660605745175abd9fe82263292008bf52cf452340b960fcdab186f?s=96&d=mm&r=g\",\"caption\":\"Andreas Ylijarvi\"}}]}<\/script>\n<!-- \/ Yoast SEO plugin. -->","yoast_head_json":{"title":"Senaatin Asema-alueet Oy kaupunkien kumppaniksi junaliikenteen asema-alueiden kehitt\u00e4miseen - Senaatti","description":"Uusi kiinteist\u00f6kehitysyhti\u00f6 Senaatin Asema-alueet Oy huolehtii jatkossa eri puolilla Suomea sijaitsevien 22 junaliikenteen asema-alueen kehitt\u00e4misest\u00e4","robots":{"index":"index","follow":"follow","max-snippet":"max-snippet:-1","max-image-preview":"max-image-preview:large","max-video-preview":"max-video-preview:-1"},"canonical":"https:\/\/www.senaatti.fi\/asema-alueet\/ajankohtaista\/uutiset\/senaatin-asema-alueet-oy-kaupunkien-kumppaniksi-junaliikenteen-asema-alueiden-kehittamiseen\/","og_locale":"fi_FI","og_type":"article","og_title":"Senaatin Asema-alueet Oy kaupunkien kumppaniksi junaliikenteen asema-alueiden kehitt\u00e4miseen - Senaatti","og_description":"Uusi kiinteist\u00f6kehitysyhti\u00f6 Senaatin Asema-alueet Oy huolehtii jatkossa eri puolilla Suomea sijaitsevien 22 junaliikenteen asema-alueen kehitt\u00e4misest\u00e4","og_url":"https:\/\/www.senaatti.fi\/asema-alueet\/ajankohtaista\/uutiset\/senaatin-asema-alueet-oy-kaupunkien-kumppaniksi-junaliikenteen-asema-alueiden-kehittamiseen\/","og_site_name":"Senaatti","article_published_time":"2019-02-08T07:03:08+00:00","og_image":[{"width":1024,"height":683,"url":"https:\/\/www.senaatti.fi\/app\/uploads\/sites\/6\/2019\/01\/TU-131001-vr-seinajoki-012-1024x683.jpg","type":"image\/jpeg"}],"author":"Andreas Ylijarvi","twitter_card":"summary_large_image","twitter_misc":{"Kirjoittanut":"Andreas Ylijarvi","Arvioitu lukuaika":"3 minuuttia"},"schema":{"@context":"https:\/\/schema.org","@graph":[{"@type":"Article","@id":"https:\/\/www.senaatti.fi\/asema-alueet\/ajankohtaista\/uutiset\/senaatin-asema-alueet-oy-kaupunkien-kumppaniksi-junaliikenteen-asema-alueiden-kehittamiseen\/#article","isPartOf":{"@id":"https:\/\/www.senaatti.fi\/asema-alueet\/ajankohtaista\/uutiset\/senaatin-asema-alueet-oy-kaupunkien-kumppaniksi-junaliikenteen-asema-alueiden-kehittamiseen\/"},"author":{"name":"Andreas Ylijarvi","@id":"https:\/\/www.senaatti.fi\/asema-alueet\/#\/schema\/person\/19ebcd857f41fa4cf02102cd128abc46"},"headline":"Senaatin Asema-alueet Oy kaupunkien kumppaniksi junaliikenteen asema-alueiden kehitt\u00e4miseen","datePublished":"2019-02-08T07:03:08+00:00","mainEntityOfPage":{"@id":"https:\/\/www.senaatti.fi\/asema-alueet\/ajankohtaista\/uutiset\/senaatin-asema-alueet-oy-kaupunkien-kumppaniksi-junaliikenteen-asema-alueiden-kehittamiseen\/"},"wordCount":580,"commentCount":0,"image":{"@id":"https:\/\/www.senaatti.fi\/asema-alueet\/ajankohtaista\/uutiset\/senaatin-asema-alueet-oy-kaupunkien-kumppaniksi-junaliikenteen-asema-alueiden-kehittamiseen\/#primaryimage"},"thumbnailUrl":"https:\/\/www.senaatti.fi\/app\/uploads\/sites\/6\/2019\/01\/TU-131001-vr-seinajoki-012.jpg","articleSection":["Senaatin Asema-alueet Oy"],"inLanguage":"fi"},{"@type":"WebPage","@id":"https:\/\/www.senaatti.fi\/asema-alueet\/ajankohtaista\/uutiset\/senaatin-asema-alueet-oy-kaupunkien-kumppaniksi-junaliikenteen-asema-alueiden-kehittamiseen\/","url":"https:\/\/www.senaatti.fi\/asema-alueet\/ajankohtaista\/uutiset\/senaatin-asema-alueet-oy-kaupunkien-kumppaniksi-junaliikenteen-asema-alueiden-kehittamiseen\/","name":"Senaatin Asema-alueet Oy kaupunkien kumppaniksi junaliikenteen asema-alueiden kehitt\u00e4miseen - Senaatti","isPartOf":{"@id":"https:\/\/www.senaatti.fi\/asema-alueet\/#website"},"primaryImageOfPage":{"@id":"https:\/\/www.senaatti.fi\/asema-alueet\/ajankohtaista\/uutiset\/senaatin-asema-alueet-oy-kaupunkien-kumppaniksi-junaliikenteen-asema-alueiden-kehittamiseen\/#primaryimage"},"image":{"@id":"https:\/\/www.senaatti.fi\/asema-alueet\/ajankohtaista\/uutiset\/senaatin-asema-alueet-oy-kaupunkien-kumppaniksi-junaliikenteen-asema-alueiden-kehittamiseen\/#primaryimage"},"thumbnailUrl":"https:\/\/www.senaatti.fi\/app\/uploads\/sites\/6\/2019\/01\/TU-131001-vr-seinajoki-012.jpg","datePublished":"2019-02-08T07:03:08+00:00","author":{"@id":"https:\/\/www.senaatti.fi\/asema-alueet\/#\/schema\/person\/19ebcd857f41fa4cf02102cd128abc46"},"description":"Uusi kiinteist\u00f6kehitysyhti\u00f6 Senaatin Asema-alueet Oy huolehtii jatkossa eri puolilla Suomea sijaitsevien 22 junaliikenteen asema-alueen kehitt\u00e4misest\u00e4","breadcrumb":{"@id":"https:\/\/www.senaatti.fi\/asema-alueet\/ajankohtaista\/uutiset\/senaatin-asema-alueet-oy-kaupunkien-kumppaniksi-junaliikenteen-asema-alueiden-kehittamiseen\/#breadcrumb"},"inLanguage":"fi","potentialAction":[{"@type":"ReadAction","target":["https:\/\/www.senaatti.fi\/asema-alueet\/ajankohtaista\/uutiset\/senaatin-asema-alueet-oy-kaupunkien-kumppaniksi-junaliikenteen-asema-alueiden-kehittamiseen\/"]}]},{"@type":"ImageObject","inLanguage":"fi","@id":"https:\/\/www.senaatti.fi\/asema-alueet\/ajankohtaista\/uutiset\/senaatin-asema-alueet-oy-kaupunkien-kumppaniksi-junaliikenteen-asema-alueiden-kehittamiseen\/#primaryimage","url":"https:\/\/www.senaatti.fi\/app\/uploads\/sites\/6\/2019\/01\/TU-131001-vr-seinajoki-012.jpg","contentUrl":"https:\/\/www.senaatti.fi\/app\/uploads\/sites\/6\/2019\/01\/TU-131001-vr-seinajoki-012.jpg","width":4800,"height":3200,"caption":"Sein\u00e4joen rautatieaseman p\u00e4\u00e4rakennus"},{"@type":"BreadcrumbList","@id":"https:\/\/www.senaatti.fi\/asema-alueet\/ajankohtaista\/uutiset\/senaatin-asema-alueet-oy-kaupunkien-kumppaniksi-junaliikenteen-asema-alueiden-kehittamiseen\/#breadcrumb","itemListElement":[{"@type":"ListItem","position":1,"name":"Etusivu","item":"https:\/\/www.senaatti.fi\/asema-alueet\/"},{"@type":"ListItem","position":2,"name":"Senaatin Asema-alueet Oy kaupunkien kumppaniksi junaliikenteen asema-alueiden kehitt\u00e4miseen"}]},{"@type":"WebSite","@id":"https:\/\/www.senaatti.fi\/asema-alueet\/#website","url":"https:\/\/www.senaatti.fi\/asema-alueet\/","name":"Asema-alueet","description":"Senaatin Asema-alueet","potentialAction":[{"@type":"SearchAction","target":{"@type":"EntryPoint","urlTemplate":"https:\/\/www.senaatti.fi\/asema-alueet\/?s={search_term_string}"},"query-input":{"@type":"PropertyValueSpecification","valueRequired":true,"valueName":"search_term_string"}}],"inLanguage":"fi"},{"@type":"Person","@id":"https:\/\/www.senaatti.fi\/asema-alueet\/#\/schema\/person\/19ebcd857f41fa4cf02102cd128abc46","name":"Andreas Ylijarvi","image":{"@type":"ImageObject","inLanguage":"fi","@id":"https:\/\/secure.gravatar.com\/avatar\/da48797f91660605745175abd9fe82263292008bf52cf452340b960fcdab186f?s=96&d=mm&r=g","url":"https:\/\/secure.gravatar.com\/avatar\/da48797f91660605745175abd9fe82263292008bf52cf452340b960fcdab186f?s=96&d=mm&r=g","contentUrl":"https:\/\/secure.gravatar.com\/avatar\/da48797f91660605745175abd9fe82263292008bf52cf452340b960fcdab186f?s=96&d=mm&r=g","caption":"Andreas Ylijarvi"}}]}},"lang":"fi","translations":{"fi":223},"pll_sync_post":[],"_links":{"self":[{"href":"https:\/\/www.senaatti.fi\/asema-alueet\/wp-json\/wp\/v2\/posts\/223","targetHints":{"allow":["GET"]}}],"collection":[{"href":"https:\/\/www.senaatti.fi\/asema-alueet\/wp-json\/wp\/v2\/posts"}],"about":[{"href":"https:\/\/www.senaatti.fi\/asema-alueet\/wp-json\/wp\/v2\/types\/post"}],"author":[{"embeddable":true,"href":"https:\/\/www.senaatti.fi\/asema-alueet\/wp-json\/wp\/v2\/users\/16"}],"replies":[{"embeddable":true,"href":"https:\/\/www.senaatti.fi\/asema-alueet\/wp-json\/wp\/v2\/comments?post=223"}],"version-history":[{"count":2,"href":"https:\/\/www.senaatti.fi\/asema-alueet\/wp-json\/wp\/v2\/posts\/223\/revisions"}],"predecessor-version":[{"id":225,"href":"https:\/\/www.senaatti.fi\/asema-alueet\/wp-json\/wp\/v2\/posts\/223\/revisions\/225"}],"wp:featuredmedia":[{"embeddable":true,"href":"https:\/\/www.senaatti.fi\/asema-alueet\/wp-json\/wp\/v2\/media\/150"}],"wp:attachment":[{"href":"https:\/\/www.senaatti.fi\/asema-alueet\/wp-json\/wp\/v2\/media?parent=223"}],"wp:term":[{"taxonomy":"senaatti_type","embeddable":true,"href":"https:\/\/www.senaatti.fi\/asema-alueet\/wp-json\/wp\/v2\/senaatti_type?post=223"}],"curies":[{"name":"wp","href":"https:\/\/api.w.org\/{rel}","templated":true}]}}