{"id":2044,"date":"2025-11-14T10:55:37","date_gmt":"2025-11-14T10:55:37","guid":{"rendered":"https:\/\/www.senaatti.fi\/asema-alueet\/?p=2044"},"modified":"2025-11-14T10:56:13","modified_gmt":"2025-11-14T10:56:13","slug":"seinajoen-pajuluoman-kunnostustyot-alkavat-pultrantien-jalankulun-ja-pyorailyn-silta-suljetaan","status":"publish","type":"post","link":"https:\/\/www.senaatti.fi\/asema-alueet\/ajankohtaista\/uutiset\/seinajoen-pajuluoman-kunnostustyot-alkavat-pultrantien-jalankulun-ja-pyorailyn-silta-suljetaan\/","title":{"rendered":"Sein\u00e4joen Pajuluoman kunnostusty\u00f6t alkavat \u2013 Pultrantien jalankulun ja py\u00f6r\u00e4ilyn silta suljetaan"},"content":{"rendered":"<p>Uuden sillan rakentaminen alkaa talvella ja sen on m\u00e4\u00e4r\u00e4 valmistua syyskuuhun menness\u00e4. My\u00f6s Ainonsola-Sampsansolan silta rakennetaan uusiksi, aiemmin puretun tilalle. Koko kunnostushanke on valmis elokuussa 2027.<\/p>\n<p>Alkuvuodesta aloitetaan pilaantuneen sedimentin kaivu- ja kuljetusty\u00f6t sek\u00e4 uuden uoman kaivu- ja t\u00e4ytt\u00f6ty\u00f6t. Ty\u00f6maa aiheuttaa ajoittain melua, hajuhaittoja ja lis\u00e4\u00e4ntynytt\u00e4 ty\u00f6maaliikennett\u00e4.<\/p>\n<p>\u201cH\u00e4iri\u00f6t pyrit\u00e4\u00e4n minimoimaan ja alueen turvallisuudesta huolehditaan koko urakan ajan\u201d, painottaa hankkeesta vastaavan V\u00e4yl\u00e4viraston projektip\u00e4\u00e4llikk\u00f6 <strong>Mikko Heiskanen<\/strong>.<\/p>\n<p>Pajuluoman ty\u00f6maalle on alkuvuodesta tulossa kaksi opastettua infopistett\u00e4, joista ohikulkijoilla tulee olemaan hyv\u00e4 mahdollisuus seurata t\u00f6iden etenemist\u00e4.<\/p>\n<h2>Puroa kunnostetaan kilometrin verran<\/h2>\n<p>Pajuluoma on pieni puro, joka virtaa ratapiha-alueen l\u00e4pi ja laskee Sein\u00e4jokeen. Pajuluoman pohjasedimentteihin on pitk\u00e4n ajan kuluessa kulkeutunut haitta-aineita. Kunnostushankkeen tavoitteena on poistaa pilaantuneesta sedimentist\u00e4 mahdollisesti aiheutuvat ymp\u00e4rist\u00f6- ja terveysriskit.<\/p>\n<p>Kunnostuksen my\u00f6t\u00e4 Pajuluoman kulku maastossa muuttuu hieman, kun purolle kaivetaan paikoin uusi reitti. Puro kunnostetaan noin kilometrin matkalta, ja t\u00e4st\u00e4 kunnostettavasta osuudesta noin kolmannes siirret\u00e4\u00e4n uuteen uomaan. Osa peitett\u00e4v\u00e4st\u00e4 uomasta k\u00e4sitell\u00e4\u00e4n aktiivihiilell\u00e4.<\/p>\n<p>Muutost\u00f6iden yhteydess\u00e4 uusitaan kaksi jalankulun ja py\u00f6r\u00e4ilyn siltaa: Ainonsola-Sampsansolan ja Pultrantien sillat. Hankkeen valmistuttua Sein\u00e4joen kaupunki vastaa alueen viimeistelyst\u00e4 ja maisemoinnista puistoalueeksi.<\/p>\n<p>Hankkeen tilaajina toimivat <strong>V\u00e4yl\u00e4virasto<\/strong>, <strong>Senaatin Asema-alueet Oy<\/strong> ja <strong>Sein\u00e4joen kaupunki<\/strong>, ja urakan toteuttaa <strong>Juhan Paja Oy<\/strong>. Urakka-alue kattaa noin kilometrin mittaisen osuuden Pajuluomaa Sein\u00e4joen ratapihan ja valtatie 19:n v\u00e4lisell\u00e4 alueella. Uoman kunnostaminen valmistuu elokuuhun 2027 menness\u00e4.<\/p>\n<p><strong>Lis\u00e4tietoja hankkeesta:<\/strong><\/p>\n<p>Senaatin Asema-alueet Oy, investointip\u00e4\u00e4llikk\u00f6 Virpi Koikkalainen, p. 040 747 7226, <a href=\"https:\/\/tiedotteet.vayla.fi\/go\/2631944-444955-78559348\">etunimi.sukunimi@senaatti.fi<\/a><\/p>\n<p>V\u00e4yl\u00e4virasto, projektip\u00e4\u00e4llikk\u00f6 Mikko Heiskanen, p. 029 534 3808, <a href=\"https:\/\/tiedotteet.vayla.fi\/go\/2631946-1348511-78559348\">etunimi.sukunimi@vayla.fi<\/a><\/p>\n<p>Sein\u00e4joen kaupunki, kaupunkiymp\u00e4rist\u00f6johtaja Juha Takamaa, p. 040 826 1007, <a href=\"https:\/\/tiedotteet.vayla.fi\/go\/2631942-1719630-78559348\">etunimi.sukunimi@seinajoki.fi<\/a><\/p>\n<p>Liikennej\u00e4rjestelyj\u00e4 ja opasteita koskevat lis\u00e4tiedot:<\/p>\n<p>Ramboll CM Oy, Rakennuttajakonsultin projektip\u00e4\u00e4llikk\u00f6 Janne Luomaoja, p. 040 70 33 47, <a href=\"https:\/\/tiedotteet.vayla.fi\/go\/2631945-427173-78559348\">etunimi.sukunimi@ramboll.fi<\/a><\/p>\n<p>Urakoitsija Juhan Paja Oy, ty\u00f6maap\u00e4\u00e4llikk\u00f6 Sami K\u00e4pyaho, p. 044 777 0042, <a href=\"https:\/\/tiedotteet.vayla.fi\/go\/2631943-1352543-78559348\">etunimi.sukunimi@juhanpaja.fi<\/a><\/p>\n<p>Seuraa hanketta:<\/p>\n<p><a href=\"https:\/\/tiedotteet.vayla.fi\/go\/2631941-939017-78559348\">https:\/\/vayla.fi\/pajuluoma<\/a><\/p>\n","protected":false},"excerpt":{"rendered":"<p>Uuden sillan rakentaminen alkaa talvella ja sen on m\u00e4\u00e4r\u00e4 valmistua syyskuuhun menness\u00e4. My\u00f6s Ainonsola-Sampsansolan silta rakennetaan uusiksi, aiemmin puretun tilalle. Koko kunnostushanke on valmis elokuussa 2027. Alkuvuodesta aloitetaan pilaantuneen sedimentin kaivu- ja kuljetusty\u00f6t sek\u00e4 uuden uoman kaivu- ja t\u00e4ytt\u00f6ty\u00f6t. Ty\u00f6maa aiheuttaa ajoittain melua, hajuhaittoja ja lis\u00e4\u00e4ntynytt\u00e4 ty\u00f6maaliikennett\u00e4. \u201cH\u00e4iri\u00f6t pyrit\u00e4\u00e4n minimoimaan ja alueen turvallisuudesta huolehditaan koko [&hellip;]<\/p>\n","protected":false},"author":16,"featured_media":2029,"comment_status":"closed","ping_status":"closed","sticky":false,"template":"","format":"standard","meta":{"_acf_changed":false,"footnotes":""},"senaatti_type":[],"class_list":["post-2044","post","type-post","status-publish","format-standard","has-post-thumbnail","hentry"],"acf":[],"yoast_head":"<!-- This site is optimized with the Yoast SEO plugin v27.3 - https:\/\/yoast.com\/product\/yoast-seo-wordpress\/ -->\n<title>Sein\u00e4joen Pajuluoman kunnostusty\u00f6t alkavat \u2013 Pultrantien jalankulun ja py\u00f6r\u00e4ilyn silta suljetaan - Senaatti<\/title>\n<meta name=\"description\" content=\"Uuden sillan rakentaminen alkaa talvella ja sen on m\u00e4\u00e4r\u00e4 valmistua syyskuuhun menness\u00e4. My\u00f6s Ainonsola-Sampsansolan silta rakennetaan uusiksi, aiemmin\" \/>\n<meta name=\"robots\" content=\"index, follow, max-snippet:-1, max-image-preview:large, max-video-preview:-1\" \/>\n<link rel=\"canonical\" href=\"https:\/\/www.senaatti.fi\/asema-alueet\/ajankohtaista\/uutiset\/seinajoen-pajuluoman-kunnostustyot-alkavat-pultrantien-jalankulun-ja-pyorailyn-silta-suljetaan\/\" \/>\n<meta property=\"og:locale\" content=\"fi_FI\" \/>\n<meta property=\"og:type\" content=\"article\" \/>\n<meta property=\"og:title\" content=\"Sein\u00e4joen Pajuluoman kunnostusty\u00f6t alkavat \u2013 Pultrantien jalankulun ja py\u00f6r\u00e4ilyn silta suljetaan - Senaatti\" \/>\n<meta property=\"og:description\" content=\"Uuden sillan rakentaminen alkaa talvella ja sen on m\u00e4\u00e4r\u00e4 valmistua syyskuuhun menness\u00e4. My\u00f6s Ainonsola-Sampsansolan silta rakennetaan uusiksi, aiemmin\" \/>\n<meta property=\"og:url\" content=\"https:\/\/www.senaatti.fi\/asema-alueet\/ajankohtaista\/uutiset\/seinajoen-pajuluoman-kunnostustyot-alkavat-pultrantien-jalankulun-ja-pyorailyn-silta-suljetaan\/\" \/>\n<meta property=\"og:site_name\" content=\"Senaatti\" \/>\n<meta property=\"article:published_time\" content=\"2025-11-14T10:55:37+00:00\" \/>\n<meta property=\"article:modified_time\" content=\"2025-11-14T10:56:13+00:00\" \/>\n<meta property=\"og:image\" content=\"https:\/\/www.senaatti.fi\/app\/uploads\/sites\/6\/2025\/10\/Seinajoen-Pajuluoma-kesalla-2025-taustalla-Pohjan-nuorisotila-scaled-e1759320094331-1024x632.jpeg\" \/>\n\t<meta property=\"og:image:width\" content=\"1024\" \/>\n\t<meta property=\"og:image:height\" content=\"632\" \/>\n\t<meta property=\"og:image:type\" content=\"image\/jpeg\" \/>\n<meta name=\"author\" content=\"Andreas Ylijarvi\" \/>\n<meta name=\"twitter:card\" content=\"summary_large_image\" \/>\n<meta name=\"twitter:label1\" content=\"Written by\" \/>\n\t<meta name=\"twitter:data1\" content=\"Andreas Ylijarvi\" \/>\n\t<meta name=\"twitter:label2\" content=\"Est. reading time\" \/>\n\t<meta name=\"twitter:data2\" content=\"2 minuuttia\" \/>\n<script type=\"application\/ld+json\" class=\"yoast-schema-graph\">{\"@context\":\"https:\\\/\\\/schema.org\",\"@graph\":[{\"@type\":\"Article\",\"@id\":\"https:\\\/\\\/www.senaatti.fi\\\/asema-alueet\\\/ajankohtaista\\\/uutiset\\\/seinajoen-pajuluoman-kunnostustyot-alkavat-pultrantien-jalankulun-ja-pyorailyn-silta-suljetaan\\\/#article\",\"isPartOf\":{\"@id\":\"https:\\\/\\\/www.senaatti.fi\\\/asema-alueet\\\/ajankohtaista\\\/uutiset\\\/seinajoen-pajuluoman-kunnostustyot-alkavat-pultrantien-jalankulun-ja-pyorailyn-silta-suljetaan\\\/\"},\"author\":{\"name\":\"Andreas Ylijarvi\",\"@id\":\"https:\\\/\\\/www.senaatti.fi\\\/asema-alueet\\\/#\\\/schema\\\/person\\\/19ebcd857f41fa4cf02102cd128abc46\"},\"headline\":\"Sein\u00e4joen Pajuluoman kunnostusty\u00f6t alkavat \u2013 Pultrantien jalankulun ja py\u00f6r\u00e4ilyn silta suljetaan\",\"datePublished\":\"2025-11-14T10:55:37+00:00\",\"dateModified\":\"2025-11-14T10:56:13+00:00\",\"mainEntityOfPage\":{\"@id\":\"https:\\\/\\\/www.senaatti.fi\\\/asema-alueet\\\/ajankohtaista\\\/uutiset\\\/seinajoen-pajuluoman-kunnostustyot-alkavat-pultrantien-jalankulun-ja-pyorailyn-silta-suljetaan\\\/\"},\"wordCount\":336,\"image\":{\"@id\":\"https:\\\/\\\/www.senaatti.fi\\\/asema-alueet\\\/ajankohtaista\\\/uutiset\\\/seinajoen-pajuluoman-kunnostustyot-alkavat-pultrantien-jalankulun-ja-pyorailyn-silta-suljetaan\\\/#primaryimage\"},\"thumbnailUrl\":\"https:\\\/\\\/www.senaatti.fi\\\/app\\\/uploads\\\/sites\\\/6\\\/2025\\\/10\\\/Seinajoen-Pajuluoma-kesalla-2025-taustalla-Pohjan-nuorisotila-scaled-e1759320094331.jpeg\",\"inLanguage\":\"fi\"},{\"@type\":\"WebPage\",\"@id\":\"https:\\\/\\\/www.senaatti.fi\\\/asema-alueet\\\/ajankohtaista\\\/uutiset\\\/seinajoen-pajuluoman-kunnostustyot-alkavat-pultrantien-jalankulun-ja-pyorailyn-silta-suljetaan\\\/\",\"url\":\"https:\\\/\\\/www.senaatti.fi\\\/asema-alueet\\\/ajankohtaista\\\/uutiset\\\/seinajoen-pajuluoman-kunnostustyot-alkavat-pultrantien-jalankulun-ja-pyorailyn-silta-suljetaan\\\/\",\"name\":\"Sein\u00e4joen Pajuluoman kunnostusty\u00f6t alkavat \u2013 Pultrantien jalankulun ja py\u00f6r\u00e4ilyn silta suljetaan - Senaatti\",\"isPartOf\":{\"@id\":\"https:\\\/\\\/www.senaatti.fi\\\/asema-alueet\\\/#website\"},\"primaryImageOfPage\":{\"@id\":\"https:\\\/\\\/www.senaatti.fi\\\/asema-alueet\\\/ajankohtaista\\\/uutiset\\\/seinajoen-pajuluoman-kunnostustyot-alkavat-pultrantien-jalankulun-ja-pyorailyn-silta-suljetaan\\\/#primaryimage\"},\"image\":{\"@id\":\"https:\\\/\\\/www.senaatti.fi\\\/asema-alueet\\\/ajankohtaista\\\/uutiset\\\/seinajoen-pajuluoman-kunnostustyot-alkavat-pultrantien-jalankulun-ja-pyorailyn-silta-suljetaan\\\/#primaryimage\"},\"thumbnailUrl\":\"https:\\\/\\\/www.senaatti.fi\\\/app\\\/uploads\\\/sites\\\/6\\\/2025\\\/10\\\/Seinajoen-Pajuluoma-kesalla-2025-taustalla-Pohjan-nuorisotila-scaled-e1759320094331.jpeg\",\"datePublished\":\"2025-11-14T10:55:37+00:00\",\"dateModified\":\"2025-11-14T10:56:13+00:00\",\"author\":{\"@id\":\"https:\\\/\\\/www.senaatti.fi\\\/asema-alueet\\\/#\\\/schema\\\/person\\\/19ebcd857f41fa4cf02102cd128abc46\"},\"description\":\"Uuden sillan rakentaminen alkaa talvella ja sen on m\u00e4\u00e4r\u00e4 valmistua syyskuuhun menness\u00e4. My\u00f6s Ainonsola-Sampsansolan silta rakennetaan uusiksi, aiemmin\",\"breadcrumb\":{\"@id\":\"https:\\\/\\\/www.senaatti.fi\\\/asema-alueet\\\/ajankohtaista\\\/uutiset\\\/seinajoen-pajuluoman-kunnostustyot-alkavat-pultrantien-jalankulun-ja-pyorailyn-silta-suljetaan\\\/#breadcrumb\"},\"inLanguage\":\"fi\",\"potentialAction\":[{\"@type\":\"ReadAction\",\"target\":[\"https:\\\/\\\/www.senaatti.fi\\\/asema-alueet\\\/ajankohtaista\\\/uutiset\\\/seinajoen-pajuluoman-kunnostustyot-alkavat-pultrantien-jalankulun-ja-pyorailyn-silta-suljetaan\\\/\"]}]},{\"@type\":\"ImageObject\",\"inLanguage\":\"fi\",\"@id\":\"https:\\\/\\\/www.senaatti.fi\\\/asema-alueet\\\/ajankohtaista\\\/uutiset\\\/seinajoen-pajuluoman-kunnostustyot-alkavat-pultrantien-jalankulun-ja-pyorailyn-silta-suljetaan\\\/#primaryimage\",\"url\":\"https:\\\/\\\/www.senaatti.fi\\\/app\\\/uploads\\\/sites\\\/6\\\/2025\\\/10\\\/Seinajoen-Pajuluoma-kesalla-2025-taustalla-Pohjan-nuorisotila-scaled-e1759320094331.jpeg\",\"contentUrl\":\"https:\\\/\\\/www.senaatti.fi\\\/app\\\/uploads\\\/sites\\\/6\\\/2025\\\/10\\\/Seinajoen-Pajuluoma-kesalla-2025-taustalla-Pohjan-nuorisotila-scaled-e1759320094331.jpeg\",\"width\":2560,\"height\":1580},{\"@type\":\"BreadcrumbList\",\"@id\":\"https:\\\/\\\/www.senaatti.fi\\\/asema-alueet\\\/ajankohtaista\\\/uutiset\\\/seinajoen-pajuluoman-kunnostustyot-alkavat-pultrantien-jalankulun-ja-pyorailyn-silta-suljetaan\\\/#breadcrumb\",\"itemListElement\":[{\"@type\":\"ListItem\",\"position\":1,\"name\":\"Etusivu\",\"item\":\"https:\\\/\\\/www.senaatti.fi\\\/asema-alueet\\\/\"},{\"@type\":\"ListItem\",\"position\":2,\"name\":\"Sein\u00e4joen Pajuluoman kunnostusty\u00f6t alkavat \u2013 Pultrantien jalankulun ja py\u00f6r\u00e4ilyn silta suljetaan\"}]},{\"@type\":\"WebSite\",\"@id\":\"https:\\\/\\\/www.senaatti.fi\\\/asema-alueet\\\/#website\",\"url\":\"https:\\\/\\\/www.senaatti.fi\\\/asema-alueet\\\/\",\"name\":\"Asema-alueet\",\"description\":\"Senaatin Asema-alueet\",\"potentialAction\":[{\"@type\":\"SearchAction\",\"target\":{\"@type\":\"EntryPoint\",\"urlTemplate\":\"https:\\\/\\\/www.senaatti.fi\\\/asema-alueet\\\/?s={search_term_string}\"},\"query-input\":{\"@type\":\"PropertyValueSpecification\",\"valueRequired\":true,\"valueName\":\"search_term_string\"}}],\"inLanguage\":\"fi\"},{\"@type\":\"Person\",\"@id\":\"https:\\\/\\\/www.senaatti.fi\\\/asema-alueet\\\/#\\\/schema\\\/person\\\/19ebcd857f41fa4cf02102cd128abc46\",\"name\":\"Andreas Ylijarvi\",\"image\":{\"@type\":\"ImageObject\",\"inLanguage\":\"fi\",\"@id\":\"https:\\\/\\\/secure.gravatar.com\\\/avatar\\\/da48797f91660605745175abd9fe82263292008bf52cf452340b960fcdab186f?s=96&d=mm&r=g\",\"url\":\"https:\\\/\\\/secure.gravatar.com\\\/avatar\\\/da48797f91660605745175abd9fe82263292008bf52cf452340b960fcdab186f?s=96&d=mm&r=g\",\"contentUrl\":\"https:\\\/\\\/secure.gravatar.com\\\/avatar\\\/da48797f91660605745175abd9fe82263292008bf52cf452340b960fcdab186f?s=96&d=mm&r=g\",\"caption\":\"Andreas Ylijarvi\"}}]}<\/script>\n<!-- \/ Yoast SEO plugin. -->","yoast_head_json":{"title":"Sein\u00e4joen Pajuluoman kunnostusty\u00f6t alkavat \u2013 Pultrantien jalankulun ja py\u00f6r\u00e4ilyn silta suljetaan - Senaatti","description":"Uuden sillan rakentaminen alkaa talvella ja sen on m\u00e4\u00e4r\u00e4 valmistua syyskuuhun menness\u00e4. My\u00f6s Ainonsola-Sampsansolan silta rakennetaan uusiksi, aiemmin","robots":{"index":"index","follow":"follow","max-snippet":"max-snippet:-1","max-image-preview":"max-image-preview:large","max-video-preview":"max-video-preview:-1"},"canonical":"https:\/\/www.senaatti.fi\/asema-alueet\/ajankohtaista\/uutiset\/seinajoen-pajuluoman-kunnostustyot-alkavat-pultrantien-jalankulun-ja-pyorailyn-silta-suljetaan\/","og_locale":"fi_FI","og_type":"article","og_title":"Sein\u00e4joen Pajuluoman kunnostusty\u00f6t alkavat \u2013 Pultrantien jalankulun ja py\u00f6r\u00e4ilyn silta suljetaan - Senaatti","og_description":"Uuden sillan rakentaminen alkaa talvella ja sen on m\u00e4\u00e4r\u00e4 valmistua syyskuuhun menness\u00e4. My\u00f6s Ainonsola-Sampsansolan silta rakennetaan uusiksi, aiemmin","og_url":"https:\/\/www.senaatti.fi\/asema-alueet\/ajankohtaista\/uutiset\/seinajoen-pajuluoman-kunnostustyot-alkavat-pultrantien-jalankulun-ja-pyorailyn-silta-suljetaan\/","og_site_name":"Senaatti","article_published_time":"2025-11-14T10:55:37+00:00","article_modified_time":"2025-11-14T10:56:13+00:00","og_image":[{"width":1024,"height":632,"url":"https:\/\/www.senaatti.fi\/app\/uploads\/sites\/6\/2025\/10\/Seinajoen-Pajuluoma-kesalla-2025-taustalla-Pohjan-nuorisotila-scaled-e1759320094331-1024x632.jpeg","type":"image\/jpeg"}],"author":"Andreas Ylijarvi","twitter_card":"summary_large_image","twitter_misc":{"Written by":"Andreas Ylijarvi","Est. reading time":"2 minuuttia"},"schema":{"@context":"https:\/\/schema.org","@graph":[{"@type":"Article","@id":"https:\/\/www.senaatti.fi\/asema-alueet\/ajankohtaista\/uutiset\/seinajoen-pajuluoman-kunnostustyot-alkavat-pultrantien-jalankulun-ja-pyorailyn-silta-suljetaan\/#article","isPartOf":{"@id":"https:\/\/www.senaatti.fi\/asema-alueet\/ajankohtaista\/uutiset\/seinajoen-pajuluoman-kunnostustyot-alkavat-pultrantien-jalankulun-ja-pyorailyn-silta-suljetaan\/"},"author":{"name":"Andreas Ylijarvi","@id":"https:\/\/www.senaatti.fi\/asema-alueet\/#\/schema\/person\/19ebcd857f41fa4cf02102cd128abc46"},"headline":"Sein\u00e4joen Pajuluoman kunnostusty\u00f6t alkavat \u2013 Pultrantien jalankulun ja py\u00f6r\u00e4ilyn silta suljetaan","datePublished":"2025-11-14T10:55:37+00:00","dateModified":"2025-11-14T10:56:13+00:00","mainEntityOfPage":{"@id":"https:\/\/www.senaatti.fi\/asema-alueet\/ajankohtaista\/uutiset\/seinajoen-pajuluoman-kunnostustyot-alkavat-pultrantien-jalankulun-ja-pyorailyn-silta-suljetaan\/"},"wordCount":336,"image":{"@id":"https:\/\/www.senaatti.fi\/asema-alueet\/ajankohtaista\/uutiset\/seinajoen-pajuluoman-kunnostustyot-alkavat-pultrantien-jalankulun-ja-pyorailyn-silta-suljetaan\/#primaryimage"},"thumbnailUrl":"https:\/\/www.senaatti.fi\/app\/uploads\/sites\/6\/2025\/10\/Seinajoen-Pajuluoma-kesalla-2025-taustalla-Pohjan-nuorisotila-scaled-e1759320094331.jpeg","inLanguage":"fi"},{"@type":"WebPage","@id":"https:\/\/www.senaatti.fi\/asema-alueet\/ajankohtaista\/uutiset\/seinajoen-pajuluoman-kunnostustyot-alkavat-pultrantien-jalankulun-ja-pyorailyn-silta-suljetaan\/","url":"https:\/\/www.senaatti.fi\/asema-alueet\/ajankohtaista\/uutiset\/seinajoen-pajuluoman-kunnostustyot-alkavat-pultrantien-jalankulun-ja-pyorailyn-silta-suljetaan\/","name":"Sein\u00e4joen Pajuluoman kunnostusty\u00f6t alkavat \u2013 Pultrantien jalankulun ja py\u00f6r\u00e4ilyn silta suljetaan - Senaatti","isPartOf":{"@id":"https:\/\/www.senaatti.fi\/asema-alueet\/#website"},"primaryImageOfPage":{"@id":"https:\/\/www.senaatti.fi\/asema-alueet\/ajankohtaista\/uutiset\/seinajoen-pajuluoman-kunnostustyot-alkavat-pultrantien-jalankulun-ja-pyorailyn-silta-suljetaan\/#primaryimage"},"image":{"@id":"https:\/\/www.senaatti.fi\/asema-alueet\/ajankohtaista\/uutiset\/seinajoen-pajuluoman-kunnostustyot-alkavat-pultrantien-jalankulun-ja-pyorailyn-silta-suljetaan\/#primaryimage"},"thumbnailUrl":"https:\/\/www.senaatti.fi\/app\/uploads\/sites\/6\/2025\/10\/Seinajoen-Pajuluoma-kesalla-2025-taustalla-Pohjan-nuorisotila-scaled-e1759320094331.jpeg","datePublished":"2025-11-14T10:55:37+00:00","dateModified":"2025-11-14T10:56:13+00:00","author":{"@id":"https:\/\/www.senaatti.fi\/asema-alueet\/#\/schema\/person\/19ebcd857f41fa4cf02102cd128abc46"},"description":"Uuden sillan rakentaminen alkaa talvella ja sen on m\u00e4\u00e4r\u00e4 valmistua syyskuuhun menness\u00e4. My\u00f6s Ainonsola-Sampsansolan silta rakennetaan uusiksi, aiemmin","breadcrumb":{"@id":"https:\/\/www.senaatti.fi\/asema-alueet\/ajankohtaista\/uutiset\/seinajoen-pajuluoman-kunnostustyot-alkavat-pultrantien-jalankulun-ja-pyorailyn-silta-suljetaan\/#breadcrumb"},"inLanguage":"fi","potentialAction":[{"@type":"ReadAction","target":["https:\/\/www.senaatti.fi\/asema-alueet\/ajankohtaista\/uutiset\/seinajoen-pajuluoman-kunnostustyot-alkavat-pultrantien-jalankulun-ja-pyorailyn-silta-suljetaan\/"]}]},{"@type":"ImageObject","inLanguage":"fi","@id":"https:\/\/www.senaatti.fi\/asema-alueet\/ajankohtaista\/uutiset\/seinajoen-pajuluoman-kunnostustyot-alkavat-pultrantien-jalankulun-ja-pyorailyn-silta-suljetaan\/#primaryimage","url":"https:\/\/www.senaatti.fi\/app\/uploads\/sites\/6\/2025\/10\/Seinajoen-Pajuluoma-kesalla-2025-taustalla-Pohjan-nuorisotila-scaled-e1759320094331.jpeg","contentUrl":"https:\/\/www.senaatti.fi\/app\/uploads\/sites\/6\/2025\/10\/Seinajoen-Pajuluoma-kesalla-2025-taustalla-Pohjan-nuorisotila-scaled-e1759320094331.jpeg","width":2560,"height":1580},{"@type":"BreadcrumbList","@id":"https:\/\/www.senaatti.fi\/asema-alueet\/ajankohtaista\/uutiset\/seinajoen-pajuluoman-kunnostustyot-alkavat-pultrantien-jalankulun-ja-pyorailyn-silta-suljetaan\/#breadcrumb","itemListElement":[{"@type":"ListItem","position":1,"name":"Etusivu","item":"https:\/\/www.senaatti.fi\/asema-alueet\/"},{"@type":"ListItem","position":2,"name":"Sein\u00e4joen Pajuluoman kunnostusty\u00f6t alkavat \u2013 Pultrantien jalankulun ja py\u00f6r\u00e4ilyn silta suljetaan"}]},{"@type":"WebSite","@id":"https:\/\/www.senaatti.fi\/asema-alueet\/#website","url":"https:\/\/www.senaatti.fi\/asema-alueet\/","name":"Asema-alueet","description":"Senaatin Asema-alueet","potentialAction":[{"@type":"SearchAction","target":{"@type":"EntryPoint","urlTemplate":"https:\/\/www.senaatti.fi\/asema-alueet\/?s={search_term_string}"},"query-input":{"@type":"PropertyValueSpecification","valueRequired":true,"valueName":"search_term_string"}}],"inLanguage":"fi"},{"@type":"Person","@id":"https:\/\/www.senaatti.fi\/asema-alueet\/#\/schema\/person\/19ebcd857f41fa4cf02102cd128abc46","name":"Andreas Ylijarvi","image":{"@type":"ImageObject","inLanguage":"fi","@id":"https:\/\/secure.gravatar.com\/avatar\/da48797f91660605745175abd9fe82263292008bf52cf452340b960fcdab186f?s=96&d=mm&r=g","url":"https:\/\/secure.gravatar.com\/avatar\/da48797f91660605745175abd9fe82263292008bf52cf452340b960fcdab186f?s=96&d=mm&r=g","contentUrl":"https:\/\/secure.gravatar.com\/avatar\/da48797f91660605745175abd9fe82263292008bf52cf452340b960fcdab186f?s=96&d=mm&r=g","caption":"Andreas Ylijarvi"}}]}},"lang":"fi","translations":{"fi":2044},"pll_sync_post":[],"_links":{"self":[{"href":"https:\/\/www.senaatti.fi\/asema-alueet\/wp-json\/wp\/v2\/posts\/2044","targetHints":{"allow":["GET"]}}],"collection":[{"href":"https:\/\/www.senaatti.fi\/asema-alueet\/wp-json\/wp\/v2\/posts"}],"about":[{"href":"https:\/\/www.senaatti.fi\/asema-alueet\/wp-json\/wp\/v2\/types\/post"}],"author":[{"embeddable":true,"href":"https:\/\/www.senaatti.fi\/asema-alueet\/wp-json\/wp\/v2\/users\/16"}],"replies":[{"embeddable":true,"href":"https:\/\/www.senaatti.fi\/asema-alueet\/wp-json\/wp\/v2\/comments?post=2044"}],"version-history":[{"count":2,"href":"https:\/\/www.senaatti.fi\/asema-alueet\/wp-json\/wp\/v2\/posts\/2044\/revisions"}],"predecessor-version":[{"id":2046,"href":"https:\/\/www.senaatti.fi\/asema-alueet\/wp-json\/wp\/v2\/posts\/2044\/revisions\/2046"}],"wp:featuredmedia":[{"embeddable":true,"href":"https:\/\/www.senaatti.fi\/asema-alueet\/wp-json\/wp\/v2\/media\/2029"}],"wp:attachment":[{"href":"https:\/\/www.senaatti.fi\/asema-alueet\/wp-json\/wp\/v2\/media?parent=2044"}],"wp:term":[{"taxonomy":"senaatti_type","embeddable":true,"href":"https:\/\/www.senaatti.fi\/asema-alueet\/wp-json\/wp\/v2\/senaatti_type?post=2044"}],"curies":[{"name":"wp","href":"https:\/\/api.w.org\/{rel}","templated":true}]}}