{"id":2028,"date":"2025-09-01T08:00:51","date_gmt":"2025-09-01T08:00:51","guid":{"rendered":"https:\/\/www.senaatti.fi\/asema-alueet\/?p=2028"},"modified":"2025-10-01T12:01:42","modified_gmt":"2025-10-01T12:01:42","slug":"seinajoen-pajuluoman-kunnostamishankkeen-asukastilaisuus-6-10-2025","status":"publish","type":"post","link":"https:\/\/www.senaatti.fi\/asema-alueet\/ajankohtaista\/uutiset\/seinajoen-pajuluoman-kunnostamishankkeen-asukastilaisuus-6-10-2025\/","title":{"rendered":"Sein\u00e4joen Pajuluoman kunnostamishankkeen asukastilaisuus 6.10.2025"},"content":{"rendered":"<p>Tule kuulemaan, miten Pajuluoman kunnostus etenee ja millaisia vaikutuksia suunnitelmilla on l\u00e4hiymp\u00e4rist\u00f6\u00f6n. Tilaisuudessa projektin asiantuntijat esittelev\u00e4t hanketta ja vastaavat kysymyksiin. P\u00e4\u00e4set halutessasi my\u00f6s tutustumaan ty\u00f6maahan maastossa.<\/p>\n<ul>\n<li>Aika: maanantaina 6.10.2025 klo 17\u201319.<\/li>\n<li>Paikka: Pohjan nuorisotila, Pultrantie 15.<\/li>\n<li>Ohjelma: hankkeen esittely ja keskustelua asiantuntijoiden kanssa.<\/li>\n<\/ul>\n<p>L\u00e4mpim\u00e4sti tervetuloa!<\/p>\n","protected":false},"excerpt":{"rendered":"<p>Tule kuulemaan, miten Pajuluoman kunnostus etenee ja millaisia vaikutuksia suunnitelmilla on l\u00e4hiymp\u00e4rist\u00f6\u00f6n. Tilaisuudessa projektin asiantuntijat esittelev\u00e4t hanketta ja vastaavat kysymyksiin. P\u00e4\u00e4set halutessasi my\u00f6s tutustumaan ty\u00f6maahan maastossa. Aika: maanantaina 6.10.2025 klo 17\u201319. Paikka: Pohjan nuorisotila, Pultrantie 15. Ohjelma: hankkeen esittely ja keskustelua asiantuntijoiden kanssa. L\u00e4mpim\u00e4sti tervetuloa!<\/p>\n","protected":false},"author":16,"featured_media":2029,"comment_status":"closed","ping_status":"closed","sticky":false,"template":"","format":"standard","meta":{"_acf_changed":false,"footnotes":""},"senaatti_type":[],"class_list":["post-2028","post","type-post","status-publish","format-standard","has-post-thumbnail","hentry"],"acf":[],"yoast_head":"<!-- This site is optimized with the Yoast SEO plugin v27.3 - https:\/\/yoast.com\/product\/yoast-seo-wordpress\/ -->\n<title>Sein\u00e4joen Pajuluoman kunnostamishankkeen asukastilaisuus 6.10.2025 - Senaatti<\/title>\n<meta name=\"description\" content=\"Tule kuulemaan, miten Pajuluoman kunnostus etenee ja millaisia vaikutuksia suunnitelmilla on l\u00e4hiymp\u00e4rist\u00f6\u00f6n. Tilaisuudessa projektin asiantuntijat\" \/>\n<meta name=\"robots\" content=\"index, follow, max-snippet:-1, max-image-preview:large, max-video-preview:-1\" \/>\n<link rel=\"canonical\" href=\"https:\/\/www.senaatti.fi\/asema-alueet\/ajankohtaista\/uutiset\/seinajoen-pajuluoman-kunnostamishankkeen-asukastilaisuus-6-10-2025\/\" \/>\n<meta property=\"og:locale\" content=\"fi_FI\" \/>\n<meta property=\"og:type\" content=\"article\" \/>\n<meta property=\"og:title\" content=\"Sein\u00e4joen Pajuluoman kunnostamishankkeen asukastilaisuus 6.10.2025 - Senaatti\" \/>\n<meta property=\"og:description\" content=\"Tule kuulemaan, miten Pajuluoman kunnostus etenee ja millaisia vaikutuksia suunnitelmilla on l\u00e4hiymp\u00e4rist\u00f6\u00f6n. Tilaisuudessa projektin asiantuntijat\" \/>\n<meta property=\"og:url\" content=\"https:\/\/www.senaatti.fi\/asema-alueet\/ajankohtaista\/uutiset\/seinajoen-pajuluoman-kunnostamishankkeen-asukastilaisuus-6-10-2025\/\" \/>\n<meta property=\"og:site_name\" content=\"Senaatti\" \/>\n<meta property=\"article:published_time\" content=\"2025-09-01T08:00:51+00:00\" \/>\n<meta property=\"article:modified_time\" content=\"2025-10-01T12:01:42+00:00\" \/>\n<meta property=\"og:image\" content=\"https:\/\/www.senaatti.fi\/app\/uploads\/sites\/6\/2025\/10\/Seinajoen-Pajuluoma-kesalla-2025-taustalla-Pohjan-nuorisotila-scaled-e1759320094331-1024x632.jpeg\" \/>\n\t<meta property=\"og:image:width\" content=\"1024\" \/>\n\t<meta property=\"og:image:height\" content=\"632\" \/>\n\t<meta property=\"og:image:type\" content=\"image\/jpeg\" \/>\n<meta name=\"author\" content=\"Andreas Ylijarvi\" \/>\n<meta name=\"twitter:card\" content=\"summary_large_image\" \/>\n<meta name=\"twitter:label1\" content=\"Kirjoittanut\" \/>\n\t<meta name=\"twitter:data1\" content=\"Andreas Ylijarvi\" \/>\n\t<meta name=\"twitter:label2\" content=\"Arvioitu lukuaika\" \/>\n\t<meta name=\"twitter:data2\" content=\"1 minuutti\" \/>\n<script type=\"application\/ld+json\" class=\"yoast-schema-graph\">{\"@context\":\"https:\\\/\\\/schema.org\",\"@graph\":[{\"@type\":\"Article\",\"@id\":\"https:\\\/\\\/www.senaatti.fi\\\/asema-alueet\\\/ajankohtaista\\\/uutiset\\\/seinajoen-pajuluoman-kunnostamishankkeen-asukastilaisuus-6-10-2025\\\/#article\",\"isPartOf\":{\"@id\":\"https:\\\/\\\/www.senaatti.fi\\\/asema-alueet\\\/ajankohtaista\\\/uutiset\\\/seinajoen-pajuluoman-kunnostamishankkeen-asukastilaisuus-6-10-2025\\\/\"},\"author\":{\"name\":\"Andreas Ylijarvi\",\"@id\":\"https:\\\/\\\/www.senaatti.fi\\\/asema-alueet\\\/#\\\/schema\\\/person\\\/19ebcd857f41fa4cf02102cd128abc46\"},\"headline\":\"Sein\u00e4joen Pajuluoman kunnostamishankkeen asukastilaisuus 6.10.2025\",\"datePublished\":\"2025-09-01T08:00:51+00:00\",\"dateModified\":\"2025-10-01T12:01:42+00:00\",\"mainEntityOfPage\":{\"@id\":\"https:\\\/\\\/www.senaatti.fi\\\/asema-alueet\\\/ajankohtaista\\\/uutiset\\\/seinajoen-pajuluoman-kunnostamishankkeen-asukastilaisuus-6-10-2025\\\/\"},\"wordCount\":56,\"image\":{\"@id\":\"https:\\\/\\\/www.senaatti.fi\\\/asema-alueet\\\/ajankohtaista\\\/uutiset\\\/seinajoen-pajuluoman-kunnostamishankkeen-asukastilaisuus-6-10-2025\\\/#primaryimage\"},\"thumbnailUrl\":\"https:\\\/\\\/www.senaatti.fi\\\/app\\\/uploads\\\/sites\\\/6\\\/2025\\\/10\\\/Seinajoen-Pajuluoma-kesalla-2025-taustalla-Pohjan-nuorisotila-scaled-e1759320094331.jpeg\",\"inLanguage\":\"fi\"},{\"@type\":\"WebPage\",\"@id\":\"https:\\\/\\\/www.senaatti.fi\\\/asema-alueet\\\/ajankohtaista\\\/uutiset\\\/seinajoen-pajuluoman-kunnostamishankkeen-asukastilaisuus-6-10-2025\\\/\",\"url\":\"https:\\\/\\\/www.senaatti.fi\\\/asema-alueet\\\/ajankohtaista\\\/uutiset\\\/seinajoen-pajuluoman-kunnostamishankkeen-asukastilaisuus-6-10-2025\\\/\",\"name\":\"Sein\u00e4joen Pajuluoman kunnostamishankkeen asukastilaisuus 6.10.2025 - Senaatti\",\"isPartOf\":{\"@id\":\"https:\\\/\\\/www.senaatti.fi\\\/asema-alueet\\\/#website\"},\"primaryImageOfPage\":{\"@id\":\"https:\\\/\\\/www.senaatti.fi\\\/asema-alueet\\\/ajankohtaista\\\/uutiset\\\/seinajoen-pajuluoman-kunnostamishankkeen-asukastilaisuus-6-10-2025\\\/#primaryimage\"},\"image\":{\"@id\":\"https:\\\/\\\/www.senaatti.fi\\\/asema-alueet\\\/ajankohtaista\\\/uutiset\\\/seinajoen-pajuluoman-kunnostamishankkeen-asukastilaisuus-6-10-2025\\\/#primaryimage\"},\"thumbnailUrl\":\"https:\\\/\\\/www.senaatti.fi\\\/app\\\/uploads\\\/sites\\\/6\\\/2025\\\/10\\\/Seinajoen-Pajuluoma-kesalla-2025-taustalla-Pohjan-nuorisotila-scaled-e1759320094331.jpeg\",\"datePublished\":\"2025-09-01T08:00:51+00:00\",\"dateModified\":\"2025-10-01T12:01:42+00:00\",\"author\":{\"@id\":\"https:\\\/\\\/www.senaatti.fi\\\/asema-alueet\\\/#\\\/schema\\\/person\\\/19ebcd857f41fa4cf02102cd128abc46\"},\"description\":\"Tule kuulemaan, miten Pajuluoman kunnostus etenee ja millaisia vaikutuksia suunnitelmilla on l\u00e4hiymp\u00e4rist\u00f6\u00f6n. Tilaisuudessa projektin asiantuntijat\",\"breadcrumb\":{\"@id\":\"https:\\\/\\\/www.senaatti.fi\\\/asema-alueet\\\/ajankohtaista\\\/uutiset\\\/seinajoen-pajuluoman-kunnostamishankkeen-asukastilaisuus-6-10-2025\\\/#breadcrumb\"},\"inLanguage\":\"fi\",\"potentialAction\":[{\"@type\":\"ReadAction\",\"target\":[\"https:\\\/\\\/www.senaatti.fi\\\/asema-alueet\\\/ajankohtaista\\\/uutiset\\\/seinajoen-pajuluoman-kunnostamishankkeen-asukastilaisuus-6-10-2025\\\/\"]}]},{\"@type\":\"ImageObject\",\"inLanguage\":\"fi\",\"@id\":\"https:\\\/\\\/www.senaatti.fi\\\/asema-alueet\\\/ajankohtaista\\\/uutiset\\\/seinajoen-pajuluoman-kunnostamishankkeen-asukastilaisuus-6-10-2025\\\/#primaryimage\",\"url\":\"https:\\\/\\\/www.senaatti.fi\\\/app\\\/uploads\\\/sites\\\/6\\\/2025\\\/10\\\/Seinajoen-Pajuluoma-kesalla-2025-taustalla-Pohjan-nuorisotila-scaled-e1759320094331.jpeg\",\"contentUrl\":\"https:\\\/\\\/www.senaatti.fi\\\/app\\\/uploads\\\/sites\\\/6\\\/2025\\\/10\\\/Seinajoen-Pajuluoma-kesalla-2025-taustalla-Pohjan-nuorisotila-scaled-e1759320094331.jpeg\",\"width\":2560,\"height\":1580},{\"@type\":\"BreadcrumbList\",\"@id\":\"https:\\\/\\\/www.senaatti.fi\\\/asema-alueet\\\/ajankohtaista\\\/uutiset\\\/seinajoen-pajuluoman-kunnostamishankkeen-asukastilaisuus-6-10-2025\\\/#breadcrumb\",\"itemListElement\":[{\"@type\":\"ListItem\",\"position\":1,\"name\":\"Etusivu\",\"item\":\"https:\\\/\\\/www.senaatti.fi\\\/asema-alueet\\\/\"},{\"@type\":\"ListItem\",\"position\":2,\"name\":\"Sein\u00e4joen Pajuluoman kunnostamishankkeen asukastilaisuus 6.10.2025\"}]},{\"@type\":\"WebSite\",\"@id\":\"https:\\\/\\\/www.senaatti.fi\\\/asema-alueet\\\/#website\",\"url\":\"https:\\\/\\\/www.senaatti.fi\\\/asema-alueet\\\/\",\"name\":\"Asema-alueet\",\"description\":\"Senaatin Asema-alueet\",\"potentialAction\":[{\"@type\":\"SearchAction\",\"target\":{\"@type\":\"EntryPoint\",\"urlTemplate\":\"https:\\\/\\\/www.senaatti.fi\\\/asema-alueet\\\/?s={search_term_string}\"},\"query-input\":{\"@type\":\"PropertyValueSpecification\",\"valueRequired\":true,\"valueName\":\"search_term_string\"}}],\"inLanguage\":\"fi\"},{\"@type\":\"Person\",\"@id\":\"https:\\\/\\\/www.senaatti.fi\\\/asema-alueet\\\/#\\\/schema\\\/person\\\/19ebcd857f41fa4cf02102cd128abc46\",\"name\":\"Andreas Ylijarvi\",\"image\":{\"@type\":\"ImageObject\",\"inLanguage\":\"fi\",\"@id\":\"https:\\\/\\\/secure.gravatar.com\\\/avatar\\\/da48797f91660605745175abd9fe82263292008bf52cf452340b960fcdab186f?s=96&d=mm&r=g\",\"url\":\"https:\\\/\\\/secure.gravatar.com\\\/avatar\\\/da48797f91660605745175abd9fe82263292008bf52cf452340b960fcdab186f?s=96&d=mm&r=g\",\"contentUrl\":\"https:\\\/\\\/secure.gravatar.com\\\/avatar\\\/da48797f91660605745175abd9fe82263292008bf52cf452340b960fcdab186f?s=96&d=mm&r=g\",\"caption\":\"Andreas Ylijarvi\"}}]}<\/script>\n<!-- \/ Yoast SEO plugin. -->","yoast_head_json":{"title":"Sein\u00e4joen Pajuluoman kunnostamishankkeen asukastilaisuus 6.10.2025 - Senaatti","description":"Tule kuulemaan, miten Pajuluoman kunnostus etenee ja millaisia vaikutuksia suunnitelmilla on l\u00e4hiymp\u00e4rist\u00f6\u00f6n. Tilaisuudessa projektin asiantuntijat","robots":{"index":"index","follow":"follow","max-snippet":"max-snippet:-1","max-image-preview":"max-image-preview:large","max-video-preview":"max-video-preview:-1"},"canonical":"https:\/\/www.senaatti.fi\/asema-alueet\/ajankohtaista\/uutiset\/seinajoen-pajuluoman-kunnostamishankkeen-asukastilaisuus-6-10-2025\/","og_locale":"fi_FI","og_type":"article","og_title":"Sein\u00e4joen Pajuluoman kunnostamishankkeen asukastilaisuus 6.10.2025 - Senaatti","og_description":"Tule kuulemaan, miten Pajuluoman kunnostus etenee ja millaisia vaikutuksia suunnitelmilla on l\u00e4hiymp\u00e4rist\u00f6\u00f6n. Tilaisuudessa projektin asiantuntijat","og_url":"https:\/\/www.senaatti.fi\/asema-alueet\/ajankohtaista\/uutiset\/seinajoen-pajuluoman-kunnostamishankkeen-asukastilaisuus-6-10-2025\/","og_site_name":"Senaatti","article_published_time":"2025-09-01T08:00:51+00:00","article_modified_time":"2025-10-01T12:01:42+00:00","og_image":[{"width":1024,"height":632,"url":"https:\/\/www.senaatti.fi\/app\/uploads\/sites\/6\/2025\/10\/Seinajoen-Pajuluoma-kesalla-2025-taustalla-Pohjan-nuorisotila-scaled-e1759320094331-1024x632.jpeg","type":"image\/jpeg"}],"author":"Andreas Ylijarvi","twitter_card":"summary_large_image","twitter_misc":{"Kirjoittanut":"Andreas Ylijarvi","Arvioitu lukuaika":"1 minuutti"},"schema":{"@context":"https:\/\/schema.org","@graph":[{"@type":"Article","@id":"https:\/\/www.senaatti.fi\/asema-alueet\/ajankohtaista\/uutiset\/seinajoen-pajuluoman-kunnostamishankkeen-asukastilaisuus-6-10-2025\/#article","isPartOf":{"@id":"https:\/\/www.senaatti.fi\/asema-alueet\/ajankohtaista\/uutiset\/seinajoen-pajuluoman-kunnostamishankkeen-asukastilaisuus-6-10-2025\/"},"author":{"name":"Andreas Ylijarvi","@id":"https:\/\/www.senaatti.fi\/asema-alueet\/#\/schema\/person\/19ebcd857f41fa4cf02102cd128abc46"},"headline":"Sein\u00e4joen Pajuluoman kunnostamishankkeen asukastilaisuus 6.10.2025","datePublished":"2025-09-01T08:00:51+00:00","dateModified":"2025-10-01T12:01:42+00:00","mainEntityOfPage":{"@id":"https:\/\/www.senaatti.fi\/asema-alueet\/ajankohtaista\/uutiset\/seinajoen-pajuluoman-kunnostamishankkeen-asukastilaisuus-6-10-2025\/"},"wordCount":56,"image":{"@id":"https:\/\/www.senaatti.fi\/asema-alueet\/ajankohtaista\/uutiset\/seinajoen-pajuluoman-kunnostamishankkeen-asukastilaisuus-6-10-2025\/#primaryimage"},"thumbnailUrl":"https:\/\/www.senaatti.fi\/app\/uploads\/sites\/6\/2025\/10\/Seinajoen-Pajuluoma-kesalla-2025-taustalla-Pohjan-nuorisotila-scaled-e1759320094331.jpeg","inLanguage":"fi"},{"@type":"WebPage","@id":"https:\/\/www.senaatti.fi\/asema-alueet\/ajankohtaista\/uutiset\/seinajoen-pajuluoman-kunnostamishankkeen-asukastilaisuus-6-10-2025\/","url":"https:\/\/www.senaatti.fi\/asema-alueet\/ajankohtaista\/uutiset\/seinajoen-pajuluoman-kunnostamishankkeen-asukastilaisuus-6-10-2025\/","name":"Sein\u00e4joen Pajuluoman kunnostamishankkeen asukastilaisuus 6.10.2025 - Senaatti","isPartOf":{"@id":"https:\/\/www.senaatti.fi\/asema-alueet\/#website"},"primaryImageOfPage":{"@id":"https:\/\/www.senaatti.fi\/asema-alueet\/ajankohtaista\/uutiset\/seinajoen-pajuluoman-kunnostamishankkeen-asukastilaisuus-6-10-2025\/#primaryimage"},"image":{"@id":"https:\/\/www.senaatti.fi\/asema-alueet\/ajankohtaista\/uutiset\/seinajoen-pajuluoman-kunnostamishankkeen-asukastilaisuus-6-10-2025\/#primaryimage"},"thumbnailUrl":"https:\/\/www.senaatti.fi\/app\/uploads\/sites\/6\/2025\/10\/Seinajoen-Pajuluoma-kesalla-2025-taustalla-Pohjan-nuorisotila-scaled-e1759320094331.jpeg","datePublished":"2025-09-01T08:00:51+00:00","dateModified":"2025-10-01T12:01:42+00:00","author":{"@id":"https:\/\/www.senaatti.fi\/asema-alueet\/#\/schema\/person\/19ebcd857f41fa4cf02102cd128abc46"},"description":"Tule kuulemaan, miten Pajuluoman kunnostus etenee ja millaisia vaikutuksia suunnitelmilla on l\u00e4hiymp\u00e4rist\u00f6\u00f6n. Tilaisuudessa projektin asiantuntijat","breadcrumb":{"@id":"https:\/\/www.senaatti.fi\/asema-alueet\/ajankohtaista\/uutiset\/seinajoen-pajuluoman-kunnostamishankkeen-asukastilaisuus-6-10-2025\/#breadcrumb"},"inLanguage":"fi","potentialAction":[{"@type":"ReadAction","target":["https:\/\/www.senaatti.fi\/asema-alueet\/ajankohtaista\/uutiset\/seinajoen-pajuluoman-kunnostamishankkeen-asukastilaisuus-6-10-2025\/"]}]},{"@type":"ImageObject","inLanguage":"fi","@id":"https:\/\/www.senaatti.fi\/asema-alueet\/ajankohtaista\/uutiset\/seinajoen-pajuluoman-kunnostamishankkeen-asukastilaisuus-6-10-2025\/#primaryimage","url":"https:\/\/www.senaatti.fi\/app\/uploads\/sites\/6\/2025\/10\/Seinajoen-Pajuluoma-kesalla-2025-taustalla-Pohjan-nuorisotila-scaled-e1759320094331.jpeg","contentUrl":"https:\/\/www.senaatti.fi\/app\/uploads\/sites\/6\/2025\/10\/Seinajoen-Pajuluoma-kesalla-2025-taustalla-Pohjan-nuorisotila-scaled-e1759320094331.jpeg","width":2560,"height":1580},{"@type":"BreadcrumbList","@id":"https:\/\/www.senaatti.fi\/asema-alueet\/ajankohtaista\/uutiset\/seinajoen-pajuluoman-kunnostamishankkeen-asukastilaisuus-6-10-2025\/#breadcrumb","itemListElement":[{"@type":"ListItem","position":1,"name":"Etusivu","item":"https:\/\/www.senaatti.fi\/asema-alueet\/"},{"@type":"ListItem","position":2,"name":"Sein\u00e4joen Pajuluoman kunnostamishankkeen asukastilaisuus 6.10.2025"}]},{"@type":"WebSite","@id":"https:\/\/www.senaatti.fi\/asema-alueet\/#website","url":"https:\/\/www.senaatti.fi\/asema-alueet\/","name":"Asema-alueet","description":"Senaatin Asema-alueet","potentialAction":[{"@type":"SearchAction","target":{"@type":"EntryPoint","urlTemplate":"https:\/\/www.senaatti.fi\/asema-alueet\/?s={search_term_string}"},"query-input":{"@type":"PropertyValueSpecification","valueRequired":true,"valueName":"search_term_string"}}],"inLanguage":"fi"},{"@type":"Person","@id":"https:\/\/www.senaatti.fi\/asema-alueet\/#\/schema\/person\/19ebcd857f41fa4cf02102cd128abc46","name":"Andreas Ylijarvi","image":{"@type":"ImageObject","inLanguage":"fi","@id":"https:\/\/secure.gravatar.com\/avatar\/da48797f91660605745175abd9fe82263292008bf52cf452340b960fcdab186f?s=96&d=mm&r=g","url":"https:\/\/secure.gravatar.com\/avatar\/da48797f91660605745175abd9fe82263292008bf52cf452340b960fcdab186f?s=96&d=mm&r=g","contentUrl":"https:\/\/secure.gravatar.com\/avatar\/da48797f91660605745175abd9fe82263292008bf52cf452340b960fcdab186f?s=96&d=mm&r=g","caption":"Andreas Ylijarvi"}}]}},"lang":"fi","translations":{"fi":2028},"pll_sync_post":[],"_links":{"self":[{"href":"https:\/\/www.senaatti.fi\/asema-alueet\/wp-json\/wp\/v2\/posts\/2028","targetHints":{"allow":["GET"]}}],"collection":[{"href":"https:\/\/www.senaatti.fi\/asema-alueet\/wp-json\/wp\/v2\/posts"}],"about":[{"href":"https:\/\/www.senaatti.fi\/asema-alueet\/wp-json\/wp\/v2\/types\/post"}],"author":[{"embeddable":true,"href":"https:\/\/www.senaatti.fi\/asema-alueet\/wp-json\/wp\/v2\/users\/16"}],"replies":[{"embeddable":true,"href":"https:\/\/www.senaatti.fi\/asema-alueet\/wp-json\/wp\/v2\/comments?post=2028"}],"version-history":[{"count":1,"href":"https:\/\/www.senaatti.fi\/asema-alueet\/wp-json\/wp\/v2\/posts\/2028\/revisions"}],"predecessor-version":[{"id":2030,"href":"https:\/\/www.senaatti.fi\/asema-alueet\/wp-json\/wp\/v2\/posts\/2028\/revisions\/2030"}],"wp:featuredmedia":[{"embeddable":true,"href":"https:\/\/www.senaatti.fi\/asema-alueet\/wp-json\/wp\/v2\/media\/2029"}],"wp:attachment":[{"href":"https:\/\/www.senaatti.fi\/asema-alueet\/wp-json\/wp\/v2\/media?parent=2028"}],"wp:term":[{"taxonomy":"senaatti_type","embeddable":true,"href":"https:\/\/www.senaatti.fi\/asema-alueet\/wp-json\/wp\/v2\/senaatti_type?post=2028"}],"curies":[{"name":"wp","href":"https:\/\/api.w.org\/{rel}","templated":true}]}}