{"id":2012,"date":"2025-08-05T09:30:26","date_gmt":"2025-08-05T09:30:26","guid":{"rendered":"https:\/\/www.senaatti.fi\/asema-alueet\/?p=2012"},"modified":"2025-09-08T06:17:33","modified_gmt":"2025-09-08T06:17:33","slug":"seinajoen-pajuluoman-kunnostaminen-alkaa","status":"publish","type":"post","link":"https:\/\/www.senaatti.fi\/asema-alueet\/ajankohtaista\/uutiset\/seinajoen-pajuluoman-kunnostaminen-alkaa\/","title":{"rendered":"Sein\u00e4joen Pajuluoman kunnostaminen alkaa"},"content":{"rendered":"<div class=\"newsfeedContent\">Sein\u00e4joen ratapiha-alueen l\u00e4pi virtaava Pajuluoma laskee Sein\u00e4jokeen noin kilometrin p\u00e4\u00e4ss\u00e4 ratapihalta. Luonnonmukaisen puron pohjan maakerroksiin eli sedimentteihin on vuosikymmenten kuluessa kulkeutunut ymp\u00e4rist\u00f6st\u00e4 haitta-aineita, kuten PAH-yhdisteit\u00e4, \u00f6ljyj\u00e4 ja metalleja. Puron kunto on t\u00e4rke\u00e4\u00e4 koko Sein\u00e4joelle, sill\u00e4 Pajuluoma toimii laajan alueen laskuojana.<\/div>\n<p>Hankkeella on merkityst\u00e4 my\u00f6s Sein\u00e4joen ratapihalle, sill\u00e4 kaupungin keskustan kehitykselle on t\u00e4rke\u00e4\u00e4, ett\u00e4 junamatkustajat voivat sujuvasti jatkaa matkaansa toisiin liikennev\u00e4lineisiin tai k\u00e4vellen.<\/p>\n<p>\u201dPajuluoman puhdistushanke tukee alueen kehityst\u00e4, sill\u00e4 siisti ja turvallinen ymp\u00e4rist\u00f6 ratapihan l\u00e4heisyydess\u00e4 parantaa alueen viihtyisyytt\u00e4&#8221;, Sein\u00e4joen kaupunkiymp\u00e4rist\u00f6johtaja\u00a0<strong>Juha Takamaa<\/strong>\u00a0sanoo.<\/p>\n<h2>Puron reitti muuttuu osittain kunnostuksen my\u00f6t\u00e4<\/h2>\n<p>Kunnostuksen my\u00f6t\u00e4 Pajuluoman kulku maastossa muuttuu hieman, kun purolle kaivetaan paikoin uusi reitti. Puro kunnostetaan noin kilometrin matkalta, ja t\u00e4st\u00e4 kunnostettavasta osuudesta noin kolmannes siirret\u00e4\u00e4n ty\u00f6teknisist\u00e4 syist\u00e4 uuteen uomaan.<\/p>\n<p>Entisen uoman kohdalla puro peitet\u00e4\u00e4n. Ennalleen j\u00e4\u00e4vilt\u00e4 osuuksilta poistetaan pilaantunutta pohjasedimentti\u00e4 virtaaman ollessa mahdollisimman v\u00e4h\u00e4inen. V\u00e4h\u00e4inen virtaus pienent\u00e4\u00e4 riski\u00e4, ett\u00e4 haitta-aineita sis\u00e4lt\u00e4v\u00e4 hienojakoinen maa-aines kulkeutuisi eteenp\u00e4in. Ainonsola-Sampsansolan ja Pultrantien jalankulun ja py\u00f6r\u00e4ilyn sillat ulkoilureitill\u00e4 uusitaan uoman muuttuvan sijainnin vuoksi.<\/p>\n<p>\u201dPajuluoman kunnostamista on suunniteltu pitk\u00e4\u00e4n.<strong>\u00a0<\/strong>Yhteishankkeemme tavoitteena on poistaa puron pohjasedimenttiin kulkeutuneet haitta-aineet, ja samalla v\u00e4hent\u00e4\u00e4 niihin mahdollisesti liittyvi\u00e4 ymp\u00e4rist\u00f6- ja terveysriskej\u00e4\u201d, kertoo projektip\u00e4\u00e4llikk\u00f6\u00a0<strong>Mikko A. Heiskanen<\/strong>\u00a0V\u00e4yl\u00e4virastosta.<\/p>\n<p>Kunnostus aloitetaan yhteisty\u00f6ss\u00e4 elokuussa kilpailutuksen perusteella urakoitsijaksi valitun Juhan Paja Oy:n kanssa. Hankkeen alussa laaditaan tarkemmat suunnitelmat ja aikataulutus vuoden 2025 aikana. Hanke valmistuu viimeist\u00e4\u00e4n elokuun 2027 loppuun menness\u00e4.<\/p>\n<h2>Alueesta kehitet\u00e4\u00e4n entist\u00e4 viihtyis\u00e4mpi<\/h2>\n<p>&#8221;Sein\u00e4joen kaupungin tavoitteena on kehitt\u00e4\u00e4 alueesta viihtyis\u00e4 puistoalue. Pajuluoman varrelle on mahdollista rakentaa esimerkiksi uusia puistopolkuja ja muita virkistysalueita, kuten leikkikentti\u00e4 ja pelialueita. Puistoalueen suunnittelu on kuitenkin viel\u00e4 kaupungin hankkeiden valmisteluvaiheessa&#8221;, toteaa Sein\u00e4joen kaupungin kaavoitusjohtaja\u00a0<strong>Martti Norja<\/strong>.<\/p>\n<p>Kunnostamista varten Pajuluoman varrelta on jo poistettu puustoa ja kasvustoa.<br \/>\nPuroa l\u00e4hell\u00e4 olevien k\u00e4vely- ja py\u00f6r\u00e4ilyv\u00e4ylien k\u00e4ytt\u00f6\u00e4 rajoitetaan ajoittain rakentamisaikana. Puistossa liikkujat ohjataan kiertoreiteille ty\u00f6vaiheiden edetess\u00e4.<\/p>\n<p>Uomahankkeen kunnostuksen rakentamisvaiheen kustannukset ovat noin 2,5 miljoonaa euroa.<\/p>\n<p>Hanketta esitell\u00e4\u00e4n syksyll\u00e4 kaikille avoimessa yleis\u00f6tilaisuudessa. Tilaisuudesta tiedotetaan hankkeen viestint\u00e4kanavissa.<\/p>\n<p>Lue lis\u00e4\u00e4 hankkeesta:\u00a0<a href=\"https:\/\/vayla.fi\/seinajoen-pajuluoman-kunnostamisselvitys\">https:\/\/vayla.fi\/seinajoen-pajuluoman-kunnostamisselvitys<\/a><\/p>\n<p><strong>Lis\u00e4tietoja:<\/strong><\/p>\n<p>Virpi Koikkalainen<br \/>\nInvestointip\u00e4\u00e4llikk\u00f6, Senaatin Asema-alueet Oy<br \/>\nPuh. 040 747 7226<br \/>\netunimi.sukunimi@senaatti.fi<\/p>\n<p>Mikko Heiskanen<br \/>\nProjektip\u00e4\u00e4llikk\u00f6, V\u00e4yl\u00e4virasto<br \/>\nPuh. 029 534 3808<br \/>\netunimi.sukunimi@vayla.fi<\/p>\n<p>Janne Luomaoja<br \/>\nRakennuttajakonsultin projektip\u00e4\u00e4llikk\u00f6, Ramboll CM Oy<br \/>\nPuh. 040 70 33 47<br \/>\netunimi.sukunimi@ramboll.fi<\/p>\n<p>Sein\u00e4joen kaupunki<br \/>\nKaupunkiymp\u00e4rist\u00f6johtaja Juha Takamaa<br \/>\np. 040 8261007<br \/>\netunimi.sukunimi@seinajoki.fi<\/p>\n","protected":false},"excerpt":{"rendered":"<p>Sein\u00e4joen ratapiha-alueen l\u00e4pi virtaava Pajuluoma laskee Sein\u00e4jokeen noin kilometrin p\u00e4\u00e4ss\u00e4 ratapihalta. Luonnonmukaisen puron pohjan maakerroksiin eli sedimentteihin on vuosikymmenten kuluessa kulkeutunut ymp\u00e4rist\u00f6st\u00e4 haitta-aineita, kuten PAH-yhdisteit\u00e4, \u00f6ljyj\u00e4 ja metalleja. Puron kunto on t\u00e4rke\u00e4\u00e4 koko Sein\u00e4joelle, sill\u00e4 Pajuluoma toimii laajan alueen laskuojana. Hankkeella on merkityst\u00e4 my\u00f6s Sein\u00e4joen ratapihalle, sill\u00e4 kaupungin keskustan kehitykselle on t\u00e4rke\u00e4\u00e4, ett\u00e4 junamatkustajat voivat [&hellip;]<\/p>\n","protected":false},"author":16,"featured_media":0,"comment_status":"closed","ping_status":"closed","sticky":false,"template":"","format":"standard","meta":{"_acf_changed":false,"footnotes":""},"senaatti_type":[],"class_list":["post-2012","post","type-post","status-publish","format-standard","hentry"],"acf":[],"yoast_head":"<!-- This site is optimized with the Yoast SEO plugin v27.3 - https:\/\/yoast.com\/product\/yoast-seo-wordpress\/ -->\n<title>Sein\u00e4joen Pajuluoman kunnostaminen alkaa - Senaatti<\/title>\n<meta name=\"description\" content=\"Sein\u00e4joen ratapiha-alueen l\u00e4pi virtaava Pajuluoma laskee Sein\u00e4jokeen noin kilometrin p\u00e4\u00e4ss\u00e4 ratapihalta. Luonnonmukaisen puron pohjan maakerroksiin eli\" \/>\n<meta name=\"robots\" content=\"index, follow, max-snippet:-1, max-image-preview:large, max-video-preview:-1\" \/>\n<link rel=\"canonical\" href=\"https:\/\/www.senaatti.fi\/asema-alueet\/ajankohtaista\/uutiset\/seinajoen-pajuluoman-kunnostaminen-alkaa\/\" \/>\n<meta property=\"og:locale\" content=\"fi_FI\" \/>\n<meta property=\"og:type\" content=\"article\" \/>\n<meta property=\"og:title\" content=\"Sein\u00e4joen Pajuluoman kunnostaminen alkaa - Senaatti\" \/>\n<meta property=\"og:description\" content=\"Sein\u00e4joen ratapiha-alueen l\u00e4pi virtaava Pajuluoma laskee Sein\u00e4jokeen noin kilometrin p\u00e4\u00e4ss\u00e4 ratapihalta. Luonnonmukaisen puron pohjan maakerroksiin eli\" \/>\n<meta property=\"og:url\" content=\"https:\/\/www.senaatti.fi\/asema-alueet\/ajankohtaista\/uutiset\/seinajoen-pajuluoman-kunnostaminen-alkaa\/\" \/>\n<meta property=\"og:site_name\" content=\"Senaatti\" \/>\n<meta property=\"article:published_time\" content=\"2025-08-05T09:30:26+00:00\" \/>\n<meta property=\"article:modified_time\" content=\"2025-09-08T06:17:33+00:00\" \/>\n<meta name=\"author\" content=\"Andreas Ylijarvi\" \/>\n<meta name=\"twitter:card\" content=\"summary_large_image\" \/>\n<meta name=\"twitter:label1\" content=\"Written by\" \/>\n\t<meta name=\"twitter:data1\" content=\"Andreas Ylijarvi\" \/>\n\t<meta name=\"twitter:label2\" content=\"Est. reading time\" \/>\n\t<meta name=\"twitter:data2\" content=\"3 minuuttia\" \/>\n<script type=\"application\/ld+json\" class=\"yoast-schema-graph\">{\"@context\":\"https:\\\/\\\/schema.org\",\"@graph\":[{\"@type\":\"Article\",\"@id\":\"https:\\\/\\\/www.senaatti.fi\\\/asema-alueet\\\/ajankohtaista\\\/uutiset\\\/seinajoen-pajuluoman-kunnostaminen-alkaa\\\/#article\",\"isPartOf\":{\"@id\":\"https:\\\/\\\/www.senaatti.fi\\\/asema-alueet\\\/ajankohtaista\\\/uutiset\\\/seinajoen-pajuluoman-kunnostaminen-alkaa\\\/\"},\"author\":{\"name\":\"Andreas Ylijarvi\",\"@id\":\"https:\\\/\\\/www.senaatti.fi\\\/asema-alueet\\\/#\\\/schema\\\/person\\\/19ebcd857f41fa4cf02102cd128abc46\"},\"headline\":\"Sein\u00e4joen Pajuluoman kunnostaminen alkaa\",\"datePublished\":\"2025-08-05T09:30:26+00:00\",\"dateModified\":\"2025-09-08T06:17:33+00:00\",\"mainEntityOfPage\":{\"@id\":\"https:\\\/\\\/www.senaatti.fi\\\/asema-alueet\\\/ajankohtaista\\\/uutiset\\\/seinajoen-pajuluoman-kunnostaminen-alkaa\\\/\"},\"wordCount\":418,\"inLanguage\":\"fi\"},{\"@type\":\"WebPage\",\"@id\":\"https:\\\/\\\/www.senaatti.fi\\\/asema-alueet\\\/ajankohtaista\\\/uutiset\\\/seinajoen-pajuluoman-kunnostaminen-alkaa\\\/\",\"url\":\"https:\\\/\\\/www.senaatti.fi\\\/asema-alueet\\\/ajankohtaista\\\/uutiset\\\/seinajoen-pajuluoman-kunnostaminen-alkaa\\\/\",\"name\":\"Sein\u00e4joen Pajuluoman kunnostaminen alkaa - Senaatti\",\"isPartOf\":{\"@id\":\"https:\\\/\\\/www.senaatti.fi\\\/asema-alueet\\\/#website\"},\"datePublished\":\"2025-08-05T09:30:26+00:00\",\"dateModified\":\"2025-09-08T06:17:33+00:00\",\"author\":{\"@id\":\"https:\\\/\\\/www.senaatti.fi\\\/asema-alueet\\\/#\\\/schema\\\/person\\\/19ebcd857f41fa4cf02102cd128abc46\"},\"description\":\"Sein\u00e4joen ratapiha-alueen l\u00e4pi virtaava Pajuluoma laskee Sein\u00e4jokeen noin kilometrin p\u00e4\u00e4ss\u00e4 ratapihalta. Luonnonmukaisen puron pohjan maakerroksiin eli\",\"breadcrumb\":{\"@id\":\"https:\\\/\\\/www.senaatti.fi\\\/asema-alueet\\\/ajankohtaista\\\/uutiset\\\/seinajoen-pajuluoman-kunnostaminen-alkaa\\\/#breadcrumb\"},\"inLanguage\":\"fi\",\"potentialAction\":[{\"@type\":\"ReadAction\",\"target\":[\"https:\\\/\\\/www.senaatti.fi\\\/asema-alueet\\\/ajankohtaista\\\/uutiset\\\/seinajoen-pajuluoman-kunnostaminen-alkaa\\\/\"]}]},{\"@type\":\"BreadcrumbList\",\"@id\":\"https:\\\/\\\/www.senaatti.fi\\\/asema-alueet\\\/ajankohtaista\\\/uutiset\\\/seinajoen-pajuluoman-kunnostaminen-alkaa\\\/#breadcrumb\",\"itemListElement\":[{\"@type\":\"ListItem\",\"position\":1,\"name\":\"Etusivu\",\"item\":\"https:\\\/\\\/www.senaatti.fi\\\/asema-alueet\\\/\"},{\"@type\":\"ListItem\",\"position\":2,\"name\":\"Sein\u00e4joen Pajuluoman kunnostaminen alkaa\"}]},{\"@type\":\"WebSite\",\"@id\":\"https:\\\/\\\/www.senaatti.fi\\\/asema-alueet\\\/#website\",\"url\":\"https:\\\/\\\/www.senaatti.fi\\\/asema-alueet\\\/\",\"name\":\"Asema-alueet\",\"description\":\"Senaatin Asema-alueet\",\"potentialAction\":[{\"@type\":\"SearchAction\",\"target\":{\"@type\":\"EntryPoint\",\"urlTemplate\":\"https:\\\/\\\/www.senaatti.fi\\\/asema-alueet\\\/?s={search_term_string}\"},\"query-input\":{\"@type\":\"PropertyValueSpecification\",\"valueRequired\":true,\"valueName\":\"search_term_string\"}}],\"inLanguage\":\"fi\"},{\"@type\":\"Person\",\"@id\":\"https:\\\/\\\/www.senaatti.fi\\\/asema-alueet\\\/#\\\/schema\\\/person\\\/19ebcd857f41fa4cf02102cd128abc46\",\"name\":\"Andreas Ylijarvi\",\"image\":{\"@type\":\"ImageObject\",\"inLanguage\":\"fi\",\"@id\":\"https:\\\/\\\/secure.gravatar.com\\\/avatar\\\/da48797f91660605745175abd9fe82263292008bf52cf452340b960fcdab186f?s=96&d=mm&r=g\",\"url\":\"https:\\\/\\\/secure.gravatar.com\\\/avatar\\\/da48797f91660605745175abd9fe82263292008bf52cf452340b960fcdab186f?s=96&d=mm&r=g\",\"contentUrl\":\"https:\\\/\\\/secure.gravatar.com\\\/avatar\\\/da48797f91660605745175abd9fe82263292008bf52cf452340b960fcdab186f?s=96&d=mm&r=g\",\"caption\":\"Andreas Ylijarvi\"}}]}<\/script>\n<!-- \/ Yoast SEO plugin. -->","yoast_head_json":{"title":"Sein\u00e4joen Pajuluoman kunnostaminen alkaa - Senaatti","description":"Sein\u00e4joen ratapiha-alueen l\u00e4pi virtaava Pajuluoma laskee Sein\u00e4jokeen noin kilometrin p\u00e4\u00e4ss\u00e4 ratapihalta. Luonnonmukaisen puron pohjan maakerroksiin eli","robots":{"index":"index","follow":"follow","max-snippet":"max-snippet:-1","max-image-preview":"max-image-preview:large","max-video-preview":"max-video-preview:-1"},"canonical":"https:\/\/www.senaatti.fi\/asema-alueet\/ajankohtaista\/uutiset\/seinajoen-pajuluoman-kunnostaminen-alkaa\/","og_locale":"fi_FI","og_type":"article","og_title":"Sein\u00e4joen Pajuluoman kunnostaminen alkaa - Senaatti","og_description":"Sein\u00e4joen ratapiha-alueen l\u00e4pi virtaava Pajuluoma laskee Sein\u00e4jokeen noin kilometrin p\u00e4\u00e4ss\u00e4 ratapihalta. Luonnonmukaisen puron pohjan maakerroksiin eli","og_url":"https:\/\/www.senaatti.fi\/asema-alueet\/ajankohtaista\/uutiset\/seinajoen-pajuluoman-kunnostaminen-alkaa\/","og_site_name":"Senaatti","article_published_time":"2025-08-05T09:30:26+00:00","article_modified_time":"2025-09-08T06:17:33+00:00","author":"Andreas Ylijarvi","twitter_card":"summary_large_image","twitter_misc":{"Written by":"Andreas Ylijarvi","Est. reading time":"3 minuuttia"},"schema":{"@context":"https:\/\/schema.org","@graph":[{"@type":"Article","@id":"https:\/\/www.senaatti.fi\/asema-alueet\/ajankohtaista\/uutiset\/seinajoen-pajuluoman-kunnostaminen-alkaa\/#article","isPartOf":{"@id":"https:\/\/www.senaatti.fi\/asema-alueet\/ajankohtaista\/uutiset\/seinajoen-pajuluoman-kunnostaminen-alkaa\/"},"author":{"name":"Andreas Ylijarvi","@id":"https:\/\/www.senaatti.fi\/asema-alueet\/#\/schema\/person\/19ebcd857f41fa4cf02102cd128abc46"},"headline":"Sein\u00e4joen Pajuluoman kunnostaminen alkaa","datePublished":"2025-08-05T09:30:26+00:00","dateModified":"2025-09-08T06:17:33+00:00","mainEntityOfPage":{"@id":"https:\/\/www.senaatti.fi\/asema-alueet\/ajankohtaista\/uutiset\/seinajoen-pajuluoman-kunnostaminen-alkaa\/"},"wordCount":418,"inLanguage":"fi"},{"@type":"WebPage","@id":"https:\/\/www.senaatti.fi\/asema-alueet\/ajankohtaista\/uutiset\/seinajoen-pajuluoman-kunnostaminen-alkaa\/","url":"https:\/\/www.senaatti.fi\/asema-alueet\/ajankohtaista\/uutiset\/seinajoen-pajuluoman-kunnostaminen-alkaa\/","name":"Sein\u00e4joen Pajuluoman kunnostaminen alkaa - Senaatti","isPartOf":{"@id":"https:\/\/www.senaatti.fi\/asema-alueet\/#website"},"datePublished":"2025-08-05T09:30:26+00:00","dateModified":"2025-09-08T06:17:33+00:00","author":{"@id":"https:\/\/www.senaatti.fi\/asema-alueet\/#\/schema\/person\/19ebcd857f41fa4cf02102cd128abc46"},"description":"Sein\u00e4joen ratapiha-alueen l\u00e4pi virtaava Pajuluoma laskee Sein\u00e4jokeen noin kilometrin p\u00e4\u00e4ss\u00e4 ratapihalta. Luonnonmukaisen puron pohjan maakerroksiin eli","breadcrumb":{"@id":"https:\/\/www.senaatti.fi\/asema-alueet\/ajankohtaista\/uutiset\/seinajoen-pajuluoman-kunnostaminen-alkaa\/#breadcrumb"},"inLanguage":"fi","potentialAction":[{"@type":"ReadAction","target":["https:\/\/www.senaatti.fi\/asema-alueet\/ajankohtaista\/uutiset\/seinajoen-pajuluoman-kunnostaminen-alkaa\/"]}]},{"@type":"BreadcrumbList","@id":"https:\/\/www.senaatti.fi\/asema-alueet\/ajankohtaista\/uutiset\/seinajoen-pajuluoman-kunnostaminen-alkaa\/#breadcrumb","itemListElement":[{"@type":"ListItem","position":1,"name":"Etusivu","item":"https:\/\/www.senaatti.fi\/asema-alueet\/"},{"@type":"ListItem","position":2,"name":"Sein\u00e4joen Pajuluoman kunnostaminen alkaa"}]},{"@type":"WebSite","@id":"https:\/\/www.senaatti.fi\/asema-alueet\/#website","url":"https:\/\/www.senaatti.fi\/asema-alueet\/","name":"Asema-alueet","description":"Senaatin Asema-alueet","potentialAction":[{"@type":"SearchAction","target":{"@type":"EntryPoint","urlTemplate":"https:\/\/www.senaatti.fi\/asema-alueet\/?s={search_term_string}"},"query-input":{"@type":"PropertyValueSpecification","valueRequired":true,"valueName":"search_term_string"}}],"inLanguage":"fi"},{"@type":"Person","@id":"https:\/\/www.senaatti.fi\/asema-alueet\/#\/schema\/person\/19ebcd857f41fa4cf02102cd128abc46","name":"Andreas Ylijarvi","image":{"@type":"ImageObject","inLanguage":"fi","@id":"https:\/\/secure.gravatar.com\/avatar\/da48797f91660605745175abd9fe82263292008bf52cf452340b960fcdab186f?s=96&d=mm&r=g","url":"https:\/\/secure.gravatar.com\/avatar\/da48797f91660605745175abd9fe82263292008bf52cf452340b960fcdab186f?s=96&d=mm&r=g","contentUrl":"https:\/\/secure.gravatar.com\/avatar\/da48797f91660605745175abd9fe82263292008bf52cf452340b960fcdab186f?s=96&d=mm&r=g","caption":"Andreas Ylijarvi"}}]}},"lang":"fi","translations":{"fi":2012},"pll_sync_post":[],"_links":{"self":[{"href":"https:\/\/www.senaatti.fi\/asema-alueet\/wp-json\/wp\/v2\/posts\/2012","targetHints":{"allow":["GET"]}}],"collection":[{"href":"https:\/\/www.senaatti.fi\/asema-alueet\/wp-json\/wp\/v2\/posts"}],"about":[{"href":"https:\/\/www.senaatti.fi\/asema-alueet\/wp-json\/wp\/v2\/types\/post"}],"author":[{"embeddable":true,"href":"https:\/\/www.senaatti.fi\/asema-alueet\/wp-json\/wp\/v2\/users\/16"}],"replies":[{"embeddable":true,"href":"https:\/\/www.senaatti.fi\/asema-alueet\/wp-json\/wp\/v2\/comments?post=2012"}],"version-history":[{"count":1,"href":"https:\/\/www.senaatti.fi\/asema-alueet\/wp-json\/wp\/v2\/posts\/2012\/revisions"}],"predecessor-version":[{"id":2013,"href":"https:\/\/www.senaatti.fi\/asema-alueet\/wp-json\/wp\/v2\/posts\/2012\/revisions\/2013"}],"wp:attachment":[{"href":"https:\/\/www.senaatti.fi\/asema-alueet\/wp-json\/wp\/v2\/media?parent=2012"}],"wp:term":[{"taxonomy":"senaatti_type","embeddable":true,"href":"https:\/\/www.senaatti.fi\/asema-alueet\/wp-json\/wp\/v2\/senaatti_type?post=2012"}],"curies":[{"name":"wp","href":"https:\/\/api.w.org\/{rel}","templated":true}]}}