{"id":2010,"date":"2025-09-04T13:07:00","date_gmt":"2025-09-04T13:07:00","guid":{"rendered":"https:\/\/www.senaatti.fi\/asema-alueet\/?p=2010"},"modified":"2025-09-04T13:07:00","modified_gmt":"2025-09-04T13:07:00","slug":"senaatti-kiinteistot-ja-lahden-kaupunki-neuvottelevat-hennalan-ja-radanvarren-alueiden-myynnista","status":"publish","type":"post","link":"https:\/\/www.senaatti.fi\/asema-alueet\/ajankohtaista\/uutiset\/senaatti-kiinteistot-ja-lahden-kaupunki-neuvottelevat-hennalan-ja-radanvarren-alueiden-myynnista\/","title":{"rendered":"Senaatti-kiinteist\u00f6t ja Lahden kaupunki neuvottelevat Hennalan ja Radanvarren alueiden myynnist\u00e4"},"content":{"rendered":"<p>Esityksen mukaan Lahden kaupunki ostaisi Senaatti-kiinteist\u00f6ilt\u00e4 Hennalan entisen varuskunta-alueen 30,87 hehtaarin l\u00e4nsiosan, joka on toiminut varuskunnan harjoitusalueena. Alueesta on yleiskaavassa osoitettu 23,7 ha, asumiseen, 6,2 ha virkistykseen ja 0,9 puistoksi. Kaupunki on teett\u00e4nyt alueella maaper\u00e4n rakennettavuus- ja pilaantuneisuus sek\u00e4 t\u00e4rin\u00e4selvityksi\u00e4. Alueen kauppahinnaksi osapuolet ovat sopineet 1 143 300 euroa. Kaupan yhteydess\u00e4 on sovittu lis\u00e4ksi mahdollisista my\u00f6hemmin esiintyvist\u00e4 maaper\u00e4n kunnostusvelvoitteista.<\/p>\n<p>Lahden kaupunki hankkii alueen kaupungin kasvavia asumisen tarpeita varten. Rakentamattomalla alueella sijaitsee mm. ulkoilureittej\u00e4, hulevesien viivytysaltaita yhdysojineen ja varuskunta-aikaisia esteratoja rakennelmineen. Neuvottelut Senaatin kanssa alueen hankkimiseksi kaupungille tulivat ajankohtaiseksi, koska maaper\u00e4selvitysten perusteella alueelle on mahdollista toteuttaa my\u00f6s pientalorakentamista aikaisemmin oletetun pelk\u00e4n kerrostalorakentamisen sijaan.<\/p>\n<h2>Radanvarren alue hankittaisiin kehittyv\u00e4n asema-alueen tulevaisuuden tarpeita varten<\/h2>\n<p>Senaatin asema-alueet Oy:lt\u00e4 esitet\u00e4\u00e4n ostettavaksi 4,7 ha suuruinen Radanvarren ratapiha-alue rakennuksineen. Alueen kauppahinnaksi osapuolet ovat sopineet 1 035 700 euroa. Alue hankitaan Lahden kehittyv\u00e4n asema-alueen tulevaisuuden tarpeita varten. Kaupungin omistuksessa aluetta voitaisiin kehitt\u00e4\u00e4 vapaasti. Alueen asemakaavoituksen ajankohtaa ei ole viel\u00e4 p\u00e4\u00e4tetty.<\/p>\n<p>Molemmat kaupat edellytt\u00e4v\u00e4t Lahden kaupungin ja Senaatin p\u00e4\u00e4tt\u00e4vien elinten p\u00e4\u00e4t\u00f6ksi\u00e4 toteutuakseen. Senaatti-kiinteist\u00f6jen ja Senaatin Asema-alueet Oy:n hallitukset k\u00e4sittelisiv\u00e4t asiaa loka- ja marraskuun aikana.<\/p>\n<p><strong>Lis\u00e4tiedot:<\/strong><\/p>\n<p>myyntip\u00e4\u00e4llikk\u00f6 Asko Taskila, Senaatti-kiinteist\u00f6t p. 040 5112157<\/p>\n<p>suunnittelujohtaja Juha Helminen, Lahden kaupunki p. 050 387 8710<\/p>\n<p>maank\u00e4ytt\u00f6insin\u00f6\u00f6ri Petri Solonen, Lahden kaupunki p. 050 398 5396<\/p>\n","protected":false},"excerpt":{"rendered":"<p>Esityksen mukaan Lahden kaupunki ostaisi Senaatti-kiinteist\u00f6ilt\u00e4 Hennalan entisen varuskunta-alueen 30,87 hehtaarin l\u00e4nsiosan, joka on toiminut varuskunnan harjoitusalueena. Alueesta on yleiskaavassa osoitettu 23,7 ha, asumiseen, 6,2 ha virkistykseen ja 0,9 puistoksi. Kaupunki on teett\u00e4nyt alueella maaper\u00e4n rakennettavuus- ja pilaantuneisuus sek\u00e4 t\u00e4rin\u00e4selvityksi\u00e4. Alueen kauppahinnaksi osapuolet ovat sopineet 1 143 300 euroa. Kaupan yhteydess\u00e4 on sovittu lis\u00e4ksi mahdollisista [&hellip;]<\/p>\n","protected":false},"author":16,"featured_media":916,"comment_status":"closed","ping_status":"closed","sticky":false,"template":"","format":"standard","meta":{"_acf_changed":false,"footnotes":""},"senaatti_type":[],"class_list":["post-2010","post","type-post","status-publish","format-standard","has-post-thumbnail","hentry"],"acf":[],"yoast_head":"<!-- This site is optimized with the Yoast SEO plugin v27.3 - https:\/\/yoast.com\/product\/yoast-seo-wordpress\/ -->\n<title>Senaatti-kiinteist\u00f6t ja Lahden kaupunki neuvottelevat Hennalan ja Radanvarren alueiden myynnist\u00e4 - Senaatti<\/title>\n<meta name=\"description\" content=\"Esityksen mukaan Lahden kaupunki ostaisi Senaatti-kiinteist\u00f6ilt\u00e4 Hennalan entisen varuskunta-alueen 30,87 hehtaarin l\u00e4nsiosan, joka on toiminut\" \/>\n<meta name=\"robots\" content=\"index, follow, max-snippet:-1, max-image-preview:large, max-video-preview:-1\" \/>\n<link rel=\"canonical\" href=\"https:\/\/www.senaatti.fi\/asema-alueet\/ajankohtaista\/uutiset\/senaatti-kiinteistot-ja-lahden-kaupunki-neuvottelevat-hennalan-ja-radanvarren-alueiden-myynnista\/\" \/>\n<meta property=\"og:locale\" content=\"fi_FI\" \/>\n<meta property=\"og:type\" content=\"article\" \/>\n<meta property=\"og:title\" content=\"Senaatti-kiinteist\u00f6t ja Lahden kaupunki neuvottelevat Hennalan ja Radanvarren alueiden myynnist\u00e4 - Senaatti\" \/>\n<meta property=\"og:description\" content=\"Esityksen mukaan Lahden kaupunki ostaisi Senaatti-kiinteist\u00f6ilt\u00e4 Hennalan entisen varuskunta-alueen 30,87 hehtaarin l\u00e4nsiosan, joka on toiminut\" \/>\n<meta property=\"og:url\" content=\"https:\/\/www.senaatti.fi\/asema-alueet\/ajankohtaista\/uutiset\/senaatti-kiinteistot-ja-lahden-kaupunki-neuvottelevat-hennalan-ja-radanvarren-alueiden-myynnista\/\" \/>\n<meta property=\"og:site_name\" content=\"Senaatti\" \/>\n<meta property=\"article:published_time\" content=\"2025-09-04T13:07:00+00:00\" \/>\n<meta property=\"og:image\" content=\"https:\/\/www.senaatti.fi\/app\/uploads\/sites\/6\/2019\/10\/19174_31-1024x683.jpg\" \/>\n\t<meta property=\"og:image:width\" content=\"1024\" \/>\n\t<meta property=\"og:image:height\" content=\"683\" \/>\n\t<meta property=\"og:image:type\" content=\"image\/jpeg\" \/>\n<meta name=\"author\" content=\"Andreas Ylijarvi\" \/>\n<meta name=\"twitter:card\" content=\"summary_large_image\" \/>\n<meta name=\"twitter:label1\" content=\"Written by\" \/>\n\t<meta name=\"twitter:data1\" content=\"Andreas Ylijarvi\" \/>\n\t<meta name=\"twitter:label2\" content=\"Est. reading time\" \/>\n\t<meta name=\"twitter:data2\" content=\"2 minuuttia\" \/>\n<script type=\"application\/ld+json\" class=\"yoast-schema-graph\">{\"@context\":\"https:\\\/\\\/schema.org\",\"@graph\":[{\"@type\":\"Article\",\"@id\":\"https:\\\/\\\/www.senaatti.fi\\\/asema-alueet\\\/ajankohtaista\\\/uutiset\\\/senaatti-kiinteistot-ja-lahden-kaupunki-neuvottelevat-hennalan-ja-radanvarren-alueiden-myynnista\\\/#article\",\"isPartOf\":{\"@id\":\"https:\\\/\\\/www.senaatti.fi\\\/asema-alueet\\\/ajankohtaista\\\/uutiset\\\/senaatti-kiinteistot-ja-lahden-kaupunki-neuvottelevat-hennalan-ja-radanvarren-alueiden-myynnista\\\/\"},\"author\":{\"name\":\"Andreas Ylijarvi\",\"@id\":\"https:\\\/\\\/www.senaatti.fi\\\/asema-alueet\\\/#\\\/schema\\\/person\\\/19ebcd857f41fa4cf02102cd128abc46\"},\"headline\":\"Senaatti-kiinteist\u00f6t ja Lahden kaupunki neuvottelevat Hennalan ja Radanvarren alueiden myynnist\u00e4\",\"datePublished\":\"2025-09-04T13:07:00+00:00\",\"mainEntityOfPage\":{\"@id\":\"https:\\\/\\\/www.senaatti.fi\\\/asema-alueet\\\/ajankohtaista\\\/uutiset\\\/senaatti-kiinteistot-ja-lahden-kaupunki-neuvottelevat-hennalan-ja-radanvarren-alueiden-myynnista\\\/\"},\"wordCount\":225,\"image\":{\"@id\":\"https:\\\/\\\/www.senaatti.fi\\\/asema-alueet\\\/ajankohtaista\\\/uutiset\\\/senaatti-kiinteistot-ja-lahden-kaupunki-neuvottelevat-hennalan-ja-radanvarren-alueiden-myynnista\\\/#primaryimage\"},\"thumbnailUrl\":\"https:\\\/\\\/www.senaatti.fi\\\/app\\\/uploads\\\/sites\\\/6\\\/2019\\\/10\\\/19174_31.jpg\",\"inLanguage\":\"fi\"},{\"@type\":\"WebPage\",\"@id\":\"https:\\\/\\\/www.senaatti.fi\\\/asema-alueet\\\/ajankohtaista\\\/uutiset\\\/senaatti-kiinteistot-ja-lahden-kaupunki-neuvottelevat-hennalan-ja-radanvarren-alueiden-myynnista\\\/\",\"url\":\"https:\\\/\\\/www.senaatti.fi\\\/asema-alueet\\\/ajankohtaista\\\/uutiset\\\/senaatti-kiinteistot-ja-lahden-kaupunki-neuvottelevat-hennalan-ja-radanvarren-alueiden-myynnista\\\/\",\"name\":\"Senaatti-kiinteist\u00f6t ja Lahden kaupunki neuvottelevat Hennalan ja Radanvarren alueiden myynnist\u00e4 - Senaatti\",\"isPartOf\":{\"@id\":\"https:\\\/\\\/www.senaatti.fi\\\/asema-alueet\\\/#website\"},\"primaryImageOfPage\":{\"@id\":\"https:\\\/\\\/www.senaatti.fi\\\/asema-alueet\\\/ajankohtaista\\\/uutiset\\\/senaatti-kiinteistot-ja-lahden-kaupunki-neuvottelevat-hennalan-ja-radanvarren-alueiden-myynnista\\\/#primaryimage\"},\"image\":{\"@id\":\"https:\\\/\\\/www.senaatti.fi\\\/asema-alueet\\\/ajankohtaista\\\/uutiset\\\/senaatti-kiinteistot-ja-lahden-kaupunki-neuvottelevat-hennalan-ja-radanvarren-alueiden-myynnista\\\/#primaryimage\"},\"thumbnailUrl\":\"https:\\\/\\\/www.senaatti.fi\\\/app\\\/uploads\\\/sites\\\/6\\\/2019\\\/10\\\/19174_31.jpg\",\"datePublished\":\"2025-09-04T13:07:00+00:00\",\"author\":{\"@id\":\"https:\\\/\\\/www.senaatti.fi\\\/asema-alueet\\\/#\\\/schema\\\/person\\\/19ebcd857f41fa4cf02102cd128abc46\"},\"description\":\"Esityksen mukaan Lahden kaupunki ostaisi Senaatti-kiinteist\u00f6ilt\u00e4 Hennalan entisen varuskunta-alueen 30,87 hehtaarin l\u00e4nsiosan, joka on toiminut\",\"breadcrumb\":{\"@id\":\"https:\\\/\\\/www.senaatti.fi\\\/asema-alueet\\\/ajankohtaista\\\/uutiset\\\/senaatti-kiinteistot-ja-lahden-kaupunki-neuvottelevat-hennalan-ja-radanvarren-alueiden-myynnista\\\/#breadcrumb\"},\"inLanguage\":\"fi\",\"potentialAction\":[{\"@type\":\"ReadAction\",\"target\":[\"https:\\\/\\\/www.senaatti.fi\\\/asema-alueet\\\/ajankohtaista\\\/uutiset\\\/senaatti-kiinteistot-ja-lahden-kaupunki-neuvottelevat-hennalan-ja-radanvarren-alueiden-myynnista\\\/\"]}]},{\"@type\":\"ImageObject\",\"inLanguage\":\"fi\",\"@id\":\"https:\\\/\\\/www.senaatti.fi\\\/asema-alueet\\\/ajankohtaista\\\/uutiset\\\/senaatti-kiinteistot-ja-lahden-kaupunki-neuvottelevat-hennalan-ja-radanvarren-alueiden-myynnista\\\/#primaryimage\",\"url\":\"https:\\\/\\\/www.senaatti.fi\\\/app\\\/uploads\\\/sites\\\/6\\\/2019\\\/10\\\/19174_31.jpg\",\"contentUrl\":\"https:\\\/\\\/www.senaatti.fi\\\/app\\\/uploads\\\/sites\\\/6\\\/2019\\\/10\\\/19174_31.jpg\",\"width\":5772,\"height\":3848,\"caption\":\"Lahden asema-alue ilmakuvassa.\"},{\"@type\":\"BreadcrumbList\",\"@id\":\"https:\\\/\\\/www.senaatti.fi\\\/asema-alueet\\\/ajankohtaista\\\/uutiset\\\/senaatti-kiinteistot-ja-lahden-kaupunki-neuvottelevat-hennalan-ja-radanvarren-alueiden-myynnista\\\/#breadcrumb\",\"itemListElement\":[{\"@type\":\"ListItem\",\"position\":1,\"name\":\"Etusivu\",\"item\":\"https:\\\/\\\/www.senaatti.fi\\\/asema-alueet\\\/\"},{\"@type\":\"ListItem\",\"position\":2,\"name\":\"Senaatti-kiinteist\u00f6t ja Lahden kaupunki neuvottelevat Hennalan ja Radanvarren alueiden myynnist\u00e4\"}]},{\"@type\":\"WebSite\",\"@id\":\"https:\\\/\\\/www.senaatti.fi\\\/asema-alueet\\\/#website\",\"url\":\"https:\\\/\\\/www.senaatti.fi\\\/asema-alueet\\\/\",\"name\":\"Asema-alueet\",\"description\":\"Senaatin Asema-alueet\",\"potentialAction\":[{\"@type\":\"SearchAction\",\"target\":{\"@type\":\"EntryPoint\",\"urlTemplate\":\"https:\\\/\\\/www.senaatti.fi\\\/asema-alueet\\\/?s={search_term_string}\"},\"query-input\":{\"@type\":\"PropertyValueSpecification\",\"valueRequired\":true,\"valueName\":\"search_term_string\"}}],\"inLanguage\":\"fi\"},{\"@type\":\"Person\",\"@id\":\"https:\\\/\\\/www.senaatti.fi\\\/asema-alueet\\\/#\\\/schema\\\/person\\\/19ebcd857f41fa4cf02102cd128abc46\",\"name\":\"Andreas Ylijarvi\",\"image\":{\"@type\":\"ImageObject\",\"inLanguage\":\"fi\",\"@id\":\"https:\\\/\\\/secure.gravatar.com\\\/avatar\\\/da48797f91660605745175abd9fe82263292008bf52cf452340b960fcdab186f?s=96&d=mm&r=g\",\"url\":\"https:\\\/\\\/secure.gravatar.com\\\/avatar\\\/da48797f91660605745175abd9fe82263292008bf52cf452340b960fcdab186f?s=96&d=mm&r=g\",\"contentUrl\":\"https:\\\/\\\/secure.gravatar.com\\\/avatar\\\/da48797f91660605745175abd9fe82263292008bf52cf452340b960fcdab186f?s=96&d=mm&r=g\",\"caption\":\"Andreas Ylijarvi\"}}]}<\/script>\n<!-- \/ Yoast SEO plugin. -->","yoast_head_json":{"title":"Senaatti-kiinteist\u00f6t ja Lahden kaupunki neuvottelevat Hennalan ja Radanvarren alueiden myynnist\u00e4 - Senaatti","description":"Esityksen mukaan Lahden kaupunki ostaisi Senaatti-kiinteist\u00f6ilt\u00e4 Hennalan entisen varuskunta-alueen 30,87 hehtaarin l\u00e4nsiosan, joka on toiminut","robots":{"index":"index","follow":"follow","max-snippet":"max-snippet:-1","max-image-preview":"max-image-preview:large","max-video-preview":"max-video-preview:-1"},"canonical":"https:\/\/www.senaatti.fi\/asema-alueet\/ajankohtaista\/uutiset\/senaatti-kiinteistot-ja-lahden-kaupunki-neuvottelevat-hennalan-ja-radanvarren-alueiden-myynnista\/","og_locale":"fi_FI","og_type":"article","og_title":"Senaatti-kiinteist\u00f6t ja Lahden kaupunki neuvottelevat Hennalan ja Radanvarren alueiden myynnist\u00e4 - Senaatti","og_description":"Esityksen mukaan Lahden kaupunki ostaisi Senaatti-kiinteist\u00f6ilt\u00e4 Hennalan entisen varuskunta-alueen 30,87 hehtaarin l\u00e4nsiosan, joka on toiminut","og_url":"https:\/\/www.senaatti.fi\/asema-alueet\/ajankohtaista\/uutiset\/senaatti-kiinteistot-ja-lahden-kaupunki-neuvottelevat-hennalan-ja-radanvarren-alueiden-myynnista\/","og_site_name":"Senaatti","article_published_time":"2025-09-04T13:07:00+00:00","og_image":[{"width":1024,"height":683,"url":"https:\/\/www.senaatti.fi\/app\/uploads\/sites\/6\/2019\/10\/19174_31-1024x683.jpg","type":"image\/jpeg"}],"author":"Andreas Ylijarvi","twitter_card":"summary_large_image","twitter_misc":{"Written by":"Andreas Ylijarvi","Est. reading time":"2 minuuttia"},"schema":{"@context":"https:\/\/schema.org","@graph":[{"@type":"Article","@id":"https:\/\/www.senaatti.fi\/asema-alueet\/ajankohtaista\/uutiset\/senaatti-kiinteistot-ja-lahden-kaupunki-neuvottelevat-hennalan-ja-radanvarren-alueiden-myynnista\/#article","isPartOf":{"@id":"https:\/\/www.senaatti.fi\/asema-alueet\/ajankohtaista\/uutiset\/senaatti-kiinteistot-ja-lahden-kaupunki-neuvottelevat-hennalan-ja-radanvarren-alueiden-myynnista\/"},"author":{"name":"Andreas Ylijarvi","@id":"https:\/\/www.senaatti.fi\/asema-alueet\/#\/schema\/person\/19ebcd857f41fa4cf02102cd128abc46"},"headline":"Senaatti-kiinteist\u00f6t ja Lahden kaupunki neuvottelevat Hennalan ja Radanvarren alueiden myynnist\u00e4","datePublished":"2025-09-04T13:07:00+00:00","mainEntityOfPage":{"@id":"https:\/\/www.senaatti.fi\/asema-alueet\/ajankohtaista\/uutiset\/senaatti-kiinteistot-ja-lahden-kaupunki-neuvottelevat-hennalan-ja-radanvarren-alueiden-myynnista\/"},"wordCount":225,"image":{"@id":"https:\/\/www.senaatti.fi\/asema-alueet\/ajankohtaista\/uutiset\/senaatti-kiinteistot-ja-lahden-kaupunki-neuvottelevat-hennalan-ja-radanvarren-alueiden-myynnista\/#primaryimage"},"thumbnailUrl":"https:\/\/www.senaatti.fi\/app\/uploads\/sites\/6\/2019\/10\/19174_31.jpg","inLanguage":"fi"},{"@type":"WebPage","@id":"https:\/\/www.senaatti.fi\/asema-alueet\/ajankohtaista\/uutiset\/senaatti-kiinteistot-ja-lahden-kaupunki-neuvottelevat-hennalan-ja-radanvarren-alueiden-myynnista\/","url":"https:\/\/www.senaatti.fi\/asema-alueet\/ajankohtaista\/uutiset\/senaatti-kiinteistot-ja-lahden-kaupunki-neuvottelevat-hennalan-ja-radanvarren-alueiden-myynnista\/","name":"Senaatti-kiinteist\u00f6t ja Lahden kaupunki neuvottelevat Hennalan ja Radanvarren alueiden myynnist\u00e4 - Senaatti","isPartOf":{"@id":"https:\/\/www.senaatti.fi\/asema-alueet\/#website"},"primaryImageOfPage":{"@id":"https:\/\/www.senaatti.fi\/asema-alueet\/ajankohtaista\/uutiset\/senaatti-kiinteistot-ja-lahden-kaupunki-neuvottelevat-hennalan-ja-radanvarren-alueiden-myynnista\/#primaryimage"},"image":{"@id":"https:\/\/www.senaatti.fi\/asema-alueet\/ajankohtaista\/uutiset\/senaatti-kiinteistot-ja-lahden-kaupunki-neuvottelevat-hennalan-ja-radanvarren-alueiden-myynnista\/#primaryimage"},"thumbnailUrl":"https:\/\/www.senaatti.fi\/app\/uploads\/sites\/6\/2019\/10\/19174_31.jpg","datePublished":"2025-09-04T13:07:00+00:00","author":{"@id":"https:\/\/www.senaatti.fi\/asema-alueet\/#\/schema\/person\/19ebcd857f41fa4cf02102cd128abc46"},"description":"Esityksen mukaan Lahden kaupunki ostaisi Senaatti-kiinteist\u00f6ilt\u00e4 Hennalan entisen varuskunta-alueen 30,87 hehtaarin l\u00e4nsiosan, joka on toiminut","breadcrumb":{"@id":"https:\/\/www.senaatti.fi\/asema-alueet\/ajankohtaista\/uutiset\/senaatti-kiinteistot-ja-lahden-kaupunki-neuvottelevat-hennalan-ja-radanvarren-alueiden-myynnista\/#breadcrumb"},"inLanguage":"fi","potentialAction":[{"@type":"ReadAction","target":["https:\/\/www.senaatti.fi\/asema-alueet\/ajankohtaista\/uutiset\/senaatti-kiinteistot-ja-lahden-kaupunki-neuvottelevat-hennalan-ja-radanvarren-alueiden-myynnista\/"]}]},{"@type":"ImageObject","inLanguage":"fi","@id":"https:\/\/www.senaatti.fi\/asema-alueet\/ajankohtaista\/uutiset\/senaatti-kiinteistot-ja-lahden-kaupunki-neuvottelevat-hennalan-ja-radanvarren-alueiden-myynnista\/#primaryimage","url":"https:\/\/www.senaatti.fi\/app\/uploads\/sites\/6\/2019\/10\/19174_31.jpg","contentUrl":"https:\/\/www.senaatti.fi\/app\/uploads\/sites\/6\/2019\/10\/19174_31.jpg","width":5772,"height":3848,"caption":"Lahden asema-alue ilmakuvassa."},{"@type":"BreadcrumbList","@id":"https:\/\/www.senaatti.fi\/asema-alueet\/ajankohtaista\/uutiset\/senaatti-kiinteistot-ja-lahden-kaupunki-neuvottelevat-hennalan-ja-radanvarren-alueiden-myynnista\/#breadcrumb","itemListElement":[{"@type":"ListItem","position":1,"name":"Etusivu","item":"https:\/\/www.senaatti.fi\/asema-alueet\/"},{"@type":"ListItem","position":2,"name":"Senaatti-kiinteist\u00f6t ja Lahden kaupunki neuvottelevat Hennalan ja Radanvarren alueiden myynnist\u00e4"}]},{"@type":"WebSite","@id":"https:\/\/www.senaatti.fi\/asema-alueet\/#website","url":"https:\/\/www.senaatti.fi\/asema-alueet\/","name":"Asema-alueet","description":"Senaatin Asema-alueet","potentialAction":[{"@type":"SearchAction","target":{"@type":"EntryPoint","urlTemplate":"https:\/\/www.senaatti.fi\/asema-alueet\/?s={search_term_string}"},"query-input":{"@type":"PropertyValueSpecification","valueRequired":true,"valueName":"search_term_string"}}],"inLanguage":"fi"},{"@type":"Person","@id":"https:\/\/www.senaatti.fi\/asema-alueet\/#\/schema\/person\/19ebcd857f41fa4cf02102cd128abc46","name":"Andreas Ylijarvi","image":{"@type":"ImageObject","inLanguage":"fi","@id":"https:\/\/secure.gravatar.com\/avatar\/da48797f91660605745175abd9fe82263292008bf52cf452340b960fcdab186f?s=96&d=mm&r=g","url":"https:\/\/secure.gravatar.com\/avatar\/da48797f91660605745175abd9fe82263292008bf52cf452340b960fcdab186f?s=96&d=mm&r=g","contentUrl":"https:\/\/secure.gravatar.com\/avatar\/da48797f91660605745175abd9fe82263292008bf52cf452340b960fcdab186f?s=96&d=mm&r=g","caption":"Andreas Ylijarvi"}}]}},"lang":"fi","translations":{"fi":2010},"pll_sync_post":[],"_links":{"self":[{"href":"https:\/\/www.senaatti.fi\/asema-alueet\/wp-json\/wp\/v2\/posts\/2010","targetHints":{"allow":["GET"]}}],"collection":[{"href":"https:\/\/www.senaatti.fi\/asema-alueet\/wp-json\/wp\/v2\/posts"}],"about":[{"href":"https:\/\/www.senaatti.fi\/asema-alueet\/wp-json\/wp\/v2\/types\/post"}],"author":[{"embeddable":true,"href":"https:\/\/www.senaatti.fi\/asema-alueet\/wp-json\/wp\/v2\/users\/16"}],"replies":[{"embeddable":true,"href":"https:\/\/www.senaatti.fi\/asema-alueet\/wp-json\/wp\/v2\/comments?post=2010"}],"version-history":[{"count":1,"href":"https:\/\/www.senaatti.fi\/asema-alueet\/wp-json\/wp\/v2\/posts\/2010\/revisions"}],"predecessor-version":[{"id":2011,"href":"https:\/\/www.senaatti.fi\/asema-alueet\/wp-json\/wp\/v2\/posts\/2010\/revisions\/2011"}],"wp:featuredmedia":[{"embeddable":true,"href":"https:\/\/www.senaatti.fi\/asema-alueet\/wp-json\/wp\/v2\/media\/916"}],"wp:attachment":[{"href":"https:\/\/www.senaatti.fi\/asema-alueet\/wp-json\/wp\/v2\/media?parent=2010"}],"wp:term":[{"taxonomy":"senaatti_type","embeddable":true,"href":"https:\/\/www.senaatti.fi\/asema-alueet\/wp-json\/wp\/v2\/senaatti_type?post=2010"}],"curies":[{"name":"wp","href":"https:\/\/api.w.org\/{rel}","templated":true}]}}