{"id":2007,"date":"2025-08-29T13:03:27","date_gmt":"2025-08-29T13:03:27","guid":{"rendered":"https:\/\/www.senaatti.fi\/asema-alueet\/?p=2007"},"modified":"2025-09-04T13:04:49","modified_gmt":"2025-09-04T13:04:49","slug":"kauniaisten-asemanseudun-uudistaminen-kaynnistyy","status":"publish","type":"post","link":"https:\/\/www.senaatti.fi\/asema-alueet\/ajankohtaista\/uutiset\/kauniaisten-asemanseudun-uudistaminen-kaynnistyy\/","title":{"rendered":"Kauniaisten asemanseudun uudistaminen k\u00e4ynnistyy"},"content":{"rendered":"<p>Kilpailussa alueelle etsit\u00e4\u00e4n korkeatasoista ja monipuolista ratkaisua, joka yhdist\u00e4\u00e4 uudet asuin-, liike- ja palvelutilat sek\u00e4 toiminnaltaan uudistetun historiallisen asemarakennuksen. Samalla jalankulun ja py\u00f6r\u00e4ilyn yhteyksi\u00e4 selkeytet\u00e4\u00e4n ja yleisten alueiden viihtyisyytt\u00e4 parannetaan, jotta asemanseudusta muodostuu entist\u00e4 houkuttelevampi osa keskustaa.<\/p>\n<p>\u201cKauniaisten asemanseutu on historiallisesti merkitt\u00e4v\u00e4 alue, joka on ollut t\u00e4rke\u00e4 osa kaupungin identiteetti\u00e4 jo yli vuosisadan ajan. Alueen uudistuminen yhdist\u00e4\u00e4 hienolla tavalla asumisen, palvelut ja suojellun asemarakennuksen. Tavoitteena on luoda viihtyis\u00e4 ja elinvoimainen ymp\u00e4rist\u00f6, joka palvelee asukkaita ja vahvistaa Kauniaisten keskustan vetovoimaa my\u00f6s tulevaisuudessa\u201d, sanoo Senaatin Asema-alueet Oy:n kiinteist\u00f6kehitysp\u00e4\u00e4llikk\u00f6 <strong>Antti-Ville Haapanen<\/strong>.<\/p>\n<h2>Asemanseudun alue n\u00e4hd\u00e4\u00e4n t\u00e4rke\u00e4n\u00e4 osana kaupungin kehittymist\u00e4<\/h2>\n<p>Asemanseudun kaava on valittu Kauniaisten kaupungin strategiassa 2023\u20132030 yhdeksi kaupunkisuunnittelussa priorisoitavaksi kaavahankkeeksi. Kaavamuutoksen ja kilpailun my\u00f6t\u00e4 alueen maisemakuva tulee muuttumaan merkitt\u00e4v\u00e4sti, vaikka sen keskeiset kulttuuriymp\u00e4rist\u00f6lliset arvot s\u00e4ilytet\u00e4\u00e4n.<\/p>\n<p>Alueen uudistuminen tukee Espoon kaupunkiratahanketta, jossa rakennetaan uusi raidepari Lepp\u00e4vaarasta Kauklahteen. Lis\u00e4ksi alueella toteutetaan erillishankkeita, kuten Rantaradanbaana kevyelle liikenteelle sek\u00e4 uusia yli- ja alikulkuja radan yhteyteen.<\/p>\n<p><strong>Lis\u00e4tietoja<\/strong><\/p>\n<p>Senaatti-kiinteist\u00f6t<br \/>\nAntti-Ville Haapanen, <a href=\"mailto:antti-ville.haapanen@senaatti.fi\">antti-ville.haapanen@senaatti.fi<\/a>, puh. 0406434022<\/p>\n","protected":false},"excerpt":{"rendered":"<p>Kilpailussa alueelle etsit\u00e4\u00e4n korkeatasoista ja monipuolista ratkaisua, joka yhdist\u00e4\u00e4 uudet asuin-, liike- ja palvelutilat sek\u00e4 toiminnaltaan uudistetun historiallisen asemarakennuksen. Samalla jalankulun ja py\u00f6r\u00e4ilyn yhteyksi\u00e4 selkeytet\u00e4\u00e4n ja yleisten alueiden viihtyisyytt\u00e4 parannetaan, jotta asemanseudusta muodostuu entist\u00e4 houkuttelevampi osa keskustaa. \u201cKauniaisten asemanseutu on historiallisesti merkitt\u00e4v\u00e4 alue, joka on ollut t\u00e4rke\u00e4 osa kaupungin identiteetti\u00e4 jo yli vuosisadan ajan. Alueen [&hellip;]<\/p>\n","protected":false},"author":16,"featured_media":822,"comment_status":"closed","ping_status":"closed","sticky":false,"template":"","format":"standard","meta":{"_acf_changed":false,"footnotes":""},"senaatti_type":[],"class_list":["post-2007","post","type-post","status-publish","format-standard","has-post-thumbnail","hentry"],"acf":[],"yoast_head":"<!-- This site is optimized with the Yoast SEO plugin v27.3 - https:\/\/yoast.com\/product\/yoast-seo-wordpress\/ -->\n<title>Kauniaisten asemanseudun uudistaminen k\u00e4ynnistyy - Senaatti<\/title>\n<meta name=\"description\" content=\"Kilpailussa alueelle etsit\u00e4\u00e4n korkeatasoista ja monipuolista ratkaisua, joka yhdist\u00e4\u00e4 uudet asuin-, liike- ja palvelutilat sek\u00e4 toiminnaltaan uudistetun\" \/>\n<meta name=\"robots\" content=\"index, follow, max-snippet:-1, max-image-preview:large, max-video-preview:-1\" \/>\n<link rel=\"canonical\" href=\"https:\/\/www.senaatti.fi\/asema-alueet\/ajankohtaista\/uutiset\/kauniaisten-asemanseudun-uudistaminen-kaynnistyy\/\" \/>\n<meta property=\"og:locale\" content=\"fi_FI\" \/>\n<meta property=\"og:type\" content=\"article\" \/>\n<meta property=\"og:title\" content=\"Kauniaisten asemanseudun uudistaminen k\u00e4ynnistyy - Senaatti\" \/>\n<meta property=\"og:description\" content=\"Kilpailussa alueelle etsit\u00e4\u00e4n korkeatasoista ja monipuolista ratkaisua, joka yhdist\u00e4\u00e4 uudet asuin-, liike- ja palvelutilat sek\u00e4 toiminnaltaan uudistetun\" \/>\n<meta property=\"og:url\" content=\"https:\/\/www.senaatti.fi\/asema-alueet\/ajankohtaista\/uutiset\/kauniaisten-asemanseudun-uudistaminen-kaynnistyy\/\" \/>\n<meta property=\"og:site_name\" content=\"Senaatti\" \/>\n<meta property=\"article:published_time\" content=\"2025-08-29T13:03:27+00:00\" \/>\n<meta property=\"article:modified_time\" content=\"2025-09-04T13:04:49+00:00\" \/>\n<meta property=\"og:image\" content=\"https:\/\/www.senaatti.fi\/app\/uploads\/sites\/6\/2019\/09\/Kauniainen_16260_11-1024x683.jpg\" \/>\n\t<meta property=\"og:image:width\" content=\"1024\" \/>\n\t<meta property=\"og:image:height\" content=\"683\" \/>\n\t<meta property=\"og:image:type\" content=\"image\/jpeg\" \/>\n<meta name=\"author\" content=\"Andreas Ylijarvi\" \/>\n<meta name=\"twitter:card\" content=\"summary_large_image\" \/>\n<meta name=\"twitter:label1\" content=\"Written by\" \/>\n\t<meta name=\"twitter:data1\" content=\"Andreas Ylijarvi\" \/>\n\t<meta name=\"twitter:label2\" content=\"Est. reading time\" \/>\n\t<meta name=\"twitter:data2\" content=\"2 minuuttia\" \/>\n<script type=\"application\/ld+json\" class=\"yoast-schema-graph\">{\"@context\":\"https:\\\/\\\/schema.org\",\"@graph\":[{\"@type\":\"Article\",\"@id\":\"https:\\\/\\\/www.senaatti.fi\\\/asema-alueet\\\/ajankohtaista\\\/uutiset\\\/kauniaisten-asemanseudun-uudistaminen-kaynnistyy\\\/#article\",\"isPartOf\":{\"@id\":\"https:\\\/\\\/www.senaatti.fi\\\/asema-alueet\\\/ajankohtaista\\\/uutiset\\\/kauniaisten-asemanseudun-uudistaminen-kaynnistyy\\\/\"},\"author\":{\"name\":\"Andreas Ylijarvi\",\"@id\":\"https:\\\/\\\/www.senaatti.fi\\\/asema-alueet\\\/#\\\/schema\\\/person\\\/19ebcd857f41fa4cf02102cd128abc46\"},\"headline\":\"Kauniaisten asemanseudun uudistaminen k\u00e4ynnistyy\",\"datePublished\":\"2025-08-29T13:03:27+00:00\",\"dateModified\":\"2025-09-04T13:04:49+00:00\",\"mainEntityOfPage\":{\"@id\":\"https:\\\/\\\/www.senaatti.fi\\\/asema-alueet\\\/ajankohtaista\\\/uutiset\\\/kauniaisten-asemanseudun-uudistaminen-kaynnistyy\\\/\"},\"wordCount\":187,\"image\":{\"@id\":\"https:\\\/\\\/www.senaatti.fi\\\/asema-alueet\\\/ajankohtaista\\\/uutiset\\\/kauniaisten-asemanseudun-uudistaminen-kaynnistyy\\\/#primaryimage\"},\"thumbnailUrl\":\"https:\\\/\\\/www.senaatti.fi\\\/app\\\/uploads\\\/sites\\\/6\\\/2019\\\/09\\\/Kauniainen_16260_11.jpg\",\"inLanguage\":\"fi\"},{\"@type\":\"WebPage\",\"@id\":\"https:\\\/\\\/www.senaatti.fi\\\/asema-alueet\\\/ajankohtaista\\\/uutiset\\\/kauniaisten-asemanseudun-uudistaminen-kaynnistyy\\\/\",\"url\":\"https:\\\/\\\/www.senaatti.fi\\\/asema-alueet\\\/ajankohtaista\\\/uutiset\\\/kauniaisten-asemanseudun-uudistaminen-kaynnistyy\\\/\",\"name\":\"Kauniaisten asemanseudun uudistaminen k\u00e4ynnistyy - Senaatti\",\"isPartOf\":{\"@id\":\"https:\\\/\\\/www.senaatti.fi\\\/asema-alueet\\\/#website\"},\"primaryImageOfPage\":{\"@id\":\"https:\\\/\\\/www.senaatti.fi\\\/asema-alueet\\\/ajankohtaista\\\/uutiset\\\/kauniaisten-asemanseudun-uudistaminen-kaynnistyy\\\/#primaryimage\"},\"image\":{\"@id\":\"https:\\\/\\\/www.senaatti.fi\\\/asema-alueet\\\/ajankohtaista\\\/uutiset\\\/kauniaisten-asemanseudun-uudistaminen-kaynnistyy\\\/#primaryimage\"},\"thumbnailUrl\":\"https:\\\/\\\/www.senaatti.fi\\\/app\\\/uploads\\\/sites\\\/6\\\/2019\\\/09\\\/Kauniainen_16260_11.jpg\",\"datePublished\":\"2025-08-29T13:03:27+00:00\",\"dateModified\":\"2025-09-04T13:04:49+00:00\",\"author\":{\"@id\":\"https:\\\/\\\/www.senaatti.fi\\\/asema-alueet\\\/#\\\/schema\\\/person\\\/19ebcd857f41fa4cf02102cd128abc46\"},\"description\":\"Kilpailussa alueelle etsit\u00e4\u00e4n korkeatasoista ja monipuolista ratkaisua, joka yhdist\u00e4\u00e4 uudet asuin-, liike- ja palvelutilat sek\u00e4 toiminnaltaan uudistetun\",\"breadcrumb\":{\"@id\":\"https:\\\/\\\/www.senaatti.fi\\\/asema-alueet\\\/ajankohtaista\\\/uutiset\\\/kauniaisten-asemanseudun-uudistaminen-kaynnistyy\\\/#breadcrumb\"},\"inLanguage\":\"fi\",\"potentialAction\":[{\"@type\":\"ReadAction\",\"target\":[\"https:\\\/\\\/www.senaatti.fi\\\/asema-alueet\\\/ajankohtaista\\\/uutiset\\\/kauniaisten-asemanseudun-uudistaminen-kaynnistyy\\\/\"]}]},{\"@type\":\"ImageObject\",\"inLanguage\":\"fi\",\"@id\":\"https:\\\/\\\/www.senaatti.fi\\\/asema-alueet\\\/ajankohtaista\\\/uutiset\\\/kauniaisten-asemanseudun-uudistaminen-kaynnistyy\\\/#primaryimage\",\"url\":\"https:\\\/\\\/www.senaatti.fi\\\/app\\\/uploads\\\/sites\\\/6\\\/2019\\\/09\\\/Kauniainen_16260_11.jpg\",\"contentUrl\":\"https:\\\/\\\/www.senaatti.fi\\\/app\\\/uploads\\\/sites\\\/6\\\/2019\\\/09\\\/Kauniainen_16260_11.jpg\",\"width\":5926,\"height\":3951,\"caption\":\"Kauniaisten asema-alue ilmakuvassa.\"},{\"@type\":\"BreadcrumbList\",\"@id\":\"https:\\\/\\\/www.senaatti.fi\\\/asema-alueet\\\/ajankohtaista\\\/uutiset\\\/kauniaisten-asemanseudun-uudistaminen-kaynnistyy\\\/#breadcrumb\",\"itemListElement\":[{\"@type\":\"ListItem\",\"position\":1,\"name\":\"Etusivu\",\"item\":\"https:\\\/\\\/www.senaatti.fi\\\/asema-alueet\\\/\"},{\"@type\":\"ListItem\",\"position\":2,\"name\":\"Kauniaisten asemanseudun uudistaminen k\u00e4ynnistyy\"}]},{\"@type\":\"WebSite\",\"@id\":\"https:\\\/\\\/www.senaatti.fi\\\/asema-alueet\\\/#website\",\"url\":\"https:\\\/\\\/www.senaatti.fi\\\/asema-alueet\\\/\",\"name\":\"Asema-alueet\",\"description\":\"Senaatin Asema-alueet\",\"potentialAction\":[{\"@type\":\"SearchAction\",\"target\":{\"@type\":\"EntryPoint\",\"urlTemplate\":\"https:\\\/\\\/www.senaatti.fi\\\/asema-alueet\\\/?s={search_term_string}\"},\"query-input\":{\"@type\":\"PropertyValueSpecification\",\"valueRequired\":true,\"valueName\":\"search_term_string\"}}],\"inLanguage\":\"fi\"},{\"@type\":\"Person\",\"@id\":\"https:\\\/\\\/www.senaatti.fi\\\/asema-alueet\\\/#\\\/schema\\\/person\\\/19ebcd857f41fa4cf02102cd128abc46\",\"name\":\"Andreas Ylijarvi\",\"image\":{\"@type\":\"ImageObject\",\"inLanguage\":\"fi\",\"@id\":\"https:\\\/\\\/secure.gravatar.com\\\/avatar\\\/da48797f91660605745175abd9fe82263292008bf52cf452340b960fcdab186f?s=96&d=mm&r=g\",\"url\":\"https:\\\/\\\/secure.gravatar.com\\\/avatar\\\/da48797f91660605745175abd9fe82263292008bf52cf452340b960fcdab186f?s=96&d=mm&r=g\",\"contentUrl\":\"https:\\\/\\\/secure.gravatar.com\\\/avatar\\\/da48797f91660605745175abd9fe82263292008bf52cf452340b960fcdab186f?s=96&d=mm&r=g\",\"caption\":\"Andreas Ylijarvi\"}}]}<\/script>\n<!-- \/ Yoast SEO plugin. -->","yoast_head_json":{"title":"Kauniaisten asemanseudun uudistaminen k\u00e4ynnistyy - Senaatti","description":"Kilpailussa alueelle etsit\u00e4\u00e4n korkeatasoista ja monipuolista ratkaisua, joka yhdist\u00e4\u00e4 uudet asuin-, liike- ja palvelutilat sek\u00e4 toiminnaltaan uudistetun","robots":{"index":"index","follow":"follow","max-snippet":"max-snippet:-1","max-image-preview":"max-image-preview:large","max-video-preview":"max-video-preview:-1"},"canonical":"https:\/\/www.senaatti.fi\/asema-alueet\/ajankohtaista\/uutiset\/kauniaisten-asemanseudun-uudistaminen-kaynnistyy\/","og_locale":"fi_FI","og_type":"article","og_title":"Kauniaisten asemanseudun uudistaminen k\u00e4ynnistyy - Senaatti","og_description":"Kilpailussa alueelle etsit\u00e4\u00e4n korkeatasoista ja monipuolista ratkaisua, joka yhdist\u00e4\u00e4 uudet asuin-, liike- ja palvelutilat sek\u00e4 toiminnaltaan uudistetun","og_url":"https:\/\/www.senaatti.fi\/asema-alueet\/ajankohtaista\/uutiset\/kauniaisten-asemanseudun-uudistaminen-kaynnistyy\/","og_site_name":"Senaatti","article_published_time":"2025-08-29T13:03:27+00:00","article_modified_time":"2025-09-04T13:04:49+00:00","og_image":[{"width":1024,"height":683,"url":"https:\/\/www.senaatti.fi\/app\/uploads\/sites\/6\/2019\/09\/Kauniainen_16260_11-1024x683.jpg","type":"image\/jpeg"}],"author":"Andreas Ylijarvi","twitter_card":"summary_large_image","twitter_misc":{"Written by":"Andreas Ylijarvi","Est. reading time":"2 minuuttia"},"schema":{"@context":"https:\/\/schema.org","@graph":[{"@type":"Article","@id":"https:\/\/www.senaatti.fi\/asema-alueet\/ajankohtaista\/uutiset\/kauniaisten-asemanseudun-uudistaminen-kaynnistyy\/#article","isPartOf":{"@id":"https:\/\/www.senaatti.fi\/asema-alueet\/ajankohtaista\/uutiset\/kauniaisten-asemanseudun-uudistaminen-kaynnistyy\/"},"author":{"name":"Andreas Ylijarvi","@id":"https:\/\/www.senaatti.fi\/asema-alueet\/#\/schema\/person\/19ebcd857f41fa4cf02102cd128abc46"},"headline":"Kauniaisten asemanseudun uudistaminen k\u00e4ynnistyy","datePublished":"2025-08-29T13:03:27+00:00","dateModified":"2025-09-04T13:04:49+00:00","mainEntityOfPage":{"@id":"https:\/\/www.senaatti.fi\/asema-alueet\/ajankohtaista\/uutiset\/kauniaisten-asemanseudun-uudistaminen-kaynnistyy\/"},"wordCount":187,"image":{"@id":"https:\/\/www.senaatti.fi\/asema-alueet\/ajankohtaista\/uutiset\/kauniaisten-asemanseudun-uudistaminen-kaynnistyy\/#primaryimage"},"thumbnailUrl":"https:\/\/www.senaatti.fi\/app\/uploads\/sites\/6\/2019\/09\/Kauniainen_16260_11.jpg","inLanguage":"fi"},{"@type":"WebPage","@id":"https:\/\/www.senaatti.fi\/asema-alueet\/ajankohtaista\/uutiset\/kauniaisten-asemanseudun-uudistaminen-kaynnistyy\/","url":"https:\/\/www.senaatti.fi\/asema-alueet\/ajankohtaista\/uutiset\/kauniaisten-asemanseudun-uudistaminen-kaynnistyy\/","name":"Kauniaisten asemanseudun uudistaminen k\u00e4ynnistyy - Senaatti","isPartOf":{"@id":"https:\/\/www.senaatti.fi\/asema-alueet\/#website"},"primaryImageOfPage":{"@id":"https:\/\/www.senaatti.fi\/asema-alueet\/ajankohtaista\/uutiset\/kauniaisten-asemanseudun-uudistaminen-kaynnistyy\/#primaryimage"},"image":{"@id":"https:\/\/www.senaatti.fi\/asema-alueet\/ajankohtaista\/uutiset\/kauniaisten-asemanseudun-uudistaminen-kaynnistyy\/#primaryimage"},"thumbnailUrl":"https:\/\/www.senaatti.fi\/app\/uploads\/sites\/6\/2019\/09\/Kauniainen_16260_11.jpg","datePublished":"2025-08-29T13:03:27+00:00","dateModified":"2025-09-04T13:04:49+00:00","author":{"@id":"https:\/\/www.senaatti.fi\/asema-alueet\/#\/schema\/person\/19ebcd857f41fa4cf02102cd128abc46"},"description":"Kilpailussa alueelle etsit\u00e4\u00e4n korkeatasoista ja monipuolista ratkaisua, joka yhdist\u00e4\u00e4 uudet asuin-, liike- ja palvelutilat sek\u00e4 toiminnaltaan uudistetun","breadcrumb":{"@id":"https:\/\/www.senaatti.fi\/asema-alueet\/ajankohtaista\/uutiset\/kauniaisten-asemanseudun-uudistaminen-kaynnistyy\/#breadcrumb"},"inLanguage":"fi","potentialAction":[{"@type":"ReadAction","target":["https:\/\/www.senaatti.fi\/asema-alueet\/ajankohtaista\/uutiset\/kauniaisten-asemanseudun-uudistaminen-kaynnistyy\/"]}]},{"@type":"ImageObject","inLanguage":"fi","@id":"https:\/\/www.senaatti.fi\/asema-alueet\/ajankohtaista\/uutiset\/kauniaisten-asemanseudun-uudistaminen-kaynnistyy\/#primaryimage","url":"https:\/\/www.senaatti.fi\/app\/uploads\/sites\/6\/2019\/09\/Kauniainen_16260_11.jpg","contentUrl":"https:\/\/www.senaatti.fi\/app\/uploads\/sites\/6\/2019\/09\/Kauniainen_16260_11.jpg","width":5926,"height":3951,"caption":"Kauniaisten asema-alue ilmakuvassa."},{"@type":"BreadcrumbList","@id":"https:\/\/www.senaatti.fi\/asema-alueet\/ajankohtaista\/uutiset\/kauniaisten-asemanseudun-uudistaminen-kaynnistyy\/#breadcrumb","itemListElement":[{"@type":"ListItem","position":1,"name":"Etusivu","item":"https:\/\/www.senaatti.fi\/asema-alueet\/"},{"@type":"ListItem","position":2,"name":"Kauniaisten asemanseudun uudistaminen k\u00e4ynnistyy"}]},{"@type":"WebSite","@id":"https:\/\/www.senaatti.fi\/asema-alueet\/#website","url":"https:\/\/www.senaatti.fi\/asema-alueet\/","name":"Asema-alueet","description":"Senaatin Asema-alueet","potentialAction":[{"@type":"SearchAction","target":{"@type":"EntryPoint","urlTemplate":"https:\/\/www.senaatti.fi\/asema-alueet\/?s={search_term_string}"},"query-input":{"@type":"PropertyValueSpecification","valueRequired":true,"valueName":"search_term_string"}}],"inLanguage":"fi"},{"@type":"Person","@id":"https:\/\/www.senaatti.fi\/asema-alueet\/#\/schema\/person\/19ebcd857f41fa4cf02102cd128abc46","name":"Andreas Ylijarvi","image":{"@type":"ImageObject","inLanguage":"fi","@id":"https:\/\/secure.gravatar.com\/avatar\/da48797f91660605745175abd9fe82263292008bf52cf452340b960fcdab186f?s=96&d=mm&r=g","url":"https:\/\/secure.gravatar.com\/avatar\/da48797f91660605745175abd9fe82263292008bf52cf452340b960fcdab186f?s=96&d=mm&r=g","contentUrl":"https:\/\/secure.gravatar.com\/avatar\/da48797f91660605745175abd9fe82263292008bf52cf452340b960fcdab186f?s=96&d=mm&r=g","caption":"Andreas Ylijarvi"}}]}},"lang":"fi","translations":{"fi":2007},"pll_sync_post":[],"_links":{"self":[{"href":"https:\/\/www.senaatti.fi\/asema-alueet\/wp-json\/wp\/v2\/posts\/2007","targetHints":{"allow":["GET"]}}],"collection":[{"href":"https:\/\/www.senaatti.fi\/asema-alueet\/wp-json\/wp\/v2\/posts"}],"about":[{"href":"https:\/\/www.senaatti.fi\/asema-alueet\/wp-json\/wp\/v2\/types\/post"}],"author":[{"embeddable":true,"href":"https:\/\/www.senaatti.fi\/asema-alueet\/wp-json\/wp\/v2\/users\/16"}],"replies":[{"embeddable":true,"href":"https:\/\/www.senaatti.fi\/asema-alueet\/wp-json\/wp\/v2\/comments?post=2007"}],"version-history":[{"count":1,"href":"https:\/\/www.senaatti.fi\/asema-alueet\/wp-json\/wp\/v2\/posts\/2007\/revisions"}],"predecessor-version":[{"id":2008,"href":"https:\/\/www.senaatti.fi\/asema-alueet\/wp-json\/wp\/v2\/posts\/2007\/revisions\/2008"}],"wp:featuredmedia":[{"embeddable":true,"href":"https:\/\/www.senaatti.fi\/asema-alueet\/wp-json\/wp\/v2\/media\/822"}],"wp:attachment":[{"href":"https:\/\/www.senaatti.fi\/asema-alueet\/wp-json\/wp\/v2\/media?parent=2007"}],"wp:term":[{"taxonomy":"senaatti_type","embeddable":true,"href":"https:\/\/www.senaatti.fi\/asema-alueet\/wp-json\/wp\/v2\/senaatti_type?post=2007"}],"curies":[{"name":"wp","href":"https:\/\/api.w.org\/{rel}","templated":true}]}}