{"id":1740,"date":"2023-12-28T01:00:35","date_gmt":"2023-12-28T01:00:35","guid":{"rendered":"https:\/\/www.senaatti.fi\/asema-alueet\/?p=1740"},"modified":"2023-12-28T12:16:08","modified_gmt":"2023-12-28T12:16:08","slug":"oulun-asemakeskusta-koskeva-kiinteistokauppa-on-allekirjoitettu","status":"publish","type":"post","link":"https:\/\/www.senaatti.fi\/asema-alueet\/ajankohtaista\/uutiset\/oulun-asemakeskusta-koskeva-kiinteistokauppa-on-allekirjoitettu\/","title":{"rendered":"Oulun Asemakeskusta koskeva kiinteist\u00f6kauppa on allekirjoitettu"},"content":{"rendered":"<p><strong>Senaatin Asema-alueet Oy ja Oulun kaupunki ovat allekirjoittaneet torstaina 28.12.2023 lopullisen kiinteist\u00f6kaupan koskien Asemakeskuksen aluetta. Kiinteist\u00f6kaupan my\u00f6t\u00e4 Oulun kaupungin omistukseen siirtyy junaradan it\u00e4puolella oleva maa-alue ja alueella sijaitsevat linja-autoaseman rakennukset. Kauppahinta oli 14 miljoonaa euroa.<\/strong><\/p>\n<p>\u201dAsemakeskuksen kehitt\u00e4misess\u00e4 on vuosien aikana n\u00e4hty monia vaiheita, ja tavoitteenamme on ollut alueen toteutuminen ja kaupunkikeskustan kehittyminen. Nyt kaupunki p\u00e4\u00e4see jatkamaan t\u00e4t\u00e4 ty\u00f6t\u00e4 ja toivotamme my\u00f6t\u00e4tuulta alueen kehitt\u00e4miseen, toivottavasti kuokka p\u00e4\u00e4st\u00e4\u00e4n iskem\u00e4\u00e4n maahan mahdollisimman pian\u201d, sanoo Senaatin Asema-alueet Oy:n kiinteist\u00f6kehitysp\u00e4\u00e4llikk\u00f6 <strong>Janne Marttinen<\/strong>.<\/p>\n<p>\u201dKiinteist\u00f6kauppa antaa enemm\u00e4n joustovaraa asema-alueen suunnitteluun ja parantaa kaupungin mahdollisuuksia kehitt\u00e4\u00e4 Raksilan kaupunginosaa kokonaisuutena. Asemakeskuksen, el\u00e4mysareenan, marketalueen ja Raksilan urheilukeskuksen muodostaman alueen kehitt\u00e4minen tulee olemaan yksi suurimmista kaupunkirakenteen muutoksista, joita Oulussa tullaan tekem\u00e4\u00e4n vuosikymmeniin\u201d, kertoo Oulun kaupunkiymp\u00e4rist\u00f6johtaja <strong>Marko Kilpel\u00e4inen.<\/strong><\/p>\n<p>\u201dOlemme p\u00e4\u00e4sseet Oulun Asemakeskuksen osalta tavoitteeseemme, sill\u00e4 yhti\u00f6mme teht\u00e4v\u00e4n\u00e4 on keskitty\u00e4 asema-alueiden kehitt\u00e4miseen ja helpottaa niiden monipuolista hy\u00f6dynt\u00e4mist\u00e4 asuntorakentamisessa, liiketoiminnassa ja liikenteen solmukohtina. Tavoitteenamme on myyd\u00e4 kehitt\u00e4m\u00e4mme asema-alueet. Oulun Asemakeskuksen toteutuksesta tehdyt suunnitelmat ja kiinteist\u00f6kauppa kaupungin kanssa takaa parhaat mahdollisuudet alueen kehittymiseen\u201d, sanoo Senaatin Asema-alueet Oy:n toimitusjohtaja <strong>Marko H\u00e4rk\u00f6nen<\/strong>.<\/p>\n<p>Kaupunki jatkaa Asemakeskuksen alueen suunnittelua arkkitehtuurikilpailun ideoiden ja asemakaavaluonnoksen pohjalta. Alueesta kehitet\u00e4\u00e4n liikenteen solmukohtaa, jossa liikennepalveluihin ja matkaketjuihin yhdistyv\u00e4t liiketilat, ty\u00f6paikat, majoitus sek\u00e4 asuminen.<\/p>\n<p>\u201dAsemakeskuksesta on tarkoitus rakentaa maamerkkim\u00e4inen kokonaisuus, joka on arkkitehtonisesti korkeatasoinen ja kiinnostava. N\u00e4in keskeisen kaupunkitilan muutoksessa korostuu my\u00f6s rakentamisen laatu, jonka toteutuminen varmistetaan huolellisella suunnittelulla. Alueen jatkokehitykselle on olemassa eritt\u00e4in hyv\u00e4t l\u00e4ht\u00f6kohdat\u201d, toteaa Oulun kaavoitusjohtaja <strong>Kari Nyk\u00e4nen<\/strong>.<\/p>\n<p><strong>Kuvia Asemakeskuksen alueesta ja hankkeen toimijoista:<\/strong><\/p>\n<p><a href=\"https:\/\/mediapankki.ouka.fi\/pub\/collection\/41cea1ba6aa0147d3ae2cebbd41a41ca?locale=fi\">https:\/\/mediapankki.ouka.fi\/pub\/collection\/41cea1ba6aa0147d3ae2cebbd41a41ca?locale=fi<\/a><\/p>\n<p><strong>Lis\u00e4tiedot:<\/strong><\/p>\n<p>Toimitusjohtaja Marko H\u00e4rk\u00f6nen, Senaatin Asema-alueet Oy, <a href=\"mailto:marko.harkonen@senaatti.fi\">marko.harkonen@senaatti.fi<\/a>, puh. 040 546 6627<\/p>\n<p>Kiinteist\u00f6kehitysp\u00e4\u00e4llikk\u00f6 Janne Marttinen, Senaatin Asema-alueet Oy, <a href=\"mailto:janne.marttinen@senaatti.fi\">janne.marttinen@senaatti.fi<\/a>, puh. 040 867 4667<\/p>\n<p>Kaupunkiymp\u00e4rist\u00f6johtaja Marko Kilpel\u00e4inen, Oulun kaupunki, puh. 040 513 3650<\/p>\n<p>Kaavoitusjohtaja Kari Nyk\u00e4nen, Oulun kaupunki, <a href=\"mailto:kari.p.nykanen@ouka.fi\">kari.p.nykanen@ouka.fi<\/a>, puh. 040 663 7760<\/p>\n<p><strong>Yhteenveto Oulun Asemakeskuksen alueen kehitt\u00e4misen vaiheista<\/strong><\/p>\n<p><strong>Vuonna 2016<\/strong> Asemakeskuksen alueen kehitt\u00e4minen alkoi arkkitehtuurikilpailulla, jonka Oulun kaupunki j\u00e4rjesti yhdess\u00e4 V\u00e4yl\u00e4viraston, Senaatti-kiinteist\u00f6jen sek\u00e4 VR-Yhtym\u00e4 Oy:n kanssa. Kilpailussa arkkitehdit saivat kuvata omat visionsa kaupungin keskeisell\u00e4 paikalla olevan alueen tulevaisuudesta. Kilpailun voitti Tervatynnyrit-niminen ehdotus, johon koko alueen my\u00f6hempi kehitt\u00e4minen ja asemakaavaluonnos pohjautuvat.<\/p>\n<p><strong>Vuonna 2019<\/strong> Senaatin Asema-alueet Oy, Senaatti-kiinteist\u00f6t ja Oulun kaupunki solmivat aiesopimuksen asema-alueen kehitt\u00e4misest\u00e4. Aiesopimuksella sovittiin asema-alueen kehitt\u00e4misen yleisist\u00e4 tavoitteista sek\u00e4 maank\u00e4yt\u00f6n ja liikenteen yleissuunnittelun kustannusjaosta. Kehitt\u00e4mist\u00e4 on viety eteenp\u00e4in aiesopimukseen kirjattujen tavoitteiden mukaisesti.<\/p>\n<p><strong>Vuonna 2021<\/strong> j\u00e4rjestettiin markkinavuoropuhelu Oulun Asemakeskuksen suunnittelu- ja tontinluovutuskilpailun toteuttamisesta. Markkinavuoropuhelussa kuultiin alueen rakentamisesta kiinnostuneita toteuttajia ja heid\u00e4n n\u00e4kemyksi\u00e4\u00e4n alueen toteuttamisen reunaehdoista.<\/p>\n<p>Senaatin Asema-alueet Oy ja Oulun kaupunki solmivat kiinteist\u00f6kaupan poliisi- ja oikeustalon tontista.<\/p>\n<p><strong>Vuonna 2022<\/strong> Senaatin Asema-alueet Oy ja Oulun kaupunki allekirjoittivat aluetta koskevan yhteistoimintasopimuksen, jossa sovittiin maank\u00e4yt\u00f6llisten tavoitteiden lis\u00e4ksi Asemakeskuksen alueen suunnittelun ja toteutuksen aikaisesta yhteisty\u00f6st\u00e4, kustannusjaoista ja muista vastuista. Yhteistoimintasopimuksen pohjalta Senaatin Asema-alueet Oy j\u00e4rjesti Oulun kaupungin kanssa yhteisty\u00f6ss\u00e4 avoimen suunnittelu- ja tontinluovutuskilpailun, jonka kautta haettiin alueen kehitt\u00e4j\u00e4kumppaneita. Kilpailuun ei saatu kilpailuehtoja t\u00e4ytt\u00e4v\u00e4\u00e4 ehdotusta. Suunnittelu- ja tontinluovutuskilpailun p\u00e4\u00e4ttymisen j\u00e4lkeen Senaatin Asema-alueet Oy ja Oulun kaupunki tekiv\u00e4t uuden toimintasuunnitelman Asemakeskuksen alueen kehitt\u00e4miseksi.<\/p>\n<p><strong>Syksyll\u00e4 2023<\/strong> Senaatin Asema-alueet Oy ja Oulun kaupunki neuvottelivat sopimuksen Asemakeskuksen aluetta koskevasta kiinteist\u00f6kaupasta. Oulun kaupunginvaltuusto my\u00f6nsi lis\u00e4m\u00e4\u00e4r\u00e4rahan kiinteist\u00f6kauppaa varten 13.11.2023. Kiinteist\u00f6kauppa allekirjoitettiin 28.12.2023.<\/p>\n","protected":false},"excerpt":{"rendered":"<p>Senaatin Asema-alueet Oy ja Oulun kaupunki ovat allekirjoittaneet torstaina 28.12.2023 lopullisen kiinteist\u00f6kaupan koskien Asemakeskuksen aluetta. Kiinteist\u00f6kaupan my\u00f6t\u00e4 Oulun kaupungin omistukseen siirtyy junaradan it\u00e4puolella oleva maa-alue ja alueella sijaitsevat linja-autoaseman rakennukset. Kauppahinta oli 14 miljoonaa euroa. \u201dAsemakeskuksen kehitt\u00e4misess\u00e4 on vuosien aikana n\u00e4hty monia vaiheita, ja tavoitteenamme on ollut alueen toteutuminen ja kaupunkikeskustan kehittyminen. Nyt kaupunki p\u00e4\u00e4see [&hellip;]<\/p>\n","protected":false},"author":16,"featured_media":1419,"comment_status":"open","ping_status":"open","sticky":false,"template":"","format":"standard","meta":{"_acf_changed":false,"footnotes":""},"senaatti_type":[],"class_list":["post-1740","post","type-post","status-publish","format-standard","has-post-thumbnail","hentry"],"acf":[],"yoast_head":"<!-- This site is optimized with the Yoast SEO plugin v27.3 - https:\/\/yoast.com\/product\/yoast-seo-wordpress\/ -->\n<title>Oulun Asemakeskusta koskeva kiinteist\u00f6kauppa on allekirjoitettu - Senaatti<\/title>\n<meta name=\"description\" content=\"Senaatin Asema-alueet Oy ja Oulun kaupunki ovat allekirjoittaneet torstaina 28.12.2023 lopullisen kiinteist\u00f6kaupan koskien Asemakeskuksen aluetta.\" \/>\n<meta name=\"robots\" content=\"index, follow, max-snippet:-1, max-image-preview:large, max-video-preview:-1\" \/>\n<link rel=\"canonical\" href=\"https:\/\/www.senaatti.fi\/asema-alueet\/ajankohtaista\/uutiset\/oulun-asemakeskusta-koskeva-kiinteistokauppa-on-allekirjoitettu\/\" \/>\n<meta property=\"og:locale\" content=\"fi_FI\" \/>\n<meta property=\"og:type\" content=\"article\" \/>\n<meta property=\"og:title\" content=\"Oulun Asemakeskusta koskeva kiinteist\u00f6kauppa on allekirjoitettu - Senaatti\" \/>\n<meta property=\"og:description\" content=\"Senaatin Asema-alueet Oy ja Oulun kaupunki ovat allekirjoittaneet torstaina 28.12.2023 lopullisen kiinteist\u00f6kaupan koskien Asemakeskuksen aluetta.\" \/>\n<meta property=\"og:url\" content=\"https:\/\/www.senaatti.fi\/asema-alueet\/ajankohtaista\/uutiset\/oulun-asemakeskusta-koskeva-kiinteistokauppa-on-allekirjoitettu\/\" \/>\n<meta property=\"og:site_name\" content=\"Senaatti\" \/>\n<meta property=\"article:published_time\" content=\"2023-12-28T01:00:35+00:00\" \/>\n<meta property=\"article:modified_time\" content=\"2023-12-28T12:16:08+00:00\" \/>\n<meta property=\"og:image\" content=\"https:\/\/www.senaatti.fi\/app\/uploads\/sites\/6\/2022\/02\/211102_Nakyma-Ratakadulta-lounaaseen_VERKKOON-1024x578.jpg\" \/>\n\t<meta property=\"og:image:width\" content=\"1024\" \/>\n\t<meta property=\"og:image:height\" content=\"578\" \/>\n\t<meta property=\"og:image:type\" content=\"image\/jpeg\" \/>\n<meta name=\"author\" content=\"Andreas Ylijarvi\" \/>\n<meta name=\"twitter:card\" content=\"summary_large_image\" \/>\n<meta name=\"twitter:label1\" content=\"Written by\" \/>\n\t<meta name=\"twitter:data1\" content=\"Andreas Ylijarvi\" \/>\n\t<meta name=\"twitter:label2\" content=\"Est. reading time\" \/>\n\t<meta name=\"twitter:data2\" content=\"4 minuuttia\" \/>\n<script type=\"application\/ld+json\" class=\"yoast-schema-graph\">{\"@context\":\"https:\\\/\\\/schema.org\",\"@graph\":[{\"@type\":\"Article\",\"@id\":\"https:\\\/\\\/www.senaatti.fi\\\/asema-alueet\\\/ajankohtaista\\\/uutiset\\\/oulun-asemakeskusta-koskeva-kiinteistokauppa-on-allekirjoitettu\\\/#article\",\"isPartOf\":{\"@id\":\"https:\\\/\\\/www.senaatti.fi\\\/asema-alueet\\\/ajankohtaista\\\/uutiset\\\/oulun-asemakeskusta-koskeva-kiinteistokauppa-on-allekirjoitettu\\\/\"},\"author\":{\"name\":\"Andreas Ylijarvi\",\"@id\":\"https:\\\/\\\/www.senaatti.fi\\\/asema-alueet\\\/#\\\/schema\\\/person\\\/19ebcd857f41fa4cf02102cd128abc46\"},\"headline\":\"Oulun Asemakeskusta koskeva kiinteist\u00f6kauppa on allekirjoitettu\",\"datePublished\":\"2023-12-28T01:00:35+00:00\",\"dateModified\":\"2023-12-28T12:16:08+00:00\",\"mainEntityOfPage\":{\"@id\":\"https:\\\/\\\/www.senaatti.fi\\\/asema-alueet\\\/ajankohtaista\\\/uutiset\\\/oulun-asemakeskusta-koskeva-kiinteistokauppa-on-allekirjoitettu\\\/\"},\"wordCount\":596,\"commentCount\":0,\"image\":{\"@id\":\"https:\\\/\\\/www.senaatti.fi\\\/asema-alueet\\\/ajankohtaista\\\/uutiset\\\/oulun-asemakeskusta-koskeva-kiinteistokauppa-on-allekirjoitettu\\\/#primaryimage\"},\"thumbnailUrl\":\"https:\\\/\\\/www.senaatti.fi\\\/app\\\/uploads\\\/sites\\\/6\\\/2022\\\/02\\\/211102_Nakyma-Ratakadulta-lounaaseen_VERKKOON.jpg\",\"articleSection\":[\"Senaatin Asema-alueet Oy\"],\"inLanguage\":\"fi\"},{\"@type\":\"WebPage\",\"@id\":\"https:\\\/\\\/www.senaatti.fi\\\/asema-alueet\\\/ajankohtaista\\\/uutiset\\\/oulun-asemakeskusta-koskeva-kiinteistokauppa-on-allekirjoitettu\\\/\",\"url\":\"https:\\\/\\\/www.senaatti.fi\\\/asema-alueet\\\/ajankohtaista\\\/uutiset\\\/oulun-asemakeskusta-koskeva-kiinteistokauppa-on-allekirjoitettu\\\/\",\"name\":\"Oulun Asemakeskusta koskeva kiinteist\u00f6kauppa on allekirjoitettu - Senaatti\",\"isPartOf\":{\"@id\":\"https:\\\/\\\/www.senaatti.fi\\\/asema-alueet\\\/#website\"},\"primaryImageOfPage\":{\"@id\":\"https:\\\/\\\/www.senaatti.fi\\\/asema-alueet\\\/ajankohtaista\\\/uutiset\\\/oulun-asemakeskusta-koskeva-kiinteistokauppa-on-allekirjoitettu\\\/#primaryimage\"},\"image\":{\"@id\":\"https:\\\/\\\/www.senaatti.fi\\\/asema-alueet\\\/ajankohtaista\\\/uutiset\\\/oulun-asemakeskusta-koskeva-kiinteistokauppa-on-allekirjoitettu\\\/#primaryimage\"},\"thumbnailUrl\":\"https:\\\/\\\/www.senaatti.fi\\\/app\\\/uploads\\\/sites\\\/6\\\/2022\\\/02\\\/211102_Nakyma-Ratakadulta-lounaaseen_VERKKOON.jpg\",\"datePublished\":\"2023-12-28T01:00:35+00:00\",\"dateModified\":\"2023-12-28T12:16:08+00:00\",\"author\":{\"@id\":\"https:\\\/\\\/www.senaatti.fi\\\/asema-alueet\\\/#\\\/schema\\\/person\\\/19ebcd857f41fa4cf02102cd128abc46\"},\"description\":\"Senaatin Asema-alueet Oy ja Oulun kaupunki ovat allekirjoittaneet torstaina 28.12.2023 lopullisen kiinteist\u00f6kaupan koskien Asemakeskuksen aluetta.\",\"breadcrumb\":{\"@id\":\"https:\\\/\\\/www.senaatti.fi\\\/asema-alueet\\\/ajankohtaista\\\/uutiset\\\/oulun-asemakeskusta-koskeva-kiinteistokauppa-on-allekirjoitettu\\\/#breadcrumb\"},\"inLanguage\":\"fi\",\"potentialAction\":[{\"@type\":\"ReadAction\",\"target\":[\"https:\\\/\\\/www.senaatti.fi\\\/asema-alueet\\\/ajankohtaista\\\/uutiset\\\/oulun-asemakeskusta-koskeva-kiinteistokauppa-on-allekirjoitettu\\\/\"]}]},{\"@type\":\"ImageObject\",\"inLanguage\":\"fi\",\"@id\":\"https:\\\/\\\/www.senaatti.fi\\\/asema-alueet\\\/ajankohtaista\\\/uutiset\\\/oulun-asemakeskusta-koskeva-kiinteistokauppa-on-allekirjoitettu\\\/#primaryimage\",\"url\":\"https:\\\/\\\/www.senaatti.fi\\\/app\\\/uploads\\\/sites\\\/6\\\/2022\\\/02\\\/211102_Nakyma-Ratakadulta-lounaaseen_VERKKOON.jpg\",\"contentUrl\":\"https:\\\/\\\/www.senaatti.fi\\\/app\\\/uploads\\\/sites\\\/6\\\/2022\\\/02\\\/211102_Nakyma-Ratakadulta-lounaaseen_VERKKOON.jpg\",\"width\":1280,\"height\":722,\"caption\":\"SAA JULKAISTA VASTA 18.2.2022 KLO 12! Havainnekuva, Oulun Asemakeskus Kuva: Lahdelma ja Mahlam\u00e4ki arkkitehdit\"},{\"@type\":\"BreadcrumbList\",\"@id\":\"https:\\\/\\\/www.senaatti.fi\\\/asema-alueet\\\/ajankohtaista\\\/uutiset\\\/oulun-asemakeskusta-koskeva-kiinteistokauppa-on-allekirjoitettu\\\/#breadcrumb\",\"itemListElement\":[{\"@type\":\"ListItem\",\"position\":1,\"name\":\"Etusivu\",\"item\":\"https:\\\/\\\/www.senaatti.fi\\\/asema-alueet\\\/\"},{\"@type\":\"ListItem\",\"position\":2,\"name\":\"Oulun Asemakeskusta koskeva kiinteist\u00f6kauppa on allekirjoitettu\"}]},{\"@type\":\"WebSite\",\"@id\":\"https:\\\/\\\/www.senaatti.fi\\\/asema-alueet\\\/#website\",\"url\":\"https:\\\/\\\/www.senaatti.fi\\\/asema-alueet\\\/\",\"name\":\"Asema-alueet\",\"description\":\"Senaatin Asema-alueet\",\"potentialAction\":[{\"@type\":\"SearchAction\",\"target\":{\"@type\":\"EntryPoint\",\"urlTemplate\":\"https:\\\/\\\/www.senaatti.fi\\\/asema-alueet\\\/?s={search_term_string}\"},\"query-input\":{\"@type\":\"PropertyValueSpecification\",\"valueRequired\":true,\"valueName\":\"search_term_string\"}}],\"inLanguage\":\"fi\"},{\"@type\":\"Person\",\"@id\":\"https:\\\/\\\/www.senaatti.fi\\\/asema-alueet\\\/#\\\/schema\\\/person\\\/19ebcd857f41fa4cf02102cd128abc46\",\"name\":\"Andreas Ylijarvi\",\"image\":{\"@type\":\"ImageObject\",\"inLanguage\":\"fi\",\"@id\":\"https:\\\/\\\/secure.gravatar.com\\\/avatar\\\/da48797f91660605745175abd9fe82263292008bf52cf452340b960fcdab186f?s=96&d=mm&r=g\",\"url\":\"https:\\\/\\\/secure.gravatar.com\\\/avatar\\\/da48797f91660605745175abd9fe82263292008bf52cf452340b960fcdab186f?s=96&d=mm&r=g\",\"contentUrl\":\"https:\\\/\\\/secure.gravatar.com\\\/avatar\\\/da48797f91660605745175abd9fe82263292008bf52cf452340b960fcdab186f?s=96&d=mm&r=g\",\"caption\":\"Andreas Ylijarvi\"}}]}<\/script>\n<!-- \/ Yoast SEO plugin. -->","yoast_head_json":{"title":"Oulun Asemakeskusta koskeva kiinteist\u00f6kauppa on allekirjoitettu - Senaatti","description":"Senaatin Asema-alueet Oy ja Oulun kaupunki ovat allekirjoittaneet torstaina 28.12.2023 lopullisen kiinteist\u00f6kaupan koskien Asemakeskuksen aluetta.","robots":{"index":"index","follow":"follow","max-snippet":"max-snippet:-1","max-image-preview":"max-image-preview:large","max-video-preview":"max-video-preview:-1"},"canonical":"https:\/\/www.senaatti.fi\/asema-alueet\/ajankohtaista\/uutiset\/oulun-asemakeskusta-koskeva-kiinteistokauppa-on-allekirjoitettu\/","og_locale":"fi_FI","og_type":"article","og_title":"Oulun Asemakeskusta koskeva kiinteist\u00f6kauppa on allekirjoitettu - Senaatti","og_description":"Senaatin Asema-alueet Oy ja Oulun kaupunki ovat allekirjoittaneet torstaina 28.12.2023 lopullisen kiinteist\u00f6kaupan koskien Asemakeskuksen aluetta.","og_url":"https:\/\/www.senaatti.fi\/asema-alueet\/ajankohtaista\/uutiset\/oulun-asemakeskusta-koskeva-kiinteistokauppa-on-allekirjoitettu\/","og_site_name":"Senaatti","article_published_time":"2023-12-28T01:00:35+00:00","article_modified_time":"2023-12-28T12:16:08+00:00","og_image":[{"width":1024,"height":578,"url":"https:\/\/www.senaatti.fi\/app\/uploads\/sites\/6\/2022\/02\/211102_Nakyma-Ratakadulta-lounaaseen_VERKKOON-1024x578.jpg","type":"image\/jpeg"}],"author":"Andreas Ylijarvi","twitter_card":"summary_large_image","twitter_misc":{"Written by":"Andreas Ylijarvi","Est. reading time":"4 minuuttia"},"schema":{"@context":"https:\/\/schema.org","@graph":[{"@type":"Article","@id":"https:\/\/www.senaatti.fi\/asema-alueet\/ajankohtaista\/uutiset\/oulun-asemakeskusta-koskeva-kiinteistokauppa-on-allekirjoitettu\/#article","isPartOf":{"@id":"https:\/\/www.senaatti.fi\/asema-alueet\/ajankohtaista\/uutiset\/oulun-asemakeskusta-koskeva-kiinteistokauppa-on-allekirjoitettu\/"},"author":{"name":"Andreas Ylijarvi","@id":"https:\/\/www.senaatti.fi\/asema-alueet\/#\/schema\/person\/19ebcd857f41fa4cf02102cd128abc46"},"headline":"Oulun Asemakeskusta koskeva kiinteist\u00f6kauppa on allekirjoitettu","datePublished":"2023-12-28T01:00:35+00:00","dateModified":"2023-12-28T12:16:08+00:00","mainEntityOfPage":{"@id":"https:\/\/www.senaatti.fi\/asema-alueet\/ajankohtaista\/uutiset\/oulun-asemakeskusta-koskeva-kiinteistokauppa-on-allekirjoitettu\/"},"wordCount":596,"commentCount":0,"image":{"@id":"https:\/\/www.senaatti.fi\/asema-alueet\/ajankohtaista\/uutiset\/oulun-asemakeskusta-koskeva-kiinteistokauppa-on-allekirjoitettu\/#primaryimage"},"thumbnailUrl":"https:\/\/www.senaatti.fi\/app\/uploads\/sites\/6\/2022\/02\/211102_Nakyma-Ratakadulta-lounaaseen_VERKKOON.jpg","articleSection":["Senaatin Asema-alueet Oy"],"inLanguage":"fi"},{"@type":"WebPage","@id":"https:\/\/www.senaatti.fi\/asema-alueet\/ajankohtaista\/uutiset\/oulun-asemakeskusta-koskeva-kiinteistokauppa-on-allekirjoitettu\/","url":"https:\/\/www.senaatti.fi\/asema-alueet\/ajankohtaista\/uutiset\/oulun-asemakeskusta-koskeva-kiinteistokauppa-on-allekirjoitettu\/","name":"Oulun Asemakeskusta koskeva kiinteist\u00f6kauppa on allekirjoitettu - Senaatti","isPartOf":{"@id":"https:\/\/www.senaatti.fi\/asema-alueet\/#website"},"primaryImageOfPage":{"@id":"https:\/\/www.senaatti.fi\/asema-alueet\/ajankohtaista\/uutiset\/oulun-asemakeskusta-koskeva-kiinteistokauppa-on-allekirjoitettu\/#primaryimage"},"image":{"@id":"https:\/\/www.senaatti.fi\/asema-alueet\/ajankohtaista\/uutiset\/oulun-asemakeskusta-koskeva-kiinteistokauppa-on-allekirjoitettu\/#primaryimage"},"thumbnailUrl":"https:\/\/www.senaatti.fi\/app\/uploads\/sites\/6\/2022\/02\/211102_Nakyma-Ratakadulta-lounaaseen_VERKKOON.jpg","datePublished":"2023-12-28T01:00:35+00:00","dateModified":"2023-12-28T12:16:08+00:00","author":{"@id":"https:\/\/www.senaatti.fi\/asema-alueet\/#\/schema\/person\/19ebcd857f41fa4cf02102cd128abc46"},"description":"Senaatin Asema-alueet Oy ja Oulun kaupunki ovat allekirjoittaneet torstaina 28.12.2023 lopullisen kiinteist\u00f6kaupan koskien Asemakeskuksen aluetta.","breadcrumb":{"@id":"https:\/\/www.senaatti.fi\/asema-alueet\/ajankohtaista\/uutiset\/oulun-asemakeskusta-koskeva-kiinteistokauppa-on-allekirjoitettu\/#breadcrumb"},"inLanguage":"fi","potentialAction":[{"@type":"ReadAction","target":["https:\/\/www.senaatti.fi\/asema-alueet\/ajankohtaista\/uutiset\/oulun-asemakeskusta-koskeva-kiinteistokauppa-on-allekirjoitettu\/"]}]},{"@type":"ImageObject","inLanguage":"fi","@id":"https:\/\/www.senaatti.fi\/asema-alueet\/ajankohtaista\/uutiset\/oulun-asemakeskusta-koskeva-kiinteistokauppa-on-allekirjoitettu\/#primaryimage","url":"https:\/\/www.senaatti.fi\/app\/uploads\/sites\/6\/2022\/02\/211102_Nakyma-Ratakadulta-lounaaseen_VERKKOON.jpg","contentUrl":"https:\/\/www.senaatti.fi\/app\/uploads\/sites\/6\/2022\/02\/211102_Nakyma-Ratakadulta-lounaaseen_VERKKOON.jpg","width":1280,"height":722,"caption":"SAA JULKAISTA VASTA 18.2.2022 KLO 12! Havainnekuva, Oulun Asemakeskus Kuva: Lahdelma ja Mahlam\u00e4ki arkkitehdit"},{"@type":"BreadcrumbList","@id":"https:\/\/www.senaatti.fi\/asema-alueet\/ajankohtaista\/uutiset\/oulun-asemakeskusta-koskeva-kiinteistokauppa-on-allekirjoitettu\/#breadcrumb","itemListElement":[{"@type":"ListItem","position":1,"name":"Etusivu","item":"https:\/\/www.senaatti.fi\/asema-alueet\/"},{"@type":"ListItem","position":2,"name":"Oulun Asemakeskusta koskeva kiinteist\u00f6kauppa on allekirjoitettu"}]},{"@type":"WebSite","@id":"https:\/\/www.senaatti.fi\/asema-alueet\/#website","url":"https:\/\/www.senaatti.fi\/asema-alueet\/","name":"Asema-alueet","description":"Senaatin Asema-alueet","potentialAction":[{"@type":"SearchAction","target":{"@type":"EntryPoint","urlTemplate":"https:\/\/www.senaatti.fi\/asema-alueet\/?s={search_term_string}"},"query-input":{"@type":"PropertyValueSpecification","valueRequired":true,"valueName":"search_term_string"}}],"inLanguage":"fi"},{"@type":"Person","@id":"https:\/\/www.senaatti.fi\/asema-alueet\/#\/schema\/person\/19ebcd857f41fa4cf02102cd128abc46","name":"Andreas Ylijarvi","image":{"@type":"ImageObject","inLanguage":"fi","@id":"https:\/\/secure.gravatar.com\/avatar\/da48797f91660605745175abd9fe82263292008bf52cf452340b960fcdab186f?s=96&d=mm&r=g","url":"https:\/\/secure.gravatar.com\/avatar\/da48797f91660605745175abd9fe82263292008bf52cf452340b960fcdab186f?s=96&d=mm&r=g","contentUrl":"https:\/\/secure.gravatar.com\/avatar\/da48797f91660605745175abd9fe82263292008bf52cf452340b960fcdab186f?s=96&d=mm&r=g","caption":"Andreas Ylijarvi"}}]}},"lang":"fi","translations":{"fi":1740},"pll_sync_post":[],"_links":{"self":[{"href":"https:\/\/www.senaatti.fi\/asema-alueet\/wp-json\/wp\/v2\/posts\/1740","targetHints":{"allow":["GET"]}}],"collection":[{"href":"https:\/\/www.senaatti.fi\/asema-alueet\/wp-json\/wp\/v2\/posts"}],"about":[{"href":"https:\/\/www.senaatti.fi\/asema-alueet\/wp-json\/wp\/v2\/types\/post"}],"author":[{"embeddable":true,"href":"https:\/\/www.senaatti.fi\/asema-alueet\/wp-json\/wp\/v2\/users\/16"}],"replies":[{"embeddable":true,"href":"https:\/\/www.senaatti.fi\/asema-alueet\/wp-json\/wp\/v2\/comments?post=1740"}],"version-history":[{"count":6,"href":"https:\/\/www.senaatti.fi\/asema-alueet\/wp-json\/wp\/v2\/posts\/1740\/revisions"}],"predecessor-version":[{"id":1796,"href":"https:\/\/www.senaatti.fi\/asema-alueet\/wp-json\/wp\/v2\/posts\/1740\/revisions\/1796"}],"wp:featuredmedia":[{"embeddable":true,"href":"https:\/\/www.senaatti.fi\/asema-alueet\/wp-json\/wp\/v2\/media\/1419"}],"wp:attachment":[{"href":"https:\/\/www.senaatti.fi\/asema-alueet\/wp-json\/wp\/v2\/media?parent=1740"}],"wp:term":[{"taxonomy":"senaatti_type","embeddable":true,"href":"https:\/\/www.senaatti.fi\/asema-alueet\/wp-json\/wp\/v2\/senaatti_type?post=1740"}],"curies":[{"name":"wp","href":"https:\/\/api.w.org\/{rel}","templated":true}]}}