{"id":1733,"date":"2023-10-26T09:00:05","date_gmt":"2023-10-26T09:00:05","guid":{"rendered":"https:\/\/www.senaatti.fi\/asema-alueet\/?p=1733"},"modified":"2023-10-26T05:48:55","modified_gmt":"2023-10-26T05:48:55","slug":"senaatin-asema-alueet-oy-myy-oulun-asemakeskuksen-alueen-kaupungille","status":"publish","type":"post","link":"https:\/\/www.senaatti.fi\/asema-alueet\/ajankohtaista\/uutiset\/senaatin-asema-alueet-oy-myy-oulun-asemakeskuksen-alueen-kaupungille\/","title":{"rendered":"Senaatin Asema-alueet Oy myy Oulun Asemakeskuksen alueen kaupungille"},"content":{"rendered":"<p><strong><span style=\"font-size: 12.0pt; font-family: 'Arial',sans-serif;\">Senaatin Asema-alueet Oy ja Oulun kaupunki ovat saaneet p\u00e4\u00e4t\u00f6kseen neuvottelut Asemakeskuksen aluetta koskevasta kiinteist\u00f6kaupasta, jonka pohjalta on valmisteltu sopimus alueen myynnist\u00e4 kaupungille. Alueen kauppahinta on 14 miljoonaa euroa.<\/span><\/strong><\/p>\n<p><span style=\"font-size: 12.0pt; font-family: 'Arial',sans-serif;\">Oulun yhdyskuntalautakunta k\u00e4sittelee ja esitt\u00e4\u00e4 kiinteist\u00f6kaupan sek\u00e4 lis\u00e4m\u00e4\u00e4r\u00e4rahan my\u00f6nt\u00e4mist\u00e4 kaupunginhallitukselle tiistaina 31.10.2023. Oulun kaupunginhallitus p\u00e4\u00e4tt\u00e4\u00e4 kiinteist\u00f6kaupan ja esitt\u00e4\u00e4 lis\u00e4m\u00e4\u00e4r\u00e4rahan my\u00f6nt\u00e4mist\u00e4 kaupunginvaltuustolle kokouksessaan tiistaina 7.11.2023.<\/span><\/p>\n<p><span style=\"font-size: 12.0pt; font-family: 'Arial',sans-serif;\">Senaatin Asema-alueet Oy:n hallitus k\u00e4sittelee ja tekee p\u00e4\u00e4t\u00f6ksen kiinteist\u00f6kaupasta kaupungin k\u00e4sittelyaikataulun mukaisesti.<\/span><\/p>\n<p><span style=\"font-size: 12.0pt; font-family: 'Arial',sans-serif;\">Asemakeskuksen alueen kiinteist\u00f6kaupan my\u00f6t\u00e4 junaradan it\u00e4puolella oleva maa-alue sek\u00e4 alueella sijaitsevat linja-autoaseman rakennukset siirtyv\u00e4t Oulun kaupungin hallintaan. Radan l\u00e4nsipuolella oleva vanha asemarakennus j\u00e4\u00e4 Senaatin Asema-alueet Oy:n omistukseen.<\/span><\/p>\n<p><span style=\"font-size: 12.0pt; font-family: 'Arial',sans-serif;\">\u201dOlemme eritt\u00e4in tyytyv\u00e4isi\u00e4, ett\u00e4 p\u00e4\u00e4simme kaupungin kanssa lopputulokseen, joka tyydytt\u00e4\u00e4 molempia osapuolia. Vuosien aikana on saatu paljon arvokasta tietoa jatkosuunnittelua varten, mik\u00e4 mahdollistaa hankkeen toteutumisen. Meille t\u00e4rkeint\u00e4 on, ett\u00e4 alue toteutuu ja kehitt\u00e4\u00e4 osaltaan kaupunkikeskustaa sek\u00e4 asemanseutua ja sen palvelutarjontaa\u201d, sanoo Senaatin Asema-alueet Oy:n kiinteist\u00f6kehitysp\u00e4\u00e4llikk\u00f6 <strong><span style=\"font-family: 'Arial',sans-serif;\">Janne Marttinen<\/span><\/strong>.<\/span><\/p>\n<p><span style=\"font-size: 12.0pt; font-family: 'Arial',sans-serif;\">Oulun Asemakeskuksen alueen kiinteist\u00f6kauppa parantaa mahdollisuuksia kehitt\u00e4\u00e4 asemanseutua kaupungin toivomaan suuntaan ja antaa enemm\u00e4n joustovaraa alueen suunnitteluun.<\/span><\/p>\n<p><span style=\"font-size: 12.0pt; font-family: 'Arial',sans-serif;\">\u201dOlemme eritt\u00e4in tyytyv\u00e4isi\u00e4 neuvotteluiden lopputulokseen. Alueen maanomistajana p\u00e4\u00e4semme kehitt\u00e4m\u00e4\u00e4n koko asema-alueen kokonaisuutta vanha poliisi- ja oikeustalon tontti mukaan lukien. Voimme vaikuttaa kaavan sis\u00e4lt\u00f6\u00f6n, alueen toteuttamistapaan ja -j\u00e4rjestykseen sek\u00e4 toteuttajien nime\u00e4miseen. Kiit\u00e4mme Senaatin Asema-alueet Oy:ta hyv\u00e4st\u00e4 ja tiiviist\u00e4 yhteisty\u00f6st\u00e4 Asemakeskuksen alueen kehitt\u00e4miseksi. Alueen jatkokehitykselle on olemassa eritt\u00e4in hyv\u00e4t l\u00e4ht\u00f6kohdat\u201d, toteaa Oulun kaupungin kaupunkiymp\u00e4rist\u00f6johtaja <strong><span style=\"font-family: 'Arial',sans-serif;\">Marko Kilpel\u00e4inen<\/span><\/strong>.<\/span><\/p>\n<p><span style=\"font-size: 12.0pt; font-family: 'Arial',sans-serif;\">Kaupunki jatkaa alueen suunnittelua arkkitehtuurikilpailun ideoiden ja asemakaavaluonnoksen pohjalta. Asemakeskuksen aluetta kehitet\u00e4\u00e4n liikenteen solmukohtana, jossa liikennepalveluihin ja matkaketjuihin yhdistyv\u00e4t liiketilat, ty\u00f6paikat, majoitus sek\u00e4 asuminen.<\/span><\/p>\n<p><span style=\"font-size: 12.0pt; font-family: 'Arial',sans-serif;\">\u201dAsemakeskuksen toiminnallinen jakauma sek\u00e4 painopisteet tilanvarauksineen ja liikenteellisine ratkaisuineen tarkentuvat suunnittelun edetess\u00e4. Suunnittelun tavoitteena on edelleenkin keskustamaisten toimintojen sijoittuminen kaupunkikuvallisesti ja arkkitehtonisesti korkeatasoisella tavalla ruutukaava-alueen jatkoksi\u201d, kertoo alueen suunnittelun jatkosta kaavoitusjohtaja <strong><span style=\"font-family: 'Arial',sans-serif;\">Kari Nyk\u00e4nen<\/span><\/strong>.<\/span><\/p>\n<p><span style=\"font-size: 12.0pt; font-family: 'Arial',sans-serif;\">\u201dKiinteist\u00f6kaupan toteutuessa Oulun Asemakeskuksen pitk\u00e4 ja vaiherikas kehityshanke p\u00e4\u00e4ttyy Senaatin Asema-alueet Oy:n osalta ja j\u00e4\u00e4mme mielenkiinnolla seuraamaan alueen tulevaa toteutumista. Haluamme jo t\u00e4ss\u00e4 kohtaa kiitt\u00e4\u00e4 Oulun kaupunkia ja hankkeeseen osallistuneita henkil\u00f6it\u00e4 hyv\u00e4st\u00e4 ja rakentavasta yhteisty\u00f6st\u00e4 koko hankkeen ajalta. Uskomme, ett\u00e4 t\u00e4m\u00e4n prosessin my\u00f6t\u00e4 syntyneiden suunnitelmien ja mahdollisen kiinteist\u00f6kaupan my\u00f6t\u00e4 alueelle kehittyy paras mahdollinen kaupungin tarpeita tukeva lopputulos\u201d, sanoo Senaatin Asema-alueet Oy:n toimitusjohtaja <strong><span style=\"font-family: 'Arial',sans-serif;\">Marko H\u00e4rk\u00f6nen<\/span><\/strong>.<\/span><\/p>\n<p><em><span style=\"font-size: 12.0pt; font-family: 'Arial',sans-serif;\">Oulun yhdyskuntalautakunta k\u00e4sittelee ja esitt\u00e4\u00e4 kiinteist\u00f6kaupan sek\u00e4 lis\u00e4m\u00e4\u00e4r\u00e4rahan my\u00f6nt\u00e4misen kaupunginhallitukselle tiistaina 31.10.2023. Oulun kaupunginhallitus p\u00e4\u00e4tt\u00e4\u00e4 kiinteist\u00f6kaupan ja esitt\u00e4\u00e4 lis\u00e4m\u00e4\u00e4r\u00e4rahaa kaupunginvaltuustolle kokouksessaan tiistaina 7.11.2023. Kaupunginvaltuusto p\u00e4\u00e4tt\u00e4\u00e4 kaupan edellytt\u00e4m\u00e4n lis\u00e4m\u00e4\u00e4r\u00e4rahan my\u00f6nt\u00e4misest\u00e4 maanantaina 13.11.2023. Senaatin Asema-alueet Oy:n hallitus k\u00e4sittelee ja tekee p\u00e4\u00e4t\u00f6ksen kiinteist\u00f6kaupasta kaupungin k\u00e4sittelyaikataulun mukaisesti.<\/span><\/em><\/p>\n<p><em><b><span style=\"font-size: 12.0pt; font-family: 'Arial',sans-serif;\">\u00a0<\/span><\/b><\/em><\/p>\n<p><strong><span style=\"font-size: 12.0pt; font-family: 'Arial',sans-serif;\">Yhteenveto Oulun Asemakeskuksen alueen kehitt\u00e4misen vaiheista<\/span><\/strong><\/p>\n<p><strong><span style=\"font-size: 12.0pt; font-family: 'Arial',sans-serif;\">Vuonna 2016<\/span><\/strong><span style=\"font-size: 12.0pt; font-family: 'Arial',sans-serif;\"> Asemakeskuksen alueen kehitt\u00e4minen alkoi arkkitehtuurikilpailulla, jonka Oulun kaupunki j\u00e4rjesti yhdess\u00e4 V\u00e4yl\u00e4viraston, Senaatti-kiinteist\u00f6jen sek\u00e4 VR-Yhtym\u00e4 Oy:n kanssa. Kilpailussa arkkitehdit saivat kuvata omat visionsa kaupungin keskeisell\u00e4 paikalla olevan alueen tulevaisuudesta. Kilpailun voitti Tervatynnyrit-niminen ehdotus, johon koko alueen my\u00f6hempi kehitt\u00e4minen ja asemakaavaluonnos pohjautuu.<\/span><\/p>\n<p><strong><span style=\"font-size: 12.0pt; font-family: 'Arial',sans-serif;\">Vuonna 2019<\/span><\/strong><span style=\"font-size: 12.0pt; font-family: 'Arial',sans-serif;\"> Senaatin Asema-alueet Oy, Senaatti-kiinteist\u00f6t ja Oulun kaupunki solmivat aiesopimuksen asema-alueen kehitt\u00e4misest\u00e4. Aiesopimuksella sovittiin asema-alueen kehitt\u00e4misen yleisist\u00e4 tavoitteista sek\u00e4 maank\u00e4yt\u00f6n ja liikenteen yleissuunnittelun kustannusjaosta. Kehitt\u00e4mist\u00e4 on viety eteenp\u00e4in aiesopimukseen kirjattujen tavoitteiden mukaisesti.<\/span><\/p>\n<p><strong><span style=\"font-size: 12.0pt; font-family: 'Arial',sans-serif;\">Vuonna 2021<\/span><\/strong><span style=\"font-size: 12.0pt; font-family: 'Arial',sans-serif;\"> j\u00e4rjestettiin markkinavuoropuhelu Oulun Asemakeskuksen suunnittelu- ja tontinluovutuskilpailun toteuttamisesta. Markkinavuoropuhelussa kuultiin alueen rakentamisesta kiinnostuneita toteuttajia ja heid\u00e4n n\u00e4kemyksi\u00e4\u00e4n alueen toteuttamisen reunaehdoista.<\/span><\/p>\n<p><span style=\"font-size: 12.0pt; font-family: 'Arial',sans-serif;\">Senaatin Asema-alueet Oy ja Oulun kaupunki solmivat kiinteist\u00f6kaupan poliisi- ja oikeustalon tontista.<\/span><\/p>\n<p><strong><span style=\"font-size: 12.0pt; font-family: 'Arial',sans-serif;\">Vuonna 2022<\/span><\/strong><span style=\"font-size: 12.0pt; font-family: 'Arial',sans-serif;\"> Senaatin Asema-alueet Oy ja Oulun kaupunki allekirjoittivat aluetta koskevan yhteistoimintasopimuksen, jossa sovittiin maank\u00e4yt\u00f6llisten tavoitteiden lis\u00e4ksi Asemakeskuksen alueen suunnittelun ja toteutuksen aikaisesta yhteisty\u00f6st\u00e4, kustannusjaoista ja muista vastuista. Yhteistoimintasopimuksen pohjalta Senaatin Asema-alueet Oy j\u00e4rjesti Oulun kaupungin kanssa yhteisty\u00f6ss\u00e4 avoimen suunnittelu- ja tontinluovutuskilpailun, jonka kautta haettiin alueen kehitt\u00e4j\u00e4kumppaneita. Kilpailuun ei saatu kilpailuehtoja t\u00e4ytt\u00e4v\u00e4\u00e4 ehdotusta. Suunnittelu- ja tontinluovutuskilpailun p\u00e4\u00e4ttymisen j\u00e4lkeen Senaatin Asema-alueet Oy ja Oulun kaupunki tekiv\u00e4t uuden toimintasuunnitelman Asemakeskuksen alueen kehitt\u00e4miseksi.<\/span><\/p>\n<p><strong><span style=\"font-size: 12.0pt; font-family: 'Arial',sans-serif;\">Syksyll\u00e4 2023<\/span><\/strong><span style=\"font-size: 12.0pt; font-family: 'Arial',sans-serif;\"> Senaatin Asema-alueet Oy ja Oulun kaupunki ovat neuvotelleet sopimuksen Asemakeskuksen aluetta koskevasta kiinteist\u00f6kaupasta. Oulun yhdyskuntalautakunta k\u00e4sittelee asiaa kokouksessaan tiistaina 31.10.2023.<\/span><\/p>\n<p><strong><span style=\"font-size: 12.0pt; font-family: 'Arial',sans-serif;\">Tutustu Asemakeskus-hankkeen kaavoitusmateriaaleihin Oulun kaupungin verkkosivuilla: <\/span><\/strong><span style=\"font-size: 12.0pt; font-family: 'Arial',sans-serif;\"><a href=\"https:\/\/www.oukapalvelut.fi\/tekninen\/Suunnitelmat\/Projektikortti_2019.asp?ID=1327\">https:\/\/www.oukapalvelut.fi\/tekninen\/Suunnitelmat\/Projektikortti_2019.asp?ID=1327<\/a> <\/span><\/p>\n<p><strong><span style=\"font-size: 12.0pt; font-family: 'Arial',sans-serif;\">Kuvia Oulun Asemakeskuksen alueesta ja hankkeen toimijoista: <\/span><\/strong><span style=\"font-size: 12.0pt; font-family: 'Arial',sans-serif;\"><a href=\"https:\/\/mediapankki.ouka.fi\/pub\/collection\/3207019952d229e81ed301ea3ffd1d96?locale=fi\">https:\/\/mediapankki.ouka.fi\/pub\/collection\/3207019952d229e81ed301ea3ffd1d96?locale=fi<\/a>\u00a0<\/span><\/p>\n<p><strong><span style=\"font-size: 12.0pt; font-family: 'Arial',sans-serif;\">Lis\u00e4tietoja medialle antavat:<\/span><\/strong><\/p>\n<p><span style=\"font-size: 12.0pt; font-family: 'Arial',sans-serif;\">Toimitusjohtaja Marko H\u00e4rk\u00f6nen, Senaatin Asema-alueet Oy, <a href=\"mailto:marko.harkonen@senaatti.fi\">marko.harkonen@senaatti.fi<\/a>, puh. 040 546 6627<\/span><\/p>\n<p><span style=\"font-size: 12.0pt; font-family: 'Arial',sans-serif;\">Kiinteist\u00f6kehitysp\u00e4\u00e4llikk\u00f6 Janne Marttinen, Senaatin Asema-alueet Oy, <a href=\"mailto:janne.marttinen@senaatti.fi\">janne.marttinen@senaatti.fi<\/a>, puh. 040 867 4667<\/span><\/p>\n<p><span style=\"font-size: 12.0pt; font-family: 'Arial',sans-serif;\">Kaupunkiymp\u00e4rist\u00f6johtaja Marko Kilpel\u00e4inen, Oulun kaupunki, <a href=\"mailto:marko.kilpelainen@ouka.fi\">marko.kilpelainen@ouka.fi<\/a>, puh. 040 513 3650<\/span><\/p>\n<p><span style=\"font-size: 12.0pt; font-family: 'Arial',sans-serif;\">Kaavoitusjohtaja Kari Nyk\u00e4nen, Oulun kaupunki, <a href=\"mailto:kari.p.nykanen@ouka.fi\">kari.p.nykanen@ouka.fi<\/a>, puh. 040 663 7760<\/span><\/p>\n","protected":false},"excerpt":{"rendered":"<p>Senaatin Asema-alueet Oy ja Oulun kaupunki ovat saaneet p\u00e4\u00e4t\u00f6kseen neuvottelut Asemakeskuksen aluetta koskevasta kiinteist\u00f6kaupasta, jonka pohjalta on valmisteltu sopimus alueen myynnist\u00e4 kaupungille. Alueen kauppahinta on 14 miljoonaa euroa. Oulun yhdyskuntalautakunta k\u00e4sittelee ja esitt\u00e4\u00e4 kiinteist\u00f6kaupan sek\u00e4 lis\u00e4m\u00e4\u00e4r\u00e4rahan my\u00f6nt\u00e4mist\u00e4 kaupunginhallitukselle tiistaina 31.10.2023. Oulun kaupunginhallitus p\u00e4\u00e4tt\u00e4\u00e4 kiinteist\u00f6kaupan ja esitt\u00e4\u00e4 lis\u00e4m\u00e4\u00e4r\u00e4rahan my\u00f6nt\u00e4mist\u00e4 kaupunginvaltuustolle kokouksessaan tiistaina 7.11.2023. Senaatin Asema-alueet Oy:n [&hellip;]<\/p>\n","protected":false},"author":16,"featured_media":1410,"comment_status":"open","ping_status":"open","sticky":false,"template":"","format":"standard","meta":{"_acf_changed":false,"footnotes":""},"senaatti_type":[],"class_list":["post-1733","post","type-post","status-publish","format-standard","has-post-thumbnail","hentry"],"acf":[],"yoast_head":"<!-- This site is optimized with the Yoast SEO plugin v27.3 - https:\/\/yoast.com\/product\/yoast-seo-wordpress\/ -->\n<title>Senaatin Asema-alueet Oy myy Oulun Asemakeskuksen alueen kaupungille - Senaatti<\/title>\n<meta name=\"description\" content=\"Senaatin Asema-alueet Oy ja Oulun kaupunki ovat saaneet p\u00e4\u00e4t\u00f6kseen neuvottelut Asemakeskuksen aluetta koskevasta kiinteist\u00f6kaupasta, jonka pohjalta on\" \/>\n<meta name=\"robots\" content=\"index, follow, max-snippet:-1, max-image-preview:large, max-video-preview:-1\" \/>\n<link rel=\"canonical\" href=\"https:\/\/www.senaatti.fi\/asema-alueet\/ajankohtaista\/uutiset\/senaatin-asema-alueet-oy-myy-oulun-asemakeskuksen-alueen-kaupungille\/\" \/>\n<meta property=\"og:locale\" content=\"fi_FI\" \/>\n<meta property=\"og:type\" content=\"article\" \/>\n<meta property=\"og:title\" content=\"Senaatin Asema-alueet Oy myy Oulun Asemakeskuksen alueen kaupungille - Senaatti\" \/>\n<meta property=\"og:description\" content=\"Senaatin Asema-alueet Oy ja Oulun kaupunki ovat saaneet p\u00e4\u00e4t\u00f6kseen neuvottelut Asemakeskuksen aluetta koskevasta kiinteist\u00f6kaupasta, jonka pohjalta on\" \/>\n<meta property=\"og:url\" content=\"https:\/\/www.senaatti.fi\/asema-alueet\/ajankohtaista\/uutiset\/senaatin-asema-alueet-oy-myy-oulun-asemakeskuksen-alueen-kaupungille\/\" \/>\n<meta property=\"og:site_name\" content=\"Senaatti\" \/>\n<meta property=\"article:published_time\" content=\"2023-10-26T09:00:05+00:00\" \/>\n<meta property=\"og:image\" content=\"https:\/\/www.senaatti.fi\/app\/uploads\/sites\/6\/2022\/02\/211102_Ilmakuva-pohjoiseen_VERKKOON-1024x765.jpg\" \/>\n\t<meta property=\"og:image:width\" content=\"1024\" \/>\n\t<meta property=\"og:image:height\" content=\"765\" \/>\n\t<meta property=\"og:image:type\" content=\"image\/jpeg\" \/>\n<meta name=\"author\" content=\"Andreas Ylijarvi\" \/>\n<meta name=\"twitter:card\" content=\"summary_large_image\" \/>\n<meta name=\"twitter:label1\" content=\"Written by\" \/>\n\t<meta name=\"twitter:data1\" content=\"Andreas Ylijarvi\" \/>\n\t<meta name=\"twitter:label2\" content=\"Est. reading time\" \/>\n\t<meta name=\"twitter:data2\" content=\"4 minuuttia\" \/>\n<script type=\"application\/ld+json\" class=\"yoast-schema-graph\">{\"@context\":\"https:\\\/\\\/schema.org\",\"@graph\":[{\"@type\":\"Article\",\"@id\":\"https:\\\/\\\/www.senaatti.fi\\\/asema-alueet\\\/ajankohtaista\\\/uutiset\\\/senaatin-asema-alueet-oy-myy-oulun-asemakeskuksen-alueen-kaupungille\\\/#article\",\"isPartOf\":{\"@id\":\"https:\\\/\\\/www.senaatti.fi\\\/asema-alueet\\\/ajankohtaista\\\/uutiset\\\/senaatin-asema-alueet-oy-myy-oulun-asemakeskuksen-alueen-kaupungille\\\/\"},\"author\":{\"name\":\"Andreas Ylijarvi\",\"@id\":\"https:\\\/\\\/www.senaatti.fi\\\/asema-alueet\\\/#\\\/schema\\\/person\\\/19ebcd857f41fa4cf02102cd128abc46\"},\"headline\":\"Senaatin Asema-alueet Oy myy Oulun Asemakeskuksen alueen kaupungille\",\"datePublished\":\"2023-10-26T09:00:05+00:00\",\"mainEntityOfPage\":{\"@id\":\"https:\\\/\\\/www.senaatti.fi\\\/asema-alueet\\\/ajankohtaista\\\/uutiset\\\/senaatin-asema-alueet-oy-myy-oulun-asemakeskuksen-alueen-kaupungille\\\/\"},\"wordCount\":809,\"commentCount\":0,\"image\":{\"@id\":\"https:\\\/\\\/www.senaatti.fi\\\/asema-alueet\\\/ajankohtaista\\\/uutiset\\\/senaatin-asema-alueet-oy-myy-oulun-asemakeskuksen-alueen-kaupungille\\\/#primaryimage\"},\"thumbnailUrl\":\"https:\\\/\\\/www.senaatti.fi\\\/app\\\/uploads\\\/sites\\\/6\\\/2022\\\/02\\\/211102_Ilmakuva-pohjoiseen_VERKKOON.jpg\",\"articleSection\":[\"Senaatin Asema-alueet Oy\"],\"inLanguage\":\"fi\"},{\"@type\":\"WebPage\",\"@id\":\"https:\\\/\\\/www.senaatti.fi\\\/asema-alueet\\\/ajankohtaista\\\/uutiset\\\/senaatin-asema-alueet-oy-myy-oulun-asemakeskuksen-alueen-kaupungille\\\/\",\"url\":\"https:\\\/\\\/www.senaatti.fi\\\/asema-alueet\\\/ajankohtaista\\\/uutiset\\\/senaatin-asema-alueet-oy-myy-oulun-asemakeskuksen-alueen-kaupungille\\\/\",\"name\":\"Senaatin Asema-alueet Oy myy Oulun Asemakeskuksen alueen kaupungille - Senaatti\",\"isPartOf\":{\"@id\":\"https:\\\/\\\/www.senaatti.fi\\\/asema-alueet\\\/#website\"},\"primaryImageOfPage\":{\"@id\":\"https:\\\/\\\/www.senaatti.fi\\\/asema-alueet\\\/ajankohtaista\\\/uutiset\\\/senaatin-asema-alueet-oy-myy-oulun-asemakeskuksen-alueen-kaupungille\\\/#primaryimage\"},\"image\":{\"@id\":\"https:\\\/\\\/www.senaatti.fi\\\/asema-alueet\\\/ajankohtaista\\\/uutiset\\\/senaatin-asema-alueet-oy-myy-oulun-asemakeskuksen-alueen-kaupungille\\\/#primaryimage\"},\"thumbnailUrl\":\"https:\\\/\\\/www.senaatti.fi\\\/app\\\/uploads\\\/sites\\\/6\\\/2022\\\/02\\\/211102_Ilmakuva-pohjoiseen_VERKKOON.jpg\",\"datePublished\":\"2023-10-26T09:00:05+00:00\",\"author\":{\"@id\":\"https:\\\/\\\/www.senaatti.fi\\\/asema-alueet\\\/#\\\/schema\\\/person\\\/19ebcd857f41fa4cf02102cd128abc46\"},\"description\":\"Senaatin Asema-alueet Oy ja Oulun kaupunki ovat saaneet p\u00e4\u00e4t\u00f6kseen neuvottelut Asemakeskuksen aluetta koskevasta kiinteist\u00f6kaupasta, jonka pohjalta on\",\"breadcrumb\":{\"@id\":\"https:\\\/\\\/www.senaatti.fi\\\/asema-alueet\\\/ajankohtaista\\\/uutiset\\\/senaatin-asema-alueet-oy-myy-oulun-asemakeskuksen-alueen-kaupungille\\\/#breadcrumb\"},\"inLanguage\":\"fi\",\"potentialAction\":[{\"@type\":\"ReadAction\",\"target\":[\"https:\\\/\\\/www.senaatti.fi\\\/asema-alueet\\\/ajankohtaista\\\/uutiset\\\/senaatin-asema-alueet-oy-myy-oulun-asemakeskuksen-alueen-kaupungille\\\/\"]}]},{\"@type\":\"ImageObject\",\"inLanguage\":\"fi\",\"@id\":\"https:\\\/\\\/www.senaatti.fi\\\/asema-alueet\\\/ajankohtaista\\\/uutiset\\\/senaatin-asema-alueet-oy-myy-oulun-asemakeskuksen-alueen-kaupungille\\\/#primaryimage\",\"url\":\"https:\\\/\\\/www.senaatti.fi\\\/app\\\/uploads\\\/sites\\\/6\\\/2022\\\/02\\\/211102_Ilmakuva-pohjoiseen_VERKKOON.jpg\",\"contentUrl\":\"https:\\\/\\\/www.senaatti.fi\\\/app\\\/uploads\\\/sites\\\/6\\\/2022\\\/02\\\/211102_Ilmakuva-pohjoiseen_VERKKOON.jpg\",\"width\":1280,\"height\":956},{\"@type\":\"BreadcrumbList\",\"@id\":\"https:\\\/\\\/www.senaatti.fi\\\/asema-alueet\\\/ajankohtaista\\\/uutiset\\\/senaatin-asema-alueet-oy-myy-oulun-asemakeskuksen-alueen-kaupungille\\\/#breadcrumb\",\"itemListElement\":[{\"@type\":\"ListItem\",\"position\":1,\"name\":\"Etusivu\",\"item\":\"https:\\\/\\\/www.senaatti.fi\\\/asema-alueet\\\/\"},{\"@type\":\"ListItem\",\"position\":2,\"name\":\"Senaatin Asema-alueet Oy myy Oulun Asemakeskuksen alueen kaupungille\"}]},{\"@type\":\"WebSite\",\"@id\":\"https:\\\/\\\/www.senaatti.fi\\\/asema-alueet\\\/#website\",\"url\":\"https:\\\/\\\/www.senaatti.fi\\\/asema-alueet\\\/\",\"name\":\"Asema-alueet\",\"description\":\"Senaatin Asema-alueet\",\"potentialAction\":[{\"@type\":\"SearchAction\",\"target\":{\"@type\":\"EntryPoint\",\"urlTemplate\":\"https:\\\/\\\/www.senaatti.fi\\\/asema-alueet\\\/?s={search_term_string}\"},\"query-input\":{\"@type\":\"PropertyValueSpecification\",\"valueRequired\":true,\"valueName\":\"search_term_string\"}}],\"inLanguage\":\"fi\"},{\"@type\":\"Person\",\"@id\":\"https:\\\/\\\/www.senaatti.fi\\\/asema-alueet\\\/#\\\/schema\\\/person\\\/19ebcd857f41fa4cf02102cd128abc46\",\"name\":\"Andreas Ylijarvi\",\"image\":{\"@type\":\"ImageObject\",\"inLanguage\":\"fi\",\"@id\":\"https:\\\/\\\/secure.gravatar.com\\\/avatar\\\/da48797f91660605745175abd9fe82263292008bf52cf452340b960fcdab186f?s=96&d=mm&r=g\",\"url\":\"https:\\\/\\\/secure.gravatar.com\\\/avatar\\\/da48797f91660605745175abd9fe82263292008bf52cf452340b960fcdab186f?s=96&d=mm&r=g\",\"contentUrl\":\"https:\\\/\\\/secure.gravatar.com\\\/avatar\\\/da48797f91660605745175abd9fe82263292008bf52cf452340b960fcdab186f?s=96&d=mm&r=g\",\"caption\":\"Andreas Ylijarvi\"}}]}<\/script>\n<!-- \/ Yoast SEO plugin. -->","yoast_head_json":{"title":"Senaatin Asema-alueet Oy myy Oulun Asemakeskuksen alueen kaupungille - Senaatti","description":"Senaatin Asema-alueet Oy ja Oulun kaupunki ovat saaneet p\u00e4\u00e4t\u00f6kseen neuvottelut Asemakeskuksen aluetta koskevasta kiinteist\u00f6kaupasta, jonka pohjalta on","robots":{"index":"index","follow":"follow","max-snippet":"max-snippet:-1","max-image-preview":"max-image-preview:large","max-video-preview":"max-video-preview:-1"},"canonical":"https:\/\/www.senaatti.fi\/asema-alueet\/ajankohtaista\/uutiset\/senaatin-asema-alueet-oy-myy-oulun-asemakeskuksen-alueen-kaupungille\/","og_locale":"fi_FI","og_type":"article","og_title":"Senaatin Asema-alueet Oy myy Oulun Asemakeskuksen alueen kaupungille - Senaatti","og_description":"Senaatin Asema-alueet Oy ja Oulun kaupunki ovat saaneet p\u00e4\u00e4t\u00f6kseen neuvottelut Asemakeskuksen aluetta koskevasta kiinteist\u00f6kaupasta, jonka pohjalta on","og_url":"https:\/\/www.senaatti.fi\/asema-alueet\/ajankohtaista\/uutiset\/senaatin-asema-alueet-oy-myy-oulun-asemakeskuksen-alueen-kaupungille\/","og_site_name":"Senaatti","article_published_time":"2023-10-26T09:00:05+00:00","og_image":[{"width":1024,"height":765,"url":"https:\/\/www.senaatti.fi\/app\/uploads\/sites\/6\/2022\/02\/211102_Ilmakuva-pohjoiseen_VERKKOON-1024x765.jpg","type":"image\/jpeg"}],"author":"Andreas Ylijarvi","twitter_card":"summary_large_image","twitter_misc":{"Written by":"Andreas Ylijarvi","Est. reading time":"4 minuuttia"},"schema":{"@context":"https:\/\/schema.org","@graph":[{"@type":"Article","@id":"https:\/\/www.senaatti.fi\/asema-alueet\/ajankohtaista\/uutiset\/senaatin-asema-alueet-oy-myy-oulun-asemakeskuksen-alueen-kaupungille\/#article","isPartOf":{"@id":"https:\/\/www.senaatti.fi\/asema-alueet\/ajankohtaista\/uutiset\/senaatin-asema-alueet-oy-myy-oulun-asemakeskuksen-alueen-kaupungille\/"},"author":{"name":"Andreas Ylijarvi","@id":"https:\/\/www.senaatti.fi\/asema-alueet\/#\/schema\/person\/19ebcd857f41fa4cf02102cd128abc46"},"headline":"Senaatin Asema-alueet Oy myy Oulun Asemakeskuksen alueen kaupungille","datePublished":"2023-10-26T09:00:05+00:00","mainEntityOfPage":{"@id":"https:\/\/www.senaatti.fi\/asema-alueet\/ajankohtaista\/uutiset\/senaatin-asema-alueet-oy-myy-oulun-asemakeskuksen-alueen-kaupungille\/"},"wordCount":809,"commentCount":0,"image":{"@id":"https:\/\/www.senaatti.fi\/asema-alueet\/ajankohtaista\/uutiset\/senaatin-asema-alueet-oy-myy-oulun-asemakeskuksen-alueen-kaupungille\/#primaryimage"},"thumbnailUrl":"https:\/\/www.senaatti.fi\/app\/uploads\/sites\/6\/2022\/02\/211102_Ilmakuva-pohjoiseen_VERKKOON.jpg","articleSection":["Senaatin Asema-alueet Oy"],"inLanguage":"fi"},{"@type":"WebPage","@id":"https:\/\/www.senaatti.fi\/asema-alueet\/ajankohtaista\/uutiset\/senaatin-asema-alueet-oy-myy-oulun-asemakeskuksen-alueen-kaupungille\/","url":"https:\/\/www.senaatti.fi\/asema-alueet\/ajankohtaista\/uutiset\/senaatin-asema-alueet-oy-myy-oulun-asemakeskuksen-alueen-kaupungille\/","name":"Senaatin Asema-alueet Oy myy Oulun Asemakeskuksen alueen kaupungille - Senaatti","isPartOf":{"@id":"https:\/\/www.senaatti.fi\/asema-alueet\/#website"},"primaryImageOfPage":{"@id":"https:\/\/www.senaatti.fi\/asema-alueet\/ajankohtaista\/uutiset\/senaatin-asema-alueet-oy-myy-oulun-asemakeskuksen-alueen-kaupungille\/#primaryimage"},"image":{"@id":"https:\/\/www.senaatti.fi\/asema-alueet\/ajankohtaista\/uutiset\/senaatin-asema-alueet-oy-myy-oulun-asemakeskuksen-alueen-kaupungille\/#primaryimage"},"thumbnailUrl":"https:\/\/www.senaatti.fi\/app\/uploads\/sites\/6\/2022\/02\/211102_Ilmakuva-pohjoiseen_VERKKOON.jpg","datePublished":"2023-10-26T09:00:05+00:00","author":{"@id":"https:\/\/www.senaatti.fi\/asema-alueet\/#\/schema\/person\/19ebcd857f41fa4cf02102cd128abc46"},"description":"Senaatin Asema-alueet Oy ja Oulun kaupunki ovat saaneet p\u00e4\u00e4t\u00f6kseen neuvottelut Asemakeskuksen aluetta koskevasta kiinteist\u00f6kaupasta, jonka pohjalta on","breadcrumb":{"@id":"https:\/\/www.senaatti.fi\/asema-alueet\/ajankohtaista\/uutiset\/senaatin-asema-alueet-oy-myy-oulun-asemakeskuksen-alueen-kaupungille\/#breadcrumb"},"inLanguage":"fi","potentialAction":[{"@type":"ReadAction","target":["https:\/\/www.senaatti.fi\/asema-alueet\/ajankohtaista\/uutiset\/senaatin-asema-alueet-oy-myy-oulun-asemakeskuksen-alueen-kaupungille\/"]}]},{"@type":"ImageObject","inLanguage":"fi","@id":"https:\/\/www.senaatti.fi\/asema-alueet\/ajankohtaista\/uutiset\/senaatin-asema-alueet-oy-myy-oulun-asemakeskuksen-alueen-kaupungille\/#primaryimage","url":"https:\/\/www.senaatti.fi\/app\/uploads\/sites\/6\/2022\/02\/211102_Ilmakuva-pohjoiseen_VERKKOON.jpg","contentUrl":"https:\/\/www.senaatti.fi\/app\/uploads\/sites\/6\/2022\/02\/211102_Ilmakuva-pohjoiseen_VERKKOON.jpg","width":1280,"height":956},{"@type":"BreadcrumbList","@id":"https:\/\/www.senaatti.fi\/asema-alueet\/ajankohtaista\/uutiset\/senaatin-asema-alueet-oy-myy-oulun-asemakeskuksen-alueen-kaupungille\/#breadcrumb","itemListElement":[{"@type":"ListItem","position":1,"name":"Etusivu","item":"https:\/\/www.senaatti.fi\/asema-alueet\/"},{"@type":"ListItem","position":2,"name":"Senaatin Asema-alueet Oy myy Oulun Asemakeskuksen alueen kaupungille"}]},{"@type":"WebSite","@id":"https:\/\/www.senaatti.fi\/asema-alueet\/#website","url":"https:\/\/www.senaatti.fi\/asema-alueet\/","name":"Asema-alueet","description":"Senaatin Asema-alueet","potentialAction":[{"@type":"SearchAction","target":{"@type":"EntryPoint","urlTemplate":"https:\/\/www.senaatti.fi\/asema-alueet\/?s={search_term_string}"},"query-input":{"@type":"PropertyValueSpecification","valueRequired":true,"valueName":"search_term_string"}}],"inLanguage":"fi"},{"@type":"Person","@id":"https:\/\/www.senaatti.fi\/asema-alueet\/#\/schema\/person\/19ebcd857f41fa4cf02102cd128abc46","name":"Andreas Ylijarvi","image":{"@type":"ImageObject","inLanguage":"fi","@id":"https:\/\/secure.gravatar.com\/avatar\/da48797f91660605745175abd9fe82263292008bf52cf452340b960fcdab186f?s=96&d=mm&r=g","url":"https:\/\/secure.gravatar.com\/avatar\/da48797f91660605745175abd9fe82263292008bf52cf452340b960fcdab186f?s=96&d=mm&r=g","contentUrl":"https:\/\/secure.gravatar.com\/avatar\/da48797f91660605745175abd9fe82263292008bf52cf452340b960fcdab186f?s=96&d=mm&r=g","caption":"Andreas Ylijarvi"}}]}},"lang":"fi","translations":{"fi":1733},"pll_sync_post":[],"_links":{"self":[{"href":"https:\/\/www.senaatti.fi\/asema-alueet\/wp-json\/wp\/v2\/posts\/1733","targetHints":{"allow":["GET"]}}],"collection":[{"href":"https:\/\/www.senaatti.fi\/asema-alueet\/wp-json\/wp\/v2\/posts"}],"about":[{"href":"https:\/\/www.senaatti.fi\/asema-alueet\/wp-json\/wp\/v2\/types\/post"}],"author":[{"embeddable":true,"href":"https:\/\/www.senaatti.fi\/asema-alueet\/wp-json\/wp\/v2\/users\/16"}],"replies":[{"embeddable":true,"href":"https:\/\/www.senaatti.fi\/asema-alueet\/wp-json\/wp\/v2\/comments?post=1733"}],"version-history":[{"count":2,"href":"https:\/\/www.senaatti.fi\/asema-alueet\/wp-json\/wp\/v2\/posts\/1733\/revisions"}],"predecessor-version":[{"id":1735,"href":"https:\/\/www.senaatti.fi\/asema-alueet\/wp-json\/wp\/v2\/posts\/1733\/revisions\/1735"}],"wp:featuredmedia":[{"embeddable":true,"href":"https:\/\/www.senaatti.fi\/asema-alueet\/wp-json\/wp\/v2\/media\/1410"}],"wp:attachment":[{"href":"https:\/\/www.senaatti.fi\/asema-alueet\/wp-json\/wp\/v2\/media?parent=1733"}],"wp:term":[{"taxonomy":"senaatti_type","embeddable":true,"href":"https:\/\/www.senaatti.fi\/asema-alueet\/wp-json\/wp\/v2\/senaatti_type?post=1733"}],"curies":[{"name":"wp","href":"https:\/\/api.w.org\/{rel}","templated":true}]}}