{"id":162,"date":"2019-02-08T07:11:09","date_gmt":"2019-02-08T07:11:09","guid":{"rendered":"https:\/\/www.senaatti.fi\/asema-alueet\/?p=162"},"modified":"2023-06-20T11:40:39","modified_gmt":"2023-06-20T11:40:39","slug":"uusi-senaatin-asema-alueet-oy-edistaa-kestavaa-kaupunkikehitysta","status":"publish","type":"post","link":"https:\/\/www.senaatti.fi\/asema-alueet\/ajankohtaista\/uutiset\/uusi-senaatin-asema-alueet-oy-edistaa-kestavaa-kaupunkikehitysta\/","title":{"rendered":"Uusi Senaatin Asema-alueet Oy edist\u00e4\u00e4 kest\u00e4v\u00e4\u00e4 kaupunkikehityst\u00e4"},"content":{"rendered":"<p><strong>Liikenteen solmukohtien kehitt\u00e4minen el\u00e4viksi ja ihmisi\u00e4 monin tavoin palveleviksi alueiksi on kansainv\u00e4linen ilmi\u00f6, jossa yhdistyv\u00e4t kaupungistuminen ja kest\u00e4v\u00e4 kehitys. Nyt rautatieasema-alueiden kehitt\u00e4minen selkeytyy ja saa uudenlaista ketteryytt\u00e4, kun niiden omistus siirtyy valtion eri toimijoilta Senaatti-kiinteist\u00f6jen uudelle tyt\u00e4ryhti\u00f6lle Senaatin Asema-alueet Oy:lle. \u00a0\u00a0<\/strong><\/p>\n<p>Rautatieasemien ymp\u00e4rist\u00f6t ovat ihanteellisia paikkoja uusille ty\u00f6paikoille, asunnoille ja monipuolisille joukkoliikenteen palveluille. Alueilla sijaitsevat valtion kiinteist\u00f6omistukset ovat tyypillisesti hajautuneet monille eri toimijoille, yleens\u00e4 Senaatille, VR:lle ja V\u00e4yl\u00e4virastolle.<\/p>\n<p>\u201dKun asema-alueiden myyntiin kehitett\u00e4v\u00e4 valtion kiinteist\u00f6omaisuus keskitet\u00e4\u00e4n yhdelle toimijalle, saamme toimintaan selkeytt\u00e4 ja ketteryytt\u00e4. Pystymme kehitt\u00e4m\u00e4\u00e4n alueita aiempaa m\u00e4\u00e4r\u00e4tietoisemmin tiiviiss\u00e4 yhteisty\u00f6ss\u00e4 kaupunkien ja kuntien kanssa. Uusi osakeyhti\u00f6malli mahdollistaa laajojen kehitt\u00e4mishankkeiden edist\u00e4misen entist\u00e4 sujuvammin\u201d, Senaatin Asema-alueet Oy:n toimitusjohtaja <strong>Mauri Sahi<\/strong> kertoo.<\/p>\n<h2>Ratkaisuja kaavoituksen keinoin<\/h2>\n<p>Asema-alueet ovat usein kaupunkien tai kuntien paraatipaikkoja, ja niiden merkitys todenn\u00e4k\u00f6isesti vain kasvaa tulevaisuudessa, kun kaupungistuminen jatkuu ja ilmastonmuutosta hillit\u00e4\u00e4n liikennett\u00e4 kehitt\u00e4m\u00e4ll\u00e4. Uudenlainen asuin- ja elinymp\u00e4rist\u00f6jen suunnittelu edist\u00e4\u00e4 my\u00f6s merkitt\u00e4v\u00e4sti alueellista elinvoimaa ja samalla eri liikennemuotojen matkustajien entist\u00e4 sujuvampaa matkantekoa.<\/p>\n<p>Kaupungit ja kunnat saavat Senaatin Asema-alueet Oy:st\u00e4 tehokkaan ja osaavan kumppanin asema-alueiden kehitt\u00e4miseen. Samalla uusi toimintamalli luo houkuttelevia mahdollisuuksia kest\u00e4v\u00e4lle kaupunkikehitykselle ja uudelle liiketoiminnalle.<\/p>\n<p>\u201dEdist\u00e4mme keskitetysti asema-alueiden kehitt\u00e4mist\u00e4 sujuvan joukkoliikenteen, palveluiden ja asumisen el\u00e4viksi keskittymiksi. Asema-alueiden kehitt\u00e4misen ajureina ovat kaupunkirakenteen tiivist\u00e4minen ja usein my\u00f6s eheytt\u00e4minen. N\u00e4ihin pyrimme l\u00f6yt\u00e4m\u00e4\u00e4n ratkaisuja yhteisty\u00f6ss\u00e4 kaupungin tai kunnan kanssa l\u00e4hinn\u00e4 kaavoituksen keinoin. Asema-alueille luodaan edellytyksi\u00e4 rakentaa muun muassa monimuotoista asumista ja palveluja kest\u00e4v\u00e4n kaupunkikehityksen periaatteiden mukaisesti\u201d, Sahi sanoo.<\/p>\n<p>Uusi yhti\u00f6 omistaa, vuokraa ja kehitt\u00e4\u00e4 kiinteist\u00f6omaisuutta asema-alueilla. Sen teht\u00e4v\u00e4n\u00e4 on kaavamuutoksilla ja alueiden monipuolista hy\u00f6dynt\u00e4mist\u00e4 helpottamalla tehd\u00e4 asema-alueista houkuttelevia sijoituskohteita ja lopulta myyd\u00e4 kiinteist\u00f6t. Tarvittaessa yhti\u00f6 voi osallistua my\u00f6s pidemm\u00e4lle menev\u00e4\u00e4n kiinteist\u00f6kehitt\u00e4miseen osana paikallista yhteenliittym\u00e4\u00e4 yhdess\u00e4 esimerkiksi kaupungin ja sen kehitysyhti\u00f6n, valtion vuokra-asuntoyhti\u00f6n A-Kruunun sek\u00e4 muiden rahoittajien kanssa.<\/p>\n<p><img loading=\"lazy\" decoding=\"async\" class=\"alignnone wp-image-49 size-large\" src=\"https:\/\/www.senaatti.fi\/app\/uploads\/sites\/6\/2018\/12\/Mauri-Sahi-2200px-1024x527.jpg\" alt=\"\" width=\"1024\" height=\"527\" srcset=\"https:\/\/www.senaatti.fi\/app\/uploads\/sites\/6\/2018\/12\/Mauri-Sahi-2200px-1024x527.jpg 1024w, https:\/\/www.senaatti.fi\/app\/uploads\/sites\/6\/2018\/12\/Mauri-Sahi-2200px-300x154.jpg 300w, https:\/\/www.senaatti.fi\/app\/uploads\/sites\/6\/2018\/12\/Mauri-Sahi-2200px-768x395.jpg 768w, https:\/\/www.senaatti.fi\/app\/uploads\/sites\/6\/2018\/12\/Mauri-Sahi-2200px-1600x823.jpg 1600w, https:\/\/www.senaatti.fi\/app\/uploads\/sites\/6\/2018\/12\/Mauri-Sahi-2200px.jpg 2200w\" sizes=\"auto, (max-width: 1024px) 100vw, 1024px\" \/><\/p>\n<p><em>Senaatin Asema-alueet Oy:n toimitusjohtaja Mauri Sahi<\/em><\/p>\n<h2>Entist\u00e4 joustavampi rahoitusmalli<\/h2>\n<p>Senaatin Asema-alueet Oy hallinnoi alkuvaiheessa kaikkiaan 22 asema-aluetta eri puolilla Suomea. Joukossa on kaupunkien ja kuntien keskeisill\u00e4 paikoilla sijaitsevia asema-alueita kuten Oulu ja Sein\u00e4joki sek\u00e4 p\u00e4\u00e4kaupunkiseudulla muun muassa Espoon Kauklahti, Kauniainen ja Kirkkonummi.<\/p>\n<p>Osaa suunnitelmista toteutetaan jo, ja osassa rakentamisvaihe on viel\u00e4 edess\u00e4.<\/p>\n<p>\u201dMeneill\u00e4\u00e4n olevat kehityshankkeet jatkuvat, ja arvioimme kaupunkien ja kuntien kanssa, mill\u00e4 keinoin kukin asema-alue parhaiten palvelee oman ymp\u00e4rist\u00f6ns\u00e4 kest\u00e4v\u00e4\u00e4 kaupunkikehityst\u00e4 ja mink\u00e4laisella aikataululla kullakin alueella etenemme. Valmisteleva ty\u00f6 ja suunnittelu on teht\u00e4v\u00e4 huolella niin, ett\u00e4 huomioimme kunkin alueen pitk\u00e4n aikav\u00e4lin kehityksen\u201d, Mauri Sahi kuvaa yhteisty\u00f6t\u00e4.<\/p>\n<p>H\u00e4nen mukaansa asema-alueiden kehitt\u00e4miseen tarvitaan usein my\u00f6s investointeja alueen infraan. Lis\u00e4ksi monilla alueilla on pilaantuneiden maa-alueiden puhdistustarpeita.<\/p>\n<p>\u201dValtion budjettirahoituksen saaminen t\u00e4h\u00e4n kaikkeen on aiemmin ollut ep\u00e4varmaa ja kest\u00e4nyt pitk\u00e4\u00e4n. Suoran budjettirahoituksen tarve ei poistu kokonaan, mutta saamme sen rinnalle uudenlaisen, joustavamman rahoitusmallin. Uudenlainen yhteisty\u00f6 mahdollistaa esimerkiksi laajemmat infrainvestoinnit, kunhan niille on liiketaloudelliset perusteet.\u201d<\/p>\n<h3><div class=\"sidestory sidestory--columns-1 sidestory--background-gray\"><div class=\"sidestory__content\"><p><strong>Senaatin Asema-alueet Oy<\/strong> on Senaatti-kiinteist\u00f6jen tyt\u00e4ryhti\u00f6, jonka toimintaa johtaa ja hoitaa Senaatti-kiinteist\u00f6jen organisaatio. Senaatti-kiinteist\u00f6t on vastannut my\u00f6s uuden tyt\u00e4ryhti\u00f6n toiminnan valmisteluvaiheesta.<\/p>\n<\/div><\/div><\/h3>\n","protected":false},"excerpt":{"rendered":"<p>Liikenteen solmukohtien kehitt\u00e4minen el\u00e4viksi ja ihmisi\u00e4 monin tavoin palveleviksi alueiksi on kansainv\u00e4linen ilmi\u00f6, jossa yhdistyv\u00e4t kaupungistuminen ja kest\u00e4v\u00e4 kehitys. Nyt rautatieasema-alueiden kehitt\u00e4minen selkeytyy ja saa uudenlaista ketteryytt\u00e4, kun niiden omistus siirtyy valtion eri toimijoilta Senaatti-kiinteist\u00f6jen uudelle tyt\u00e4ryhti\u00f6lle Senaatin Asema-alueet Oy:lle. \u00a0\u00a0 Rautatieasemien ymp\u00e4rist\u00f6t ovat ihanteellisia paikkoja uusille ty\u00f6paikoille, asunnoille ja monipuolisille joukkoliikenteen palveluille. Alueilla sijaitsevat [&hellip;]<\/p>\n","protected":false},"author":16,"featured_media":152,"comment_status":"open","ping_status":"open","sticky":false,"template":"","format":"standard","meta":{"_acf_changed":false,"footnotes":""},"senaatti_type":[],"class_list":["post-162","post","type-post","status-publish","format-standard","has-post-thumbnail","hentry"],"acf":[],"yoast_head":"<!-- This site is optimized with the Yoast SEO plugin v27.3 - https:\/\/yoast.com\/product\/yoast-seo-wordpress\/ -->\n<title>Uusi Senaatin Asema-alueet Oy edist\u00e4\u00e4 kest\u00e4v\u00e4\u00e4 kaupunkikehityst\u00e4 - Senaatti<\/title>\n<meta name=\"description\" content=\"Liikenteen solmukohtien kehitt\u00e4minen el\u00e4viksi ja ihmisi\u00e4 monin tavoin palveleviksi alueiksi on kansainv\u00e4linen ilmi\u00f6, jossa yhdistyv\u00e4t kaupungistuminen ja\" \/>\n<meta name=\"robots\" content=\"index, follow, max-snippet:-1, max-image-preview:large, max-video-preview:-1\" \/>\n<link rel=\"canonical\" href=\"https:\/\/www.senaatti.fi\/asema-alueet\/ajankohtaista\/uutiset\/uusi-senaatin-asema-alueet-oy-edistaa-kestavaa-kaupunkikehitysta\/\" \/>\n<meta property=\"og:locale\" content=\"fi_FI\" \/>\n<meta property=\"og:type\" content=\"article\" \/>\n<meta property=\"og:title\" content=\"Uusi Senaatin Asema-alueet Oy edist\u00e4\u00e4 kest\u00e4v\u00e4\u00e4 kaupunkikehityst\u00e4 - Senaatti\" \/>\n<meta property=\"og:description\" content=\"Liikenteen solmukohtien kehitt\u00e4minen el\u00e4viksi ja ihmisi\u00e4 monin tavoin palveleviksi alueiksi on kansainv\u00e4linen ilmi\u00f6, jossa yhdistyv\u00e4t kaupungistuminen ja\" \/>\n<meta property=\"og:url\" content=\"https:\/\/www.senaatti.fi\/asema-alueet\/ajankohtaista\/uutiset\/uusi-senaatin-asema-alueet-oy-edistaa-kestavaa-kaupunkikehitysta\/\" \/>\n<meta property=\"og:site_name\" content=\"Senaatti\" \/>\n<meta property=\"article:published_time\" content=\"2019-02-08T07:11:09+00:00\" \/>\n<meta property=\"article:modified_time\" content=\"2023-06-20T11:40:39+00:00\" \/>\n<meta property=\"og:image\" content=\"https:\/\/www.senaatti.fi\/app\/uploads\/sites\/6\/2019\/01\/TU-131001-vr-seinajoki-050-1024x683.jpg\" \/>\n\t<meta property=\"og:image:width\" content=\"1024\" \/>\n\t<meta property=\"og:image:height\" content=\"683\" \/>\n\t<meta property=\"og:image:type\" content=\"image\/jpeg\" \/>\n<meta name=\"author\" content=\"Andreas Ylijarvi\" \/>\n<meta name=\"twitter:card\" content=\"summary_large_image\" \/>\n<meta name=\"twitter:label1\" content=\"Written by\" \/>\n\t<meta name=\"twitter:data1\" content=\"Andreas Ylijarvi\" \/>\n\t<meta name=\"twitter:label2\" content=\"Est. reading time\" \/>\n\t<meta name=\"twitter:data2\" content=\"3 minuuttia\" \/>\n<script type=\"application\/ld+json\" class=\"yoast-schema-graph\">{\"@context\":\"https:\\\/\\\/schema.org\",\"@graph\":[{\"@type\":\"Article\",\"@id\":\"https:\\\/\\\/www.senaatti.fi\\\/asema-alueet\\\/ajankohtaista\\\/uutiset\\\/uusi-senaatin-asema-alueet-oy-edistaa-kestavaa-kaupunkikehitysta\\\/#article\",\"isPartOf\":{\"@id\":\"https:\\\/\\\/www.senaatti.fi\\\/asema-alueet\\\/ajankohtaista\\\/uutiset\\\/uusi-senaatin-asema-alueet-oy-edistaa-kestavaa-kaupunkikehitysta\\\/\"},\"author\":{\"name\":\"Andreas Ylijarvi\",\"@id\":\"https:\\\/\\\/www.senaatti.fi\\\/asema-alueet\\\/#\\\/schema\\\/person\\\/19ebcd857f41fa4cf02102cd128abc46\"},\"headline\":\"Uusi Senaatin Asema-alueet Oy edist\u00e4\u00e4 kest\u00e4v\u00e4\u00e4 kaupunkikehityst\u00e4\",\"datePublished\":\"2019-02-08T07:11:09+00:00\",\"dateModified\":\"2023-06-20T11:40:39+00:00\",\"mainEntityOfPage\":{\"@id\":\"https:\\\/\\\/www.senaatti.fi\\\/asema-alueet\\\/ajankohtaista\\\/uutiset\\\/uusi-senaatin-asema-alueet-oy-edistaa-kestavaa-kaupunkikehitysta\\\/\"},\"wordCount\":555,\"commentCount\":0,\"image\":{\"@id\":\"https:\\\/\\\/www.senaatti.fi\\\/asema-alueet\\\/ajankohtaista\\\/uutiset\\\/uusi-senaatin-asema-alueet-oy-edistaa-kestavaa-kaupunkikehitysta\\\/#primaryimage\"},\"thumbnailUrl\":\"https:\\\/\\\/www.senaatti.fi\\\/app\\\/uploads\\\/sites\\\/6\\\/2019\\\/01\\\/TU-131001-vr-seinajoki-050.jpg\",\"articleSection\":[\"Senaatin Asema-alueet Oy\"],\"inLanguage\":\"fi\"},{\"@type\":\"WebPage\",\"@id\":\"https:\\\/\\\/www.senaatti.fi\\\/asema-alueet\\\/ajankohtaista\\\/uutiset\\\/uusi-senaatin-asema-alueet-oy-edistaa-kestavaa-kaupunkikehitysta\\\/\",\"url\":\"https:\\\/\\\/www.senaatti.fi\\\/asema-alueet\\\/ajankohtaista\\\/uutiset\\\/uusi-senaatin-asema-alueet-oy-edistaa-kestavaa-kaupunkikehitysta\\\/\",\"name\":\"Uusi Senaatin Asema-alueet Oy edist\u00e4\u00e4 kest\u00e4v\u00e4\u00e4 kaupunkikehityst\u00e4 - Senaatti\",\"isPartOf\":{\"@id\":\"https:\\\/\\\/www.senaatti.fi\\\/asema-alueet\\\/#website\"},\"primaryImageOfPage\":{\"@id\":\"https:\\\/\\\/www.senaatti.fi\\\/asema-alueet\\\/ajankohtaista\\\/uutiset\\\/uusi-senaatin-asema-alueet-oy-edistaa-kestavaa-kaupunkikehitysta\\\/#primaryimage\"},\"image\":{\"@id\":\"https:\\\/\\\/www.senaatti.fi\\\/asema-alueet\\\/ajankohtaista\\\/uutiset\\\/uusi-senaatin-asema-alueet-oy-edistaa-kestavaa-kaupunkikehitysta\\\/#primaryimage\"},\"thumbnailUrl\":\"https:\\\/\\\/www.senaatti.fi\\\/app\\\/uploads\\\/sites\\\/6\\\/2019\\\/01\\\/TU-131001-vr-seinajoki-050.jpg\",\"datePublished\":\"2019-02-08T07:11:09+00:00\",\"dateModified\":\"2023-06-20T11:40:39+00:00\",\"author\":{\"@id\":\"https:\\\/\\\/www.senaatti.fi\\\/asema-alueet\\\/#\\\/schema\\\/person\\\/19ebcd857f41fa4cf02102cd128abc46\"},\"description\":\"Liikenteen solmukohtien kehitt\u00e4minen el\u00e4viksi ja ihmisi\u00e4 monin tavoin palveleviksi alueiksi on kansainv\u00e4linen ilmi\u00f6, jossa yhdistyv\u00e4t kaupungistuminen ja\",\"breadcrumb\":{\"@id\":\"https:\\\/\\\/www.senaatti.fi\\\/asema-alueet\\\/ajankohtaista\\\/uutiset\\\/uusi-senaatin-asema-alueet-oy-edistaa-kestavaa-kaupunkikehitysta\\\/#breadcrumb\"},\"inLanguage\":\"fi\",\"potentialAction\":[{\"@type\":\"ReadAction\",\"target\":[\"https:\\\/\\\/www.senaatti.fi\\\/asema-alueet\\\/ajankohtaista\\\/uutiset\\\/uusi-senaatin-asema-alueet-oy-edistaa-kestavaa-kaupunkikehitysta\\\/\"]}]},{\"@type\":\"ImageObject\",\"inLanguage\":\"fi\",\"@id\":\"https:\\\/\\\/www.senaatti.fi\\\/asema-alueet\\\/ajankohtaista\\\/uutiset\\\/uusi-senaatin-asema-alueet-oy-edistaa-kestavaa-kaupunkikehitysta\\\/#primaryimage\",\"url\":\"https:\\\/\\\/www.senaatti.fi\\\/app\\\/uploads\\\/sites\\\/6\\\/2019\\\/01\\\/TU-131001-vr-seinajoki-050.jpg\",\"contentUrl\":\"https:\\\/\\\/www.senaatti.fi\\\/app\\\/uploads\\\/sites\\\/6\\\/2019\\\/01\\\/TU-131001-vr-seinajoki-050.jpg\",\"width\":4800,\"height\":3200,\"caption\":\"Sein\u00e4joen rautatieaseman p\u00e4\u00e4rakennus\"},{\"@type\":\"BreadcrumbList\",\"@id\":\"https:\\\/\\\/www.senaatti.fi\\\/asema-alueet\\\/ajankohtaista\\\/uutiset\\\/uusi-senaatin-asema-alueet-oy-edistaa-kestavaa-kaupunkikehitysta\\\/#breadcrumb\",\"itemListElement\":[{\"@type\":\"ListItem\",\"position\":1,\"name\":\"Etusivu\",\"item\":\"https:\\\/\\\/www.senaatti.fi\\\/asema-alueet\\\/\"},{\"@type\":\"ListItem\",\"position\":2,\"name\":\"Uusi Senaatin Asema-alueet Oy edist\u00e4\u00e4 kest\u00e4v\u00e4\u00e4 kaupunkikehityst\u00e4\"}]},{\"@type\":\"WebSite\",\"@id\":\"https:\\\/\\\/www.senaatti.fi\\\/asema-alueet\\\/#website\",\"url\":\"https:\\\/\\\/www.senaatti.fi\\\/asema-alueet\\\/\",\"name\":\"Asema-alueet\",\"description\":\"Senaatin Asema-alueet\",\"potentialAction\":[{\"@type\":\"SearchAction\",\"target\":{\"@type\":\"EntryPoint\",\"urlTemplate\":\"https:\\\/\\\/www.senaatti.fi\\\/asema-alueet\\\/?s={search_term_string}\"},\"query-input\":{\"@type\":\"PropertyValueSpecification\",\"valueRequired\":true,\"valueName\":\"search_term_string\"}}],\"inLanguage\":\"fi\"},{\"@type\":\"Person\",\"@id\":\"https:\\\/\\\/www.senaatti.fi\\\/asema-alueet\\\/#\\\/schema\\\/person\\\/19ebcd857f41fa4cf02102cd128abc46\",\"name\":\"Andreas Ylijarvi\",\"image\":{\"@type\":\"ImageObject\",\"inLanguage\":\"fi\",\"@id\":\"https:\\\/\\\/secure.gravatar.com\\\/avatar\\\/da48797f91660605745175abd9fe82263292008bf52cf452340b960fcdab186f?s=96&d=mm&r=g\",\"url\":\"https:\\\/\\\/secure.gravatar.com\\\/avatar\\\/da48797f91660605745175abd9fe82263292008bf52cf452340b960fcdab186f?s=96&d=mm&r=g\",\"contentUrl\":\"https:\\\/\\\/secure.gravatar.com\\\/avatar\\\/da48797f91660605745175abd9fe82263292008bf52cf452340b960fcdab186f?s=96&d=mm&r=g\",\"caption\":\"Andreas Ylijarvi\"}}]}<\/script>\n<!-- \/ Yoast SEO plugin. -->","yoast_head_json":{"title":"Uusi Senaatin Asema-alueet Oy edist\u00e4\u00e4 kest\u00e4v\u00e4\u00e4 kaupunkikehityst\u00e4 - Senaatti","description":"Liikenteen solmukohtien kehitt\u00e4minen el\u00e4viksi ja ihmisi\u00e4 monin tavoin palveleviksi alueiksi on kansainv\u00e4linen ilmi\u00f6, jossa yhdistyv\u00e4t kaupungistuminen ja","robots":{"index":"index","follow":"follow","max-snippet":"max-snippet:-1","max-image-preview":"max-image-preview:large","max-video-preview":"max-video-preview:-1"},"canonical":"https:\/\/www.senaatti.fi\/asema-alueet\/ajankohtaista\/uutiset\/uusi-senaatin-asema-alueet-oy-edistaa-kestavaa-kaupunkikehitysta\/","og_locale":"fi_FI","og_type":"article","og_title":"Uusi Senaatin Asema-alueet Oy edist\u00e4\u00e4 kest\u00e4v\u00e4\u00e4 kaupunkikehityst\u00e4 - Senaatti","og_description":"Liikenteen solmukohtien kehitt\u00e4minen el\u00e4viksi ja ihmisi\u00e4 monin tavoin palveleviksi alueiksi on kansainv\u00e4linen ilmi\u00f6, jossa yhdistyv\u00e4t kaupungistuminen ja","og_url":"https:\/\/www.senaatti.fi\/asema-alueet\/ajankohtaista\/uutiset\/uusi-senaatin-asema-alueet-oy-edistaa-kestavaa-kaupunkikehitysta\/","og_site_name":"Senaatti","article_published_time":"2019-02-08T07:11:09+00:00","article_modified_time":"2023-06-20T11:40:39+00:00","og_image":[{"width":1024,"height":683,"url":"https:\/\/www.senaatti.fi\/app\/uploads\/sites\/6\/2019\/01\/TU-131001-vr-seinajoki-050-1024x683.jpg","type":"image\/jpeg"}],"author":"Andreas Ylijarvi","twitter_card":"summary_large_image","twitter_misc":{"Written by":"Andreas Ylijarvi","Est. reading time":"3 minuuttia"},"schema":{"@context":"https:\/\/schema.org","@graph":[{"@type":"Article","@id":"https:\/\/www.senaatti.fi\/asema-alueet\/ajankohtaista\/uutiset\/uusi-senaatin-asema-alueet-oy-edistaa-kestavaa-kaupunkikehitysta\/#article","isPartOf":{"@id":"https:\/\/www.senaatti.fi\/asema-alueet\/ajankohtaista\/uutiset\/uusi-senaatin-asema-alueet-oy-edistaa-kestavaa-kaupunkikehitysta\/"},"author":{"name":"Andreas Ylijarvi","@id":"https:\/\/www.senaatti.fi\/asema-alueet\/#\/schema\/person\/19ebcd857f41fa4cf02102cd128abc46"},"headline":"Uusi Senaatin Asema-alueet Oy edist\u00e4\u00e4 kest\u00e4v\u00e4\u00e4 kaupunkikehityst\u00e4","datePublished":"2019-02-08T07:11:09+00:00","dateModified":"2023-06-20T11:40:39+00:00","mainEntityOfPage":{"@id":"https:\/\/www.senaatti.fi\/asema-alueet\/ajankohtaista\/uutiset\/uusi-senaatin-asema-alueet-oy-edistaa-kestavaa-kaupunkikehitysta\/"},"wordCount":555,"commentCount":0,"image":{"@id":"https:\/\/www.senaatti.fi\/asema-alueet\/ajankohtaista\/uutiset\/uusi-senaatin-asema-alueet-oy-edistaa-kestavaa-kaupunkikehitysta\/#primaryimage"},"thumbnailUrl":"https:\/\/www.senaatti.fi\/app\/uploads\/sites\/6\/2019\/01\/TU-131001-vr-seinajoki-050.jpg","articleSection":["Senaatin Asema-alueet Oy"],"inLanguage":"fi"},{"@type":"WebPage","@id":"https:\/\/www.senaatti.fi\/asema-alueet\/ajankohtaista\/uutiset\/uusi-senaatin-asema-alueet-oy-edistaa-kestavaa-kaupunkikehitysta\/","url":"https:\/\/www.senaatti.fi\/asema-alueet\/ajankohtaista\/uutiset\/uusi-senaatin-asema-alueet-oy-edistaa-kestavaa-kaupunkikehitysta\/","name":"Uusi Senaatin Asema-alueet Oy edist\u00e4\u00e4 kest\u00e4v\u00e4\u00e4 kaupunkikehityst\u00e4 - Senaatti","isPartOf":{"@id":"https:\/\/www.senaatti.fi\/asema-alueet\/#website"},"primaryImageOfPage":{"@id":"https:\/\/www.senaatti.fi\/asema-alueet\/ajankohtaista\/uutiset\/uusi-senaatin-asema-alueet-oy-edistaa-kestavaa-kaupunkikehitysta\/#primaryimage"},"image":{"@id":"https:\/\/www.senaatti.fi\/asema-alueet\/ajankohtaista\/uutiset\/uusi-senaatin-asema-alueet-oy-edistaa-kestavaa-kaupunkikehitysta\/#primaryimage"},"thumbnailUrl":"https:\/\/www.senaatti.fi\/app\/uploads\/sites\/6\/2019\/01\/TU-131001-vr-seinajoki-050.jpg","datePublished":"2019-02-08T07:11:09+00:00","dateModified":"2023-06-20T11:40:39+00:00","author":{"@id":"https:\/\/www.senaatti.fi\/asema-alueet\/#\/schema\/person\/19ebcd857f41fa4cf02102cd128abc46"},"description":"Liikenteen solmukohtien kehitt\u00e4minen el\u00e4viksi ja ihmisi\u00e4 monin tavoin palveleviksi alueiksi on kansainv\u00e4linen ilmi\u00f6, jossa yhdistyv\u00e4t kaupungistuminen ja","breadcrumb":{"@id":"https:\/\/www.senaatti.fi\/asema-alueet\/ajankohtaista\/uutiset\/uusi-senaatin-asema-alueet-oy-edistaa-kestavaa-kaupunkikehitysta\/#breadcrumb"},"inLanguage":"fi","potentialAction":[{"@type":"ReadAction","target":["https:\/\/www.senaatti.fi\/asema-alueet\/ajankohtaista\/uutiset\/uusi-senaatin-asema-alueet-oy-edistaa-kestavaa-kaupunkikehitysta\/"]}]},{"@type":"ImageObject","inLanguage":"fi","@id":"https:\/\/www.senaatti.fi\/asema-alueet\/ajankohtaista\/uutiset\/uusi-senaatin-asema-alueet-oy-edistaa-kestavaa-kaupunkikehitysta\/#primaryimage","url":"https:\/\/www.senaatti.fi\/app\/uploads\/sites\/6\/2019\/01\/TU-131001-vr-seinajoki-050.jpg","contentUrl":"https:\/\/www.senaatti.fi\/app\/uploads\/sites\/6\/2019\/01\/TU-131001-vr-seinajoki-050.jpg","width":4800,"height":3200,"caption":"Sein\u00e4joen rautatieaseman p\u00e4\u00e4rakennus"},{"@type":"BreadcrumbList","@id":"https:\/\/www.senaatti.fi\/asema-alueet\/ajankohtaista\/uutiset\/uusi-senaatin-asema-alueet-oy-edistaa-kestavaa-kaupunkikehitysta\/#breadcrumb","itemListElement":[{"@type":"ListItem","position":1,"name":"Etusivu","item":"https:\/\/www.senaatti.fi\/asema-alueet\/"},{"@type":"ListItem","position":2,"name":"Uusi Senaatin Asema-alueet Oy edist\u00e4\u00e4 kest\u00e4v\u00e4\u00e4 kaupunkikehityst\u00e4"}]},{"@type":"WebSite","@id":"https:\/\/www.senaatti.fi\/asema-alueet\/#website","url":"https:\/\/www.senaatti.fi\/asema-alueet\/","name":"Asema-alueet","description":"Senaatin Asema-alueet","potentialAction":[{"@type":"SearchAction","target":{"@type":"EntryPoint","urlTemplate":"https:\/\/www.senaatti.fi\/asema-alueet\/?s={search_term_string}"},"query-input":{"@type":"PropertyValueSpecification","valueRequired":true,"valueName":"search_term_string"}}],"inLanguage":"fi"},{"@type":"Person","@id":"https:\/\/www.senaatti.fi\/asema-alueet\/#\/schema\/person\/19ebcd857f41fa4cf02102cd128abc46","name":"Andreas Ylijarvi","image":{"@type":"ImageObject","inLanguage":"fi","@id":"https:\/\/secure.gravatar.com\/avatar\/da48797f91660605745175abd9fe82263292008bf52cf452340b960fcdab186f?s=96&d=mm&r=g","url":"https:\/\/secure.gravatar.com\/avatar\/da48797f91660605745175abd9fe82263292008bf52cf452340b960fcdab186f?s=96&d=mm&r=g","contentUrl":"https:\/\/secure.gravatar.com\/avatar\/da48797f91660605745175abd9fe82263292008bf52cf452340b960fcdab186f?s=96&d=mm&r=g","caption":"Andreas Ylijarvi"}}]}},"lang":"fi","translations":{"fi":162},"pll_sync_post":[],"_links":{"self":[{"href":"https:\/\/www.senaatti.fi\/asema-alueet\/wp-json\/wp\/v2\/posts\/162","targetHints":{"allow":["GET"]}}],"collection":[{"href":"https:\/\/www.senaatti.fi\/asema-alueet\/wp-json\/wp\/v2\/posts"}],"about":[{"href":"https:\/\/www.senaatti.fi\/asema-alueet\/wp-json\/wp\/v2\/types\/post"}],"author":[{"embeddable":true,"href":"https:\/\/www.senaatti.fi\/asema-alueet\/wp-json\/wp\/v2\/users\/16"}],"replies":[{"embeddable":true,"href":"https:\/\/www.senaatti.fi\/asema-alueet\/wp-json\/wp\/v2\/comments?post=162"}],"version-history":[{"count":10,"href":"https:\/\/www.senaatti.fi\/asema-alueet\/wp-json\/wp\/v2\/posts\/162\/revisions"}],"predecessor-version":[{"id":1720,"href":"https:\/\/www.senaatti.fi\/asema-alueet\/wp-json\/wp\/v2\/posts\/162\/revisions\/1720"}],"wp:featuredmedia":[{"embeddable":true,"href":"https:\/\/www.senaatti.fi\/asema-alueet\/wp-json\/wp\/v2\/media\/152"}],"wp:attachment":[{"href":"https:\/\/www.senaatti.fi\/asema-alueet\/wp-json\/wp\/v2\/media?parent=162"}],"wp:term":[{"taxonomy":"senaatti_type","embeddable":true,"href":"https:\/\/www.senaatti.fi\/asema-alueet\/wp-json\/wp\/v2\/senaatti_type?post=162"}],"curies":[{"name":"wp","href":"https:\/\/api.w.org\/{rel}","templated":true}]}}