{"id":1595,"date":"2022-11-01T11:47:58","date_gmt":"2022-11-01T11:47:58","guid":{"rendered":"https:\/\/www.senaatti.fi\/asema-alueet\/?p=1595"},"modified":"2022-11-01T12:31:05","modified_gmt":"2022-11-01T12:31:05","slug":"oulun-asemakeskuksen-kilpailu-siirtyy-uuteen-vaiheeseen","status":"publish","type":"post","link":"https:\/\/www.senaatti.fi\/asema-alueet\/ajankohtaista\/uutiset\/oulun-asemakeskuksen-kilpailu-siirtyy-uuteen-vaiheeseen\/","title":{"rendered":"Oulun Asemakeskuksen kilpailu siirtyy uuteen vaiheeseen"},"content":{"rendered":"<p class=\"Ingressiteksti\"><strong>Senaatin Asema-alueet Oy:n j\u00e4rjest\u00e4m\u00e4n Oulun Asemakeskuksen suunnittelu- ja tontinluovutuskilpailun ensimm\u00e4isen kilpailuvaiheen ehdotukset ovat vastaanotettu. Kilpailun tuomaristo k\u00e4ynnist\u00e4\u00e4 kilpailuehdotusten vaiheittaisen arvioinnin marraskuun aikana.<\/strong><\/p>\n<p class=\"Leipteksti1\">Kilpailuehdotukset arvioidaan tuomariston toimesta, jonka j\u00e4lkeen kilpailuehdotusten j\u00e4tt\u00e4neiden tahojen kanssa k\u00e4yd\u00e4\u00e4n jatkokeskustelut. Tuomariston kanssa k\u00e4ytyjen keskustelujen ja annetun palautteen pohjalta kilpailijat toteuttavat p\u00e4ivitetyn kilpailuehdotuksen.<\/p>\n<p class=\"Leipteksti1\">Toisen arviointikierroksen perusteella valitaan kilpailun voittaja ja solmitaan kiinteist\u00f6kaupan esisopimus. Tavoitteena on saada esisopimus allekirjoitettua talven 2023 aikana.<\/p>\n<p class=\"Leipteksti1\">Kilpailun voittaneen suunnitelman tulee noudattaa asemakaavan muutoksen luonnosta kuitenkin niin, ett\u00e4 toteuttamisen edellytt\u00e4m\u00e4t muutokset ovat mahdollisia. Mahdolliset poikkeamiset asemakaavan muutosluonnoksesta on perusteltava kilpailun materiaalissa.<\/p>\n<p class=\"Leipteksti1\">Kilpailun tuomaristo koostuu Senaatin Asema-alueet Oy:n, Oulun kaupungin ja Verstas Arkkitehdit Oy:n edustajista. Kilpailuehdotuksia arvioitaessa huomioidaan kilpailuehdotuksen arkkitehtuuri, taloudellinen ja tekninen toteutettavuus sek\u00e4 toiminnallisuus. N\u00e4iden lis\u00e4ksi laaditaan my\u00f6s arvio kilpailuehdotusten kest\u00e4vyystavoitteiden toteutumisesta.<\/p>\n<p class=\"Leipteksti1\"><b>Yhteystiedot<\/b><\/p>\n<p class=\"Leipteksti1\">Yhteydenotot 1.11. &#8211; 4.11.2022 Toimitusjohtaja Marko H\u00e4rk\u00f6nen Senaatin Asema-alueet Oy, <a href=\"mailto:marko.harkonen@senaatti.fi\"><span style=\"color: windowtext; text-decoration: none; text-underline: none;\">marko.harkonen@senaatti.fi<\/span><\/a> puh. 040\u00a0546 6627<\/p>\n<p class=\"Leipteksti1\">Kiinteist\u00f6kehitysp\u00e4\u00e4llikk\u00f6 Janne Marttinen, Senaatin Asema-alueet Oy, janne.marttinen@senaatti.fi puh. 040 867 4667<\/p>\n","protected":false},"excerpt":{"rendered":"<p>Senaatin Asema-alueet Oy:n j\u00e4rjest\u00e4m\u00e4n Oulun Asemakeskuksen suunnittelu- ja tontinluovutuskilpailun ensimm\u00e4isen kilpailuvaiheen ehdotukset ovat vastaanotettu. Kilpailun tuomaristo k\u00e4ynnist\u00e4\u00e4 kilpailuehdotusten vaiheittaisen arvioinnin marraskuun aikana. Kilpailuehdotukset arvioidaan tuomariston toimesta, jonka j\u00e4lkeen kilpailuehdotusten j\u00e4tt\u00e4neiden tahojen kanssa k\u00e4yd\u00e4\u00e4n jatkokeskustelut. Tuomariston kanssa k\u00e4ytyjen keskustelujen ja annetun palautteen pohjalta kilpailijat toteuttavat p\u00e4ivitetyn kilpailuehdotuksen. Toisen arviointikierroksen perusteella valitaan kilpailun voittaja ja solmitaan kiinteist\u00f6kaupan [&hellip;]<\/p>\n","protected":false},"author":16,"featured_media":875,"comment_status":"open","ping_status":"open","sticky":false,"template":"","format":"standard","meta":{"_acf_changed":false,"footnotes":""},"senaatti_type":[],"class_list":["post-1595","post","type-post","status-publish","format-standard","has-post-thumbnail","hentry"],"acf":[],"yoast_head":"<!-- This site is optimized with the Yoast SEO plugin v27.3 - https:\/\/yoast.com\/product\/yoast-seo-wordpress\/ -->\n<title>Oulun Asemakeskuksen kilpailu siirtyy uuteen vaiheeseen - Senaatti<\/title>\n<meta name=\"description\" content=\"Senaatin Asema-alueet Oy:n j\u00e4rjest\u00e4m\u00e4n Oulun Asemakeskuksen suunnittelu- ja tontinluovutuskilpailun ensimm\u00e4isen kilpailuvaiheen ehdotukset ovat\" \/>\n<meta name=\"robots\" content=\"index, follow, max-snippet:-1, max-image-preview:large, max-video-preview:-1\" \/>\n<link rel=\"canonical\" href=\"https:\/\/www.senaatti.fi\/asema-alueet\/ajankohtaista\/uutiset\/oulun-asemakeskuksen-kilpailu-siirtyy-uuteen-vaiheeseen\/\" \/>\n<meta property=\"og:locale\" content=\"fi_FI\" \/>\n<meta property=\"og:type\" content=\"article\" \/>\n<meta property=\"og:title\" content=\"Oulun Asemakeskuksen kilpailu siirtyy uuteen vaiheeseen - Senaatti\" \/>\n<meta property=\"og:description\" content=\"Senaatin Asema-alueet Oy:n j\u00e4rjest\u00e4m\u00e4n Oulun Asemakeskuksen suunnittelu- ja tontinluovutuskilpailun ensimm\u00e4isen kilpailuvaiheen ehdotukset ovat\" \/>\n<meta property=\"og:url\" content=\"https:\/\/www.senaatti.fi\/asema-alueet\/ajankohtaista\/uutiset\/oulun-asemakeskuksen-kilpailu-siirtyy-uuteen-vaiheeseen\/\" \/>\n<meta property=\"og:site_name\" content=\"Senaatti\" \/>\n<meta property=\"article:published_time\" content=\"2022-11-01T11:47:58+00:00\" \/>\n<meta property=\"article:modified_time\" content=\"2022-11-01T12:31:05+00:00\" \/>\n<meta property=\"og:image\" content=\"https:\/\/www.senaatti.fi\/app\/uploads\/sites\/6\/2019\/10\/Oulu_18563_07-1024x680.jpg\" \/>\n\t<meta property=\"og:image:width\" content=\"1024\" \/>\n\t<meta property=\"og:image:height\" content=\"680\" \/>\n\t<meta property=\"og:image:type\" content=\"image\/jpeg\" \/>\n<meta name=\"author\" content=\"Andreas Ylijarvi\" \/>\n<meta name=\"twitter:card\" content=\"summary_large_image\" \/>\n<meta name=\"twitter:label1\" content=\"Written by\" \/>\n\t<meta name=\"twitter:data1\" content=\"Andreas Ylijarvi\" \/>\n\t<meta name=\"twitter:label2\" content=\"Est. reading time\" \/>\n\t<meta name=\"twitter:data2\" content=\"1 minuutti\" \/>\n<script type=\"application\/ld+json\" class=\"yoast-schema-graph\">{\"@context\":\"https:\\\/\\\/schema.org\",\"@graph\":[{\"@type\":\"Article\",\"@id\":\"https:\\\/\\\/www.senaatti.fi\\\/asema-alueet\\\/ajankohtaista\\\/uutiset\\\/oulun-asemakeskuksen-kilpailu-siirtyy-uuteen-vaiheeseen\\\/#article\",\"isPartOf\":{\"@id\":\"https:\\\/\\\/www.senaatti.fi\\\/asema-alueet\\\/ajankohtaista\\\/uutiset\\\/oulun-asemakeskuksen-kilpailu-siirtyy-uuteen-vaiheeseen\\\/\"},\"author\":{\"name\":\"Andreas Ylijarvi\",\"@id\":\"https:\\\/\\\/www.senaatti.fi\\\/asema-alueet\\\/#\\\/schema\\\/person\\\/19ebcd857f41fa4cf02102cd128abc46\"},\"headline\":\"Oulun Asemakeskuksen kilpailu siirtyy uuteen vaiheeseen\",\"datePublished\":\"2022-11-01T11:47:58+00:00\",\"dateModified\":\"2022-11-01T12:31:05+00:00\",\"mainEntityOfPage\":{\"@id\":\"https:\\\/\\\/www.senaatti.fi\\\/asema-alueet\\\/ajankohtaista\\\/uutiset\\\/oulun-asemakeskuksen-kilpailu-siirtyy-uuteen-vaiheeseen\\\/\"},\"wordCount\":176,\"commentCount\":0,\"image\":{\"@id\":\"https:\\\/\\\/www.senaatti.fi\\\/asema-alueet\\\/ajankohtaista\\\/uutiset\\\/oulun-asemakeskuksen-kilpailu-siirtyy-uuteen-vaiheeseen\\\/#primaryimage\"},\"thumbnailUrl\":\"https:\\\/\\\/www.senaatti.fi\\\/app\\\/uploads\\\/sites\\\/6\\\/2019\\\/10\\\/Oulu_18563_07.jpg\",\"articleSection\":[\"Senaatin Asema-alueet Oy\"],\"inLanguage\":\"fi\"},{\"@type\":\"WebPage\",\"@id\":\"https:\\\/\\\/www.senaatti.fi\\\/asema-alueet\\\/ajankohtaista\\\/uutiset\\\/oulun-asemakeskuksen-kilpailu-siirtyy-uuteen-vaiheeseen\\\/\",\"url\":\"https:\\\/\\\/www.senaatti.fi\\\/asema-alueet\\\/ajankohtaista\\\/uutiset\\\/oulun-asemakeskuksen-kilpailu-siirtyy-uuteen-vaiheeseen\\\/\",\"name\":\"Oulun Asemakeskuksen kilpailu siirtyy uuteen vaiheeseen - Senaatti\",\"isPartOf\":{\"@id\":\"https:\\\/\\\/www.senaatti.fi\\\/asema-alueet\\\/#website\"},\"primaryImageOfPage\":{\"@id\":\"https:\\\/\\\/www.senaatti.fi\\\/asema-alueet\\\/ajankohtaista\\\/uutiset\\\/oulun-asemakeskuksen-kilpailu-siirtyy-uuteen-vaiheeseen\\\/#primaryimage\"},\"image\":{\"@id\":\"https:\\\/\\\/www.senaatti.fi\\\/asema-alueet\\\/ajankohtaista\\\/uutiset\\\/oulun-asemakeskuksen-kilpailu-siirtyy-uuteen-vaiheeseen\\\/#primaryimage\"},\"thumbnailUrl\":\"https:\\\/\\\/www.senaatti.fi\\\/app\\\/uploads\\\/sites\\\/6\\\/2019\\\/10\\\/Oulu_18563_07.jpg\",\"datePublished\":\"2022-11-01T11:47:58+00:00\",\"dateModified\":\"2022-11-01T12:31:05+00:00\",\"author\":{\"@id\":\"https:\\\/\\\/www.senaatti.fi\\\/asema-alueet\\\/#\\\/schema\\\/person\\\/19ebcd857f41fa4cf02102cd128abc46\"},\"description\":\"Senaatin Asema-alueet Oy:n j\u00e4rjest\u00e4m\u00e4n Oulun Asemakeskuksen suunnittelu- ja tontinluovutuskilpailun ensimm\u00e4isen kilpailuvaiheen ehdotukset ovat\",\"breadcrumb\":{\"@id\":\"https:\\\/\\\/www.senaatti.fi\\\/asema-alueet\\\/ajankohtaista\\\/uutiset\\\/oulun-asemakeskuksen-kilpailu-siirtyy-uuteen-vaiheeseen\\\/#breadcrumb\"},\"inLanguage\":\"fi\",\"potentialAction\":[{\"@type\":\"ReadAction\",\"target\":[\"https:\\\/\\\/www.senaatti.fi\\\/asema-alueet\\\/ajankohtaista\\\/uutiset\\\/oulun-asemakeskuksen-kilpailu-siirtyy-uuteen-vaiheeseen\\\/\"]}]},{\"@type\":\"ImageObject\",\"inLanguage\":\"fi\",\"@id\":\"https:\\\/\\\/www.senaatti.fi\\\/asema-alueet\\\/ajankohtaista\\\/uutiset\\\/oulun-asemakeskuksen-kilpailu-siirtyy-uuteen-vaiheeseen\\\/#primaryimage\",\"url\":\"https:\\\/\\\/www.senaatti.fi\\\/app\\\/uploads\\\/sites\\\/6\\\/2019\\\/10\\\/Oulu_18563_07.jpg\",\"contentUrl\":\"https:\\\/\\\/www.senaatti.fi\\\/app\\\/uploads\\\/sites\\\/6\\\/2019\\\/10\\\/Oulu_18563_07.jpg\",\"width\":6048,\"height\":4015,\"caption\":\"Oulun asema-alue ilmakuvassa.\"},{\"@type\":\"BreadcrumbList\",\"@id\":\"https:\\\/\\\/www.senaatti.fi\\\/asema-alueet\\\/ajankohtaista\\\/uutiset\\\/oulun-asemakeskuksen-kilpailu-siirtyy-uuteen-vaiheeseen\\\/#breadcrumb\",\"itemListElement\":[{\"@type\":\"ListItem\",\"position\":1,\"name\":\"Etusivu\",\"item\":\"https:\\\/\\\/www.senaatti.fi\\\/asema-alueet\\\/\"},{\"@type\":\"ListItem\",\"position\":2,\"name\":\"Oulun Asemakeskuksen kilpailu siirtyy uuteen vaiheeseen\"}]},{\"@type\":\"WebSite\",\"@id\":\"https:\\\/\\\/www.senaatti.fi\\\/asema-alueet\\\/#website\",\"url\":\"https:\\\/\\\/www.senaatti.fi\\\/asema-alueet\\\/\",\"name\":\"Asema-alueet\",\"description\":\"Senaatin Asema-alueet\",\"potentialAction\":[{\"@type\":\"SearchAction\",\"target\":{\"@type\":\"EntryPoint\",\"urlTemplate\":\"https:\\\/\\\/www.senaatti.fi\\\/asema-alueet\\\/?s={search_term_string}\"},\"query-input\":{\"@type\":\"PropertyValueSpecification\",\"valueRequired\":true,\"valueName\":\"search_term_string\"}}],\"inLanguage\":\"fi\"},{\"@type\":\"Person\",\"@id\":\"https:\\\/\\\/www.senaatti.fi\\\/asema-alueet\\\/#\\\/schema\\\/person\\\/19ebcd857f41fa4cf02102cd128abc46\",\"name\":\"Andreas Ylijarvi\",\"image\":{\"@type\":\"ImageObject\",\"inLanguage\":\"fi\",\"@id\":\"https:\\\/\\\/secure.gravatar.com\\\/avatar\\\/da48797f91660605745175abd9fe82263292008bf52cf452340b960fcdab186f?s=96&d=mm&r=g\",\"url\":\"https:\\\/\\\/secure.gravatar.com\\\/avatar\\\/da48797f91660605745175abd9fe82263292008bf52cf452340b960fcdab186f?s=96&d=mm&r=g\",\"contentUrl\":\"https:\\\/\\\/secure.gravatar.com\\\/avatar\\\/da48797f91660605745175abd9fe82263292008bf52cf452340b960fcdab186f?s=96&d=mm&r=g\",\"caption\":\"Andreas Ylijarvi\"}}]}<\/script>\n<!-- \/ Yoast SEO plugin. -->","yoast_head_json":{"title":"Oulun Asemakeskuksen kilpailu siirtyy uuteen vaiheeseen - Senaatti","description":"Senaatin Asema-alueet Oy:n j\u00e4rjest\u00e4m\u00e4n Oulun Asemakeskuksen suunnittelu- ja tontinluovutuskilpailun ensimm\u00e4isen kilpailuvaiheen ehdotukset ovat","robots":{"index":"index","follow":"follow","max-snippet":"max-snippet:-1","max-image-preview":"max-image-preview:large","max-video-preview":"max-video-preview:-1"},"canonical":"https:\/\/www.senaatti.fi\/asema-alueet\/ajankohtaista\/uutiset\/oulun-asemakeskuksen-kilpailu-siirtyy-uuteen-vaiheeseen\/","og_locale":"fi_FI","og_type":"article","og_title":"Oulun Asemakeskuksen kilpailu siirtyy uuteen vaiheeseen - Senaatti","og_description":"Senaatin Asema-alueet Oy:n j\u00e4rjest\u00e4m\u00e4n Oulun Asemakeskuksen suunnittelu- ja tontinluovutuskilpailun ensimm\u00e4isen kilpailuvaiheen ehdotukset ovat","og_url":"https:\/\/www.senaatti.fi\/asema-alueet\/ajankohtaista\/uutiset\/oulun-asemakeskuksen-kilpailu-siirtyy-uuteen-vaiheeseen\/","og_site_name":"Senaatti","article_published_time":"2022-11-01T11:47:58+00:00","article_modified_time":"2022-11-01T12:31:05+00:00","og_image":[{"width":1024,"height":680,"url":"https:\/\/www.senaatti.fi\/app\/uploads\/sites\/6\/2019\/10\/Oulu_18563_07-1024x680.jpg","type":"image\/jpeg"}],"author":"Andreas Ylijarvi","twitter_card":"summary_large_image","twitter_misc":{"Written by":"Andreas Ylijarvi","Est. reading time":"1 minuutti"},"schema":{"@context":"https:\/\/schema.org","@graph":[{"@type":"Article","@id":"https:\/\/www.senaatti.fi\/asema-alueet\/ajankohtaista\/uutiset\/oulun-asemakeskuksen-kilpailu-siirtyy-uuteen-vaiheeseen\/#article","isPartOf":{"@id":"https:\/\/www.senaatti.fi\/asema-alueet\/ajankohtaista\/uutiset\/oulun-asemakeskuksen-kilpailu-siirtyy-uuteen-vaiheeseen\/"},"author":{"name":"Andreas Ylijarvi","@id":"https:\/\/www.senaatti.fi\/asema-alueet\/#\/schema\/person\/19ebcd857f41fa4cf02102cd128abc46"},"headline":"Oulun Asemakeskuksen kilpailu siirtyy uuteen vaiheeseen","datePublished":"2022-11-01T11:47:58+00:00","dateModified":"2022-11-01T12:31:05+00:00","mainEntityOfPage":{"@id":"https:\/\/www.senaatti.fi\/asema-alueet\/ajankohtaista\/uutiset\/oulun-asemakeskuksen-kilpailu-siirtyy-uuteen-vaiheeseen\/"},"wordCount":176,"commentCount":0,"image":{"@id":"https:\/\/www.senaatti.fi\/asema-alueet\/ajankohtaista\/uutiset\/oulun-asemakeskuksen-kilpailu-siirtyy-uuteen-vaiheeseen\/#primaryimage"},"thumbnailUrl":"https:\/\/www.senaatti.fi\/app\/uploads\/sites\/6\/2019\/10\/Oulu_18563_07.jpg","articleSection":["Senaatin Asema-alueet Oy"],"inLanguage":"fi"},{"@type":"WebPage","@id":"https:\/\/www.senaatti.fi\/asema-alueet\/ajankohtaista\/uutiset\/oulun-asemakeskuksen-kilpailu-siirtyy-uuteen-vaiheeseen\/","url":"https:\/\/www.senaatti.fi\/asema-alueet\/ajankohtaista\/uutiset\/oulun-asemakeskuksen-kilpailu-siirtyy-uuteen-vaiheeseen\/","name":"Oulun Asemakeskuksen kilpailu siirtyy uuteen vaiheeseen - Senaatti","isPartOf":{"@id":"https:\/\/www.senaatti.fi\/asema-alueet\/#website"},"primaryImageOfPage":{"@id":"https:\/\/www.senaatti.fi\/asema-alueet\/ajankohtaista\/uutiset\/oulun-asemakeskuksen-kilpailu-siirtyy-uuteen-vaiheeseen\/#primaryimage"},"image":{"@id":"https:\/\/www.senaatti.fi\/asema-alueet\/ajankohtaista\/uutiset\/oulun-asemakeskuksen-kilpailu-siirtyy-uuteen-vaiheeseen\/#primaryimage"},"thumbnailUrl":"https:\/\/www.senaatti.fi\/app\/uploads\/sites\/6\/2019\/10\/Oulu_18563_07.jpg","datePublished":"2022-11-01T11:47:58+00:00","dateModified":"2022-11-01T12:31:05+00:00","author":{"@id":"https:\/\/www.senaatti.fi\/asema-alueet\/#\/schema\/person\/19ebcd857f41fa4cf02102cd128abc46"},"description":"Senaatin Asema-alueet Oy:n j\u00e4rjest\u00e4m\u00e4n Oulun Asemakeskuksen suunnittelu- ja tontinluovutuskilpailun ensimm\u00e4isen kilpailuvaiheen ehdotukset ovat","breadcrumb":{"@id":"https:\/\/www.senaatti.fi\/asema-alueet\/ajankohtaista\/uutiset\/oulun-asemakeskuksen-kilpailu-siirtyy-uuteen-vaiheeseen\/#breadcrumb"},"inLanguage":"fi","potentialAction":[{"@type":"ReadAction","target":["https:\/\/www.senaatti.fi\/asema-alueet\/ajankohtaista\/uutiset\/oulun-asemakeskuksen-kilpailu-siirtyy-uuteen-vaiheeseen\/"]}]},{"@type":"ImageObject","inLanguage":"fi","@id":"https:\/\/www.senaatti.fi\/asema-alueet\/ajankohtaista\/uutiset\/oulun-asemakeskuksen-kilpailu-siirtyy-uuteen-vaiheeseen\/#primaryimage","url":"https:\/\/www.senaatti.fi\/app\/uploads\/sites\/6\/2019\/10\/Oulu_18563_07.jpg","contentUrl":"https:\/\/www.senaatti.fi\/app\/uploads\/sites\/6\/2019\/10\/Oulu_18563_07.jpg","width":6048,"height":4015,"caption":"Oulun asema-alue ilmakuvassa."},{"@type":"BreadcrumbList","@id":"https:\/\/www.senaatti.fi\/asema-alueet\/ajankohtaista\/uutiset\/oulun-asemakeskuksen-kilpailu-siirtyy-uuteen-vaiheeseen\/#breadcrumb","itemListElement":[{"@type":"ListItem","position":1,"name":"Etusivu","item":"https:\/\/www.senaatti.fi\/asema-alueet\/"},{"@type":"ListItem","position":2,"name":"Oulun Asemakeskuksen kilpailu siirtyy uuteen vaiheeseen"}]},{"@type":"WebSite","@id":"https:\/\/www.senaatti.fi\/asema-alueet\/#website","url":"https:\/\/www.senaatti.fi\/asema-alueet\/","name":"Asema-alueet","description":"Senaatin Asema-alueet","potentialAction":[{"@type":"SearchAction","target":{"@type":"EntryPoint","urlTemplate":"https:\/\/www.senaatti.fi\/asema-alueet\/?s={search_term_string}"},"query-input":{"@type":"PropertyValueSpecification","valueRequired":true,"valueName":"search_term_string"}}],"inLanguage":"fi"},{"@type":"Person","@id":"https:\/\/www.senaatti.fi\/asema-alueet\/#\/schema\/person\/19ebcd857f41fa4cf02102cd128abc46","name":"Andreas Ylijarvi","image":{"@type":"ImageObject","inLanguage":"fi","@id":"https:\/\/secure.gravatar.com\/avatar\/da48797f91660605745175abd9fe82263292008bf52cf452340b960fcdab186f?s=96&d=mm&r=g","url":"https:\/\/secure.gravatar.com\/avatar\/da48797f91660605745175abd9fe82263292008bf52cf452340b960fcdab186f?s=96&d=mm&r=g","contentUrl":"https:\/\/secure.gravatar.com\/avatar\/da48797f91660605745175abd9fe82263292008bf52cf452340b960fcdab186f?s=96&d=mm&r=g","caption":"Andreas Ylijarvi"}}]}},"lang":"fi","translations":{"fi":1595},"pll_sync_post":[],"_links":{"self":[{"href":"https:\/\/www.senaatti.fi\/asema-alueet\/wp-json\/wp\/v2\/posts\/1595","targetHints":{"allow":["GET"]}}],"collection":[{"href":"https:\/\/www.senaatti.fi\/asema-alueet\/wp-json\/wp\/v2\/posts"}],"about":[{"href":"https:\/\/www.senaatti.fi\/asema-alueet\/wp-json\/wp\/v2\/types\/post"}],"author":[{"embeddable":true,"href":"https:\/\/www.senaatti.fi\/asema-alueet\/wp-json\/wp\/v2\/users\/16"}],"replies":[{"embeddable":true,"href":"https:\/\/www.senaatti.fi\/asema-alueet\/wp-json\/wp\/v2\/comments?post=1595"}],"version-history":[{"count":2,"href":"https:\/\/www.senaatti.fi\/asema-alueet\/wp-json\/wp\/v2\/posts\/1595\/revisions"}],"predecessor-version":[{"id":1599,"href":"https:\/\/www.senaatti.fi\/asema-alueet\/wp-json\/wp\/v2\/posts\/1595\/revisions\/1599"}],"wp:featuredmedia":[{"embeddable":true,"href":"https:\/\/www.senaatti.fi\/asema-alueet\/wp-json\/wp\/v2\/media\/875"}],"wp:attachment":[{"href":"https:\/\/www.senaatti.fi\/asema-alueet\/wp-json\/wp\/v2\/media?parent=1595"}],"wp:term":[{"taxonomy":"senaatti_type","embeddable":true,"href":"https:\/\/www.senaatti.fi\/asema-alueet\/wp-json\/wp\/v2\/senaatti_type?post=1595"}],"curies":[{"name":"wp","href":"https:\/\/api.w.org\/{rel}","templated":true}]}}