{"id":1591,"date":"2022-09-28T01:00:45","date_gmt":"2022-09-28T01:00:45","guid":{"rendered":"https:\/\/www.senaatti.fi\/asema-alueet\/?p=1591"},"modified":"2022-11-01T11:54:23","modified_gmt":"2022-11-01T11:54:23","slug":"oulun-asemakeskuksen-kilpailun-suunnitteluaikaa-on-jatkettu","status":"publish","type":"post","link":"https:\/\/www.senaatti.fi\/asema-alueet\/ajankohtaista\/uutiset\/oulun-asemakeskuksen-kilpailun-suunnitteluaikaa-on-jatkettu\/","title":{"rendered":"Senaatin Asema-alueet Oy:n j\u00e4rjest\u00e4m\u00e4n Oulun Asemakeskuksen suunnittelu- ja tontinluovutuskilpailun suunnitteluaikaa on jatkettu"},"content":{"rendered":"<p><strong>Senaatin Asema-alueet Oy:n j\u00e4rjest\u00e4m\u00e4n Oulun Asemakeskuksen suunnittelu- ja tontinluovutuskilpailun ensimm\u00e4isen kilpailuvaiheen ehdotusten toimittamisen m\u00e4\u00e4r\u00e4aikaa on siirretty yhdell\u00e4 kuukaudella eteenp\u00e4in. Uusi m\u00e4\u00e4r\u00e4aika ehdotusten toimittamiselle on 31.10.2022 klo 16.00.<\/strong><\/p>\n<p>Kilpailuehdotusten m\u00e4\u00e4r\u00e4aikaa siirrettiin kilpailun j\u00e4rjest\u00e4j\u00e4n kilpailuaineistoon toimittamien tarkennuksien vuoksi sek\u00e4 kilpailijoilta saadun palautteen perusteella. Suunnittelu- ja tontinluovutuskilpailun aikataulu siirtyy vastaavasti kuukaudella eteenp\u00e4in.<\/p>\n<p>Kilpailun lis\u00e4ksi alueella on parhaillaan k\u00e4ynniss\u00e4 V\u00e4yl\u00e4viraston toimesta teht\u00e4v\u00e4 henkil\u00f6ratapihan ja ratasuunnitelman laatiminen tutkimuksineen. Hankkeessa suunnitellaan muun muassa uusi v\u00e4lilaituri, nykyisen reunalaiturin jatkaminen, nykyisen v\u00e4lilaiturin korottaminen sek\u00e4 autovaunujen lastauslaiturin siirto. Lis\u00e4ksi parannetaan kulkuyhteyksi\u00e4 laitureille.<\/p>\n<p><strong>Suunnittelu- ja tontinluovutuskilpailulla alueelle toteuttaja<\/strong><\/p>\n<p>Kilpailun tavoitteena on l\u00f6yt\u00e4\u00e4 asemakeskuksen alueen toteuttamiseksi kaupunkikuvallisesti, arkkitehtonisesti ja toiminnallisesti korkeatasoinen ja toteuttamiskelpoinen suunnitteluratkaisu, sek\u00e4 sille toteuttaja.<\/p>\n<p>Syksyll\u00e4 valmistuvien kilpailuehdotusten arvioinnissa korostuvat ekologisesti ja sosiaalisesti kest\u00e4v\u00e4, hiilineutraali kaupunkikehitys sek\u00e4 eri matkustusmuotojen synergia ja toimivuus. Kilpailun voittajasuunnitelman on lis\u00e4tt\u00e4v\u00e4 my\u00f6s liikenteen sujuvuutta. Asemakeskus on tulevaisuudessa liikenteen solmukohta, jonka l\u00e4pi virtaa paljon matkustajia. Junaradan l\u00e4nsipuolelle rakentuu matkakeskus, joka tukee Oulun matkustuspalvelujen toimivuutta.<\/p>\n<p><strong>Yhteystiedot<\/strong><\/p>\n<p>Kiinteist\u00f6kehitysp\u00e4\u00e4llikk\u00f6 Janne Marttinen, Senaatin Asema-alueet Oy, janne.marttinen@senaatti.fi puh. 040 867 4667<\/p>\n<p><a href=\"https:\/\/vayla.fi\/oulun-henkiloratapiha\">Lis\u00e4tiedot V\u00e4yl\u00e4viraston Oulun henkil\u00f6ratapihan ratasuunnitelmasta<\/a><\/p>\n","protected":false},"excerpt":{"rendered":"<p>Senaatin Asema-alueet Oy:n j\u00e4rjest\u00e4m\u00e4n Oulun Asemakeskuksen suunnittelu- ja tontinluovutuskilpailun ensimm\u00e4isen kilpailuvaiheen ehdotusten toimittamisen m\u00e4\u00e4r\u00e4aikaa on siirretty yhdell\u00e4 kuukaudella eteenp\u00e4in. Uusi m\u00e4\u00e4r\u00e4aika ehdotusten toimittamiselle on 31.10.2022 klo 16.00. Kilpailuehdotusten m\u00e4\u00e4r\u00e4aikaa siirrettiin kilpailun j\u00e4rjest\u00e4j\u00e4n kilpailuaineistoon toimittamien tarkennuksien vuoksi sek\u00e4 kilpailijoilta saadun palautteen perusteella. Suunnittelu- ja tontinluovutuskilpailun aikataulu siirtyy vastaavasti kuukaudella eteenp\u00e4in. Kilpailun lis\u00e4ksi alueella on parhaillaan k\u00e4ynniss\u00e4 [&hellip;]<\/p>\n","protected":false},"author":16,"featured_media":0,"comment_status":"open","ping_status":"open","sticky":false,"template":"","format":"standard","meta":{"_acf_changed":false,"footnotes":""},"senaatti_type":[],"class_list":["post-1591","post","type-post","status-publish","format-standard","hentry"],"acf":[],"yoast_head":"<!-- This site is optimized with the Yoast SEO plugin v27.3 - https:\/\/yoast.com\/product\/yoast-seo-wordpress\/ -->\n<title>Senaatin Asema-alueet Oy:n j\u00e4rjest\u00e4m\u00e4n Oulun Asemakeskuksen suunnittelu- ja tontinluovutuskilpailun suunnitteluaikaa on jatkettu - Senaatti<\/title>\n<meta name=\"description\" content=\"Senaatin Asema-alueet Oy:n j\u00e4rjest\u00e4m\u00e4n Oulun Asemakeskuksen suunnittelu- ja tontinluovutuskilpailun ensimm\u00e4isen kilpailuvaiheen ehdotusten toimittamisen\" \/>\n<meta name=\"robots\" content=\"index, follow, max-snippet:-1, max-image-preview:large, max-video-preview:-1\" \/>\n<link rel=\"canonical\" href=\"https:\/\/www.senaatti.fi\/asema-alueet\/ajankohtaista\/uutiset\/oulun-asemakeskuksen-kilpailun-suunnitteluaikaa-on-jatkettu\/\" \/>\n<meta property=\"og:locale\" content=\"fi_FI\" \/>\n<meta property=\"og:type\" content=\"article\" \/>\n<meta property=\"og:title\" content=\"Senaatin Asema-alueet Oy:n j\u00e4rjest\u00e4m\u00e4n Oulun Asemakeskuksen suunnittelu- ja tontinluovutuskilpailun suunnitteluaikaa on jatkettu - Senaatti\" \/>\n<meta property=\"og:description\" content=\"Senaatin Asema-alueet Oy:n j\u00e4rjest\u00e4m\u00e4n Oulun Asemakeskuksen suunnittelu- ja tontinluovutuskilpailun ensimm\u00e4isen kilpailuvaiheen ehdotusten toimittamisen\" \/>\n<meta property=\"og:url\" content=\"https:\/\/www.senaatti.fi\/asema-alueet\/ajankohtaista\/uutiset\/oulun-asemakeskuksen-kilpailun-suunnitteluaikaa-on-jatkettu\/\" \/>\n<meta property=\"og:site_name\" content=\"Senaatti\" \/>\n<meta property=\"article:published_time\" content=\"2022-09-28T01:00:45+00:00\" \/>\n<meta property=\"article:modified_time\" content=\"2022-11-01T11:54:23+00:00\" \/>\n<meta name=\"author\" content=\"Andreas Ylijarvi\" \/>\n<meta name=\"twitter:card\" content=\"summary_large_image\" \/>\n<meta name=\"twitter:label1\" content=\"Kirjoittanut\" \/>\n\t<meta name=\"twitter:data1\" content=\"Andreas Ylijarvi\" \/>\n\t<meta name=\"twitter:label2\" content=\"Arvioitu lukuaika\" \/>\n\t<meta name=\"twitter:data2\" content=\"1 minuutti\" \/>\n<script type=\"application\/ld+json\" class=\"yoast-schema-graph\">{\"@context\":\"https:\\\/\\\/schema.org\",\"@graph\":[{\"@type\":\"Article\",\"@id\":\"https:\\\/\\\/www.senaatti.fi\\\/asema-alueet\\\/ajankohtaista\\\/uutiset\\\/oulun-asemakeskuksen-kilpailun-suunnitteluaikaa-on-jatkettu\\\/#article\",\"isPartOf\":{\"@id\":\"https:\\\/\\\/www.senaatti.fi\\\/asema-alueet\\\/ajankohtaista\\\/uutiset\\\/oulun-asemakeskuksen-kilpailun-suunnitteluaikaa-on-jatkettu\\\/\"},\"author\":{\"name\":\"Andreas Ylijarvi\",\"@id\":\"https:\\\/\\\/www.senaatti.fi\\\/asema-alueet\\\/#\\\/schema\\\/person\\\/19ebcd857f41fa4cf02102cd128abc46\"},\"headline\":\"Senaatin Asema-alueet Oy:n j\u00e4rjest\u00e4m\u00e4n Oulun Asemakeskuksen suunnittelu- ja tontinluovutuskilpailun suunnitteluaikaa on jatkettu\",\"datePublished\":\"2022-09-28T01:00:45+00:00\",\"dateModified\":\"2022-11-01T11:54:23+00:00\",\"mainEntityOfPage\":{\"@id\":\"https:\\\/\\\/www.senaatti.fi\\\/asema-alueet\\\/ajankohtaista\\\/uutiset\\\/oulun-asemakeskuksen-kilpailun-suunnitteluaikaa-on-jatkettu\\\/\"},\"wordCount\":218,\"commentCount\":0,\"articleSection\":[\"Senaatin Asema-alueet Oy\"],\"inLanguage\":\"fi\"},{\"@type\":\"WebPage\",\"@id\":\"https:\\\/\\\/www.senaatti.fi\\\/asema-alueet\\\/ajankohtaista\\\/uutiset\\\/oulun-asemakeskuksen-kilpailun-suunnitteluaikaa-on-jatkettu\\\/\",\"url\":\"https:\\\/\\\/www.senaatti.fi\\\/asema-alueet\\\/ajankohtaista\\\/uutiset\\\/oulun-asemakeskuksen-kilpailun-suunnitteluaikaa-on-jatkettu\\\/\",\"name\":\"Senaatin Asema-alueet Oy:n j\u00e4rjest\u00e4m\u00e4n Oulun Asemakeskuksen suunnittelu- ja tontinluovutuskilpailun suunnitteluaikaa on jatkettu - Senaatti\",\"isPartOf\":{\"@id\":\"https:\\\/\\\/www.senaatti.fi\\\/asema-alueet\\\/#website\"},\"datePublished\":\"2022-09-28T01:00:45+00:00\",\"dateModified\":\"2022-11-01T11:54:23+00:00\",\"author\":{\"@id\":\"https:\\\/\\\/www.senaatti.fi\\\/asema-alueet\\\/#\\\/schema\\\/person\\\/19ebcd857f41fa4cf02102cd128abc46\"},\"description\":\"Senaatin Asema-alueet Oy:n j\u00e4rjest\u00e4m\u00e4n Oulun Asemakeskuksen suunnittelu- ja tontinluovutuskilpailun ensimm\u00e4isen kilpailuvaiheen ehdotusten toimittamisen\",\"breadcrumb\":{\"@id\":\"https:\\\/\\\/www.senaatti.fi\\\/asema-alueet\\\/ajankohtaista\\\/uutiset\\\/oulun-asemakeskuksen-kilpailun-suunnitteluaikaa-on-jatkettu\\\/#breadcrumb\"},\"inLanguage\":\"fi\",\"potentialAction\":[{\"@type\":\"ReadAction\",\"target\":[\"https:\\\/\\\/www.senaatti.fi\\\/asema-alueet\\\/ajankohtaista\\\/uutiset\\\/oulun-asemakeskuksen-kilpailun-suunnitteluaikaa-on-jatkettu\\\/\"]}]},{\"@type\":\"BreadcrumbList\",\"@id\":\"https:\\\/\\\/www.senaatti.fi\\\/asema-alueet\\\/ajankohtaista\\\/uutiset\\\/oulun-asemakeskuksen-kilpailun-suunnitteluaikaa-on-jatkettu\\\/#breadcrumb\",\"itemListElement\":[{\"@type\":\"ListItem\",\"position\":1,\"name\":\"Etusivu\",\"item\":\"https:\\\/\\\/www.senaatti.fi\\\/asema-alueet\\\/\"},{\"@type\":\"ListItem\",\"position\":2,\"name\":\"Senaatin Asema-alueet Oy:n j\u00e4rjest\u00e4m\u00e4n Oulun Asemakeskuksen suunnittelu- ja tontinluovutuskilpailun suunnitteluaikaa on jatkettu\"}]},{\"@type\":\"WebSite\",\"@id\":\"https:\\\/\\\/www.senaatti.fi\\\/asema-alueet\\\/#website\",\"url\":\"https:\\\/\\\/www.senaatti.fi\\\/asema-alueet\\\/\",\"name\":\"Asema-alueet\",\"description\":\"Senaatin Asema-alueet\",\"potentialAction\":[{\"@type\":\"SearchAction\",\"target\":{\"@type\":\"EntryPoint\",\"urlTemplate\":\"https:\\\/\\\/www.senaatti.fi\\\/asema-alueet\\\/?s={search_term_string}\"},\"query-input\":{\"@type\":\"PropertyValueSpecification\",\"valueRequired\":true,\"valueName\":\"search_term_string\"}}],\"inLanguage\":\"fi\"},{\"@type\":\"Person\",\"@id\":\"https:\\\/\\\/www.senaatti.fi\\\/asema-alueet\\\/#\\\/schema\\\/person\\\/19ebcd857f41fa4cf02102cd128abc46\",\"name\":\"Andreas Ylijarvi\",\"image\":{\"@type\":\"ImageObject\",\"inLanguage\":\"fi\",\"@id\":\"https:\\\/\\\/secure.gravatar.com\\\/avatar\\\/da48797f91660605745175abd9fe82263292008bf52cf452340b960fcdab186f?s=96&d=mm&r=g\",\"url\":\"https:\\\/\\\/secure.gravatar.com\\\/avatar\\\/da48797f91660605745175abd9fe82263292008bf52cf452340b960fcdab186f?s=96&d=mm&r=g\",\"contentUrl\":\"https:\\\/\\\/secure.gravatar.com\\\/avatar\\\/da48797f91660605745175abd9fe82263292008bf52cf452340b960fcdab186f?s=96&d=mm&r=g\",\"caption\":\"Andreas Ylijarvi\"}}]}<\/script>\n<!-- \/ Yoast SEO plugin. -->","yoast_head_json":{"title":"Senaatin Asema-alueet Oy:n j\u00e4rjest\u00e4m\u00e4n Oulun Asemakeskuksen suunnittelu- ja tontinluovutuskilpailun suunnitteluaikaa on jatkettu - Senaatti","description":"Senaatin Asema-alueet Oy:n j\u00e4rjest\u00e4m\u00e4n Oulun Asemakeskuksen suunnittelu- ja tontinluovutuskilpailun ensimm\u00e4isen kilpailuvaiheen ehdotusten toimittamisen","robots":{"index":"index","follow":"follow","max-snippet":"max-snippet:-1","max-image-preview":"max-image-preview:large","max-video-preview":"max-video-preview:-1"},"canonical":"https:\/\/www.senaatti.fi\/asema-alueet\/ajankohtaista\/uutiset\/oulun-asemakeskuksen-kilpailun-suunnitteluaikaa-on-jatkettu\/","og_locale":"fi_FI","og_type":"article","og_title":"Senaatin Asema-alueet Oy:n j\u00e4rjest\u00e4m\u00e4n Oulun Asemakeskuksen suunnittelu- ja tontinluovutuskilpailun suunnitteluaikaa on jatkettu - Senaatti","og_description":"Senaatin Asema-alueet Oy:n j\u00e4rjest\u00e4m\u00e4n Oulun Asemakeskuksen suunnittelu- ja tontinluovutuskilpailun ensimm\u00e4isen kilpailuvaiheen ehdotusten toimittamisen","og_url":"https:\/\/www.senaatti.fi\/asema-alueet\/ajankohtaista\/uutiset\/oulun-asemakeskuksen-kilpailun-suunnitteluaikaa-on-jatkettu\/","og_site_name":"Senaatti","article_published_time":"2022-09-28T01:00:45+00:00","article_modified_time":"2022-11-01T11:54:23+00:00","author":"Andreas Ylijarvi","twitter_card":"summary_large_image","twitter_misc":{"Kirjoittanut":"Andreas Ylijarvi","Arvioitu lukuaika":"1 minuutti"},"schema":{"@context":"https:\/\/schema.org","@graph":[{"@type":"Article","@id":"https:\/\/www.senaatti.fi\/asema-alueet\/ajankohtaista\/uutiset\/oulun-asemakeskuksen-kilpailun-suunnitteluaikaa-on-jatkettu\/#article","isPartOf":{"@id":"https:\/\/www.senaatti.fi\/asema-alueet\/ajankohtaista\/uutiset\/oulun-asemakeskuksen-kilpailun-suunnitteluaikaa-on-jatkettu\/"},"author":{"name":"Andreas Ylijarvi","@id":"https:\/\/www.senaatti.fi\/asema-alueet\/#\/schema\/person\/19ebcd857f41fa4cf02102cd128abc46"},"headline":"Senaatin Asema-alueet Oy:n j\u00e4rjest\u00e4m\u00e4n Oulun Asemakeskuksen suunnittelu- ja tontinluovutuskilpailun suunnitteluaikaa on jatkettu","datePublished":"2022-09-28T01:00:45+00:00","dateModified":"2022-11-01T11:54:23+00:00","mainEntityOfPage":{"@id":"https:\/\/www.senaatti.fi\/asema-alueet\/ajankohtaista\/uutiset\/oulun-asemakeskuksen-kilpailun-suunnitteluaikaa-on-jatkettu\/"},"wordCount":218,"commentCount":0,"articleSection":["Senaatin Asema-alueet Oy"],"inLanguage":"fi"},{"@type":"WebPage","@id":"https:\/\/www.senaatti.fi\/asema-alueet\/ajankohtaista\/uutiset\/oulun-asemakeskuksen-kilpailun-suunnitteluaikaa-on-jatkettu\/","url":"https:\/\/www.senaatti.fi\/asema-alueet\/ajankohtaista\/uutiset\/oulun-asemakeskuksen-kilpailun-suunnitteluaikaa-on-jatkettu\/","name":"Senaatin Asema-alueet Oy:n j\u00e4rjest\u00e4m\u00e4n Oulun Asemakeskuksen suunnittelu- ja tontinluovutuskilpailun suunnitteluaikaa on jatkettu - Senaatti","isPartOf":{"@id":"https:\/\/www.senaatti.fi\/asema-alueet\/#website"},"datePublished":"2022-09-28T01:00:45+00:00","dateModified":"2022-11-01T11:54:23+00:00","author":{"@id":"https:\/\/www.senaatti.fi\/asema-alueet\/#\/schema\/person\/19ebcd857f41fa4cf02102cd128abc46"},"description":"Senaatin Asema-alueet Oy:n j\u00e4rjest\u00e4m\u00e4n Oulun Asemakeskuksen suunnittelu- ja tontinluovutuskilpailun ensimm\u00e4isen kilpailuvaiheen ehdotusten toimittamisen","breadcrumb":{"@id":"https:\/\/www.senaatti.fi\/asema-alueet\/ajankohtaista\/uutiset\/oulun-asemakeskuksen-kilpailun-suunnitteluaikaa-on-jatkettu\/#breadcrumb"},"inLanguage":"fi","potentialAction":[{"@type":"ReadAction","target":["https:\/\/www.senaatti.fi\/asema-alueet\/ajankohtaista\/uutiset\/oulun-asemakeskuksen-kilpailun-suunnitteluaikaa-on-jatkettu\/"]}]},{"@type":"BreadcrumbList","@id":"https:\/\/www.senaatti.fi\/asema-alueet\/ajankohtaista\/uutiset\/oulun-asemakeskuksen-kilpailun-suunnitteluaikaa-on-jatkettu\/#breadcrumb","itemListElement":[{"@type":"ListItem","position":1,"name":"Etusivu","item":"https:\/\/www.senaatti.fi\/asema-alueet\/"},{"@type":"ListItem","position":2,"name":"Senaatin Asema-alueet Oy:n j\u00e4rjest\u00e4m\u00e4n Oulun Asemakeskuksen suunnittelu- ja tontinluovutuskilpailun suunnitteluaikaa on jatkettu"}]},{"@type":"WebSite","@id":"https:\/\/www.senaatti.fi\/asema-alueet\/#website","url":"https:\/\/www.senaatti.fi\/asema-alueet\/","name":"Asema-alueet","description":"Senaatin Asema-alueet","potentialAction":[{"@type":"SearchAction","target":{"@type":"EntryPoint","urlTemplate":"https:\/\/www.senaatti.fi\/asema-alueet\/?s={search_term_string}"},"query-input":{"@type":"PropertyValueSpecification","valueRequired":true,"valueName":"search_term_string"}}],"inLanguage":"fi"},{"@type":"Person","@id":"https:\/\/www.senaatti.fi\/asema-alueet\/#\/schema\/person\/19ebcd857f41fa4cf02102cd128abc46","name":"Andreas Ylijarvi","image":{"@type":"ImageObject","inLanguage":"fi","@id":"https:\/\/secure.gravatar.com\/avatar\/da48797f91660605745175abd9fe82263292008bf52cf452340b960fcdab186f?s=96&d=mm&r=g","url":"https:\/\/secure.gravatar.com\/avatar\/da48797f91660605745175abd9fe82263292008bf52cf452340b960fcdab186f?s=96&d=mm&r=g","contentUrl":"https:\/\/secure.gravatar.com\/avatar\/da48797f91660605745175abd9fe82263292008bf52cf452340b960fcdab186f?s=96&d=mm&r=g","caption":"Andreas Ylijarvi"}}]}},"lang":"fi","translations":{"fi":1591},"pll_sync_post":[],"_links":{"self":[{"href":"https:\/\/www.senaatti.fi\/asema-alueet\/wp-json\/wp\/v2\/posts\/1591","targetHints":{"allow":["GET"]}}],"collection":[{"href":"https:\/\/www.senaatti.fi\/asema-alueet\/wp-json\/wp\/v2\/posts"}],"about":[{"href":"https:\/\/www.senaatti.fi\/asema-alueet\/wp-json\/wp\/v2\/types\/post"}],"author":[{"embeddable":true,"href":"https:\/\/www.senaatti.fi\/asema-alueet\/wp-json\/wp\/v2\/users\/16"}],"replies":[{"embeddable":true,"href":"https:\/\/www.senaatti.fi\/asema-alueet\/wp-json\/wp\/v2\/comments?post=1591"}],"version-history":[{"count":4,"href":"https:\/\/www.senaatti.fi\/asema-alueet\/wp-json\/wp\/v2\/posts\/1591\/revisions"}],"predecessor-version":[{"id":1598,"href":"https:\/\/www.senaatti.fi\/asema-alueet\/wp-json\/wp\/v2\/posts\/1591\/revisions\/1598"}],"wp:attachment":[{"href":"https:\/\/www.senaatti.fi\/asema-alueet\/wp-json\/wp\/v2\/media?parent=1591"}],"wp:term":[{"taxonomy":"senaatti_type","embeddable":true,"href":"https:\/\/www.senaatti.fi\/asema-alueet\/wp-json\/wp\/v2\/senaatti_type?post=1591"}],"curies":[{"name":"wp","href":"https:\/\/api.w.org\/{rel}","templated":true}]}}