{"id":1563,"date":"2022-06-21T08:54:20","date_gmt":"2022-06-21T08:54:20","guid":{"rendered":"https:\/\/www.senaatti.fi\/asema-alueet\/?p=1563"},"modified":"2022-06-21T08:54:20","modified_gmt":"2022-06-21T08:54:20","slug":"oulun-asemakeskuksen-kilpailu-kaynnissa-seuraavaksi-vuorossa-kilpailuehdotusten-suunnittelu","status":"publish","type":"post","link":"https:\/\/www.senaatti.fi\/asema-alueet\/ajankohtaista\/uutiset\/oulun-asemakeskuksen-kilpailu-kaynnissa-seuraavaksi-vuorossa-kilpailuehdotusten-suunnittelu\/","title":{"rendered":"Oulun Asemakeskuksen kilpailu k\u00e4ynniss\u00e4, seuraavaksi vuorossa kilpailuehdotusten suunnittelu"},"content":{"rendered":"<p><strong>Senaatin Asema-alueet Oy:n j\u00e4rjest\u00e4m\u00e4n Oulun Asemakeskuksen suunnittelu- ja tontinluovutuskilpailu on edennyt kilpailuehdotusten suunnitteluvaiheeseen. Ensimm\u00e4iset kilpailuehdotukset tulee j\u00e4tt\u00e4\u00e4 arvioitavaksi syyskuun loppuun menness\u00e4. Kilpailun voittaja valitaan joulukuussa 2022.<\/strong><\/p>\n<p>\u201dAsemakeskuksen projekti on edennyt yhteistoimintasopimuksen allekirjoittamisen j\u00e4lkeen suunnitellun aikataulun mukaisesti ja odotamme kilpailuehdotuksia hyviss\u00e4 tunnelmissa. Kuvainnollisesti voisi sanoa, ett\u00e4 projekti etenee kuin juna, nyt kun olemme yhteisty\u00f6ss\u00e4 kaupungin ja muiden osapuolten kanssa saaneet radan valmiiksi.\u201d toteaa Senaatin Asema-alueet Oy:n kiinteist\u00f6kehitysp\u00e4\u00e4llikk\u00f6 <strong>Janne Marttinen<\/strong>.<\/p>\n<p>Kilpailun tavoitteena on l\u00f6yt\u00e4\u00e4 asemakeskuksen alueen toteuttamiseksi kaupunkikuvallisesti, arkkitehtonisesti ja toiminnallisesti korkeatasoinen ja toteuttamiskelpoinen suunnitteluratkaisu, sek\u00e4 sille toteuttaja.<\/p>\n<p>Syksyll\u00e4 valmistuvien kilpailuehdotusten arvioinnissa korostuvat ekologisesti ja sosiaalisesti kest\u00e4v\u00e4, hiilineutraali kaupunkikehitys sek\u00e4 eri matkustusmuotojen synergia ja toimivuus. Kilpailun voittajasuunnitelman on lis\u00e4tt\u00e4v\u00e4 my\u00f6s liikenteen sujuvuutta. Asemakeskus on tulevaisuudessa liikenteen solmukohta, jonka l\u00e4pi virtaa paljon matkustajia. Junaradan l\u00e4nsipuolelle rakentuu lis\u00e4ksi erillishankkeena matkustuspalvelujen tilat, joka parantavat alueen kokonaispalveluita.<\/p>\n<p class=\"Leipteksti1\"><b>Asemanseutu muuttuu el\u00e4v\u00e4ksi ja omaleimaiseksi uudeksi kaupunginosaksi<\/b><\/p>\n<p class=\"Leipteksti1\">Oulu on pohjoisen Suomen merkitt\u00e4vin kohtaamis- ja kauppapaikka. Oulun Asemakeskus on valmistuessaan kaupunkiarkkitehtonisesti vaikuttava kokonaisuus, jonne toteutuu asuntoja, toimistotilaa sek\u00e4 asemapalvelukeskus linja-autoasemineen ja matkustajapalveluineen. Alueen kehitt\u00e4misen tavoitteena on, ett\u00e4 alueelle rakentuvan joukkoliikenneaseman my\u00f6t\u00e4 kaupunkilaisten ja matkustajien p\u00e4ivitt\u00e4inen liikkuminen helpottuu ja matkustusmukavuus kasvaa. Asemakaava mahdollistaa my\u00f6s liike- ja palvelutilojen sek\u00e4 hotellin rakentamisen alueelle.<\/p>\n<p class=\"Leipteksti1\"><b>Lis\u00e4tiedot<\/b><\/p>\n<p class=\"Leipteksti1\">Kiinteist\u00f6kehitysp\u00e4\u00e4llikk\u00f6 Janne Marttinen, Senaatin Asema-alueet Oy, janne.marttinen@senaatti.fi puh. 040 867 4667<\/p>\n","protected":false},"excerpt":{"rendered":"<p>Senaatin Asema-alueet Oy:n j\u00e4rjest\u00e4m\u00e4n Oulun Asemakeskuksen suunnittelu- ja tontinluovutuskilpailu on edennyt kilpailuehdotusten suunnitteluvaiheeseen. Ensimm\u00e4iset kilpailuehdotukset tulee j\u00e4tt\u00e4\u00e4 arvioitavaksi syyskuun loppuun menness\u00e4. Kilpailun voittaja valitaan joulukuussa 2022. \u201dAsemakeskuksen projekti on edennyt yhteistoimintasopimuksen allekirjoittamisen j\u00e4lkeen suunnitellun aikataulun mukaisesti ja odotamme kilpailuehdotuksia hyviss\u00e4 tunnelmissa. Kuvainnollisesti voisi sanoa, ett\u00e4 projekti etenee kuin juna, nyt kun olemme yhteisty\u00f6ss\u00e4 kaupungin ja [&hellip;]<\/p>\n","protected":false},"author":16,"featured_media":1413,"comment_status":"open","ping_status":"open","sticky":false,"template":"","format":"standard","meta":{"_acf_changed":false,"footnotes":""},"senaatti_type":[],"class_list":["post-1563","post","type-post","status-publish","format-standard","has-post-thumbnail","hentry"],"acf":[],"yoast_head":"<!-- This site is optimized with the Yoast SEO plugin v27.3 - https:\/\/yoast.com\/product\/yoast-seo-wordpress\/ -->\n<title>Oulun Asemakeskuksen kilpailu k\u00e4ynniss\u00e4, seuraavaksi vuorossa kilpailuehdotusten suunnittelu - Senaatti<\/title>\n<meta name=\"description\" content=\"Senaatin Asema-alueet Oy:n j\u00e4rjest\u00e4m\u00e4n Oulun Asemakeskuksen suunnittelu- ja tontinluovutuskilpailu on edennyt kilpailuehdotusten suunnitteluvaiheeseen.\" \/>\n<meta name=\"robots\" content=\"index, follow, max-snippet:-1, max-image-preview:large, max-video-preview:-1\" \/>\n<link rel=\"canonical\" href=\"https:\/\/www.senaatti.fi\/asema-alueet\/ajankohtaista\/uutiset\/oulun-asemakeskuksen-kilpailu-kaynnissa-seuraavaksi-vuorossa-kilpailuehdotusten-suunnittelu\/\" \/>\n<meta property=\"og:locale\" content=\"fi_FI\" \/>\n<meta property=\"og:type\" content=\"article\" \/>\n<meta property=\"og:title\" content=\"Oulun Asemakeskuksen kilpailu k\u00e4ynniss\u00e4, seuraavaksi vuorossa kilpailuehdotusten suunnittelu - Senaatti\" \/>\n<meta property=\"og:description\" content=\"Senaatin Asema-alueet Oy:n j\u00e4rjest\u00e4m\u00e4n Oulun Asemakeskuksen suunnittelu- ja tontinluovutuskilpailu on edennyt kilpailuehdotusten suunnitteluvaiheeseen.\" \/>\n<meta property=\"og:url\" content=\"https:\/\/www.senaatti.fi\/asema-alueet\/ajankohtaista\/uutiset\/oulun-asemakeskuksen-kilpailu-kaynnissa-seuraavaksi-vuorossa-kilpailuehdotusten-suunnittelu\/\" \/>\n<meta property=\"og:site_name\" content=\"Senaatti\" \/>\n<meta property=\"article:published_time\" content=\"2022-06-21T08:54:20+00:00\" \/>\n<meta property=\"og:image\" content=\"https:\/\/www.senaatti.fi\/app\/uploads\/sites\/6\/2022\/02\/211102_Nakyma-laiturialueelta-etelaan_VERKKOON-1024x570.jpg\" \/>\n\t<meta property=\"og:image:width\" content=\"1024\" \/>\n\t<meta property=\"og:image:height\" content=\"570\" \/>\n\t<meta property=\"og:image:type\" content=\"image\/jpeg\" \/>\n<meta name=\"author\" content=\"Andreas Ylijarvi\" \/>\n<meta name=\"twitter:card\" content=\"summary_large_image\" \/>\n<meta name=\"twitter:label1\" content=\"Kirjoittanut\" \/>\n\t<meta name=\"twitter:data1\" content=\"Andreas Ylijarvi\" \/>\n\t<meta name=\"twitter:label2\" content=\"Arvioitu lukuaika\" \/>\n\t<meta name=\"twitter:data2\" content=\"2 minuuttia\" \/>\n<script type=\"application\/ld+json\" class=\"yoast-schema-graph\">{\"@context\":\"https:\\\/\\\/schema.org\",\"@graph\":[{\"@type\":\"Article\",\"@id\":\"https:\\\/\\\/www.senaatti.fi\\\/asema-alueet\\\/ajankohtaista\\\/uutiset\\\/oulun-asemakeskuksen-kilpailu-kaynnissa-seuraavaksi-vuorossa-kilpailuehdotusten-suunnittelu\\\/#article\",\"isPartOf\":{\"@id\":\"https:\\\/\\\/www.senaatti.fi\\\/asema-alueet\\\/ajankohtaista\\\/uutiset\\\/oulun-asemakeskuksen-kilpailu-kaynnissa-seuraavaksi-vuorossa-kilpailuehdotusten-suunnittelu\\\/\"},\"author\":{\"name\":\"Andreas Ylijarvi\",\"@id\":\"https:\\\/\\\/www.senaatti.fi\\\/asema-alueet\\\/#\\\/schema\\\/person\\\/19ebcd857f41fa4cf02102cd128abc46\"},\"headline\":\"Oulun Asemakeskuksen kilpailu k\u00e4ynniss\u00e4, seuraavaksi vuorossa kilpailuehdotusten suunnittelu\",\"datePublished\":\"2022-06-21T08:54:20+00:00\",\"mainEntityOfPage\":{\"@id\":\"https:\\\/\\\/www.senaatti.fi\\\/asema-alueet\\\/ajankohtaista\\\/uutiset\\\/oulun-asemakeskuksen-kilpailu-kaynnissa-seuraavaksi-vuorossa-kilpailuehdotusten-suunnittelu\\\/\"},\"wordCount\":240,\"commentCount\":0,\"image\":{\"@id\":\"https:\\\/\\\/www.senaatti.fi\\\/asema-alueet\\\/ajankohtaista\\\/uutiset\\\/oulun-asemakeskuksen-kilpailu-kaynnissa-seuraavaksi-vuorossa-kilpailuehdotusten-suunnittelu\\\/#primaryimage\"},\"thumbnailUrl\":\"https:\\\/\\\/www.senaatti.fi\\\/app\\\/uploads\\\/sites\\\/6\\\/2022\\\/02\\\/211102_Nakyma-laiturialueelta-etelaan_VERKKOON.jpg\",\"articleSection\":[\"Senaatin Asema-alueet Oy\"],\"inLanguage\":\"fi\"},{\"@type\":\"WebPage\",\"@id\":\"https:\\\/\\\/www.senaatti.fi\\\/asema-alueet\\\/ajankohtaista\\\/uutiset\\\/oulun-asemakeskuksen-kilpailu-kaynnissa-seuraavaksi-vuorossa-kilpailuehdotusten-suunnittelu\\\/\",\"url\":\"https:\\\/\\\/www.senaatti.fi\\\/asema-alueet\\\/ajankohtaista\\\/uutiset\\\/oulun-asemakeskuksen-kilpailu-kaynnissa-seuraavaksi-vuorossa-kilpailuehdotusten-suunnittelu\\\/\",\"name\":\"Oulun Asemakeskuksen kilpailu k\u00e4ynniss\u00e4, seuraavaksi vuorossa kilpailuehdotusten suunnittelu - Senaatti\",\"isPartOf\":{\"@id\":\"https:\\\/\\\/www.senaatti.fi\\\/asema-alueet\\\/#website\"},\"primaryImageOfPage\":{\"@id\":\"https:\\\/\\\/www.senaatti.fi\\\/asema-alueet\\\/ajankohtaista\\\/uutiset\\\/oulun-asemakeskuksen-kilpailu-kaynnissa-seuraavaksi-vuorossa-kilpailuehdotusten-suunnittelu\\\/#primaryimage\"},\"image\":{\"@id\":\"https:\\\/\\\/www.senaatti.fi\\\/asema-alueet\\\/ajankohtaista\\\/uutiset\\\/oulun-asemakeskuksen-kilpailu-kaynnissa-seuraavaksi-vuorossa-kilpailuehdotusten-suunnittelu\\\/#primaryimage\"},\"thumbnailUrl\":\"https:\\\/\\\/www.senaatti.fi\\\/app\\\/uploads\\\/sites\\\/6\\\/2022\\\/02\\\/211102_Nakyma-laiturialueelta-etelaan_VERKKOON.jpg\",\"datePublished\":\"2022-06-21T08:54:20+00:00\",\"author\":{\"@id\":\"https:\\\/\\\/www.senaatti.fi\\\/asema-alueet\\\/#\\\/schema\\\/person\\\/19ebcd857f41fa4cf02102cd128abc46\"},\"description\":\"Senaatin Asema-alueet Oy:n j\u00e4rjest\u00e4m\u00e4n Oulun Asemakeskuksen suunnittelu- ja tontinluovutuskilpailu on edennyt kilpailuehdotusten suunnitteluvaiheeseen.\",\"breadcrumb\":{\"@id\":\"https:\\\/\\\/www.senaatti.fi\\\/asema-alueet\\\/ajankohtaista\\\/uutiset\\\/oulun-asemakeskuksen-kilpailu-kaynnissa-seuraavaksi-vuorossa-kilpailuehdotusten-suunnittelu\\\/#breadcrumb\"},\"inLanguage\":\"fi\",\"potentialAction\":[{\"@type\":\"ReadAction\",\"target\":[\"https:\\\/\\\/www.senaatti.fi\\\/asema-alueet\\\/ajankohtaista\\\/uutiset\\\/oulun-asemakeskuksen-kilpailu-kaynnissa-seuraavaksi-vuorossa-kilpailuehdotusten-suunnittelu\\\/\"]}]},{\"@type\":\"ImageObject\",\"inLanguage\":\"fi\",\"@id\":\"https:\\\/\\\/www.senaatti.fi\\\/asema-alueet\\\/ajankohtaista\\\/uutiset\\\/oulun-asemakeskuksen-kilpailu-kaynnissa-seuraavaksi-vuorossa-kilpailuehdotusten-suunnittelu\\\/#primaryimage\",\"url\":\"https:\\\/\\\/www.senaatti.fi\\\/app\\\/uploads\\\/sites\\\/6\\\/2022\\\/02\\\/211102_Nakyma-laiturialueelta-etelaan_VERKKOON.jpg\",\"contentUrl\":\"https:\\\/\\\/www.senaatti.fi\\\/app\\\/uploads\\\/sites\\\/6\\\/2022\\\/02\\\/211102_Nakyma-laiturialueelta-etelaan_VERKKOON.jpg\",\"width\":1280,\"height\":712},{\"@type\":\"BreadcrumbList\",\"@id\":\"https:\\\/\\\/www.senaatti.fi\\\/asema-alueet\\\/ajankohtaista\\\/uutiset\\\/oulun-asemakeskuksen-kilpailu-kaynnissa-seuraavaksi-vuorossa-kilpailuehdotusten-suunnittelu\\\/#breadcrumb\",\"itemListElement\":[{\"@type\":\"ListItem\",\"position\":1,\"name\":\"Etusivu\",\"item\":\"https:\\\/\\\/www.senaatti.fi\\\/asema-alueet\\\/\"},{\"@type\":\"ListItem\",\"position\":2,\"name\":\"Oulun Asemakeskuksen kilpailu k\u00e4ynniss\u00e4, seuraavaksi vuorossa kilpailuehdotusten suunnittelu\"}]},{\"@type\":\"WebSite\",\"@id\":\"https:\\\/\\\/www.senaatti.fi\\\/asema-alueet\\\/#website\",\"url\":\"https:\\\/\\\/www.senaatti.fi\\\/asema-alueet\\\/\",\"name\":\"Asema-alueet\",\"description\":\"Senaatin Asema-alueet\",\"potentialAction\":[{\"@type\":\"SearchAction\",\"target\":{\"@type\":\"EntryPoint\",\"urlTemplate\":\"https:\\\/\\\/www.senaatti.fi\\\/asema-alueet\\\/?s={search_term_string}\"},\"query-input\":{\"@type\":\"PropertyValueSpecification\",\"valueRequired\":true,\"valueName\":\"search_term_string\"}}],\"inLanguage\":\"fi\"},{\"@type\":\"Person\",\"@id\":\"https:\\\/\\\/www.senaatti.fi\\\/asema-alueet\\\/#\\\/schema\\\/person\\\/19ebcd857f41fa4cf02102cd128abc46\",\"name\":\"Andreas Ylijarvi\",\"image\":{\"@type\":\"ImageObject\",\"inLanguage\":\"fi\",\"@id\":\"https:\\\/\\\/secure.gravatar.com\\\/avatar\\\/da48797f91660605745175abd9fe82263292008bf52cf452340b960fcdab186f?s=96&d=mm&r=g\",\"url\":\"https:\\\/\\\/secure.gravatar.com\\\/avatar\\\/da48797f91660605745175abd9fe82263292008bf52cf452340b960fcdab186f?s=96&d=mm&r=g\",\"contentUrl\":\"https:\\\/\\\/secure.gravatar.com\\\/avatar\\\/da48797f91660605745175abd9fe82263292008bf52cf452340b960fcdab186f?s=96&d=mm&r=g\",\"caption\":\"Andreas Ylijarvi\"}}]}<\/script>\n<!-- \/ Yoast SEO plugin. -->","yoast_head_json":{"title":"Oulun Asemakeskuksen kilpailu k\u00e4ynniss\u00e4, seuraavaksi vuorossa kilpailuehdotusten suunnittelu - Senaatti","description":"Senaatin Asema-alueet Oy:n j\u00e4rjest\u00e4m\u00e4n Oulun Asemakeskuksen suunnittelu- ja tontinluovutuskilpailu on edennyt kilpailuehdotusten suunnitteluvaiheeseen.","robots":{"index":"index","follow":"follow","max-snippet":"max-snippet:-1","max-image-preview":"max-image-preview:large","max-video-preview":"max-video-preview:-1"},"canonical":"https:\/\/www.senaatti.fi\/asema-alueet\/ajankohtaista\/uutiset\/oulun-asemakeskuksen-kilpailu-kaynnissa-seuraavaksi-vuorossa-kilpailuehdotusten-suunnittelu\/","og_locale":"fi_FI","og_type":"article","og_title":"Oulun Asemakeskuksen kilpailu k\u00e4ynniss\u00e4, seuraavaksi vuorossa kilpailuehdotusten suunnittelu - Senaatti","og_description":"Senaatin Asema-alueet Oy:n j\u00e4rjest\u00e4m\u00e4n Oulun Asemakeskuksen suunnittelu- ja tontinluovutuskilpailu on edennyt kilpailuehdotusten suunnitteluvaiheeseen.","og_url":"https:\/\/www.senaatti.fi\/asema-alueet\/ajankohtaista\/uutiset\/oulun-asemakeskuksen-kilpailu-kaynnissa-seuraavaksi-vuorossa-kilpailuehdotusten-suunnittelu\/","og_site_name":"Senaatti","article_published_time":"2022-06-21T08:54:20+00:00","og_image":[{"width":1024,"height":570,"url":"https:\/\/www.senaatti.fi\/app\/uploads\/sites\/6\/2022\/02\/211102_Nakyma-laiturialueelta-etelaan_VERKKOON-1024x570.jpg","type":"image\/jpeg"}],"author":"Andreas Ylijarvi","twitter_card":"summary_large_image","twitter_misc":{"Kirjoittanut":"Andreas Ylijarvi","Arvioitu lukuaika":"2 minuuttia"},"schema":{"@context":"https:\/\/schema.org","@graph":[{"@type":"Article","@id":"https:\/\/www.senaatti.fi\/asema-alueet\/ajankohtaista\/uutiset\/oulun-asemakeskuksen-kilpailu-kaynnissa-seuraavaksi-vuorossa-kilpailuehdotusten-suunnittelu\/#article","isPartOf":{"@id":"https:\/\/www.senaatti.fi\/asema-alueet\/ajankohtaista\/uutiset\/oulun-asemakeskuksen-kilpailu-kaynnissa-seuraavaksi-vuorossa-kilpailuehdotusten-suunnittelu\/"},"author":{"name":"Andreas Ylijarvi","@id":"https:\/\/www.senaatti.fi\/asema-alueet\/#\/schema\/person\/19ebcd857f41fa4cf02102cd128abc46"},"headline":"Oulun Asemakeskuksen kilpailu k\u00e4ynniss\u00e4, seuraavaksi vuorossa kilpailuehdotusten suunnittelu","datePublished":"2022-06-21T08:54:20+00:00","mainEntityOfPage":{"@id":"https:\/\/www.senaatti.fi\/asema-alueet\/ajankohtaista\/uutiset\/oulun-asemakeskuksen-kilpailu-kaynnissa-seuraavaksi-vuorossa-kilpailuehdotusten-suunnittelu\/"},"wordCount":240,"commentCount":0,"image":{"@id":"https:\/\/www.senaatti.fi\/asema-alueet\/ajankohtaista\/uutiset\/oulun-asemakeskuksen-kilpailu-kaynnissa-seuraavaksi-vuorossa-kilpailuehdotusten-suunnittelu\/#primaryimage"},"thumbnailUrl":"https:\/\/www.senaatti.fi\/app\/uploads\/sites\/6\/2022\/02\/211102_Nakyma-laiturialueelta-etelaan_VERKKOON.jpg","articleSection":["Senaatin Asema-alueet Oy"],"inLanguage":"fi"},{"@type":"WebPage","@id":"https:\/\/www.senaatti.fi\/asema-alueet\/ajankohtaista\/uutiset\/oulun-asemakeskuksen-kilpailu-kaynnissa-seuraavaksi-vuorossa-kilpailuehdotusten-suunnittelu\/","url":"https:\/\/www.senaatti.fi\/asema-alueet\/ajankohtaista\/uutiset\/oulun-asemakeskuksen-kilpailu-kaynnissa-seuraavaksi-vuorossa-kilpailuehdotusten-suunnittelu\/","name":"Oulun Asemakeskuksen kilpailu k\u00e4ynniss\u00e4, seuraavaksi vuorossa kilpailuehdotusten suunnittelu - Senaatti","isPartOf":{"@id":"https:\/\/www.senaatti.fi\/asema-alueet\/#website"},"primaryImageOfPage":{"@id":"https:\/\/www.senaatti.fi\/asema-alueet\/ajankohtaista\/uutiset\/oulun-asemakeskuksen-kilpailu-kaynnissa-seuraavaksi-vuorossa-kilpailuehdotusten-suunnittelu\/#primaryimage"},"image":{"@id":"https:\/\/www.senaatti.fi\/asema-alueet\/ajankohtaista\/uutiset\/oulun-asemakeskuksen-kilpailu-kaynnissa-seuraavaksi-vuorossa-kilpailuehdotusten-suunnittelu\/#primaryimage"},"thumbnailUrl":"https:\/\/www.senaatti.fi\/app\/uploads\/sites\/6\/2022\/02\/211102_Nakyma-laiturialueelta-etelaan_VERKKOON.jpg","datePublished":"2022-06-21T08:54:20+00:00","author":{"@id":"https:\/\/www.senaatti.fi\/asema-alueet\/#\/schema\/person\/19ebcd857f41fa4cf02102cd128abc46"},"description":"Senaatin Asema-alueet Oy:n j\u00e4rjest\u00e4m\u00e4n Oulun Asemakeskuksen suunnittelu- ja tontinluovutuskilpailu on edennyt kilpailuehdotusten suunnitteluvaiheeseen.","breadcrumb":{"@id":"https:\/\/www.senaatti.fi\/asema-alueet\/ajankohtaista\/uutiset\/oulun-asemakeskuksen-kilpailu-kaynnissa-seuraavaksi-vuorossa-kilpailuehdotusten-suunnittelu\/#breadcrumb"},"inLanguage":"fi","potentialAction":[{"@type":"ReadAction","target":["https:\/\/www.senaatti.fi\/asema-alueet\/ajankohtaista\/uutiset\/oulun-asemakeskuksen-kilpailu-kaynnissa-seuraavaksi-vuorossa-kilpailuehdotusten-suunnittelu\/"]}]},{"@type":"ImageObject","inLanguage":"fi","@id":"https:\/\/www.senaatti.fi\/asema-alueet\/ajankohtaista\/uutiset\/oulun-asemakeskuksen-kilpailu-kaynnissa-seuraavaksi-vuorossa-kilpailuehdotusten-suunnittelu\/#primaryimage","url":"https:\/\/www.senaatti.fi\/app\/uploads\/sites\/6\/2022\/02\/211102_Nakyma-laiturialueelta-etelaan_VERKKOON.jpg","contentUrl":"https:\/\/www.senaatti.fi\/app\/uploads\/sites\/6\/2022\/02\/211102_Nakyma-laiturialueelta-etelaan_VERKKOON.jpg","width":1280,"height":712},{"@type":"BreadcrumbList","@id":"https:\/\/www.senaatti.fi\/asema-alueet\/ajankohtaista\/uutiset\/oulun-asemakeskuksen-kilpailu-kaynnissa-seuraavaksi-vuorossa-kilpailuehdotusten-suunnittelu\/#breadcrumb","itemListElement":[{"@type":"ListItem","position":1,"name":"Etusivu","item":"https:\/\/www.senaatti.fi\/asema-alueet\/"},{"@type":"ListItem","position":2,"name":"Oulun Asemakeskuksen kilpailu k\u00e4ynniss\u00e4, seuraavaksi vuorossa kilpailuehdotusten suunnittelu"}]},{"@type":"WebSite","@id":"https:\/\/www.senaatti.fi\/asema-alueet\/#website","url":"https:\/\/www.senaatti.fi\/asema-alueet\/","name":"Asema-alueet","description":"Senaatin Asema-alueet","potentialAction":[{"@type":"SearchAction","target":{"@type":"EntryPoint","urlTemplate":"https:\/\/www.senaatti.fi\/asema-alueet\/?s={search_term_string}"},"query-input":{"@type":"PropertyValueSpecification","valueRequired":true,"valueName":"search_term_string"}}],"inLanguage":"fi"},{"@type":"Person","@id":"https:\/\/www.senaatti.fi\/asema-alueet\/#\/schema\/person\/19ebcd857f41fa4cf02102cd128abc46","name":"Andreas Ylijarvi","image":{"@type":"ImageObject","inLanguage":"fi","@id":"https:\/\/secure.gravatar.com\/avatar\/da48797f91660605745175abd9fe82263292008bf52cf452340b960fcdab186f?s=96&d=mm&r=g","url":"https:\/\/secure.gravatar.com\/avatar\/da48797f91660605745175abd9fe82263292008bf52cf452340b960fcdab186f?s=96&d=mm&r=g","contentUrl":"https:\/\/secure.gravatar.com\/avatar\/da48797f91660605745175abd9fe82263292008bf52cf452340b960fcdab186f?s=96&d=mm&r=g","caption":"Andreas Ylijarvi"}}]}},"lang":"fi","translations":{"fi":1563},"pll_sync_post":[],"_links":{"self":[{"href":"https:\/\/www.senaatti.fi\/asema-alueet\/wp-json\/wp\/v2\/posts\/1563","targetHints":{"allow":["GET"]}}],"collection":[{"href":"https:\/\/www.senaatti.fi\/asema-alueet\/wp-json\/wp\/v2\/posts"}],"about":[{"href":"https:\/\/www.senaatti.fi\/asema-alueet\/wp-json\/wp\/v2\/types\/post"}],"author":[{"embeddable":true,"href":"https:\/\/www.senaatti.fi\/asema-alueet\/wp-json\/wp\/v2\/users\/16"}],"replies":[{"embeddable":true,"href":"https:\/\/www.senaatti.fi\/asema-alueet\/wp-json\/wp\/v2\/comments?post=1563"}],"version-history":[{"count":1,"href":"https:\/\/www.senaatti.fi\/asema-alueet\/wp-json\/wp\/v2\/posts\/1563\/revisions"}],"predecessor-version":[{"id":1564,"href":"https:\/\/www.senaatti.fi\/asema-alueet\/wp-json\/wp\/v2\/posts\/1563\/revisions\/1564"}],"wp:featuredmedia":[{"embeddable":true,"href":"https:\/\/www.senaatti.fi\/asema-alueet\/wp-json\/wp\/v2\/media\/1413"}],"wp:attachment":[{"href":"https:\/\/www.senaatti.fi\/asema-alueet\/wp-json\/wp\/v2\/media?parent=1563"}],"wp:term":[{"taxonomy":"senaatti_type","embeddable":true,"href":"https:\/\/www.senaatti.fi\/asema-alueet\/wp-json\/wp\/v2\/senaatti_type?post=1563"}],"curies":[{"name":"wp","href":"https:\/\/api.w.org\/{rel}","templated":true}]}}