{"id":1561,"date":"2022-06-20T12:33:25","date_gmt":"2022-06-20T12:33:25","guid":{"rendered":"https:\/\/www.senaatti.fi\/asema-alueet\/?p=1561"},"modified":"2022-06-20T12:34:03","modified_gmt":"2022-06-20T12:34:03","slug":"senaatin-asema-alueet-oy-myy-kauniaisten-kaupungille-kauniaisten-asema-alueen-pysakointialueen","status":"publish","type":"post","link":"https:\/\/www.senaatti.fi\/asema-alueet\/ajankohtaista\/uutiset\/senaatin-asema-alueet-oy-myy-kauniaisten-kaupungille-kauniaisten-asema-alueen-pysakointialueen\/","title":{"rendered":"Senaatin Asema-alueet Oy myy Kauniaisten kaupungille Kauniaisten asema-alueen pys\u00e4k\u00f6intialueen"},"content":{"rendered":"<p><strong>Senaatin Asema-alueet Oy on tehnyt kiinteist\u00f6kaupan 20.6.2022 Kauniaisten kaupungin kanssa asema-alueella sijaitsevasta 3600m2 suuruisesta m\u00e4\u00e4r\u00e4alasta. Alueelle on mahdollista rakentaa asemakaavan ja uuden kaupunkiratasuunnitelman mukainen kansirakenne liitynt\u00e4pys\u00e4k\u00f6innille. Pys\u00e4k\u00f6intikannen suunnitelmista ja mahdollisesta tulevasta rakentamisesta vastaa Kauniaisten kaupunki.<\/strong><\/p>\n<p>Radan etel\u00e4puolella on juuri k\u00e4ynnistynyt Senaatin Asema-Alueet Oy:n hakemuksesta asemakaavan muutosprosessi. Vireill\u00e4 olevan asemakaavan muutoksen tavoitteena on tutkia asuin- ja liikekerrostalon sek\u00e4 maanalaisten pys\u00e4k\u00f6intitilojen sijoittamista alueelle. Lis\u00e4ksi kaavamuutoksessa tarkastellaan asemarakennuksen k\u00e4ytt\u00f6tarkoitus sek\u00e4 yleisten alueiden j\u00e4sentely ja k\u00e4ytt\u00f6mahdollisuudet ja eri toimintojen yhteensovittaminen. Rakennusoikeuden m\u00e4\u00e4r\u00e4 ja kerroksisuus, kaupunkikuvalliset ratkaisut sek\u00e4 kaava-alueen tarkempi rajaus m\u00e4\u00e4rittyv\u00e4t suunnitteluprosessissa. Suunnittelussa kiinnitet\u00e4\u00e4n huomiota kaupunkikuvalliseen tarkasteluun ja suunniteltava uudisrakentaminen tulee sopia ymp\u00e4r\u00f6iv\u00e4\u00e4n rakennuskantaan.<\/p>\n<p><strong>Yhteystiedot<\/strong><\/p>\n<p>Senaatin Asema-alueet Oy,<\/p>\n<p>Elias Rainio, kiinteist\u00f6kehitysryhm\u00e4n p\u00e4\u00e4llikk\u00f6<\/p>\n<p>puh. +358 50 439 1337, <a href=\"mailto:elias.rainio@senaatti.fi\">elias.rainio@senaatti.fi<\/a><\/p>\n","protected":false},"excerpt":{"rendered":"<p>Senaatin Asema-alueet Oy on tehnyt kiinteist\u00f6kaupan 20.6.2022 Kauniaisten kaupungin kanssa asema-alueella sijaitsevasta 3600m2 suuruisesta m\u00e4\u00e4r\u00e4alasta. Alueelle on mahdollista rakentaa asemakaavan ja uuden kaupunkiratasuunnitelman mukainen kansirakenne liitynt\u00e4pys\u00e4k\u00f6innille. Pys\u00e4k\u00f6intikannen suunnitelmista ja mahdollisesta tulevasta rakentamisesta vastaa Kauniaisten kaupunki. Radan etel\u00e4puolella on juuri k\u00e4ynnistynyt Senaatin Asema-Alueet Oy:n hakemuksesta asemakaavan muutosprosessi. Vireill\u00e4 olevan asemakaavan muutoksen tavoitteena on tutkia asuin- ja [&hellip;]<\/p>\n","protected":false},"author":16,"featured_media":830,"comment_status":"open","ping_status":"open","sticky":false,"template":"","format":"standard","meta":{"_acf_changed":false,"footnotes":""},"senaatti_type":[],"class_list":["post-1561","post","type-post","status-publish","format-standard","has-post-thumbnail","hentry"],"acf":[],"yoast_head":"<!-- This site is optimized with the Yoast SEO plugin v27.3 - https:\/\/yoast.com\/product\/yoast-seo-wordpress\/ -->\n<title>Senaatin Asema-alueet Oy myy Kauniaisten kaupungille Kauniaisten asema-alueen pys\u00e4k\u00f6intialueen - Senaatti<\/title>\n<meta name=\"description\" content=\"Senaatin Asema-alueet Oy on tehnyt kiinteist\u00f6kaupan 20.6.2022 Kauniaisten kaupungin kanssa asema-alueella sijaitsevasta 3600m2 suuruisesta m\u00e4\u00e4r\u00e4alasta.\" \/>\n<meta name=\"robots\" content=\"index, follow, max-snippet:-1, max-image-preview:large, max-video-preview:-1\" \/>\n<link rel=\"canonical\" href=\"https:\/\/www.senaatti.fi\/asema-alueet\/ajankohtaista\/uutiset\/senaatin-asema-alueet-oy-myy-kauniaisten-kaupungille-kauniaisten-asema-alueen-pysakointialueen\/\" \/>\n<meta property=\"og:locale\" content=\"fi_FI\" \/>\n<meta property=\"og:type\" content=\"article\" \/>\n<meta property=\"og:title\" content=\"Senaatin Asema-alueet Oy myy Kauniaisten kaupungille Kauniaisten asema-alueen pys\u00e4k\u00f6intialueen - Senaatti\" \/>\n<meta property=\"og:description\" content=\"Senaatin Asema-alueet Oy on tehnyt kiinteist\u00f6kaupan 20.6.2022 Kauniaisten kaupungin kanssa asema-alueella sijaitsevasta 3600m2 suuruisesta m\u00e4\u00e4r\u00e4alasta.\" \/>\n<meta property=\"og:url\" content=\"https:\/\/www.senaatti.fi\/asema-alueet\/ajankohtaista\/uutiset\/senaatin-asema-alueet-oy-myy-kauniaisten-kaupungille-kauniaisten-asema-alueen-pysakointialueen\/\" \/>\n<meta property=\"og:site_name\" content=\"Senaatti\" \/>\n<meta property=\"article:published_time\" content=\"2022-06-20T12:33:25+00:00\" \/>\n<meta property=\"article:modified_time\" content=\"2022-06-20T12:34:03+00:00\" \/>\n<meta property=\"og:image\" content=\"https:\/\/www.senaatti.fi\/app\/uploads\/sites\/6\/2019\/09\/Kauniainen_16260_10v1-1024x534.jpg\" \/>\n\t<meta property=\"og:image:width\" content=\"1024\" \/>\n\t<meta property=\"og:image:height\" content=\"534\" \/>\n\t<meta property=\"og:image:type\" content=\"image\/jpeg\" \/>\n<meta name=\"author\" content=\"Andreas Ylijarvi\" \/>\n<meta name=\"twitter:card\" content=\"summary_large_image\" \/>\n<meta name=\"twitter:label1\" content=\"Written by\" \/>\n\t<meta name=\"twitter:data1\" content=\"Andreas Ylijarvi\" \/>\n\t<meta name=\"twitter:label2\" content=\"Est. reading time\" \/>\n\t<meta name=\"twitter:data2\" content=\"1 minuutti\" \/>\n<script type=\"application\/ld+json\" class=\"yoast-schema-graph\">{\"@context\":\"https:\\\/\\\/schema.org\",\"@graph\":[{\"@type\":\"Article\",\"@id\":\"https:\\\/\\\/www.senaatti.fi\\\/asema-alueet\\\/ajankohtaista\\\/uutiset\\\/senaatin-asema-alueet-oy-myy-kauniaisten-kaupungille-kauniaisten-asema-alueen-pysakointialueen\\\/#article\",\"isPartOf\":{\"@id\":\"https:\\\/\\\/www.senaatti.fi\\\/asema-alueet\\\/ajankohtaista\\\/uutiset\\\/senaatin-asema-alueet-oy-myy-kauniaisten-kaupungille-kauniaisten-asema-alueen-pysakointialueen\\\/\"},\"author\":{\"name\":\"Andreas Ylijarvi\",\"@id\":\"https:\\\/\\\/www.senaatti.fi\\\/asema-alueet\\\/#\\\/schema\\\/person\\\/19ebcd857f41fa4cf02102cd128abc46\"},\"headline\":\"Senaatin Asema-alueet Oy myy Kauniaisten kaupungille Kauniaisten asema-alueen pys\u00e4k\u00f6intialueen\",\"datePublished\":\"2022-06-20T12:33:25+00:00\",\"dateModified\":\"2022-06-20T12:34:03+00:00\",\"mainEntityOfPage\":{\"@id\":\"https:\\\/\\\/www.senaatti.fi\\\/asema-alueet\\\/ajankohtaista\\\/uutiset\\\/senaatin-asema-alueet-oy-myy-kauniaisten-kaupungille-kauniaisten-asema-alueen-pysakointialueen\\\/\"},\"wordCount\":152,\"commentCount\":0,\"image\":{\"@id\":\"https:\\\/\\\/www.senaatti.fi\\\/asema-alueet\\\/ajankohtaista\\\/uutiset\\\/senaatin-asema-alueet-oy-myy-kauniaisten-kaupungille-kauniaisten-asema-alueen-pysakointialueen\\\/#primaryimage\"},\"thumbnailUrl\":\"https:\\\/\\\/www.senaatti.fi\\\/app\\\/uploads\\\/sites\\\/6\\\/2019\\\/09\\\/Kauniainen_16260_10v1.jpg\",\"inLanguage\":\"fi\"},{\"@type\":\"WebPage\",\"@id\":\"https:\\\/\\\/www.senaatti.fi\\\/asema-alueet\\\/ajankohtaista\\\/uutiset\\\/senaatin-asema-alueet-oy-myy-kauniaisten-kaupungille-kauniaisten-asema-alueen-pysakointialueen\\\/\",\"url\":\"https:\\\/\\\/www.senaatti.fi\\\/asema-alueet\\\/ajankohtaista\\\/uutiset\\\/senaatin-asema-alueet-oy-myy-kauniaisten-kaupungille-kauniaisten-asema-alueen-pysakointialueen\\\/\",\"name\":\"Senaatin Asema-alueet Oy myy Kauniaisten kaupungille Kauniaisten asema-alueen pys\u00e4k\u00f6intialueen - Senaatti\",\"isPartOf\":{\"@id\":\"https:\\\/\\\/www.senaatti.fi\\\/asema-alueet\\\/#website\"},\"primaryImageOfPage\":{\"@id\":\"https:\\\/\\\/www.senaatti.fi\\\/asema-alueet\\\/ajankohtaista\\\/uutiset\\\/senaatin-asema-alueet-oy-myy-kauniaisten-kaupungille-kauniaisten-asema-alueen-pysakointialueen\\\/#primaryimage\"},\"image\":{\"@id\":\"https:\\\/\\\/www.senaatti.fi\\\/asema-alueet\\\/ajankohtaista\\\/uutiset\\\/senaatin-asema-alueet-oy-myy-kauniaisten-kaupungille-kauniaisten-asema-alueen-pysakointialueen\\\/#primaryimage\"},\"thumbnailUrl\":\"https:\\\/\\\/www.senaatti.fi\\\/app\\\/uploads\\\/sites\\\/6\\\/2019\\\/09\\\/Kauniainen_16260_10v1.jpg\",\"datePublished\":\"2022-06-20T12:33:25+00:00\",\"dateModified\":\"2022-06-20T12:34:03+00:00\",\"author\":{\"@id\":\"https:\\\/\\\/www.senaatti.fi\\\/asema-alueet\\\/#\\\/schema\\\/person\\\/19ebcd857f41fa4cf02102cd128abc46\"},\"description\":\"Senaatin Asema-alueet Oy on tehnyt kiinteist\u00f6kaupan 20.6.2022 Kauniaisten kaupungin kanssa asema-alueella sijaitsevasta 3600m2 suuruisesta m\u00e4\u00e4r\u00e4alasta.\",\"breadcrumb\":{\"@id\":\"https:\\\/\\\/www.senaatti.fi\\\/asema-alueet\\\/ajankohtaista\\\/uutiset\\\/senaatin-asema-alueet-oy-myy-kauniaisten-kaupungille-kauniaisten-asema-alueen-pysakointialueen\\\/#breadcrumb\"},\"inLanguage\":\"fi\",\"potentialAction\":[{\"@type\":\"ReadAction\",\"target\":[\"https:\\\/\\\/www.senaatti.fi\\\/asema-alueet\\\/ajankohtaista\\\/uutiset\\\/senaatin-asema-alueet-oy-myy-kauniaisten-kaupungille-kauniaisten-asema-alueen-pysakointialueen\\\/\"]}]},{\"@type\":\"ImageObject\",\"inLanguage\":\"fi\",\"@id\":\"https:\\\/\\\/www.senaatti.fi\\\/asema-alueet\\\/ajankohtaista\\\/uutiset\\\/senaatin-asema-alueet-oy-myy-kauniaisten-kaupungille-kauniaisten-asema-alueen-pysakointialueen\\\/#primaryimage\",\"url\":\"https:\\\/\\\/www.senaatti.fi\\\/app\\\/uploads\\\/sites\\\/6\\\/2019\\\/09\\\/Kauniainen_16260_10v1.jpg\",\"contentUrl\":\"https:\\\/\\\/www.senaatti.fi\\\/app\\\/uploads\\\/sites\\\/6\\\/2019\\\/09\\\/Kauniainen_16260_10v1.jpg\",\"width\":5898,\"height\":3074,\"caption\":\"Kauniaisten asema-alue ilmakuvassa.\"},{\"@type\":\"BreadcrumbList\",\"@id\":\"https:\\\/\\\/www.senaatti.fi\\\/asema-alueet\\\/ajankohtaista\\\/uutiset\\\/senaatin-asema-alueet-oy-myy-kauniaisten-kaupungille-kauniaisten-asema-alueen-pysakointialueen\\\/#breadcrumb\",\"itemListElement\":[{\"@type\":\"ListItem\",\"position\":1,\"name\":\"Etusivu\",\"item\":\"https:\\\/\\\/www.senaatti.fi\\\/asema-alueet\\\/\"},{\"@type\":\"ListItem\",\"position\":2,\"name\":\"Senaatin Asema-alueet Oy myy Kauniaisten kaupungille Kauniaisten asema-alueen pys\u00e4k\u00f6intialueen\"}]},{\"@type\":\"WebSite\",\"@id\":\"https:\\\/\\\/www.senaatti.fi\\\/asema-alueet\\\/#website\",\"url\":\"https:\\\/\\\/www.senaatti.fi\\\/asema-alueet\\\/\",\"name\":\"Asema-alueet\",\"description\":\"Senaatin Asema-alueet\",\"potentialAction\":[{\"@type\":\"SearchAction\",\"target\":{\"@type\":\"EntryPoint\",\"urlTemplate\":\"https:\\\/\\\/www.senaatti.fi\\\/asema-alueet\\\/?s={search_term_string}\"},\"query-input\":{\"@type\":\"PropertyValueSpecification\",\"valueRequired\":true,\"valueName\":\"search_term_string\"}}],\"inLanguage\":\"fi\"},{\"@type\":\"Person\",\"@id\":\"https:\\\/\\\/www.senaatti.fi\\\/asema-alueet\\\/#\\\/schema\\\/person\\\/19ebcd857f41fa4cf02102cd128abc46\",\"name\":\"Andreas Ylijarvi\",\"image\":{\"@type\":\"ImageObject\",\"inLanguage\":\"fi\",\"@id\":\"https:\\\/\\\/secure.gravatar.com\\\/avatar\\\/da48797f91660605745175abd9fe82263292008bf52cf452340b960fcdab186f?s=96&d=mm&r=g\",\"url\":\"https:\\\/\\\/secure.gravatar.com\\\/avatar\\\/da48797f91660605745175abd9fe82263292008bf52cf452340b960fcdab186f?s=96&d=mm&r=g\",\"contentUrl\":\"https:\\\/\\\/secure.gravatar.com\\\/avatar\\\/da48797f91660605745175abd9fe82263292008bf52cf452340b960fcdab186f?s=96&d=mm&r=g\",\"caption\":\"Andreas Ylijarvi\"}}]}<\/script>\n<!-- \/ Yoast SEO plugin. -->","yoast_head_json":{"title":"Senaatin Asema-alueet Oy myy Kauniaisten kaupungille Kauniaisten asema-alueen pys\u00e4k\u00f6intialueen - Senaatti","description":"Senaatin Asema-alueet Oy on tehnyt kiinteist\u00f6kaupan 20.6.2022 Kauniaisten kaupungin kanssa asema-alueella sijaitsevasta 3600m2 suuruisesta m\u00e4\u00e4r\u00e4alasta.","robots":{"index":"index","follow":"follow","max-snippet":"max-snippet:-1","max-image-preview":"max-image-preview:large","max-video-preview":"max-video-preview:-1"},"canonical":"https:\/\/www.senaatti.fi\/asema-alueet\/ajankohtaista\/uutiset\/senaatin-asema-alueet-oy-myy-kauniaisten-kaupungille-kauniaisten-asema-alueen-pysakointialueen\/","og_locale":"fi_FI","og_type":"article","og_title":"Senaatin Asema-alueet Oy myy Kauniaisten kaupungille Kauniaisten asema-alueen pys\u00e4k\u00f6intialueen - Senaatti","og_description":"Senaatin Asema-alueet Oy on tehnyt kiinteist\u00f6kaupan 20.6.2022 Kauniaisten kaupungin kanssa asema-alueella sijaitsevasta 3600m2 suuruisesta m\u00e4\u00e4r\u00e4alasta.","og_url":"https:\/\/www.senaatti.fi\/asema-alueet\/ajankohtaista\/uutiset\/senaatin-asema-alueet-oy-myy-kauniaisten-kaupungille-kauniaisten-asema-alueen-pysakointialueen\/","og_site_name":"Senaatti","article_published_time":"2022-06-20T12:33:25+00:00","article_modified_time":"2022-06-20T12:34:03+00:00","og_image":[{"width":1024,"height":534,"url":"https:\/\/www.senaatti.fi\/app\/uploads\/sites\/6\/2019\/09\/Kauniainen_16260_10v1-1024x534.jpg","type":"image\/jpeg"}],"author":"Andreas Ylijarvi","twitter_card":"summary_large_image","twitter_misc":{"Written by":"Andreas Ylijarvi","Est. reading time":"1 minuutti"},"schema":{"@context":"https:\/\/schema.org","@graph":[{"@type":"Article","@id":"https:\/\/www.senaatti.fi\/asema-alueet\/ajankohtaista\/uutiset\/senaatin-asema-alueet-oy-myy-kauniaisten-kaupungille-kauniaisten-asema-alueen-pysakointialueen\/#article","isPartOf":{"@id":"https:\/\/www.senaatti.fi\/asema-alueet\/ajankohtaista\/uutiset\/senaatin-asema-alueet-oy-myy-kauniaisten-kaupungille-kauniaisten-asema-alueen-pysakointialueen\/"},"author":{"name":"Andreas Ylijarvi","@id":"https:\/\/www.senaatti.fi\/asema-alueet\/#\/schema\/person\/19ebcd857f41fa4cf02102cd128abc46"},"headline":"Senaatin Asema-alueet Oy myy Kauniaisten kaupungille Kauniaisten asema-alueen pys\u00e4k\u00f6intialueen","datePublished":"2022-06-20T12:33:25+00:00","dateModified":"2022-06-20T12:34:03+00:00","mainEntityOfPage":{"@id":"https:\/\/www.senaatti.fi\/asema-alueet\/ajankohtaista\/uutiset\/senaatin-asema-alueet-oy-myy-kauniaisten-kaupungille-kauniaisten-asema-alueen-pysakointialueen\/"},"wordCount":152,"commentCount":0,"image":{"@id":"https:\/\/www.senaatti.fi\/asema-alueet\/ajankohtaista\/uutiset\/senaatin-asema-alueet-oy-myy-kauniaisten-kaupungille-kauniaisten-asema-alueen-pysakointialueen\/#primaryimage"},"thumbnailUrl":"https:\/\/www.senaatti.fi\/app\/uploads\/sites\/6\/2019\/09\/Kauniainen_16260_10v1.jpg","inLanguage":"fi"},{"@type":"WebPage","@id":"https:\/\/www.senaatti.fi\/asema-alueet\/ajankohtaista\/uutiset\/senaatin-asema-alueet-oy-myy-kauniaisten-kaupungille-kauniaisten-asema-alueen-pysakointialueen\/","url":"https:\/\/www.senaatti.fi\/asema-alueet\/ajankohtaista\/uutiset\/senaatin-asema-alueet-oy-myy-kauniaisten-kaupungille-kauniaisten-asema-alueen-pysakointialueen\/","name":"Senaatin Asema-alueet Oy myy Kauniaisten kaupungille Kauniaisten asema-alueen pys\u00e4k\u00f6intialueen - Senaatti","isPartOf":{"@id":"https:\/\/www.senaatti.fi\/asema-alueet\/#website"},"primaryImageOfPage":{"@id":"https:\/\/www.senaatti.fi\/asema-alueet\/ajankohtaista\/uutiset\/senaatin-asema-alueet-oy-myy-kauniaisten-kaupungille-kauniaisten-asema-alueen-pysakointialueen\/#primaryimage"},"image":{"@id":"https:\/\/www.senaatti.fi\/asema-alueet\/ajankohtaista\/uutiset\/senaatin-asema-alueet-oy-myy-kauniaisten-kaupungille-kauniaisten-asema-alueen-pysakointialueen\/#primaryimage"},"thumbnailUrl":"https:\/\/www.senaatti.fi\/app\/uploads\/sites\/6\/2019\/09\/Kauniainen_16260_10v1.jpg","datePublished":"2022-06-20T12:33:25+00:00","dateModified":"2022-06-20T12:34:03+00:00","author":{"@id":"https:\/\/www.senaatti.fi\/asema-alueet\/#\/schema\/person\/19ebcd857f41fa4cf02102cd128abc46"},"description":"Senaatin Asema-alueet Oy on tehnyt kiinteist\u00f6kaupan 20.6.2022 Kauniaisten kaupungin kanssa asema-alueella sijaitsevasta 3600m2 suuruisesta m\u00e4\u00e4r\u00e4alasta.","breadcrumb":{"@id":"https:\/\/www.senaatti.fi\/asema-alueet\/ajankohtaista\/uutiset\/senaatin-asema-alueet-oy-myy-kauniaisten-kaupungille-kauniaisten-asema-alueen-pysakointialueen\/#breadcrumb"},"inLanguage":"fi","potentialAction":[{"@type":"ReadAction","target":["https:\/\/www.senaatti.fi\/asema-alueet\/ajankohtaista\/uutiset\/senaatin-asema-alueet-oy-myy-kauniaisten-kaupungille-kauniaisten-asema-alueen-pysakointialueen\/"]}]},{"@type":"ImageObject","inLanguage":"fi","@id":"https:\/\/www.senaatti.fi\/asema-alueet\/ajankohtaista\/uutiset\/senaatin-asema-alueet-oy-myy-kauniaisten-kaupungille-kauniaisten-asema-alueen-pysakointialueen\/#primaryimage","url":"https:\/\/www.senaatti.fi\/app\/uploads\/sites\/6\/2019\/09\/Kauniainen_16260_10v1.jpg","contentUrl":"https:\/\/www.senaatti.fi\/app\/uploads\/sites\/6\/2019\/09\/Kauniainen_16260_10v1.jpg","width":5898,"height":3074,"caption":"Kauniaisten asema-alue ilmakuvassa."},{"@type":"BreadcrumbList","@id":"https:\/\/www.senaatti.fi\/asema-alueet\/ajankohtaista\/uutiset\/senaatin-asema-alueet-oy-myy-kauniaisten-kaupungille-kauniaisten-asema-alueen-pysakointialueen\/#breadcrumb","itemListElement":[{"@type":"ListItem","position":1,"name":"Etusivu","item":"https:\/\/www.senaatti.fi\/asema-alueet\/"},{"@type":"ListItem","position":2,"name":"Senaatin Asema-alueet Oy myy Kauniaisten kaupungille Kauniaisten asema-alueen pys\u00e4k\u00f6intialueen"}]},{"@type":"WebSite","@id":"https:\/\/www.senaatti.fi\/asema-alueet\/#website","url":"https:\/\/www.senaatti.fi\/asema-alueet\/","name":"Asema-alueet","description":"Senaatin Asema-alueet","potentialAction":[{"@type":"SearchAction","target":{"@type":"EntryPoint","urlTemplate":"https:\/\/www.senaatti.fi\/asema-alueet\/?s={search_term_string}"},"query-input":{"@type":"PropertyValueSpecification","valueRequired":true,"valueName":"search_term_string"}}],"inLanguage":"fi"},{"@type":"Person","@id":"https:\/\/www.senaatti.fi\/asema-alueet\/#\/schema\/person\/19ebcd857f41fa4cf02102cd128abc46","name":"Andreas Ylijarvi","image":{"@type":"ImageObject","inLanguage":"fi","@id":"https:\/\/secure.gravatar.com\/avatar\/da48797f91660605745175abd9fe82263292008bf52cf452340b960fcdab186f?s=96&d=mm&r=g","url":"https:\/\/secure.gravatar.com\/avatar\/da48797f91660605745175abd9fe82263292008bf52cf452340b960fcdab186f?s=96&d=mm&r=g","contentUrl":"https:\/\/secure.gravatar.com\/avatar\/da48797f91660605745175abd9fe82263292008bf52cf452340b960fcdab186f?s=96&d=mm&r=g","caption":"Andreas Ylijarvi"}}]}},"lang":"fi","translations":{"fi":1561},"pll_sync_post":[],"_links":{"self":[{"href":"https:\/\/www.senaatti.fi\/asema-alueet\/wp-json\/wp\/v2\/posts\/1561","targetHints":{"allow":["GET"]}}],"collection":[{"href":"https:\/\/www.senaatti.fi\/asema-alueet\/wp-json\/wp\/v2\/posts"}],"about":[{"href":"https:\/\/www.senaatti.fi\/asema-alueet\/wp-json\/wp\/v2\/types\/post"}],"author":[{"embeddable":true,"href":"https:\/\/www.senaatti.fi\/asema-alueet\/wp-json\/wp\/v2\/users\/16"}],"replies":[{"embeddable":true,"href":"https:\/\/www.senaatti.fi\/asema-alueet\/wp-json\/wp\/v2\/comments?post=1561"}],"version-history":[{"count":1,"href":"https:\/\/www.senaatti.fi\/asema-alueet\/wp-json\/wp\/v2\/posts\/1561\/revisions"}],"predecessor-version":[{"id":1562,"href":"https:\/\/www.senaatti.fi\/asema-alueet\/wp-json\/wp\/v2\/posts\/1561\/revisions\/1562"}],"wp:featuredmedia":[{"embeddable":true,"href":"https:\/\/www.senaatti.fi\/asema-alueet\/wp-json\/wp\/v2\/media\/830"}],"wp:attachment":[{"href":"https:\/\/www.senaatti.fi\/asema-alueet\/wp-json\/wp\/v2\/media?parent=1561"}],"wp:term":[{"taxonomy":"senaatti_type","embeddable":true,"href":"https:\/\/www.senaatti.fi\/asema-alueet\/wp-json\/wp\/v2\/senaatti_type?post=1561"}],"curies":[{"name":"wp","href":"https:\/\/api.w.org\/{rel}","templated":true}]}}