{"id":1451,"date":"2022-03-23T12:43:28","date_gmt":"2022-03-23T12:43:28","guid":{"rendered":"https:\/\/www.senaatti.fi\/asema-alueet\/?p=1451"},"modified":"2022-03-31T08:32:10","modified_gmt":"2022-03-31T08:32:10","slug":"oulun-asemakeskuksen-suunnittelu-ja-tontinluovutuskilpailu-kaynnistyy","status":"publish","type":"post","link":"https:\/\/www.senaatti.fi\/asema-alueet\/ajankohtaista\/uutiset\/oulun-asemakeskuksen-suunnittelu-ja-tontinluovutuskilpailu-kaynnistyy\/","title":{"rendered":"Oulun Asemakeskuksen suunnittelu- ja tontinluovutuskilpailu k\u00e4ynnistyy"},"content":{"rendered":"<p><strong>Kun Oulu aloittaa Euroopan kulttuurip\u00e4\u00e4kaupunki vuonna 2026, sen keskusta on saanut rutkasti uutta ilmett\u00e4. Asemakeskuksen alueen suunnittelukilpailussa etsit\u00e4\u00e4n sujuvia arjen ratkaisuja kest\u00e4v\u00e4n kehityksen hengess\u00e4.<\/strong><\/p>\n<p>Senaatin Asema-alueet Oy j\u00e4rjest\u00e4\u00e4 suunnittelu- ja tontinluovutuskilpailun Oulun asemakeskuksen alueesta. Oulun nykyisen rautatieaseman ja linja-autoaseman ymp\u00e4rist\u00f6 uudistuu niin, ett\u00e4 my\u00f6s radan it\u00e4puolinen Raksilan alue liittyy luontevaksi osaksi keskustaa.<\/p>\n<p>Laajalle, noin kolmen hehtaarin alueelle kaavoitetaan uudet ja toimivat puitteet julkiselle liikenteelle, palveluille, ty\u00f6paikoille ja asumiselle. Asema-alueen uudistusty\u00f6 on suuri ei vain Oulun, vaan koko Suomen mittakaavassa.<\/p>\n<p>\u201dT\u00e4m\u00e4 on yksi Suomen merkitt\u00e4vimpi\u00e4 muutoskohteita n\u00e4in keskell\u00e4 kaupunkia\u201d, kertoo projektista vastaava kiinteist\u00f6kehitysp\u00e4\u00e4llikk\u00f6 <strong>Janne Marttinen<\/strong> Senaatista.<\/p>\n<figure id=\"attachment_1410\" aria-describedby=\"caption-attachment-1410\" style=\"width: 768px\" class=\"wp-caption alignnone\"><img loading=\"lazy\" decoding=\"async\" class=\"wp-image-1410\" src=\"https:\/\/www.senaatti.fi\/app\/uploads\/sites\/6\/2022\/02\/211102_Ilmakuva-pohjoiseen_VERKKOON.jpg\" alt=\"\" width=\"768\" height=\"574\" srcset=\"https:\/\/www.senaatti.fi\/app\/uploads\/sites\/6\/2022\/02\/211102_Ilmakuva-pohjoiseen_VERKKOON.jpg 1280w, https:\/\/www.senaatti.fi\/app\/uploads\/sites\/6\/2022\/02\/211102_Ilmakuva-pohjoiseen_VERKKOON-300x224.jpg 300w, https:\/\/www.senaatti.fi\/app\/uploads\/sites\/6\/2022\/02\/211102_Ilmakuva-pohjoiseen_VERKKOON-1024x765.jpg 1024w, https:\/\/www.senaatti.fi\/app\/uploads\/sites\/6\/2022\/02\/211102_Ilmakuva-pohjoiseen_VERKKOON-768x574.jpg 768w\" sizes=\"auto, (max-width: 768px) 100vw, 768px\" \/><figcaption id=\"caption-attachment-1410\" class=\"wp-caption-text\">Ilmakuva Oulun Asemakeskuksen alueesta pohjoiseen. Kuva: Lahdelma &amp; Mahlam\u00e4ki Architects<\/figcaption><\/figure>\n<h2>Suunnittelu- ja tontinluovutuskilpailu alkamassa<\/h2>\n<p>Suunnittelu- ja tontinluovutuskilpailun tavoitteena on l\u00f6yt\u00e4\u00e4 kaupunkikuvallisesti, arkkitehtonisesti ja toiminnallisesti korkeatasoinen ja toteuttamiskelpoinen suunnitteluratkaisu sek\u00e4 sille toteuttaja, rahoittaja ja uudet omistajat.<\/p>\n<p>Kilpailu perustuu vuonna 2016\u20132017 j\u00e4rjestettyyn arkkitehtuurin <a href=\"https:\/\/www.ouka.fi\/oulu\/uudistuva-oulu\/asemakeskus\">ideakilpailuun<\/a>, jonka voitti Tervatynnyrit-niminen ehdotus. Sen tekiv\u00e4t yhdess\u00e4 arkkitehtitoimisto Lahdelma &amp; Mahlam\u00e4ki Oy Helsingist\u00e4 sek\u00e4 Arkkitehdit M3 Oulusta ty\u00f6ryhmineen.<\/p>\n<p>\u201dSuunnittelu- ja tontinluovutuskilpailun voittajan tulee noudattaa arkkitehtonisilta ja tilallisilta p\u00e4\u00e4ratkaisuiltaan tervatynnyri-ideaa. Keskeinen sis\u00e4tila on asemakeskuksen aula, joka sijoittuu 2017 arkkitehtuurikilpailussa tervatynnyriksi nimettyyn rakennukseen\u201d, Janne Marttinen sanoo.<\/p>\n<p>Suunnittelualue jakautuu kolmeen kortteliin, joiden rakennusvolyymista korkeintaan 60 prosenttia saa olla asumista. Asuinrakennuksissa voi olla enint\u00e4\u00e4n yhdeks\u00e4n kerrosta ja isommassa tervatynnyrirakennuksessa korkeintaan 12 kerrosta.<\/p>\n<h2>Rakentaminen k\u00e4ynnistyy matkustuspalveluita sis\u00e4lt\u00e4v\u00e4st\u00e4 korttelista<\/h2>\n<p>Vuonna 1605 perustettu Oulun kaupunki on kehittynyt terva- ja lohikaupan keskuksesta teknologiaihmeeksi ja Pohjoismaiden nopeimmin kasvavaksi kaupunkiseuduksi. Suomen viidenneksi suurimmassa kaupungissa on yli 200\u00a0000 asukasta, joista nuoria huomattavan paljon. Kaupunkia kehitet\u00e4\u00e4n parhaillaan entist\u00e4 elinvoimaisemmaksi monissa eri hankkeissa. Asemakeskuksen kokonaisvaltainen uudistaminen on niist\u00e4 merkitt\u00e4vimpi\u00e4.<\/p>\n<p>\u201dTavoitteena on, ett\u00e4 ensimm\u00e4iseksi \u00a0rakennetaan matkakeskustoiminnot, joihin kuuluvat bussiterminaali, asemakeskus ja liitynt\u00e4pys\u00e4k\u00f6inti. Samalla suurennetaan radan alittava kevyen liikenteen tunneli. N\u00e4in luodaan hybridikortteli, johon rakennetaan mahdollisesti my\u00f6s hotelli, asumista, toimistoja ja liiketilaa\u201d, Janne Marttinen selvitt\u00e4\u00e4.<\/p>\n<p>Kehitt\u00e4misess\u00e4 ovat mukana alueen maanomistajat Senaatin Asema-alueet Oy, Senaatti-kiinteist\u00f6t, V\u00e4yl\u00e4virasto, VR-Yhtym\u00e4 sek\u00e4 Oulun kaupunki.<\/p>\n<figure id=\"attachment_1413\" aria-describedby=\"caption-attachment-1413\" style=\"width: 768px\" class=\"wp-caption alignnone\"><img loading=\"lazy\" decoding=\"async\" class=\"wp-image-1413\" src=\"https:\/\/www.senaatti.fi\/app\/uploads\/sites\/6\/2022\/02\/211102_Nakyma-laiturialueelta-etelaan_VERKKOON.jpg\" alt=\"\" width=\"768\" height=\"427\" srcset=\"https:\/\/www.senaatti.fi\/app\/uploads\/sites\/6\/2022\/02\/211102_Nakyma-laiturialueelta-etelaan_VERKKOON.jpg 1280w, https:\/\/www.senaatti.fi\/app\/uploads\/sites\/6\/2022\/02\/211102_Nakyma-laiturialueelta-etelaan_VERKKOON-300x167.jpg 300w, https:\/\/www.senaatti.fi\/app\/uploads\/sites\/6\/2022\/02\/211102_Nakyma-laiturialueelta-etelaan_VERKKOON-1024x570.jpg 1024w, https:\/\/www.senaatti.fi\/app\/uploads\/sites\/6\/2022\/02\/211102_Nakyma-laiturialueelta-etelaan_VERKKOON-768x427.jpg 768w\" sizes=\"auto, (max-width: 768px) 100vw, 768px\" \/><figcaption id=\"caption-attachment-1413\" class=\"wp-caption-text\">N\u00e4kyma laiturialueelta etel\u00e4\u00e4n. Kuva: Lahdelma &amp; Mahlam\u00e4ki Architects<\/figcaption><\/figure>\n<h2>Kest\u00e4v\u00e4 kehitys ohjaavana tekij\u00e4n\u00e4 kautta linjan<\/h2>\n<p>Suunnittelu- ja tontinluovutuskilpailun arvioinnissa korostuvat ekologisesti ja sosiaalisesti kest\u00e4v\u00e4, hiilineutraali kaupunkikehitys sek\u00e4 eri matkustusmuotojen synergia ja toimivuus.<\/p>\n<p>\u201dAsemakeskushanke on hyv\u00e4 esimerkki siit\u00e4, kuinka kest\u00e4v\u00e4 kehitys huomioidaan suunnittelussa alusta alkaen. Alueen sijainti liikenteen solmukohdassa luo todella hyv\u00e4t edellytykset kest\u00e4v\u00e4n kehityksen mukaiselle kaupunkirakenteelle. Mukana on raideliikennett\u00e4, joukkoliikennett\u00e4 ja kevytt\u00e4 liikennett\u00e4 muun liikenteen lis\u00e4ksi. Kest\u00e4v\u00e4 kehitys huomioidaan my\u00f6s rakentamisessa ja talouden suunnittelussa\u201d, Janne Marttinen sanoo.<\/p>\n<p>Kilpailun voittajasuunnitelman on lis\u00e4tt\u00e4v\u00e4 my\u00f6s liikenteen sujuvuutta. Asemakeskus on tulevaisuudessa liikenteen solmukohta, jonka l\u00e4pi virtaa paljon matkustajia. Junaradan l\u00e4nsipuolelle rakentuu matkakeskus, joka tukee Oulun matkustuspalvelujen toimivuutta.<\/p>\n<p>Oulu on jo nyt py\u00f6r\u00e4ilykaupunki. Kilpailusuunnitelmissa onkin huomioitava uudet py\u00f6r\u00e4baanat sek\u00e4 kevyen liikenteen sujuvuuden lis\u00e4\u00e4minen radan kummallakin puolella. Suunnitelmassa pit\u00e4\u00e4 olla v\u00e4hint\u00e4\u00e4n 200 liitynt\u00e4py\u00f6r\u00e4pys\u00e4k\u00f6intipaikkaa aseman toimintojen l\u00e4hell\u00e4, katetussa tilassa. Lis\u00e4ksi tarvitaan tilaa kaupunkipy\u00f6rille ja vuokras\u00e4hk\u00f6potkulaudoille.<\/p>\n<p>\u201dMy\u00f6s jalankulkijat huomioidaan, ja alueen liikennesuunnittelussa on noudatettava esteett\u00f6myyden erikoistason j\u00e4rjestelyj\u00e4.\u201d<\/p>\n<figure id=\"attachment_144\" aria-describedby=\"caption-attachment-144\" style=\"width: 768px\" class=\"wp-caption alignnone\"><img loading=\"lazy\" decoding=\"async\" class=\"wp-image-144\" src=\"https:\/\/www.senaatti.fi\/app\/uploads\/sites\/6\/2019\/01\/TU-130923-vr-oulu-007-e1549009586929.jpg\" alt=\"\" width=\"768\" height=\"512\" \/><figcaption id=\"caption-attachment-144\" class=\"wp-caption-text\">Oulun rautatieaseman historiallisesti arvokas suojeltu asemarakennus s\u00e4ilyy ennallaan alueen muista muutoksista huolimatta.<\/figcaption><\/figure>\n<h2>Uudistaminen voi edet\u00e4 ripe\u00e4sti<\/h2>\n<p>Oulun teknologiaihme tarkoittaa nyky\u00e4\u00e4n erityisesti k\u00e4ytett\u00e4vyytt\u00e4: teknologialla halutaan parantaa ihmisten arjen sujuvuutta. Samalla k\u00e4ytett\u00e4vyyden logiikalla kaupunki uudistaa my\u00f6s keskustaansa \u2013 huomioimalla viihtyisyyden, jalankulun sek\u00e4 palvelujen ja asumisen ehdot.<\/p>\n<p>Koska alueella ei ole paljoa purettavaa, uudistamisessa voidaan edet\u00e4 ripe\u00e4sti. Uuden alta puretaan nykyinen matkahuollon rakennus, linja-autoasema ja sen pys\u00e4kkirakenteet sek\u00e4 kevyen liikenteen alik\u00e4yt\u00e4v\u00e4n rakenteita.<\/p>\n<p>\u201dRakentamisen ensimm\u00e4isen vaiheen on tarkoitus k\u00e4ynnisty\u00e4 jo vuoden 2024 aikana. Tavoitteena on, ett\u00e4 uusi asema-alue valmistuu p\u00e4\u00e4osin vuosikymmenen vaihteessa\u201d, Janne Marttinen kertoo.<\/p>\n","protected":false},"excerpt":{"rendered":"<p>Kun Oulu aloittaa Euroopan kulttuurip\u00e4\u00e4kaupunki vuonna 2026, sen keskusta on saanut rutkasti uutta ilmett\u00e4. Asemakeskuksen alueen suunnittelukilpailussa etsit\u00e4\u00e4n sujuvia arjen ratkaisuja kest\u00e4v\u00e4n kehityksen hengess\u00e4. Senaatin Asema-alueet Oy j\u00e4rjest\u00e4\u00e4 suunnittelu- ja tontinluovutuskilpailun Oulun asemakeskuksen alueesta. Oulun nykyisen rautatieaseman ja linja-autoaseman ymp\u00e4rist\u00f6 uudistuu niin, ett\u00e4 my\u00f6s radan it\u00e4puolinen Raksilan alue liittyy luontevaksi osaksi keskustaa. Laajalle, noin kolmen [&hellip;]<\/p>\n","protected":false},"author":16,"featured_media":1416,"comment_status":"open","ping_status":"open","sticky":false,"template":"","format":"standard","meta":{"_acf_changed":false,"footnotes":""},"senaatti_type":[],"class_list":["post-1451","post","type-post","status-publish","format-standard","has-post-thumbnail","hentry"],"acf":[],"yoast_head":"<!-- This site is optimized with the Yoast SEO plugin v27.3 - https:\/\/yoast.com\/product\/yoast-seo-wordpress\/ -->\n<title>Oulun Asemakeskuksen suunnittelu- ja tontinluovutuskilpailu k\u00e4ynnistyy - Senaatti<\/title>\n<meta name=\"description\" content=\"Kun Oulu aloittaa Euroopan kulttuurip\u00e4\u00e4kaupunki vuonna 2026, sen keskusta on saanut rutkasti uutta ilmett\u00e4. Asemakeskuksen alueen suunnittelukilpailussa\" \/>\n<meta name=\"robots\" content=\"index, follow, max-snippet:-1, max-image-preview:large, max-video-preview:-1\" \/>\n<link rel=\"canonical\" href=\"https:\/\/www.senaatti.fi\/asema-alueet\/ajankohtaista\/uutiset\/oulun-asemakeskuksen-suunnittelu-ja-tontinluovutuskilpailu-kaynnistyy\/\" \/>\n<meta property=\"og:locale\" content=\"fi_FI\" \/>\n<meta property=\"og:type\" content=\"article\" \/>\n<meta property=\"og:title\" content=\"Oulun Asemakeskuksen suunnittelu- ja tontinluovutuskilpailu k\u00e4ynnistyy - Senaatti\" \/>\n<meta property=\"og:description\" content=\"Kun Oulu aloittaa Euroopan kulttuurip\u00e4\u00e4kaupunki vuonna 2026, sen keskusta on saanut rutkasti uutta ilmett\u00e4. Asemakeskuksen alueen suunnittelukilpailussa\" \/>\n<meta property=\"og:url\" content=\"https:\/\/www.senaatti.fi\/asema-alueet\/ajankohtaista\/uutiset\/oulun-asemakeskuksen-suunnittelu-ja-tontinluovutuskilpailu-kaynnistyy\/\" \/>\n<meta property=\"og:site_name\" content=\"Senaatti\" \/>\n<meta property=\"article:published_time\" content=\"2022-03-23T12:43:28+00:00\" \/>\n<meta property=\"article:modified_time\" content=\"2022-03-31T08:32:10+00:00\" \/>\n<meta property=\"og:image\" content=\"https:\/\/www.senaatti.fi\/app\/uploads\/sites\/6\/2022\/02\/211115_Ilmakuva-Hallituskadulta-kaakkoon_VERKKOON-1024x592.jpg\" \/>\n\t<meta property=\"og:image:width\" content=\"1024\" \/>\n\t<meta property=\"og:image:height\" content=\"592\" \/>\n\t<meta property=\"og:image:type\" content=\"image\/jpeg\" \/>\n<meta name=\"author\" content=\"Andreas Ylijarvi\" \/>\n<meta name=\"twitter:card\" content=\"summary_large_image\" \/>\n<meta name=\"twitter:label1\" content=\"Kirjoittanut\" \/>\n\t<meta name=\"twitter:data1\" content=\"Andreas Ylijarvi\" \/>\n\t<meta name=\"twitter:label2\" content=\"Arvioitu lukuaika\" \/>\n\t<meta name=\"twitter:data2\" content=\"3 minuuttia\" \/>\n<script type=\"application\/ld+json\" class=\"yoast-schema-graph\">{\"@context\":\"https:\\\/\\\/schema.org\",\"@graph\":[{\"@type\":\"Article\",\"@id\":\"https:\\\/\\\/www.senaatti.fi\\\/asema-alueet\\\/ajankohtaista\\\/uutiset\\\/oulun-asemakeskuksen-suunnittelu-ja-tontinluovutuskilpailu-kaynnistyy\\\/#article\",\"isPartOf\":{\"@id\":\"https:\\\/\\\/www.senaatti.fi\\\/asema-alueet\\\/ajankohtaista\\\/uutiset\\\/oulun-asemakeskuksen-suunnittelu-ja-tontinluovutuskilpailu-kaynnistyy\\\/\"},\"author\":{\"name\":\"Andreas Ylijarvi\",\"@id\":\"https:\\\/\\\/www.senaatti.fi\\\/asema-alueet\\\/#\\\/schema\\\/person\\\/19ebcd857f41fa4cf02102cd128abc46\"},\"headline\":\"Oulun Asemakeskuksen suunnittelu- ja tontinluovutuskilpailu k\u00e4ynnistyy\",\"datePublished\":\"2022-03-23T12:43:28+00:00\",\"dateModified\":\"2022-03-31T08:32:10+00:00\",\"mainEntityOfPage\":{\"@id\":\"https:\\\/\\\/www.senaatti.fi\\\/asema-alueet\\\/ajankohtaista\\\/uutiset\\\/oulun-asemakeskuksen-suunnittelu-ja-tontinluovutuskilpailu-kaynnistyy\\\/\"},\"wordCount\":652,\"commentCount\":0,\"image\":{\"@id\":\"https:\\\/\\\/www.senaatti.fi\\\/asema-alueet\\\/ajankohtaista\\\/uutiset\\\/oulun-asemakeskuksen-suunnittelu-ja-tontinluovutuskilpailu-kaynnistyy\\\/#primaryimage\"},\"thumbnailUrl\":\"https:\\\/\\\/www.senaatti.fi\\\/app\\\/uploads\\\/sites\\\/6\\\/2022\\\/02\\\/211115_Ilmakuva-Hallituskadulta-kaakkoon_VERKKOON.jpg\",\"articleSection\":[\"Senaatin Asema-alueet Oy\"],\"inLanguage\":\"fi\"},{\"@type\":\"WebPage\",\"@id\":\"https:\\\/\\\/www.senaatti.fi\\\/asema-alueet\\\/ajankohtaista\\\/uutiset\\\/oulun-asemakeskuksen-suunnittelu-ja-tontinluovutuskilpailu-kaynnistyy\\\/\",\"url\":\"https:\\\/\\\/www.senaatti.fi\\\/asema-alueet\\\/ajankohtaista\\\/uutiset\\\/oulun-asemakeskuksen-suunnittelu-ja-tontinluovutuskilpailu-kaynnistyy\\\/\",\"name\":\"Oulun Asemakeskuksen suunnittelu- ja tontinluovutuskilpailu k\u00e4ynnistyy - Senaatti\",\"isPartOf\":{\"@id\":\"https:\\\/\\\/www.senaatti.fi\\\/asema-alueet\\\/#website\"},\"primaryImageOfPage\":{\"@id\":\"https:\\\/\\\/www.senaatti.fi\\\/asema-alueet\\\/ajankohtaista\\\/uutiset\\\/oulun-asemakeskuksen-suunnittelu-ja-tontinluovutuskilpailu-kaynnistyy\\\/#primaryimage\"},\"image\":{\"@id\":\"https:\\\/\\\/www.senaatti.fi\\\/asema-alueet\\\/ajankohtaista\\\/uutiset\\\/oulun-asemakeskuksen-suunnittelu-ja-tontinluovutuskilpailu-kaynnistyy\\\/#primaryimage\"},\"thumbnailUrl\":\"https:\\\/\\\/www.senaatti.fi\\\/app\\\/uploads\\\/sites\\\/6\\\/2022\\\/02\\\/211115_Ilmakuva-Hallituskadulta-kaakkoon_VERKKOON.jpg\",\"datePublished\":\"2022-03-23T12:43:28+00:00\",\"dateModified\":\"2022-03-31T08:32:10+00:00\",\"author\":{\"@id\":\"https:\\\/\\\/www.senaatti.fi\\\/asema-alueet\\\/#\\\/schema\\\/person\\\/19ebcd857f41fa4cf02102cd128abc46\"},\"description\":\"Kun Oulu aloittaa Euroopan kulttuurip\u00e4\u00e4kaupunki vuonna 2026, sen keskusta on saanut rutkasti uutta ilmett\u00e4. Asemakeskuksen alueen suunnittelukilpailussa\",\"breadcrumb\":{\"@id\":\"https:\\\/\\\/www.senaatti.fi\\\/asema-alueet\\\/ajankohtaista\\\/uutiset\\\/oulun-asemakeskuksen-suunnittelu-ja-tontinluovutuskilpailu-kaynnistyy\\\/#breadcrumb\"},\"inLanguage\":\"fi\",\"potentialAction\":[{\"@type\":\"ReadAction\",\"target\":[\"https:\\\/\\\/www.senaatti.fi\\\/asema-alueet\\\/ajankohtaista\\\/uutiset\\\/oulun-asemakeskuksen-suunnittelu-ja-tontinluovutuskilpailu-kaynnistyy\\\/\"]}]},{\"@type\":\"ImageObject\",\"inLanguage\":\"fi\",\"@id\":\"https:\\\/\\\/www.senaatti.fi\\\/asema-alueet\\\/ajankohtaista\\\/uutiset\\\/oulun-asemakeskuksen-suunnittelu-ja-tontinluovutuskilpailu-kaynnistyy\\\/#primaryimage\",\"url\":\"https:\\\/\\\/www.senaatti.fi\\\/app\\\/uploads\\\/sites\\\/6\\\/2022\\\/02\\\/211115_Ilmakuva-Hallituskadulta-kaakkoon_VERKKOON.jpg\",\"contentUrl\":\"https:\\\/\\\/www.senaatti.fi\\\/app\\\/uploads\\\/sites\\\/6\\\/2022\\\/02\\\/211115_Ilmakuva-Hallituskadulta-kaakkoon_VERKKOON.jpg\",\"width\":1280,\"height\":740},{\"@type\":\"BreadcrumbList\",\"@id\":\"https:\\\/\\\/www.senaatti.fi\\\/asema-alueet\\\/ajankohtaista\\\/uutiset\\\/oulun-asemakeskuksen-suunnittelu-ja-tontinluovutuskilpailu-kaynnistyy\\\/#breadcrumb\",\"itemListElement\":[{\"@type\":\"ListItem\",\"position\":1,\"name\":\"Etusivu\",\"item\":\"https:\\\/\\\/www.senaatti.fi\\\/asema-alueet\\\/\"},{\"@type\":\"ListItem\",\"position\":2,\"name\":\"Oulun Asemakeskuksen suunnittelu- ja tontinluovutuskilpailu k\u00e4ynnistyy\"}]},{\"@type\":\"WebSite\",\"@id\":\"https:\\\/\\\/www.senaatti.fi\\\/asema-alueet\\\/#website\",\"url\":\"https:\\\/\\\/www.senaatti.fi\\\/asema-alueet\\\/\",\"name\":\"Asema-alueet\",\"description\":\"Senaatin Asema-alueet\",\"potentialAction\":[{\"@type\":\"SearchAction\",\"target\":{\"@type\":\"EntryPoint\",\"urlTemplate\":\"https:\\\/\\\/www.senaatti.fi\\\/asema-alueet\\\/?s={search_term_string}\"},\"query-input\":{\"@type\":\"PropertyValueSpecification\",\"valueRequired\":true,\"valueName\":\"search_term_string\"}}],\"inLanguage\":\"fi\"},{\"@type\":\"Person\",\"@id\":\"https:\\\/\\\/www.senaatti.fi\\\/asema-alueet\\\/#\\\/schema\\\/person\\\/19ebcd857f41fa4cf02102cd128abc46\",\"name\":\"Andreas Ylijarvi\",\"image\":{\"@type\":\"ImageObject\",\"inLanguage\":\"fi\",\"@id\":\"https:\\\/\\\/secure.gravatar.com\\\/avatar\\\/da48797f91660605745175abd9fe82263292008bf52cf452340b960fcdab186f?s=96&d=mm&r=g\",\"url\":\"https:\\\/\\\/secure.gravatar.com\\\/avatar\\\/da48797f91660605745175abd9fe82263292008bf52cf452340b960fcdab186f?s=96&d=mm&r=g\",\"contentUrl\":\"https:\\\/\\\/secure.gravatar.com\\\/avatar\\\/da48797f91660605745175abd9fe82263292008bf52cf452340b960fcdab186f?s=96&d=mm&r=g\",\"caption\":\"Andreas Ylijarvi\"}}]}<\/script>\n<!-- \/ Yoast SEO plugin. -->","yoast_head_json":{"title":"Oulun Asemakeskuksen suunnittelu- ja tontinluovutuskilpailu k\u00e4ynnistyy - Senaatti","description":"Kun Oulu aloittaa Euroopan kulttuurip\u00e4\u00e4kaupunki vuonna 2026, sen keskusta on saanut rutkasti uutta ilmett\u00e4. Asemakeskuksen alueen suunnittelukilpailussa","robots":{"index":"index","follow":"follow","max-snippet":"max-snippet:-1","max-image-preview":"max-image-preview:large","max-video-preview":"max-video-preview:-1"},"canonical":"https:\/\/www.senaatti.fi\/asema-alueet\/ajankohtaista\/uutiset\/oulun-asemakeskuksen-suunnittelu-ja-tontinluovutuskilpailu-kaynnistyy\/","og_locale":"fi_FI","og_type":"article","og_title":"Oulun Asemakeskuksen suunnittelu- ja tontinluovutuskilpailu k\u00e4ynnistyy - Senaatti","og_description":"Kun Oulu aloittaa Euroopan kulttuurip\u00e4\u00e4kaupunki vuonna 2026, sen keskusta on saanut rutkasti uutta ilmett\u00e4. Asemakeskuksen alueen suunnittelukilpailussa","og_url":"https:\/\/www.senaatti.fi\/asema-alueet\/ajankohtaista\/uutiset\/oulun-asemakeskuksen-suunnittelu-ja-tontinluovutuskilpailu-kaynnistyy\/","og_site_name":"Senaatti","article_published_time":"2022-03-23T12:43:28+00:00","article_modified_time":"2022-03-31T08:32:10+00:00","og_image":[{"width":1024,"height":592,"url":"https:\/\/www.senaatti.fi\/app\/uploads\/sites\/6\/2022\/02\/211115_Ilmakuva-Hallituskadulta-kaakkoon_VERKKOON-1024x592.jpg","type":"image\/jpeg"}],"author":"Andreas Ylijarvi","twitter_card":"summary_large_image","twitter_misc":{"Kirjoittanut":"Andreas Ylijarvi","Arvioitu lukuaika":"3 minuuttia"},"schema":{"@context":"https:\/\/schema.org","@graph":[{"@type":"Article","@id":"https:\/\/www.senaatti.fi\/asema-alueet\/ajankohtaista\/uutiset\/oulun-asemakeskuksen-suunnittelu-ja-tontinluovutuskilpailu-kaynnistyy\/#article","isPartOf":{"@id":"https:\/\/www.senaatti.fi\/asema-alueet\/ajankohtaista\/uutiset\/oulun-asemakeskuksen-suunnittelu-ja-tontinluovutuskilpailu-kaynnistyy\/"},"author":{"name":"Andreas Ylijarvi","@id":"https:\/\/www.senaatti.fi\/asema-alueet\/#\/schema\/person\/19ebcd857f41fa4cf02102cd128abc46"},"headline":"Oulun Asemakeskuksen suunnittelu- ja tontinluovutuskilpailu k\u00e4ynnistyy","datePublished":"2022-03-23T12:43:28+00:00","dateModified":"2022-03-31T08:32:10+00:00","mainEntityOfPage":{"@id":"https:\/\/www.senaatti.fi\/asema-alueet\/ajankohtaista\/uutiset\/oulun-asemakeskuksen-suunnittelu-ja-tontinluovutuskilpailu-kaynnistyy\/"},"wordCount":652,"commentCount":0,"image":{"@id":"https:\/\/www.senaatti.fi\/asema-alueet\/ajankohtaista\/uutiset\/oulun-asemakeskuksen-suunnittelu-ja-tontinluovutuskilpailu-kaynnistyy\/#primaryimage"},"thumbnailUrl":"https:\/\/www.senaatti.fi\/app\/uploads\/sites\/6\/2022\/02\/211115_Ilmakuva-Hallituskadulta-kaakkoon_VERKKOON.jpg","articleSection":["Senaatin Asema-alueet Oy"],"inLanguage":"fi"},{"@type":"WebPage","@id":"https:\/\/www.senaatti.fi\/asema-alueet\/ajankohtaista\/uutiset\/oulun-asemakeskuksen-suunnittelu-ja-tontinluovutuskilpailu-kaynnistyy\/","url":"https:\/\/www.senaatti.fi\/asema-alueet\/ajankohtaista\/uutiset\/oulun-asemakeskuksen-suunnittelu-ja-tontinluovutuskilpailu-kaynnistyy\/","name":"Oulun Asemakeskuksen suunnittelu- ja tontinluovutuskilpailu k\u00e4ynnistyy - Senaatti","isPartOf":{"@id":"https:\/\/www.senaatti.fi\/asema-alueet\/#website"},"primaryImageOfPage":{"@id":"https:\/\/www.senaatti.fi\/asema-alueet\/ajankohtaista\/uutiset\/oulun-asemakeskuksen-suunnittelu-ja-tontinluovutuskilpailu-kaynnistyy\/#primaryimage"},"image":{"@id":"https:\/\/www.senaatti.fi\/asema-alueet\/ajankohtaista\/uutiset\/oulun-asemakeskuksen-suunnittelu-ja-tontinluovutuskilpailu-kaynnistyy\/#primaryimage"},"thumbnailUrl":"https:\/\/www.senaatti.fi\/app\/uploads\/sites\/6\/2022\/02\/211115_Ilmakuva-Hallituskadulta-kaakkoon_VERKKOON.jpg","datePublished":"2022-03-23T12:43:28+00:00","dateModified":"2022-03-31T08:32:10+00:00","author":{"@id":"https:\/\/www.senaatti.fi\/asema-alueet\/#\/schema\/person\/19ebcd857f41fa4cf02102cd128abc46"},"description":"Kun Oulu aloittaa Euroopan kulttuurip\u00e4\u00e4kaupunki vuonna 2026, sen keskusta on saanut rutkasti uutta ilmett\u00e4. Asemakeskuksen alueen suunnittelukilpailussa","breadcrumb":{"@id":"https:\/\/www.senaatti.fi\/asema-alueet\/ajankohtaista\/uutiset\/oulun-asemakeskuksen-suunnittelu-ja-tontinluovutuskilpailu-kaynnistyy\/#breadcrumb"},"inLanguage":"fi","potentialAction":[{"@type":"ReadAction","target":["https:\/\/www.senaatti.fi\/asema-alueet\/ajankohtaista\/uutiset\/oulun-asemakeskuksen-suunnittelu-ja-tontinluovutuskilpailu-kaynnistyy\/"]}]},{"@type":"ImageObject","inLanguage":"fi","@id":"https:\/\/www.senaatti.fi\/asema-alueet\/ajankohtaista\/uutiset\/oulun-asemakeskuksen-suunnittelu-ja-tontinluovutuskilpailu-kaynnistyy\/#primaryimage","url":"https:\/\/www.senaatti.fi\/app\/uploads\/sites\/6\/2022\/02\/211115_Ilmakuva-Hallituskadulta-kaakkoon_VERKKOON.jpg","contentUrl":"https:\/\/www.senaatti.fi\/app\/uploads\/sites\/6\/2022\/02\/211115_Ilmakuva-Hallituskadulta-kaakkoon_VERKKOON.jpg","width":1280,"height":740},{"@type":"BreadcrumbList","@id":"https:\/\/www.senaatti.fi\/asema-alueet\/ajankohtaista\/uutiset\/oulun-asemakeskuksen-suunnittelu-ja-tontinluovutuskilpailu-kaynnistyy\/#breadcrumb","itemListElement":[{"@type":"ListItem","position":1,"name":"Etusivu","item":"https:\/\/www.senaatti.fi\/asema-alueet\/"},{"@type":"ListItem","position":2,"name":"Oulun Asemakeskuksen suunnittelu- ja tontinluovutuskilpailu k\u00e4ynnistyy"}]},{"@type":"WebSite","@id":"https:\/\/www.senaatti.fi\/asema-alueet\/#website","url":"https:\/\/www.senaatti.fi\/asema-alueet\/","name":"Asema-alueet","description":"Senaatin Asema-alueet","potentialAction":[{"@type":"SearchAction","target":{"@type":"EntryPoint","urlTemplate":"https:\/\/www.senaatti.fi\/asema-alueet\/?s={search_term_string}"},"query-input":{"@type":"PropertyValueSpecification","valueRequired":true,"valueName":"search_term_string"}}],"inLanguage":"fi"},{"@type":"Person","@id":"https:\/\/www.senaatti.fi\/asema-alueet\/#\/schema\/person\/19ebcd857f41fa4cf02102cd128abc46","name":"Andreas Ylijarvi","image":{"@type":"ImageObject","inLanguage":"fi","@id":"https:\/\/secure.gravatar.com\/avatar\/da48797f91660605745175abd9fe82263292008bf52cf452340b960fcdab186f?s=96&d=mm&r=g","url":"https:\/\/secure.gravatar.com\/avatar\/da48797f91660605745175abd9fe82263292008bf52cf452340b960fcdab186f?s=96&d=mm&r=g","contentUrl":"https:\/\/secure.gravatar.com\/avatar\/da48797f91660605745175abd9fe82263292008bf52cf452340b960fcdab186f?s=96&d=mm&r=g","caption":"Andreas Ylijarvi"}}]}},"lang":"fi","translations":{"fi":1451},"pll_sync_post":[],"_links":{"self":[{"href":"https:\/\/www.senaatti.fi\/asema-alueet\/wp-json\/wp\/v2\/posts\/1451","targetHints":{"allow":["GET"]}}],"collection":[{"href":"https:\/\/www.senaatti.fi\/asema-alueet\/wp-json\/wp\/v2\/posts"}],"about":[{"href":"https:\/\/www.senaatti.fi\/asema-alueet\/wp-json\/wp\/v2\/types\/post"}],"author":[{"embeddable":true,"href":"https:\/\/www.senaatti.fi\/asema-alueet\/wp-json\/wp\/v2\/users\/16"}],"replies":[{"embeddable":true,"href":"https:\/\/www.senaatti.fi\/asema-alueet\/wp-json\/wp\/v2\/comments?post=1451"}],"version-history":[{"count":4,"href":"https:\/\/www.senaatti.fi\/asema-alueet\/wp-json\/wp\/v2\/posts\/1451\/revisions"}],"predecessor-version":[{"id":1459,"href":"https:\/\/www.senaatti.fi\/asema-alueet\/wp-json\/wp\/v2\/posts\/1451\/revisions\/1459"}],"wp:featuredmedia":[{"embeddable":true,"href":"https:\/\/www.senaatti.fi\/asema-alueet\/wp-json\/wp\/v2\/media\/1416"}],"wp:attachment":[{"href":"https:\/\/www.senaatti.fi\/asema-alueet\/wp-json\/wp\/v2\/media?parent=1451"}],"wp:term":[{"taxonomy":"senaatti_type","embeddable":true,"href":"https:\/\/www.senaatti.fi\/asema-alueet\/wp-json\/wp\/v2\/senaatti_type?post=1451"}],"curies":[{"name":"wp","href":"https:\/\/api.w.org\/{rel}","templated":true}]}}