{"id":1446,"date":"2022-03-22T09:14:38","date_gmt":"2022-03-22T09:14:38","guid":{"rendered":"https:\/\/www.senaatti.fi\/asema-alueet\/?p=1446"},"modified":"2022-03-22T09:14:58","modified_gmt":"2022-03-22T09:14:58","slug":"senaatin-asema-alueet-oy-myy-kiinteistoomistuksensa-karjaan-asema-alueelta","status":"publish","type":"post","link":"https:\/\/www.senaatti.fi\/asema-alueet\/ajankohtaista\/uutiset\/senaatin-asema-alueet-oy-myy-kiinteistoomistuksensa-karjaan-asema-alueelta\/","title":{"rendered":"Senaatin Asema-alueet Oy myi kiinteist\u00f6omistuksensa Karjaan asema-alueelta"},"content":{"rendered":"<p><strong>Senaatin Asema-alueet Oy ja Raaseporin kaupunki ovat allekirjoittaneet 22.3.2022 kiinteist\u00f6kaupan Karjaan asema-alueella sijaitsevasta noin 3,5 ha suuruisesta maa-alueesta sek\u00e4 sill\u00e4 sijaitsevasta vuonna 1926 rakennetusta asuinrakennuksesta.<\/strong><\/p>\n<p>Alue on merkitty kaavassa rautatiealueeksi ja Raaseporin kaupungin asema-alueen kehitysvisiossa nyt myyty kokonaisuus on suunniteltu olevan liitynt\u00e4pys\u00e4k\u00f6intiin varattua aluetta.<\/p>\n<p>Senaatin Asema-alueet Oy myi jo aikaisemmin vuoden 2021 lopulla asemarakennuksen ja nyt tehdyn kiinteist\u00f6kaupan my\u00f6t\u00e4 yhti\u00f6lle ei j\u00e4\u00e4 omistuksia Karjaan asema-alueelle.<\/p>\n<p><strong>Lis\u00e4tiedot:<\/strong><\/p>\n<p>Senaatti-kiinteist\u00f6t<\/p>\n<p>Kiinteist\u00f6kehitysp\u00e4\u00e4llikk\u00f6, Janne Marttinen<\/p>\n<p><a href=\"mailto:janne.marttinen@senaatti.fi\">janne.marttinen@senaatti.fi<\/a> puh. 040 867 4667<\/p>\n","protected":false},"excerpt":{"rendered":"<p>Senaatin Asema-alueet Oy ja Raaseporin kaupunki ovat allekirjoittaneet 22.3.2022 kiinteist\u00f6kaupan Karjaan asema-alueella sijaitsevasta noin 3,5 ha suuruisesta maa-alueesta sek\u00e4 sill\u00e4 sijaitsevasta vuonna 1926 rakennetusta asuinrakennuksesta. Alue on merkitty kaavassa rautatiealueeksi ja Raaseporin kaupungin asema-alueen kehitysvisiossa nyt myyty kokonaisuus on suunniteltu olevan liitynt\u00e4pys\u00e4k\u00f6intiin varattua aluetta. Senaatin Asema-alueet Oy myi jo aikaisemmin vuoden 2021 lopulla asemarakennuksen ja [&hellip;]<\/p>\n","protected":false},"author":16,"featured_media":154,"comment_status":"open","ping_status":"open","sticky":false,"template":"","format":"standard","meta":{"_acf_changed":false,"footnotes":""},"senaatti_type":[],"class_list":["post-1446","post","type-post","status-publish","format-standard","has-post-thumbnail","hentry"],"acf":[],"yoast_head":"<!-- This site is optimized with the Yoast SEO plugin v27.3 - https:\/\/yoast.com\/product\/yoast-seo-wordpress\/ -->\n<title>Senaatin Asema-alueet Oy myi kiinteist\u00f6omistuksensa Karjaan asema-alueelta - Senaatti<\/title>\n<meta name=\"description\" content=\"Senaatin Asema-alueet Oy ja Raaseporin kaupunki ovat allekirjoittaneet 22.3.2022 kiinteist\u00f6kaupan Karjaan asema-alueella sijaitsevasta noin 3,5 ha\" \/>\n<meta name=\"robots\" content=\"index, follow, max-snippet:-1, max-image-preview:large, max-video-preview:-1\" \/>\n<link rel=\"canonical\" href=\"https:\/\/www.senaatti.fi\/asema-alueet\/ajankohtaista\/uutiset\/senaatin-asema-alueet-oy-myy-kiinteistoomistuksensa-karjaan-asema-alueelta\/\" \/>\n<meta property=\"og:locale\" content=\"fi_FI\" \/>\n<meta property=\"og:type\" content=\"article\" \/>\n<meta property=\"og:title\" content=\"Senaatin Asema-alueet Oy myi kiinteist\u00f6omistuksensa Karjaan asema-alueelta - Senaatti\" \/>\n<meta property=\"og:description\" content=\"Senaatin Asema-alueet Oy ja Raaseporin kaupunki ovat allekirjoittaneet 22.3.2022 kiinteist\u00f6kaupan Karjaan asema-alueella sijaitsevasta noin 3,5 ha\" \/>\n<meta property=\"og:url\" content=\"https:\/\/www.senaatti.fi\/asema-alueet\/ajankohtaista\/uutiset\/senaatin-asema-alueet-oy-myy-kiinteistoomistuksensa-karjaan-asema-alueelta\/\" \/>\n<meta property=\"og:site_name\" content=\"Senaatti\" \/>\n<meta property=\"article:published_time\" content=\"2022-03-22T09:14:38+00:00\" \/>\n<meta property=\"article:modified_time\" content=\"2022-03-22T09:14:58+00:00\" \/>\n<meta property=\"og:image\" content=\"https:\/\/www.senaatti.fi\/app\/uploads\/sites\/6\/2019\/01\/TU-131016-vr-karjaa-038-1024x683.jpg\" \/>\n\t<meta property=\"og:image:width\" content=\"1024\" \/>\n\t<meta property=\"og:image:height\" content=\"683\" \/>\n\t<meta property=\"og:image:type\" content=\"image\/jpeg\" \/>\n<meta name=\"author\" content=\"Andreas Ylijarvi\" \/>\n<meta name=\"twitter:card\" content=\"summary_large_image\" \/>\n<meta name=\"twitter:label1\" content=\"Written by\" \/>\n\t<meta name=\"twitter:data1\" content=\"Andreas Ylijarvi\" \/>\n<script type=\"application\/ld+json\" class=\"yoast-schema-graph\">{\"@context\":\"https:\\\/\\\/schema.org\",\"@graph\":[{\"@type\":\"Article\",\"@id\":\"https:\\\/\\\/www.senaatti.fi\\\/asema-alueet\\\/ajankohtaista\\\/uutiset\\\/senaatin-asema-alueet-oy-myy-kiinteistoomistuksensa-karjaan-asema-alueelta\\\/#article\",\"isPartOf\":{\"@id\":\"https:\\\/\\\/www.senaatti.fi\\\/asema-alueet\\\/ajankohtaista\\\/uutiset\\\/senaatin-asema-alueet-oy-myy-kiinteistoomistuksensa-karjaan-asema-alueelta\\\/\"},\"author\":{\"name\":\"Andreas Ylijarvi\",\"@id\":\"https:\\\/\\\/www.senaatti.fi\\\/asema-alueet\\\/#\\\/schema\\\/person\\\/19ebcd857f41fa4cf02102cd128abc46\"},\"headline\":\"Senaatin Asema-alueet Oy myi kiinteist\u00f6omistuksensa Karjaan asema-alueelta\",\"datePublished\":\"2022-03-22T09:14:38+00:00\",\"dateModified\":\"2022-03-22T09:14:58+00:00\",\"mainEntityOfPage\":{\"@id\":\"https:\\\/\\\/www.senaatti.fi\\\/asema-alueet\\\/ajankohtaista\\\/uutiset\\\/senaatin-asema-alueet-oy-myy-kiinteistoomistuksensa-karjaan-asema-alueelta\\\/\"},\"wordCount\":90,\"commentCount\":0,\"image\":{\"@id\":\"https:\\\/\\\/www.senaatti.fi\\\/asema-alueet\\\/ajankohtaista\\\/uutiset\\\/senaatin-asema-alueet-oy-myy-kiinteistoomistuksensa-karjaan-asema-alueelta\\\/#primaryimage\"},\"thumbnailUrl\":\"https:\\\/\\\/www.senaatti.fi\\\/app\\\/uploads\\\/sites\\\/6\\\/2019\\\/01\\\/TU-131016-vr-karjaa-038.jpg\",\"articleSection\":[\"Senaatin Asema-alueet Oy\"],\"inLanguage\":\"fi\"},{\"@type\":\"WebPage\",\"@id\":\"https:\\\/\\\/www.senaatti.fi\\\/asema-alueet\\\/ajankohtaista\\\/uutiset\\\/senaatin-asema-alueet-oy-myy-kiinteistoomistuksensa-karjaan-asema-alueelta\\\/\",\"url\":\"https:\\\/\\\/www.senaatti.fi\\\/asema-alueet\\\/ajankohtaista\\\/uutiset\\\/senaatin-asema-alueet-oy-myy-kiinteistoomistuksensa-karjaan-asema-alueelta\\\/\",\"name\":\"Senaatin Asema-alueet Oy myi kiinteist\u00f6omistuksensa Karjaan asema-alueelta - Senaatti\",\"isPartOf\":{\"@id\":\"https:\\\/\\\/www.senaatti.fi\\\/asema-alueet\\\/#website\"},\"primaryImageOfPage\":{\"@id\":\"https:\\\/\\\/www.senaatti.fi\\\/asema-alueet\\\/ajankohtaista\\\/uutiset\\\/senaatin-asema-alueet-oy-myy-kiinteistoomistuksensa-karjaan-asema-alueelta\\\/#primaryimage\"},\"image\":{\"@id\":\"https:\\\/\\\/www.senaatti.fi\\\/asema-alueet\\\/ajankohtaista\\\/uutiset\\\/senaatin-asema-alueet-oy-myy-kiinteistoomistuksensa-karjaan-asema-alueelta\\\/#primaryimage\"},\"thumbnailUrl\":\"https:\\\/\\\/www.senaatti.fi\\\/app\\\/uploads\\\/sites\\\/6\\\/2019\\\/01\\\/TU-131016-vr-karjaa-038.jpg\",\"datePublished\":\"2022-03-22T09:14:38+00:00\",\"dateModified\":\"2022-03-22T09:14:58+00:00\",\"author\":{\"@id\":\"https:\\\/\\\/www.senaatti.fi\\\/asema-alueet\\\/#\\\/schema\\\/person\\\/19ebcd857f41fa4cf02102cd128abc46\"},\"description\":\"Senaatin Asema-alueet Oy ja Raaseporin kaupunki ovat allekirjoittaneet 22.3.2022 kiinteist\u00f6kaupan Karjaan asema-alueella sijaitsevasta noin 3,5 ha\",\"breadcrumb\":{\"@id\":\"https:\\\/\\\/www.senaatti.fi\\\/asema-alueet\\\/ajankohtaista\\\/uutiset\\\/senaatin-asema-alueet-oy-myy-kiinteistoomistuksensa-karjaan-asema-alueelta\\\/#breadcrumb\"},\"inLanguage\":\"fi\",\"potentialAction\":[{\"@type\":\"ReadAction\",\"target\":[\"https:\\\/\\\/www.senaatti.fi\\\/asema-alueet\\\/ajankohtaista\\\/uutiset\\\/senaatin-asema-alueet-oy-myy-kiinteistoomistuksensa-karjaan-asema-alueelta\\\/\"]}]},{\"@type\":\"ImageObject\",\"inLanguage\":\"fi\",\"@id\":\"https:\\\/\\\/www.senaatti.fi\\\/asema-alueet\\\/ajankohtaista\\\/uutiset\\\/senaatin-asema-alueet-oy-myy-kiinteistoomistuksensa-karjaan-asema-alueelta\\\/#primaryimage\",\"url\":\"https:\\\/\\\/www.senaatti.fi\\\/app\\\/uploads\\\/sites\\\/6\\\/2019\\\/01\\\/TU-131016-vr-karjaa-038.jpg\",\"contentUrl\":\"https:\\\/\\\/www.senaatti.fi\\\/app\\\/uploads\\\/sites\\\/6\\\/2019\\\/01\\\/TU-131016-vr-karjaa-038.jpg\",\"width\":4800,\"height\":3200,\"caption\":\"Karjaan rautatieaseman p\u00e4\u00e4rakennus\"},{\"@type\":\"BreadcrumbList\",\"@id\":\"https:\\\/\\\/www.senaatti.fi\\\/asema-alueet\\\/ajankohtaista\\\/uutiset\\\/senaatin-asema-alueet-oy-myy-kiinteistoomistuksensa-karjaan-asema-alueelta\\\/#breadcrumb\",\"itemListElement\":[{\"@type\":\"ListItem\",\"position\":1,\"name\":\"Etusivu\",\"item\":\"https:\\\/\\\/www.senaatti.fi\\\/asema-alueet\\\/\"},{\"@type\":\"ListItem\",\"position\":2,\"name\":\"Senaatin Asema-alueet Oy myi kiinteist\u00f6omistuksensa Karjaan asema-alueelta\"}]},{\"@type\":\"WebSite\",\"@id\":\"https:\\\/\\\/www.senaatti.fi\\\/asema-alueet\\\/#website\",\"url\":\"https:\\\/\\\/www.senaatti.fi\\\/asema-alueet\\\/\",\"name\":\"Asema-alueet\",\"description\":\"Senaatin Asema-alueet\",\"potentialAction\":[{\"@type\":\"SearchAction\",\"target\":{\"@type\":\"EntryPoint\",\"urlTemplate\":\"https:\\\/\\\/www.senaatti.fi\\\/asema-alueet\\\/?s={search_term_string}\"},\"query-input\":{\"@type\":\"PropertyValueSpecification\",\"valueRequired\":true,\"valueName\":\"search_term_string\"}}],\"inLanguage\":\"fi\"},{\"@type\":\"Person\",\"@id\":\"https:\\\/\\\/www.senaatti.fi\\\/asema-alueet\\\/#\\\/schema\\\/person\\\/19ebcd857f41fa4cf02102cd128abc46\",\"name\":\"Andreas Ylijarvi\",\"image\":{\"@type\":\"ImageObject\",\"inLanguage\":\"fi\",\"@id\":\"https:\\\/\\\/secure.gravatar.com\\\/avatar\\\/da48797f91660605745175abd9fe82263292008bf52cf452340b960fcdab186f?s=96&d=mm&r=g\",\"url\":\"https:\\\/\\\/secure.gravatar.com\\\/avatar\\\/da48797f91660605745175abd9fe82263292008bf52cf452340b960fcdab186f?s=96&d=mm&r=g\",\"contentUrl\":\"https:\\\/\\\/secure.gravatar.com\\\/avatar\\\/da48797f91660605745175abd9fe82263292008bf52cf452340b960fcdab186f?s=96&d=mm&r=g\",\"caption\":\"Andreas Ylijarvi\"}}]}<\/script>\n<!-- \/ Yoast SEO plugin. -->","yoast_head_json":{"title":"Senaatin Asema-alueet Oy myi kiinteist\u00f6omistuksensa Karjaan asema-alueelta - Senaatti","description":"Senaatin Asema-alueet Oy ja Raaseporin kaupunki ovat allekirjoittaneet 22.3.2022 kiinteist\u00f6kaupan Karjaan asema-alueella sijaitsevasta noin 3,5 ha","robots":{"index":"index","follow":"follow","max-snippet":"max-snippet:-1","max-image-preview":"max-image-preview:large","max-video-preview":"max-video-preview:-1"},"canonical":"https:\/\/www.senaatti.fi\/asema-alueet\/ajankohtaista\/uutiset\/senaatin-asema-alueet-oy-myy-kiinteistoomistuksensa-karjaan-asema-alueelta\/","og_locale":"fi_FI","og_type":"article","og_title":"Senaatin Asema-alueet Oy myi kiinteist\u00f6omistuksensa Karjaan asema-alueelta - Senaatti","og_description":"Senaatin Asema-alueet Oy ja Raaseporin kaupunki ovat allekirjoittaneet 22.3.2022 kiinteist\u00f6kaupan Karjaan asema-alueella sijaitsevasta noin 3,5 ha","og_url":"https:\/\/www.senaatti.fi\/asema-alueet\/ajankohtaista\/uutiset\/senaatin-asema-alueet-oy-myy-kiinteistoomistuksensa-karjaan-asema-alueelta\/","og_site_name":"Senaatti","article_published_time":"2022-03-22T09:14:38+00:00","article_modified_time":"2022-03-22T09:14:58+00:00","og_image":[{"width":1024,"height":683,"url":"https:\/\/www.senaatti.fi\/app\/uploads\/sites\/6\/2019\/01\/TU-131016-vr-karjaa-038-1024x683.jpg","type":"image\/jpeg"}],"author":"Andreas Ylijarvi","twitter_card":"summary_large_image","twitter_misc":{"Written by":"Andreas Ylijarvi"},"schema":{"@context":"https:\/\/schema.org","@graph":[{"@type":"Article","@id":"https:\/\/www.senaatti.fi\/asema-alueet\/ajankohtaista\/uutiset\/senaatin-asema-alueet-oy-myy-kiinteistoomistuksensa-karjaan-asema-alueelta\/#article","isPartOf":{"@id":"https:\/\/www.senaatti.fi\/asema-alueet\/ajankohtaista\/uutiset\/senaatin-asema-alueet-oy-myy-kiinteistoomistuksensa-karjaan-asema-alueelta\/"},"author":{"name":"Andreas Ylijarvi","@id":"https:\/\/www.senaatti.fi\/asema-alueet\/#\/schema\/person\/19ebcd857f41fa4cf02102cd128abc46"},"headline":"Senaatin Asema-alueet Oy myi kiinteist\u00f6omistuksensa Karjaan asema-alueelta","datePublished":"2022-03-22T09:14:38+00:00","dateModified":"2022-03-22T09:14:58+00:00","mainEntityOfPage":{"@id":"https:\/\/www.senaatti.fi\/asema-alueet\/ajankohtaista\/uutiset\/senaatin-asema-alueet-oy-myy-kiinteistoomistuksensa-karjaan-asema-alueelta\/"},"wordCount":90,"commentCount":0,"image":{"@id":"https:\/\/www.senaatti.fi\/asema-alueet\/ajankohtaista\/uutiset\/senaatin-asema-alueet-oy-myy-kiinteistoomistuksensa-karjaan-asema-alueelta\/#primaryimage"},"thumbnailUrl":"https:\/\/www.senaatti.fi\/app\/uploads\/sites\/6\/2019\/01\/TU-131016-vr-karjaa-038.jpg","articleSection":["Senaatin Asema-alueet Oy"],"inLanguage":"fi"},{"@type":"WebPage","@id":"https:\/\/www.senaatti.fi\/asema-alueet\/ajankohtaista\/uutiset\/senaatin-asema-alueet-oy-myy-kiinteistoomistuksensa-karjaan-asema-alueelta\/","url":"https:\/\/www.senaatti.fi\/asema-alueet\/ajankohtaista\/uutiset\/senaatin-asema-alueet-oy-myy-kiinteistoomistuksensa-karjaan-asema-alueelta\/","name":"Senaatin Asema-alueet Oy myi kiinteist\u00f6omistuksensa Karjaan asema-alueelta - Senaatti","isPartOf":{"@id":"https:\/\/www.senaatti.fi\/asema-alueet\/#website"},"primaryImageOfPage":{"@id":"https:\/\/www.senaatti.fi\/asema-alueet\/ajankohtaista\/uutiset\/senaatin-asema-alueet-oy-myy-kiinteistoomistuksensa-karjaan-asema-alueelta\/#primaryimage"},"image":{"@id":"https:\/\/www.senaatti.fi\/asema-alueet\/ajankohtaista\/uutiset\/senaatin-asema-alueet-oy-myy-kiinteistoomistuksensa-karjaan-asema-alueelta\/#primaryimage"},"thumbnailUrl":"https:\/\/www.senaatti.fi\/app\/uploads\/sites\/6\/2019\/01\/TU-131016-vr-karjaa-038.jpg","datePublished":"2022-03-22T09:14:38+00:00","dateModified":"2022-03-22T09:14:58+00:00","author":{"@id":"https:\/\/www.senaatti.fi\/asema-alueet\/#\/schema\/person\/19ebcd857f41fa4cf02102cd128abc46"},"description":"Senaatin Asema-alueet Oy ja Raaseporin kaupunki ovat allekirjoittaneet 22.3.2022 kiinteist\u00f6kaupan Karjaan asema-alueella sijaitsevasta noin 3,5 ha","breadcrumb":{"@id":"https:\/\/www.senaatti.fi\/asema-alueet\/ajankohtaista\/uutiset\/senaatin-asema-alueet-oy-myy-kiinteistoomistuksensa-karjaan-asema-alueelta\/#breadcrumb"},"inLanguage":"fi","potentialAction":[{"@type":"ReadAction","target":["https:\/\/www.senaatti.fi\/asema-alueet\/ajankohtaista\/uutiset\/senaatin-asema-alueet-oy-myy-kiinteistoomistuksensa-karjaan-asema-alueelta\/"]}]},{"@type":"ImageObject","inLanguage":"fi","@id":"https:\/\/www.senaatti.fi\/asema-alueet\/ajankohtaista\/uutiset\/senaatin-asema-alueet-oy-myy-kiinteistoomistuksensa-karjaan-asema-alueelta\/#primaryimage","url":"https:\/\/www.senaatti.fi\/app\/uploads\/sites\/6\/2019\/01\/TU-131016-vr-karjaa-038.jpg","contentUrl":"https:\/\/www.senaatti.fi\/app\/uploads\/sites\/6\/2019\/01\/TU-131016-vr-karjaa-038.jpg","width":4800,"height":3200,"caption":"Karjaan rautatieaseman p\u00e4\u00e4rakennus"},{"@type":"BreadcrumbList","@id":"https:\/\/www.senaatti.fi\/asema-alueet\/ajankohtaista\/uutiset\/senaatin-asema-alueet-oy-myy-kiinteistoomistuksensa-karjaan-asema-alueelta\/#breadcrumb","itemListElement":[{"@type":"ListItem","position":1,"name":"Etusivu","item":"https:\/\/www.senaatti.fi\/asema-alueet\/"},{"@type":"ListItem","position":2,"name":"Senaatin Asema-alueet Oy myi kiinteist\u00f6omistuksensa Karjaan asema-alueelta"}]},{"@type":"WebSite","@id":"https:\/\/www.senaatti.fi\/asema-alueet\/#website","url":"https:\/\/www.senaatti.fi\/asema-alueet\/","name":"Asema-alueet","description":"Senaatin Asema-alueet","potentialAction":[{"@type":"SearchAction","target":{"@type":"EntryPoint","urlTemplate":"https:\/\/www.senaatti.fi\/asema-alueet\/?s={search_term_string}"},"query-input":{"@type":"PropertyValueSpecification","valueRequired":true,"valueName":"search_term_string"}}],"inLanguage":"fi"},{"@type":"Person","@id":"https:\/\/www.senaatti.fi\/asema-alueet\/#\/schema\/person\/19ebcd857f41fa4cf02102cd128abc46","name":"Andreas Ylijarvi","image":{"@type":"ImageObject","inLanguage":"fi","@id":"https:\/\/secure.gravatar.com\/avatar\/da48797f91660605745175abd9fe82263292008bf52cf452340b960fcdab186f?s=96&d=mm&r=g","url":"https:\/\/secure.gravatar.com\/avatar\/da48797f91660605745175abd9fe82263292008bf52cf452340b960fcdab186f?s=96&d=mm&r=g","contentUrl":"https:\/\/secure.gravatar.com\/avatar\/da48797f91660605745175abd9fe82263292008bf52cf452340b960fcdab186f?s=96&d=mm&r=g","caption":"Andreas Ylijarvi"}}]}},"lang":"fi","translations":{"fi":1446},"pll_sync_post":[],"_links":{"self":[{"href":"https:\/\/www.senaatti.fi\/asema-alueet\/wp-json\/wp\/v2\/posts\/1446","targetHints":{"allow":["GET"]}}],"collection":[{"href":"https:\/\/www.senaatti.fi\/asema-alueet\/wp-json\/wp\/v2\/posts"}],"about":[{"href":"https:\/\/www.senaatti.fi\/asema-alueet\/wp-json\/wp\/v2\/types\/post"}],"author":[{"embeddable":true,"href":"https:\/\/www.senaatti.fi\/asema-alueet\/wp-json\/wp\/v2\/users\/16"}],"replies":[{"embeddable":true,"href":"https:\/\/www.senaatti.fi\/asema-alueet\/wp-json\/wp\/v2\/comments?post=1446"}],"version-history":[{"count":3,"href":"https:\/\/www.senaatti.fi\/asema-alueet\/wp-json\/wp\/v2\/posts\/1446\/revisions"}],"predecessor-version":[{"id":1449,"href":"https:\/\/www.senaatti.fi\/asema-alueet\/wp-json\/wp\/v2\/posts\/1446\/revisions\/1449"}],"wp:featuredmedia":[{"embeddable":true,"href":"https:\/\/www.senaatti.fi\/asema-alueet\/wp-json\/wp\/v2\/media\/154"}],"wp:attachment":[{"href":"https:\/\/www.senaatti.fi\/asema-alueet\/wp-json\/wp\/v2\/media?parent=1446"}],"wp:term":[{"taxonomy":"senaatti_type","embeddable":true,"href":"https:\/\/www.senaatti.fi\/asema-alueet\/wp-json\/wp\/v2\/senaatti_type?post=1446"}],"curies":[{"name":"wp","href":"https:\/\/api.w.org\/{rel}","templated":true}]}}