{"id":1440,"date":"2022-03-21T14:30:15","date_gmt":"2022-03-21T14:30:15","guid":{"rendered":"https:\/\/www.senaatti.fi\/asema-alueet\/?p=1440"},"modified":"2022-03-23T12:44:16","modified_gmt":"2022-03-23T12:44:16","slug":"oulun-asemakeskusta-koskeva-yhteistoimintasopimus-on-allekirjoitettu-ja-hanke-etenee","status":"publish","type":"post","link":"https:\/\/www.senaatti.fi\/asema-alueet\/ajankohtaista\/uutiset\/oulun-asemakeskusta-koskeva-yhteistoimintasopimus-on-allekirjoitettu-ja-hanke-etenee\/","title":{"rendered":"Oulun Asemakeskusta koskeva yhteistoimintasopimus on allekirjoitettu ja hanke etenee"},"content":{"rendered":"<p><strong>Senaatin Asema-alueet Oy, Senaatti-kiinteist\u00f6t ja Oulun kaupunki ovat allekirjoittaneet 21.3.2022 Oulun Asemakeskusta koskevan yhteistoimintasopimuksen sek\u00e4 oikeus- ja poliisitalon kiinteist\u00f6kaupan. Allekirjoitusten my\u00f6t\u00e4 hanke etenee seuraavaan vaiheeseen, jossa Senaatin Asema-alueet Oy j\u00e4rjest\u00e4\u00e4 yhteisty\u00f6ss\u00e4 Oulun kaupungin kanssa avoimen suunnittelu- ja tontinluovutuskilpailun. Suunnittelu- ja tontinluovutuskilpailu alkaa 30.3.2022.<\/strong><\/p>\n<p>Yhteistoimintasopimuksessa on m\u00e4\u00e4ritelty Oulun Asemakeskuksen maank\u00e4yt\u00f6lliset tavoitteet. T\u00e4m\u00e4n lis\u00e4ksi sopimuksessa on sovittu alueen suunnittelun ja toteutuksen aikaisesta yhteisty\u00f6st\u00e4, kustannusjaoista ja muista vastuista.<\/p>\n<p><strong>Suunnittelu- ja tontinluovutuskilpailussa haetaan alueelle toteuttajaa<\/strong><\/p>\n<p>Oulun Asemakeskuksen suunnittelu- ja tontinluovutuskilpailu k\u00e4ynnistyy 30.3. alueen potentiaalisille toteuttajille j\u00e4rjestett\u00e4v\u00e4ss\u00e4 kilpailun infotilaisuudessa. Asemakaavan muutosluonnos toimii kilpailun l\u00e4ht\u00f6kohtana ja sen my\u00f6t\u00e4 etsit\u00e4\u00e4n parasta suunnitelmaa alueen toteuttamiseksi. Kilpailualueeseen kuuluu asemapalvelukeskus sek\u00e4 asuinkorttelit. Kilpailun voittaja valitaan vuodenvaihteessa 2022-2023.<\/p>\n<p>Suunnittelu- ja tontinluovutuskilpailun voittaneen toimijan kanssa tehd\u00e4\u00e4n alueesta kiinteist\u00f6kaupan esisopimus. Toimija osallistuu my\u00f6s kaavaehdotuksen laadintaan Oulun kaupungin ja Senaatin Asema-alueet Oy:n kumppanina. Kytkem\u00e4ll\u00e4 toimija mukaan kaavoitusprosessiin, saadaan arvokasta osaamista rakentamisvaiheen toteutuksesta ja varmistetaan alueen laadukas toteutuminen.<\/p>\n<p><strong>Oikeus- ja poliisitalon tontin suunnitelmat tarkentuvat areenaselvityksen valmistuttua<\/strong><\/p>\n<p>Senaatti-kiinteist\u00f6t myi oikeus- ja poliisitalon kiinteist\u00f6n Oulun kaupungille osana alueen kokonaisj\u00e4rjestelyj\u00e4 ja maanomistuksen selkeytt\u00e4mist\u00e4. Oikeus- ja poliisitalon kehitt\u00e4minen edellytt\u00e4\u00e4 kuitenkin alueen asemakaavan muutosta. Oulun kaupungin selvitys monitoimiareenan vaihtoehtoisista sijaintipaikoista valmistuu kev\u00e4\u00e4n aikana. Selvityksess\u00e4 tarkastellaan areenan sijoittamista oikeus- ja poliisitalon tontille ja vaihtoehtoisesti Raksilan urheilupuistoon.<\/p>\n<p><strong>Tuleva Oulun Asemakeskus on viihtyis\u00e4, vaikuttava ja el\u00e4v\u00e4 osa kaupunkia<\/strong><\/p>\n<p>Oulun Asemakeskus on valmistuessaan kaupunkiarkkitehtonisesti vaikuttava kokonaisuus, jonne toteutuu asuntoja, toimistotilaa sek\u00e4 asemapalvelukeskus linja-autoasemineen ja matkustajapalveluineen. Alueen kehitt\u00e4misen tavoitteena on, ett\u00e4 alueelle rakentuvan joukkoliikenneaseman my\u00f6t\u00e4 kaupunkilaisten ja matkustajien p\u00e4ivitt\u00e4inen liikkuminen helpottuu ja matkustusmukavuus kasvaa. Asemakaava mahdollistaa my\u00f6s liike- ja palvelutilojen sek\u00e4 hotellin rakentamisen alueelle.<\/p>\n<p><em>Oulun Asemakeskuksen alueen suunnittelu- ja tontinluovutuskilpailu alkaa infotilaisuudella 30.3.2022. Asemakeskuksen alueen asemakaavan muutosluonnos on n\u00e4ht\u00e4vill\u00e4 Oulun kaupungin verkkosivuilla 25.3.-25.4.2022. Asemakaavan muutosluonnosta koskeva tiedotus- ja keskustelutilaisuus j\u00e4rjestet\u00e4\u00e4n 13.4.2022.<\/em><\/p>\n<p><a href=\"https:\/\/link.webropolsurveys.com\/Participation\/Public\/e1246bd7-9245-48f4-be5c-dca4bf787160?displayId=Fin2492777\">Ilmoittaudu mukaan suunnittelu- ja tontinluovutuskilpailun kilpailuinfoon t\u00e4st\u00e4.<\/a><\/p>\n<p><strong>Yhteystiedot<\/strong><\/p>\n<p>Toimitusjohtaja Marko H\u00e4rk\u00f6nen, Senaatin Asema-alueet Oy, marko.harkonen@senaatti.fi, puh. 040 546 6627<\/p>\n<p>Kiinteist\u00f6kehitysp\u00e4\u00e4llikk\u00f6 Janne Marttinen, Senaatin Asema-alueet Oy, janne.marttinen@senaatti.fi puh. 040 867 4667<\/p>\n<p>Kaupunginjohtaja P\u00e4ivi Laajala, Oulun kaupunki, paivi.laajala@ouka.fi, puh. 040\u00a0180 1168<\/p>\n<p>Yhdyskuntajohtaja Marko Kilpel\u00e4inen, Oulun kaupunki, marko.kilpelainen@ouka.fi, puh. 040\u00a0513 3650<\/p>\n<p>Asemakaavap\u00e4\u00e4llikk\u00f6 Kari Nyk\u00e4nen, Oulun kaupunki, kari.p.nykanen@ouka.fi, puh. 040\u00a0663 7760<\/p>\n","protected":false},"excerpt":{"rendered":"<p>Senaatin Asema-alueet Oy, Senaatti-kiinteist\u00f6t ja Oulun kaupunki ovat allekirjoittaneet 21.3.2022 Oulun Asemakeskusta koskevan yhteistoimintasopimuksen sek\u00e4 oikeus- ja poliisitalon kiinteist\u00f6kaupan. Allekirjoitusten my\u00f6t\u00e4 hanke etenee seuraavaan vaiheeseen, jossa Senaatin Asema-alueet Oy j\u00e4rjest\u00e4\u00e4 yhteisty\u00f6ss\u00e4 Oulun kaupungin kanssa avoimen suunnittelu- ja tontinluovutuskilpailun. Suunnittelu- ja tontinluovutuskilpailu alkaa 30.3.2022. Yhteistoimintasopimuksessa on m\u00e4\u00e4ritelty Oulun Asemakeskuksen maank\u00e4yt\u00f6lliset tavoitteet. T\u00e4m\u00e4n lis\u00e4ksi sopimuksessa on sovittu [&hellip;]<\/p>\n","protected":false},"author":16,"featured_media":1410,"comment_status":"open","ping_status":"open","sticky":false,"template":"","format":"standard","meta":{"_acf_changed":false,"footnotes":""},"senaatti_type":[],"class_list":["post-1440","post","type-post","status-publish","format-standard","has-post-thumbnail","hentry"],"acf":[],"yoast_head":"<!-- This site is optimized with the Yoast SEO plugin v27.3 - https:\/\/yoast.com\/product\/yoast-seo-wordpress\/ -->\n<title>Oulun Asemakeskusta koskeva yhteistoimintasopimus on allekirjoitettu ja hanke etenee - Senaatti<\/title>\n<meta name=\"description\" content=\"Senaatin Asema-alueet Oy, Senaatti-kiinteist\u00f6t ja Oulun kaupunki ovat allekirjoittaneet 21.3.2022 Oulun Asemakeskusta koskevan yhteistoimintasopimuksen\" \/>\n<meta name=\"robots\" content=\"index, follow, max-snippet:-1, max-image-preview:large, max-video-preview:-1\" \/>\n<link rel=\"canonical\" href=\"https:\/\/www.senaatti.fi\/asema-alueet\/ajankohtaista\/uutiset\/oulun-asemakeskusta-koskeva-yhteistoimintasopimus-on-allekirjoitettu-ja-hanke-etenee\/\" \/>\n<meta property=\"og:locale\" content=\"fi_FI\" \/>\n<meta property=\"og:type\" content=\"article\" \/>\n<meta property=\"og:title\" content=\"Oulun Asemakeskusta koskeva yhteistoimintasopimus on allekirjoitettu ja hanke etenee - Senaatti\" \/>\n<meta property=\"og:description\" content=\"Senaatin Asema-alueet Oy, Senaatti-kiinteist\u00f6t ja Oulun kaupunki ovat allekirjoittaneet 21.3.2022 Oulun Asemakeskusta koskevan yhteistoimintasopimuksen\" \/>\n<meta property=\"og:url\" content=\"https:\/\/www.senaatti.fi\/asema-alueet\/ajankohtaista\/uutiset\/oulun-asemakeskusta-koskeva-yhteistoimintasopimus-on-allekirjoitettu-ja-hanke-etenee\/\" \/>\n<meta property=\"og:site_name\" content=\"Senaatti\" \/>\n<meta property=\"article:published_time\" content=\"2022-03-21T14:30:15+00:00\" \/>\n<meta property=\"article:modified_time\" content=\"2022-03-23T12:44:16+00:00\" \/>\n<meta property=\"og:image\" content=\"https:\/\/www.senaatti.fi\/app\/uploads\/sites\/6\/2022\/02\/211102_Ilmakuva-pohjoiseen_VERKKOON-1024x765.jpg\" \/>\n\t<meta property=\"og:image:width\" content=\"1024\" \/>\n\t<meta property=\"og:image:height\" content=\"765\" \/>\n\t<meta property=\"og:image:type\" content=\"image\/jpeg\" \/>\n<meta name=\"author\" content=\"Andreas Ylijarvi\" \/>\n<meta name=\"twitter:card\" content=\"summary_large_image\" \/>\n<meta name=\"twitter:label1\" content=\"Written by\" \/>\n\t<meta name=\"twitter:data1\" content=\"Andreas Ylijarvi\" \/>\n\t<meta name=\"twitter:label2\" content=\"Est. reading time\" \/>\n\t<meta name=\"twitter:data2\" content=\"2 minuuttia\" \/>\n<script type=\"application\/ld+json\" class=\"yoast-schema-graph\">{\"@context\":\"https:\\\/\\\/schema.org\",\"@graph\":[{\"@type\":\"Article\",\"@id\":\"https:\\\/\\\/www.senaatti.fi\\\/asema-alueet\\\/ajankohtaista\\\/uutiset\\\/oulun-asemakeskusta-koskeva-yhteistoimintasopimus-on-allekirjoitettu-ja-hanke-etenee\\\/#article\",\"isPartOf\":{\"@id\":\"https:\\\/\\\/www.senaatti.fi\\\/asema-alueet\\\/ajankohtaista\\\/uutiset\\\/oulun-asemakeskusta-koskeva-yhteistoimintasopimus-on-allekirjoitettu-ja-hanke-etenee\\\/\"},\"author\":{\"name\":\"Andreas Ylijarvi\",\"@id\":\"https:\\\/\\\/www.senaatti.fi\\\/asema-alueet\\\/#\\\/schema\\\/person\\\/19ebcd857f41fa4cf02102cd128abc46\"},\"headline\":\"Oulun Asemakeskusta koskeva yhteistoimintasopimus on allekirjoitettu ja hanke etenee\",\"datePublished\":\"2022-03-21T14:30:15+00:00\",\"dateModified\":\"2022-03-23T12:44:16+00:00\",\"mainEntityOfPage\":{\"@id\":\"https:\\\/\\\/www.senaatti.fi\\\/asema-alueet\\\/ajankohtaista\\\/uutiset\\\/oulun-asemakeskusta-koskeva-yhteistoimintasopimus-on-allekirjoitettu-ja-hanke-etenee\\\/\"},\"wordCount\":391,\"commentCount\":0,\"image\":{\"@id\":\"https:\\\/\\\/www.senaatti.fi\\\/asema-alueet\\\/ajankohtaista\\\/uutiset\\\/oulun-asemakeskusta-koskeva-yhteistoimintasopimus-on-allekirjoitettu-ja-hanke-etenee\\\/#primaryimage\"},\"thumbnailUrl\":\"https:\\\/\\\/www.senaatti.fi\\\/app\\\/uploads\\\/sites\\\/6\\\/2022\\\/02\\\/211102_Ilmakuva-pohjoiseen_VERKKOON.jpg\",\"articleSection\":[\"Senaatin Asema-alueet Oy\"],\"inLanguage\":\"fi\"},{\"@type\":\"WebPage\",\"@id\":\"https:\\\/\\\/www.senaatti.fi\\\/asema-alueet\\\/ajankohtaista\\\/uutiset\\\/oulun-asemakeskusta-koskeva-yhteistoimintasopimus-on-allekirjoitettu-ja-hanke-etenee\\\/\",\"url\":\"https:\\\/\\\/www.senaatti.fi\\\/asema-alueet\\\/ajankohtaista\\\/uutiset\\\/oulun-asemakeskusta-koskeva-yhteistoimintasopimus-on-allekirjoitettu-ja-hanke-etenee\\\/\",\"name\":\"Oulun Asemakeskusta koskeva yhteistoimintasopimus on allekirjoitettu ja hanke etenee - Senaatti\",\"isPartOf\":{\"@id\":\"https:\\\/\\\/www.senaatti.fi\\\/asema-alueet\\\/#website\"},\"primaryImageOfPage\":{\"@id\":\"https:\\\/\\\/www.senaatti.fi\\\/asema-alueet\\\/ajankohtaista\\\/uutiset\\\/oulun-asemakeskusta-koskeva-yhteistoimintasopimus-on-allekirjoitettu-ja-hanke-etenee\\\/#primaryimage\"},\"image\":{\"@id\":\"https:\\\/\\\/www.senaatti.fi\\\/asema-alueet\\\/ajankohtaista\\\/uutiset\\\/oulun-asemakeskusta-koskeva-yhteistoimintasopimus-on-allekirjoitettu-ja-hanke-etenee\\\/#primaryimage\"},\"thumbnailUrl\":\"https:\\\/\\\/www.senaatti.fi\\\/app\\\/uploads\\\/sites\\\/6\\\/2022\\\/02\\\/211102_Ilmakuva-pohjoiseen_VERKKOON.jpg\",\"datePublished\":\"2022-03-21T14:30:15+00:00\",\"dateModified\":\"2022-03-23T12:44:16+00:00\",\"author\":{\"@id\":\"https:\\\/\\\/www.senaatti.fi\\\/asema-alueet\\\/#\\\/schema\\\/person\\\/19ebcd857f41fa4cf02102cd128abc46\"},\"description\":\"Senaatin Asema-alueet Oy, Senaatti-kiinteist\u00f6t ja Oulun kaupunki ovat allekirjoittaneet 21.3.2022 Oulun Asemakeskusta koskevan yhteistoimintasopimuksen\",\"breadcrumb\":{\"@id\":\"https:\\\/\\\/www.senaatti.fi\\\/asema-alueet\\\/ajankohtaista\\\/uutiset\\\/oulun-asemakeskusta-koskeva-yhteistoimintasopimus-on-allekirjoitettu-ja-hanke-etenee\\\/#breadcrumb\"},\"inLanguage\":\"fi\",\"potentialAction\":[{\"@type\":\"ReadAction\",\"target\":[\"https:\\\/\\\/www.senaatti.fi\\\/asema-alueet\\\/ajankohtaista\\\/uutiset\\\/oulun-asemakeskusta-koskeva-yhteistoimintasopimus-on-allekirjoitettu-ja-hanke-etenee\\\/\"]}]},{\"@type\":\"ImageObject\",\"inLanguage\":\"fi\",\"@id\":\"https:\\\/\\\/www.senaatti.fi\\\/asema-alueet\\\/ajankohtaista\\\/uutiset\\\/oulun-asemakeskusta-koskeva-yhteistoimintasopimus-on-allekirjoitettu-ja-hanke-etenee\\\/#primaryimage\",\"url\":\"https:\\\/\\\/www.senaatti.fi\\\/app\\\/uploads\\\/sites\\\/6\\\/2022\\\/02\\\/211102_Ilmakuva-pohjoiseen_VERKKOON.jpg\",\"contentUrl\":\"https:\\\/\\\/www.senaatti.fi\\\/app\\\/uploads\\\/sites\\\/6\\\/2022\\\/02\\\/211102_Ilmakuva-pohjoiseen_VERKKOON.jpg\",\"width\":1280,\"height\":956},{\"@type\":\"BreadcrumbList\",\"@id\":\"https:\\\/\\\/www.senaatti.fi\\\/asema-alueet\\\/ajankohtaista\\\/uutiset\\\/oulun-asemakeskusta-koskeva-yhteistoimintasopimus-on-allekirjoitettu-ja-hanke-etenee\\\/#breadcrumb\",\"itemListElement\":[{\"@type\":\"ListItem\",\"position\":1,\"name\":\"Etusivu\",\"item\":\"https:\\\/\\\/www.senaatti.fi\\\/asema-alueet\\\/\"},{\"@type\":\"ListItem\",\"position\":2,\"name\":\"Oulun Asemakeskusta koskeva yhteistoimintasopimus on allekirjoitettu ja hanke etenee\"}]},{\"@type\":\"WebSite\",\"@id\":\"https:\\\/\\\/www.senaatti.fi\\\/asema-alueet\\\/#website\",\"url\":\"https:\\\/\\\/www.senaatti.fi\\\/asema-alueet\\\/\",\"name\":\"Asema-alueet\",\"description\":\"Senaatin Asema-alueet\",\"potentialAction\":[{\"@type\":\"SearchAction\",\"target\":{\"@type\":\"EntryPoint\",\"urlTemplate\":\"https:\\\/\\\/www.senaatti.fi\\\/asema-alueet\\\/?s={search_term_string}\"},\"query-input\":{\"@type\":\"PropertyValueSpecification\",\"valueRequired\":true,\"valueName\":\"search_term_string\"}}],\"inLanguage\":\"fi\"},{\"@type\":\"Person\",\"@id\":\"https:\\\/\\\/www.senaatti.fi\\\/asema-alueet\\\/#\\\/schema\\\/person\\\/19ebcd857f41fa4cf02102cd128abc46\",\"name\":\"Andreas Ylijarvi\",\"image\":{\"@type\":\"ImageObject\",\"inLanguage\":\"fi\",\"@id\":\"https:\\\/\\\/secure.gravatar.com\\\/avatar\\\/da48797f91660605745175abd9fe82263292008bf52cf452340b960fcdab186f?s=96&d=mm&r=g\",\"url\":\"https:\\\/\\\/secure.gravatar.com\\\/avatar\\\/da48797f91660605745175abd9fe82263292008bf52cf452340b960fcdab186f?s=96&d=mm&r=g\",\"contentUrl\":\"https:\\\/\\\/secure.gravatar.com\\\/avatar\\\/da48797f91660605745175abd9fe82263292008bf52cf452340b960fcdab186f?s=96&d=mm&r=g\",\"caption\":\"Andreas Ylijarvi\"}}]}<\/script>\n<!-- \/ Yoast SEO plugin. -->","yoast_head_json":{"title":"Oulun Asemakeskusta koskeva yhteistoimintasopimus on allekirjoitettu ja hanke etenee - Senaatti","description":"Senaatin Asema-alueet Oy, Senaatti-kiinteist\u00f6t ja Oulun kaupunki ovat allekirjoittaneet 21.3.2022 Oulun Asemakeskusta koskevan yhteistoimintasopimuksen","robots":{"index":"index","follow":"follow","max-snippet":"max-snippet:-1","max-image-preview":"max-image-preview:large","max-video-preview":"max-video-preview:-1"},"canonical":"https:\/\/www.senaatti.fi\/asema-alueet\/ajankohtaista\/uutiset\/oulun-asemakeskusta-koskeva-yhteistoimintasopimus-on-allekirjoitettu-ja-hanke-etenee\/","og_locale":"fi_FI","og_type":"article","og_title":"Oulun Asemakeskusta koskeva yhteistoimintasopimus on allekirjoitettu ja hanke etenee - Senaatti","og_description":"Senaatin Asema-alueet Oy, Senaatti-kiinteist\u00f6t ja Oulun kaupunki ovat allekirjoittaneet 21.3.2022 Oulun Asemakeskusta koskevan yhteistoimintasopimuksen","og_url":"https:\/\/www.senaatti.fi\/asema-alueet\/ajankohtaista\/uutiset\/oulun-asemakeskusta-koskeva-yhteistoimintasopimus-on-allekirjoitettu-ja-hanke-etenee\/","og_site_name":"Senaatti","article_published_time":"2022-03-21T14:30:15+00:00","article_modified_time":"2022-03-23T12:44:16+00:00","og_image":[{"width":1024,"height":765,"url":"https:\/\/www.senaatti.fi\/app\/uploads\/sites\/6\/2022\/02\/211102_Ilmakuva-pohjoiseen_VERKKOON-1024x765.jpg","type":"image\/jpeg"}],"author":"Andreas Ylijarvi","twitter_card":"summary_large_image","twitter_misc":{"Written by":"Andreas Ylijarvi","Est. reading time":"2 minuuttia"},"schema":{"@context":"https:\/\/schema.org","@graph":[{"@type":"Article","@id":"https:\/\/www.senaatti.fi\/asema-alueet\/ajankohtaista\/uutiset\/oulun-asemakeskusta-koskeva-yhteistoimintasopimus-on-allekirjoitettu-ja-hanke-etenee\/#article","isPartOf":{"@id":"https:\/\/www.senaatti.fi\/asema-alueet\/ajankohtaista\/uutiset\/oulun-asemakeskusta-koskeva-yhteistoimintasopimus-on-allekirjoitettu-ja-hanke-etenee\/"},"author":{"name":"Andreas Ylijarvi","@id":"https:\/\/www.senaatti.fi\/asema-alueet\/#\/schema\/person\/19ebcd857f41fa4cf02102cd128abc46"},"headline":"Oulun Asemakeskusta koskeva yhteistoimintasopimus on allekirjoitettu ja hanke etenee","datePublished":"2022-03-21T14:30:15+00:00","dateModified":"2022-03-23T12:44:16+00:00","mainEntityOfPage":{"@id":"https:\/\/www.senaatti.fi\/asema-alueet\/ajankohtaista\/uutiset\/oulun-asemakeskusta-koskeva-yhteistoimintasopimus-on-allekirjoitettu-ja-hanke-etenee\/"},"wordCount":391,"commentCount":0,"image":{"@id":"https:\/\/www.senaatti.fi\/asema-alueet\/ajankohtaista\/uutiset\/oulun-asemakeskusta-koskeva-yhteistoimintasopimus-on-allekirjoitettu-ja-hanke-etenee\/#primaryimage"},"thumbnailUrl":"https:\/\/www.senaatti.fi\/app\/uploads\/sites\/6\/2022\/02\/211102_Ilmakuva-pohjoiseen_VERKKOON.jpg","articleSection":["Senaatin Asema-alueet Oy"],"inLanguage":"fi"},{"@type":"WebPage","@id":"https:\/\/www.senaatti.fi\/asema-alueet\/ajankohtaista\/uutiset\/oulun-asemakeskusta-koskeva-yhteistoimintasopimus-on-allekirjoitettu-ja-hanke-etenee\/","url":"https:\/\/www.senaatti.fi\/asema-alueet\/ajankohtaista\/uutiset\/oulun-asemakeskusta-koskeva-yhteistoimintasopimus-on-allekirjoitettu-ja-hanke-etenee\/","name":"Oulun Asemakeskusta koskeva yhteistoimintasopimus on allekirjoitettu ja hanke etenee - Senaatti","isPartOf":{"@id":"https:\/\/www.senaatti.fi\/asema-alueet\/#website"},"primaryImageOfPage":{"@id":"https:\/\/www.senaatti.fi\/asema-alueet\/ajankohtaista\/uutiset\/oulun-asemakeskusta-koskeva-yhteistoimintasopimus-on-allekirjoitettu-ja-hanke-etenee\/#primaryimage"},"image":{"@id":"https:\/\/www.senaatti.fi\/asema-alueet\/ajankohtaista\/uutiset\/oulun-asemakeskusta-koskeva-yhteistoimintasopimus-on-allekirjoitettu-ja-hanke-etenee\/#primaryimage"},"thumbnailUrl":"https:\/\/www.senaatti.fi\/app\/uploads\/sites\/6\/2022\/02\/211102_Ilmakuva-pohjoiseen_VERKKOON.jpg","datePublished":"2022-03-21T14:30:15+00:00","dateModified":"2022-03-23T12:44:16+00:00","author":{"@id":"https:\/\/www.senaatti.fi\/asema-alueet\/#\/schema\/person\/19ebcd857f41fa4cf02102cd128abc46"},"description":"Senaatin Asema-alueet Oy, Senaatti-kiinteist\u00f6t ja Oulun kaupunki ovat allekirjoittaneet 21.3.2022 Oulun Asemakeskusta koskevan yhteistoimintasopimuksen","breadcrumb":{"@id":"https:\/\/www.senaatti.fi\/asema-alueet\/ajankohtaista\/uutiset\/oulun-asemakeskusta-koskeva-yhteistoimintasopimus-on-allekirjoitettu-ja-hanke-etenee\/#breadcrumb"},"inLanguage":"fi","potentialAction":[{"@type":"ReadAction","target":["https:\/\/www.senaatti.fi\/asema-alueet\/ajankohtaista\/uutiset\/oulun-asemakeskusta-koskeva-yhteistoimintasopimus-on-allekirjoitettu-ja-hanke-etenee\/"]}]},{"@type":"ImageObject","inLanguage":"fi","@id":"https:\/\/www.senaatti.fi\/asema-alueet\/ajankohtaista\/uutiset\/oulun-asemakeskusta-koskeva-yhteistoimintasopimus-on-allekirjoitettu-ja-hanke-etenee\/#primaryimage","url":"https:\/\/www.senaatti.fi\/app\/uploads\/sites\/6\/2022\/02\/211102_Ilmakuva-pohjoiseen_VERKKOON.jpg","contentUrl":"https:\/\/www.senaatti.fi\/app\/uploads\/sites\/6\/2022\/02\/211102_Ilmakuva-pohjoiseen_VERKKOON.jpg","width":1280,"height":956},{"@type":"BreadcrumbList","@id":"https:\/\/www.senaatti.fi\/asema-alueet\/ajankohtaista\/uutiset\/oulun-asemakeskusta-koskeva-yhteistoimintasopimus-on-allekirjoitettu-ja-hanke-etenee\/#breadcrumb","itemListElement":[{"@type":"ListItem","position":1,"name":"Etusivu","item":"https:\/\/www.senaatti.fi\/asema-alueet\/"},{"@type":"ListItem","position":2,"name":"Oulun Asemakeskusta koskeva yhteistoimintasopimus on allekirjoitettu ja hanke etenee"}]},{"@type":"WebSite","@id":"https:\/\/www.senaatti.fi\/asema-alueet\/#website","url":"https:\/\/www.senaatti.fi\/asema-alueet\/","name":"Asema-alueet","description":"Senaatin Asema-alueet","potentialAction":[{"@type":"SearchAction","target":{"@type":"EntryPoint","urlTemplate":"https:\/\/www.senaatti.fi\/asema-alueet\/?s={search_term_string}"},"query-input":{"@type":"PropertyValueSpecification","valueRequired":true,"valueName":"search_term_string"}}],"inLanguage":"fi"},{"@type":"Person","@id":"https:\/\/www.senaatti.fi\/asema-alueet\/#\/schema\/person\/19ebcd857f41fa4cf02102cd128abc46","name":"Andreas Ylijarvi","image":{"@type":"ImageObject","inLanguage":"fi","@id":"https:\/\/secure.gravatar.com\/avatar\/da48797f91660605745175abd9fe82263292008bf52cf452340b960fcdab186f?s=96&d=mm&r=g","url":"https:\/\/secure.gravatar.com\/avatar\/da48797f91660605745175abd9fe82263292008bf52cf452340b960fcdab186f?s=96&d=mm&r=g","contentUrl":"https:\/\/secure.gravatar.com\/avatar\/da48797f91660605745175abd9fe82263292008bf52cf452340b960fcdab186f?s=96&d=mm&r=g","caption":"Andreas Ylijarvi"}}]}},"lang":"fi","translations":{"fi":1440},"pll_sync_post":[],"_links":{"self":[{"href":"https:\/\/www.senaatti.fi\/asema-alueet\/wp-json\/wp\/v2\/posts\/1440","targetHints":{"allow":["GET"]}}],"collection":[{"href":"https:\/\/www.senaatti.fi\/asema-alueet\/wp-json\/wp\/v2\/posts"}],"about":[{"href":"https:\/\/www.senaatti.fi\/asema-alueet\/wp-json\/wp\/v2\/types\/post"}],"author":[{"embeddable":true,"href":"https:\/\/www.senaatti.fi\/asema-alueet\/wp-json\/wp\/v2\/users\/16"}],"replies":[{"embeddable":true,"href":"https:\/\/www.senaatti.fi\/asema-alueet\/wp-json\/wp\/v2\/comments?post=1440"}],"version-history":[{"count":3,"href":"https:\/\/www.senaatti.fi\/asema-alueet\/wp-json\/wp\/v2\/posts\/1440\/revisions"}],"predecessor-version":[{"id":1444,"href":"https:\/\/www.senaatti.fi\/asema-alueet\/wp-json\/wp\/v2\/posts\/1440\/revisions\/1444"}],"wp:featuredmedia":[{"embeddable":true,"href":"https:\/\/www.senaatti.fi\/asema-alueet\/wp-json\/wp\/v2\/media\/1410"}],"wp:attachment":[{"href":"https:\/\/www.senaatti.fi\/asema-alueet\/wp-json\/wp\/v2\/media?parent=1440"}],"wp:term":[{"taxonomy":"senaatti_type","embeddable":true,"href":"https:\/\/www.senaatti.fi\/asema-alueet\/wp-json\/wp\/v2\/senaatti_type?post=1440"}],"curies":[{"name":"wp","href":"https:\/\/api.w.org\/{rel}","templated":true}]}}