{"id":1409,"date":"2022-02-18T08:00:05","date_gmt":"2022-02-18T08:00:05","guid":{"rendered":"https:\/\/www.senaatti.fi\/asema-alueet\/?p=1409"},"modified":"2022-02-18T10:15:32","modified_gmt":"2022-02-18T10:15:32","slug":"oulun-asemakeskus-hanke-etenee-yhteistoimintasopimus-kiinteistokauppa-ja-asemakaavan-muutosluonnos-oulun-yhdyskuntalautakunnan-kasittelyyn","status":"publish","type":"post","link":"https:\/\/www.senaatti.fi\/asema-alueet\/ajankohtaista\/uutiset\/oulun-asemakeskus-hanke-etenee-yhteistoimintasopimus-kiinteistokauppa-ja-asemakaavan-muutosluonnos-oulun-yhdyskuntalautakunnan-kasittelyyn\/","title":{"rendered":"Oulun Asemakeskus -hanke etenee \u2013 yhteistoimintasopimus, kiinteist\u00f6kauppa ja asemakaavan muutosluonnos Oulun yhdyskuntalautakunnan k\u00e4sittelyyn"},"content":{"rendered":"<p><em> Kuva: Lahdelma &amp; Mahlam\u00e4ki arkkitehdit<\/em><\/p>\n<p><strong>Oulun kaupunki ja alueen maanomistajat, Senaatin Asema-alueet Oy ja Senaatti-kiinteist\u00f6t ovat saaneet p\u00e4\u00e4t\u00f6kseen neuvottelut Asemakeskuksen alueen maank\u00e4yt\u00f6n yksityiskohdista, joiden pohjalta on valmisteltu alueen toteutusta ohjaava yhteistoimintasopimus, kiinteist\u00f6kauppa ja asemakaavan muutosluonnos. Senaatti-kiinteist\u00f6t myy Oulun oikeus- ja poliisitalon kiinteist\u00f6n Oulun kaupungille osana asema-alueen kokonaisj\u00e4rjestelyj\u00e4.<\/strong><\/p>\n<p>Oulun kaupungin yhdyskuntalautakunta k\u00e4sittelee asiaa tiistaina 22. helmikuuta ja kaupunginhallitus p\u00e4\u00e4tt\u00e4\u00e4 yhteistoimintasopimuksesta ja kiinteist\u00f6kaupasta maanantaina 14.3.2022. Senaatin Asema-alueet Oy:n ja Senaatti-kiinteist\u00f6jen hallitukset k\u00e4sittelev\u00e4t asiaa 28.2.2022.<\/p>\n<p><strong>Asemanseutu muuttuu moderniksi osaksi kaupunkia<\/strong><\/p>\n<p>Kehitysty\u00f6 Oulun Asemakeskuksen alueen nykyaikaistamiseksi on kest\u00e4nyt pitk\u00e4\u00e4n. Yhteistoimintasopimuksen syntyminen on merkitt\u00e4v\u00e4 askel kaupungin keskeisen alueen muuttumisessa el\u00e4v\u00e4ksi ja omaleimaiseksi uudeksi kaupunginosaksi. Tavoitteena on, ett\u00e4 alueen asemakaavan muutos on lainvoimainen vuoden 2023 loppuun menness\u00e4, mink\u00e4 j\u00e4lkeen alueen rakentaminen k\u00e4ynnistyy. Kiinteist\u00f6kauppa Senaatti-kiinteist\u00f6jen ja Oulun kaupungin v\u00e4lill\u00e4 mahdollistaa my\u00f6s asemaseudun kehitt\u00e4misen.<\/p>\n<p>\u201dTahtotila Oulun Asemakeskuksen kehitt\u00e4miseksi on vuosien ajan ollut vahva ja paine alueen kehitt\u00e4miseksi on ollut eritt\u00e4in suuri. Yhteistoimintasopimuksen sek\u00e4 asemakaavan muutosluonnoksen eteneminen p\u00e4\u00e4t\u00f6ksentekoon tarkoittaa isoa edistysaskelta Asemakeskuksen toteuttamisessa. Oikeus- ja poliisitalon tontti siirtyy kiinteist\u00f6kaupan my\u00f6t\u00e4 kaupungin omistukseen ja kehitett\u00e4v\u00e4ksi. Yhteisty\u00f6 kaupunkimme vetovoiman vahvistamiseksi on eritt\u00e4in t\u00e4rke\u00e4\u00e4 ja merkityksellist\u00e4 niin Senaatin Asema-alueet Oy:n, Senaatti-kiinteist\u00f6jen kuin V\u00e4yl\u00e4viraston, VR-Yhtym\u00e4 Oy:n ja Oy Matkahuolto Ab:n kanssa\u201d, kiittelee Oulun kaupunginjohtaja <strong>P\u00e4ivi Laajala<\/strong>.<\/p>\n<p>\u201dOulu on pohjoisen Suomen merkitt\u00e4vin kohtaamis- ja kauppapaikka sek\u00e4 liikenteen solmukohta. Asemakeskuksen alue suunnitellaan toimivuuden ja matkailun kasvun tarpeisiin, joilla on iso merkitys vaikutusalueelle ja sille, millainen mielikuva Oulusta matkailijoille syntyy. Asemakeskuksen toimivat matkaketjut, turvallinen ja toimiva liikkumisymp\u00e4rist\u00f6 l\u00e4mpimine odotustiloineen helpottaa lopulta eniten kaupunkilaisten ja Oulussa ty\u00f6skentelevien arkea\u201d, Oulun kaupungin yhdyskuntajohtaja <strong>Marko Kilpel\u00e4inen<\/strong> pohtii.<\/p>\n<p>\u201dAsemakeskus on valmistuessaan kaupunkiarkkitehtonisesti vaikuttava kokonaisuus. Alueen kehitt\u00e4misen tarkat reunaehdot m\u00e4\u00e4ritell\u00e4\u00e4n asemakaavan muutosta laadittaessa. Asemakeskukseen toteutuu asuntoja, toimistotilaa sek\u00e4 asemapalvelukeskus, johon sijoittuu muun muassa linja-autoasema ja matkustajapalveluita. Lis\u00e4ksi asemakaava mahdollistaa liike- ja palvelutilojen sek\u00e4 hotellin rakentamisen. Keskustamaisen kaupunkirakenteen jatkumista junaradan yli Raksilaan tukevat osaltaan my\u00f6s mahdollinen monitoimiareenan sijoittuminen oikeus- ja poliisitalon tontille sek\u00e4 yliopiston ja kaupan keskusliikkeiden suunnitelmat\u201d, esittelee nykyisi\u00e4 suunnitelmia Oulun kaupungin asemakaavap\u00e4\u00e4llikk\u00f6 <strong>Kari Nyk\u00e4nen<\/strong>.<\/p>\n<p><strong>Suunnittelu- ja tontinluovutuskilpailulla etsit\u00e4\u00e4n alueen toteuttaja<\/strong><\/p>\n<p>Yhteistoimintasopimuksessa on maank\u00e4yt\u00f6llisten tavoitteiden lis\u00e4ksi sovittu Asemakeskuksen alueen suunnittelun ja toteutuksen aikaisesta yhteisty\u00f6st\u00e4, kustannusjaoista ja muista vastuista. Yhteistoimintasopimuksen pohjalta Senaatin Asema-alueet Oy j\u00e4rjest\u00e4\u00e4 Oulun kaupungin kanssa yhteisty\u00f6ss\u00e4 avoimen suunnittelu- ja tontinluovutuskilpailun, jonka kautta haetaan alueen kehitt\u00e4j\u00e4kumppanit.<\/p>\n<p>\u201dYhteistoimintasopimuksen hyv\u00e4ksyminen on l\u00e4ht\u00f6laukaus hankkeen toteutumiselle. Tavoitteenamme on k\u00e4ynnist\u00e4\u00e4 alueen suunnittelu- ja tontinluovutuskilpailu mahdollisimman pian yhteistoimintasopimuksen allekirjoittamisen ja asemakaavan muutosluonnoksen hyv\u00e4ksymisen j\u00e4lkeen\u201d, kertoo Senaatin Asema-alueet Oy:n toimitusjohtaja <strong>Marko H\u00e4rk\u00f6nen<\/strong>.<\/p>\n<p>Kilpailu k\u00e4ynnistyy kev\u00e4\u00e4ll\u00e4 2022 ja sen my\u00f6t\u00e4 etsit\u00e4\u00e4n parasta suunnitelmaa alueen toteuttamiseksi. Kilpailualueeseen kuuluu asemapalvelukeskus sek\u00e4 asuinkorttelit, oikeus- ja poliisitalon kiinteist\u00f6 ei kuulu kilpailualueeseen.<\/p>\n<p>\u201dSuunnittelu- ja tontinluovutuskilpailun voittaneen toimijan kanssa tehd\u00e4\u00e4n alueesta kiinteist\u00f6kaupan esisopimus. Toimija osallistuu my\u00f6s kaavaehdotuksen laadintaan Oulun kaupungin ja Senaatin Asema-alueet Oy:n kumppanina. Kytkem\u00e4ll\u00e4 toteuttaja mukaan kaavoitusprosessin aikana saamme arvokasta osaamista rakentamisvaiheen toteutuksesta ja varmistumme siit\u00e4, ett\u00e4 alue toteutuu laadukkaasti\u201d, Senaatin Asema-alueet Oy:n kiinteist\u00f6kehitysp\u00e4\u00e4llikk\u00f6 <strong>Janne Marttinen<\/strong> toteaa.<\/p>\n<p><strong>Oikeus- ja poliisitalon tontille etsit\u00e4\u00e4n uutta k\u00e4ytt\u00f6tarkoitusta<\/strong><\/p>\n<p>Senaatti-kiinteist\u00f6t myy oikeus- ja poliisitalon kiinteist\u00f6n Oulun kaupungille osana asema-alueen kokonaisj\u00e4rjestelyj\u00e4 ja maanomistuksen selkeytt\u00e4mist\u00e4. Oikeus- ja poliisitalon kehitt\u00e4minen edellytt\u00e4\u00e4 erillist\u00e4 asemakaavan muutosta. Senaatti-kiinteist\u00f6t vastaa tontilla olevan rakennuksen purkamisesta ja Oulun kaupunki tontin tulevasta kehitt\u00e4misest\u00e4.<\/p>\n<p>Oulun kaupungin selvitys monitoimiareenan vaihtoehtoisista sijaintipaikoista valmistuu vuoden 2022 alussa. Selvityksess\u00e4 tarkastellaan areenan sijoittamista oikeus- ja poliisitalon tontille ja vaihtoehtoisesti Raksilan urheilupuistoon.<\/p>\n<p><strong>Alueen suunnittelussa korostuu arjen sujuvuus<\/strong><\/p>\n<p>Yhteistoimintasopimuksen ja asemakaavan muutosluonnoksen taustalla on huolellinen suunnittelu- ja asemakaavoitusty\u00f6. Suunnittelun tavoitteena on, ett\u00e4 alueelle rakentuvan joukkoliikenneaseman my\u00f6t\u00e4 arkinen liikkuminen helpottuu ja nopeutuu. Saavutettavuus ja palvelut kohtaavat niin kaupunkilaisten arjessa kuin matkailijan hyv\u00e4n\u00e4 kokemuksena.<\/p>\n<p>\u201dV\u00e4yl\u00e4virasto kehitt\u00e4\u00e4 samanaikaisesti valtakunnallista rataverkkoa ja Oulun ratapihaa. Ratapihan tulee palvella raideliikennett\u00e4 ja matkustajia viel\u00e4 vuosikymmenien p\u00e4\u00e4st\u00e4, joten suunnitteluty\u00f6 tehd\u00e4\u00e4n huolella\u201d, toteaa V\u00e4yl\u00e4viraston liikenneverkkojen suunnittelun toimialajohtaja <strong>Pekka Rajala<\/strong>.<\/p>\n<p>\u201dVR-Yhtym\u00e4 Oy:n katse on sujuvissa ja saumattomissa liikkumisen ratkaisuissa, jotka kannustavat ilmastoyst\u00e4v\u00e4llisen raide- ja joukkoliikenteen kyytiin. Operaattorina kehit\u00e4mme toimintaamme jatkuvasti matkustajien tarpeita ja toiveita kuunnellen. Haluamme huolehtia, ett\u00e4 matkaketjut ja vaihtaminen eri kulkumuotojen v\u00e4lill\u00e4 on mahdollisimman helppoa asemilla. Toimivassa matkaketjussa p\u00e4iv\u00e4- tai y\u00f6junamatka jatkuu sujuvasti asemalta eteenp\u00e4in ja aina perille asti\u201d, tiivist\u00e4\u00e4 VR-Yhtym\u00e4 Oy:n kiinteist\u00f6johtaja <strong>Juha Antti Juutinen<\/strong>.<\/p>\n<p><em>Yhdyskuntalautakunta k\u00e4sittelee ja esitt\u00e4\u00e4 yhteistoimintasopimuksen ja kiinteist\u00f6kaupan kaupunginhallitukselle, sek\u00e4 p\u00e4\u00e4tt\u00e4\u00e4 asemakaavan muutosluonnoksen n\u00e4ht\u00e4ville asettamisesta kokouksessaan tiistaina 22.2.2022. Senaatin Asema-alueet Oy:n ja Senaatti-kiinteist\u00f6jen hallitukset k\u00e4sittelev\u00e4t asiaa 28.2.2022. Oulun kaupunginhallitus p\u00e4\u00e4tt\u00e4\u00e4 yhteistoimintasopimuksen ja kiinteist\u00f6kaupan kokouksessaan 14.3.2022.<\/em><\/p>\n<p><strong>Yhteystiedot<\/strong><\/p>\n<p>Konsernijohtaja Jari Sarjo, Senaatti-kiinteist\u00f6t, jari.sarjo@senaatti.fi, puh. 050 040 5465<\/p>\n<p>Toimitusjohtaja Marko H\u00e4rk\u00f6nen, Senaatin Asema-alueet Oy, marko.harkonen@senaatti.fi, puh. 040 546 6627<\/p>\n<p>Kiinteist\u00f6kehitysp\u00e4\u00e4llikk\u00f6 Janne Marttinen, Senaatin Asema-alueet Oy, janne.marttinen@senaatti.fi puh. 040 867 4667<\/p>\n<p>Kaupunginjohtaja P\u00e4ivi Laajala, Oulun kaupunki, paivi.laajala@ouka.fi, puh. 040 1801168<\/p>\n<p>Yhdyskuntajohtaja Marko Kilpel\u00e4inen, Oulun kaupunki, marko.kilpelainen@ouka.fi, puh. 040\u00a0513 3650<\/p>\n<p>Asemakaavap\u00e4\u00e4llikk\u00f6 Kari Nyk\u00e4nen, Oulun kaupunki, kari.p.nykanen@ouka.fi, puh. 040\u00a0663 7760<\/p>\n<p>Asuntotoimenp\u00e4\u00e4llikk\u00f6 Jukka Kokkinen, Oulun kaupunki, jukka.kokkinen@ouka.fi, puh. 044 703 2360<\/p>\n<p>Kaupunginvaltuuston puheenjohtaja Juha H\u00e4nninen, Oulun kaupunki, juha.hanninen@ouka.fi, puh. 040 034 0359<\/p>\n<p>Kaupunginhallituksen puheenjohtaja Mirja Vehkaper\u00e4, Oulun kaupunki, mirja.vehkapera@ouka.fi, puh. 050 512 1949<\/p>\n<p>Yhdyskuntalautakunnan puheenjohtaja Jani T\u00f6rmi, Oulun kaupunki, jani.tormi@ouka.fi, 050 307 7997<\/p>\n<p>Kiinteist\u00f6johtaja Juha Antti Juutinen, VR-Yhtym\u00e4 Oy, juha.juutinen@vr.fi, puh. 040\u00a0862 0919<\/p>\n<p>Toimialajohtaja Pekka Rajala, liikenneverkkojen suunnittelu, V\u00e4yl\u00e4virasto, pekka.rajala@vayla.fi, 029\u00a0534 3626<\/p>\n<p>Toimitusjohtaja Janne Jakola, Oy Matkahuolto Ab, janne.jakola@matkahuolto.fi, puh. 040\u00a0860 4894<\/p>\n","protected":false},"excerpt":{"rendered":"<p>Kuva: Lahdelma &amp; Mahlam\u00e4ki arkkitehdit Oulun kaupunki ja alueen maanomistajat, Senaatin Asema-alueet Oy ja Senaatti-kiinteist\u00f6t ovat saaneet p\u00e4\u00e4t\u00f6kseen neuvottelut Asemakeskuksen alueen maank\u00e4yt\u00f6n yksityiskohdista, joiden pohjalta on valmisteltu alueen toteutusta ohjaava yhteistoimintasopimus, kiinteist\u00f6kauppa ja asemakaavan muutosluonnos. Senaatti-kiinteist\u00f6t myy Oulun oikeus- ja poliisitalon kiinteist\u00f6n Oulun kaupungille osana asema-alueen kokonaisj\u00e4rjestelyj\u00e4. Oulun kaupungin yhdyskuntalautakunta k\u00e4sittelee asiaa tiistaina 22. helmikuuta [&hellip;]<\/p>\n","protected":false},"author":16,"featured_media":1410,"comment_status":"open","ping_status":"open","sticky":false,"template":"","format":"standard","meta":{"_acf_changed":false,"footnotes":""},"senaatti_type":[],"class_list":["post-1409","post","type-post","status-publish","format-standard","has-post-thumbnail","hentry"],"acf":[],"yoast_head":"<!-- This site is optimized with the Yoast SEO plugin v27.3 - https:\/\/yoast.com\/product\/yoast-seo-wordpress\/ -->\n<title>Oulun Asemakeskus -hanke etenee \u2013 yhteistoimintasopimus, kiinteist\u00f6kauppa ja asemakaavan muutosluonnos Oulun yhdyskuntalautakunnan k\u00e4sittelyyn - Senaatti<\/title>\n<meta name=\"description\" content=\"Kuva: Lahdelma &amp; Mahlam\u00e4ki arkkitehdit Oulun kaupunki ja alueen maanomistajat, Senaatin Asema-alueet Oy ja Senaatti-kiinteist\u00f6t ovat saaneet\" \/>\n<meta name=\"robots\" content=\"index, follow, max-snippet:-1, max-image-preview:large, max-video-preview:-1\" \/>\n<link rel=\"canonical\" href=\"https:\/\/www.senaatti.fi\/asema-alueet\/ajankohtaista\/uutiset\/oulun-asemakeskus-hanke-etenee-yhteistoimintasopimus-kiinteistokauppa-ja-asemakaavan-muutosluonnos-oulun-yhdyskuntalautakunnan-kasittelyyn\/\" \/>\n<meta property=\"og:locale\" content=\"fi_FI\" \/>\n<meta property=\"og:type\" content=\"article\" \/>\n<meta property=\"og:title\" content=\"Oulun Asemakeskus -hanke etenee \u2013 yhteistoimintasopimus, kiinteist\u00f6kauppa ja asemakaavan muutosluonnos Oulun yhdyskuntalautakunnan k\u00e4sittelyyn - Senaatti\" \/>\n<meta property=\"og:description\" content=\"Kuva: Lahdelma &amp; Mahlam\u00e4ki arkkitehdit Oulun kaupunki ja alueen maanomistajat, Senaatin Asema-alueet Oy ja Senaatti-kiinteist\u00f6t ovat saaneet\" \/>\n<meta property=\"og:url\" content=\"https:\/\/www.senaatti.fi\/asema-alueet\/ajankohtaista\/uutiset\/oulun-asemakeskus-hanke-etenee-yhteistoimintasopimus-kiinteistokauppa-ja-asemakaavan-muutosluonnos-oulun-yhdyskuntalautakunnan-kasittelyyn\/\" \/>\n<meta property=\"og:site_name\" content=\"Senaatti\" \/>\n<meta property=\"article:published_time\" content=\"2022-02-18T08:00:05+00:00\" \/>\n<meta property=\"article:modified_time\" content=\"2022-02-18T10:15:32+00:00\" \/>\n<meta property=\"og:image\" content=\"https:\/\/www.senaatti.fi\/app\/uploads\/sites\/6\/2022\/02\/211102_Ilmakuva-pohjoiseen_VERKKOON-1024x765.jpg\" \/>\n\t<meta property=\"og:image:width\" content=\"1024\" \/>\n\t<meta property=\"og:image:height\" content=\"765\" \/>\n\t<meta property=\"og:image:type\" content=\"image\/jpeg\" \/>\n<meta name=\"author\" content=\"Andreas Ylijarvi\" \/>\n<meta name=\"twitter:card\" content=\"summary_large_image\" \/>\n<meta name=\"twitter:label1\" content=\"Kirjoittanut\" \/>\n\t<meta name=\"twitter:data1\" content=\"Andreas Ylijarvi\" \/>\n\t<meta name=\"twitter:label2\" content=\"Arvioitu lukuaika\" \/>\n\t<meta name=\"twitter:data2\" content=\"5 minuuttia\" \/>\n<script type=\"application\/ld+json\" class=\"yoast-schema-graph\">{\"@context\":\"https:\\\/\\\/schema.org\",\"@graph\":[{\"@type\":\"Article\",\"@id\":\"https:\\\/\\\/www.senaatti.fi\\\/asema-alueet\\\/ajankohtaista\\\/uutiset\\\/oulun-asemakeskus-hanke-etenee-yhteistoimintasopimus-kiinteistokauppa-ja-asemakaavan-muutosluonnos-oulun-yhdyskuntalautakunnan-kasittelyyn\\\/#article\",\"isPartOf\":{\"@id\":\"https:\\\/\\\/www.senaatti.fi\\\/asema-alueet\\\/ajankohtaista\\\/uutiset\\\/oulun-asemakeskus-hanke-etenee-yhteistoimintasopimus-kiinteistokauppa-ja-asemakaavan-muutosluonnos-oulun-yhdyskuntalautakunnan-kasittelyyn\\\/\"},\"author\":{\"name\":\"Andreas Ylijarvi\",\"@id\":\"https:\\\/\\\/www.senaatti.fi\\\/asema-alueet\\\/#\\\/schema\\\/person\\\/19ebcd857f41fa4cf02102cd128abc46\"},\"headline\":\"Oulun Asemakeskus -hanke etenee \u2013 yhteistoimintasopimus, kiinteist\u00f6kauppa ja asemakaavan muutosluonnos Oulun yhdyskuntalautakunnan k\u00e4sittelyyn\",\"datePublished\":\"2022-02-18T08:00:05+00:00\",\"dateModified\":\"2022-02-18T10:15:32+00:00\",\"mainEntityOfPage\":{\"@id\":\"https:\\\/\\\/www.senaatti.fi\\\/asema-alueet\\\/ajankohtaista\\\/uutiset\\\/oulun-asemakeskus-hanke-etenee-yhteistoimintasopimus-kiinteistokauppa-ja-asemakaavan-muutosluonnos-oulun-yhdyskuntalautakunnan-kasittelyyn\\\/\"},\"wordCount\":962,\"commentCount\":0,\"image\":{\"@id\":\"https:\\\/\\\/www.senaatti.fi\\\/asema-alueet\\\/ajankohtaista\\\/uutiset\\\/oulun-asemakeskus-hanke-etenee-yhteistoimintasopimus-kiinteistokauppa-ja-asemakaavan-muutosluonnos-oulun-yhdyskuntalautakunnan-kasittelyyn\\\/#primaryimage\"},\"thumbnailUrl\":\"https:\\\/\\\/www.senaatti.fi\\\/app\\\/uploads\\\/sites\\\/6\\\/2022\\\/02\\\/211102_Ilmakuva-pohjoiseen_VERKKOON.jpg\",\"articleSection\":[\"Senaatin Asema-alueet Oy\"],\"inLanguage\":\"fi\"},{\"@type\":\"WebPage\",\"@id\":\"https:\\\/\\\/www.senaatti.fi\\\/asema-alueet\\\/ajankohtaista\\\/uutiset\\\/oulun-asemakeskus-hanke-etenee-yhteistoimintasopimus-kiinteistokauppa-ja-asemakaavan-muutosluonnos-oulun-yhdyskuntalautakunnan-kasittelyyn\\\/\",\"url\":\"https:\\\/\\\/www.senaatti.fi\\\/asema-alueet\\\/ajankohtaista\\\/uutiset\\\/oulun-asemakeskus-hanke-etenee-yhteistoimintasopimus-kiinteistokauppa-ja-asemakaavan-muutosluonnos-oulun-yhdyskuntalautakunnan-kasittelyyn\\\/\",\"name\":\"Oulun Asemakeskus -hanke etenee \u2013 yhteistoimintasopimus, kiinteist\u00f6kauppa ja asemakaavan muutosluonnos Oulun yhdyskuntalautakunnan k\u00e4sittelyyn - Senaatti\",\"isPartOf\":{\"@id\":\"https:\\\/\\\/www.senaatti.fi\\\/asema-alueet\\\/#website\"},\"primaryImageOfPage\":{\"@id\":\"https:\\\/\\\/www.senaatti.fi\\\/asema-alueet\\\/ajankohtaista\\\/uutiset\\\/oulun-asemakeskus-hanke-etenee-yhteistoimintasopimus-kiinteistokauppa-ja-asemakaavan-muutosluonnos-oulun-yhdyskuntalautakunnan-kasittelyyn\\\/#primaryimage\"},\"image\":{\"@id\":\"https:\\\/\\\/www.senaatti.fi\\\/asema-alueet\\\/ajankohtaista\\\/uutiset\\\/oulun-asemakeskus-hanke-etenee-yhteistoimintasopimus-kiinteistokauppa-ja-asemakaavan-muutosluonnos-oulun-yhdyskuntalautakunnan-kasittelyyn\\\/#primaryimage\"},\"thumbnailUrl\":\"https:\\\/\\\/www.senaatti.fi\\\/app\\\/uploads\\\/sites\\\/6\\\/2022\\\/02\\\/211102_Ilmakuva-pohjoiseen_VERKKOON.jpg\",\"datePublished\":\"2022-02-18T08:00:05+00:00\",\"dateModified\":\"2022-02-18T10:15:32+00:00\",\"author\":{\"@id\":\"https:\\\/\\\/www.senaatti.fi\\\/asema-alueet\\\/#\\\/schema\\\/person\\\/19ebcd857f41fa4cf02102cd128abc46\"},\"description\":\"Kuva: Lahdelma &amp; Mahlam\u00e4ki arkkitehdit Oulun kaupunki ja alueen maanomistajat, Senaatin Asema-alueet Oy ja Senaatti-kiinteist\u00f6t ovat saaneet\",\"breadcrumb\":{\"@id\":\"https:\\\/\\\/www.senaatti.fi\\\/asema-alueet\\\/ajankohtaista\\\/uutiset\\\/oulun-asemakeskus-hanke-etenee-yhteistoimintasopimus-kiinteistokauppa-ja-asemakaavan-muutosluonnos-oulun-yhdyskuntalautakunnan-kasittelyyn\\\/#breadcrumb\"},\"inLanguage\":\"fi\",\"potentialAction\":[{\"@type\":\"ReadAction\",\"target\":[\"https:\\\/\\\/www.senaatti.fi\\\/asema-alueet\\\/ajankohtaista\\\/uutiset\\\/oulun-asemakeskus-hanke-etenee-yhteistoimintasopimus-kiinteistokauppa-ja-asemakaavan-muutosluonnos-oulun-yhdyskuntalautakunnan-kasittelyyn\\\/\"]}]},{\"@type\":\"ImageObject\",\"inLanguage\":\"fi\",\"@id\":\"https:\\\/\\\/www.senaatti.fi\\\/asema-alueet\\\/ajankohtaista\\\/uutiset\\\/oulun-asemakeskus-hanke-etenee-yhteistoimintasopimus-kiinteistokauppa-ja-asemakaavan-muutosluonnos-oulun-yhdyskuntalautakunnan-kasittelyyn\\\/#primaryimage\",\"url\":\"https:\\\/\\\/www.senaatti.fi\\\/app\\\/uploads\\\/sites\\\/6\\\/2022\\\/02\\\/211102_Ilmakuva-pohjoiseen_VERKKOON.jpg\",\"contentUrl\":\"https:\\\/\\\/www.senaatti.fi\\\/app\\\/uploads\\\/sites\\\/6\\\/2022\\\/02\\\/211102_Ilmakuva-pohjoiseen_VERKKOON.jpg\",\"width\":1280,\"height\":956},{\"@type\":\"BreadcrumbList\",\"@id\":\"https:\\\/\\\/www.senaatti.fi\\\/asema-alueet\\\/ajankohtaista\\\/uutiset\\\/oulun-asemakeskus-hanke-etenee-yhteistoimintasopimus-kiinteistokauppa-ja-asemakaavan-muutosluonnos-oulun-yhdyskuntalautakunnan-kasittelyyn\\\/#breadcrumb\",\"itemListElement\":[{\"@type\":\"ListItem\",\"position\":1,\"name\":\"Etusivu\",\"item\":\"https:\\\/\\\/www.senaatti.fi\\\/asema-alueet\\\/\"},{\"@type\":\"ListItem\",\"position\":2,\"name\":\"Oulun Asemakeskus -hanke etenee \u2013 yhteistoimintasopimus, kiinteist\u00f6kauppa ja asemakaavan muutosluonnos Oulun yhdyskuntalautakunnan k\u00e4sittelyyn\"}]},{\"@type\":\"WebSite\",\"@id\":\"https:\\\/\\\/www.senaatti.fi\\\/asema-alueet\\\/#website\",\"url\":\"https:\\\/\\\/www.senaatti.fi\\\/asema-alueet\\\/\",\"name\":\"Asema-alueet\",\"description\":\"Senaatin Asema-alueet\",\"potentialAction\":[{\"@type\":\"SearchAction\",\"target\":{\"@type\":\"EntryPoint\",\"urlTemplate\":\"https:\\\/\\\/www.senaatti.fi\\\/asema-alueet\\\/?s={search_term_string}\"},\"query-input\":{\"@type\":\"PropertyValueSpecification\",\"valueRequired\":true,\"valueName\":\"search_term_string\"}}],\"inLanguage\":\"fi\"},{\"@type\":\"Person\",\"@id\":\"https:\\\/\\\/www.senaatti.fi\\\/asema-alueet\\\/#\\\/schema\\\/person\\\/19ebcd857f41fa4cf02102cd128abc46\",\"name\":\"Andreas Ylijarvi\",\"image\":{\"@type\":\"ImageObject\",\"inLanguage\":\"fi\",\"@id\":\"https:\\\/\\\/secure.gravatar.com\\\/avatar\\\/da48797f91660605745175abd9fe82263292008bf52cf452340b960fcdab186f?s=96&d=mm&r=g\",\"url\":\"https:\\\/\\\/secure.gravatar.com\\\/avatar\\\/da48797f91660605745175abd9fe82263292008bf52cf452340b960fcdab186f?s=96&d=mm&r=g\",\"contentUrl\":\"https:\\\/\\\/secure.gravatar.com\\\/avatar\\\/da48797f91660605745175abd9fe82263292008bf52cf452340b960fcdab186f?s=96&d=mm&r=g\",\"caption\":\"Andreas Ylijarvi\"}}]}<\/script>\n<!-- \/ Yoast SEO plugin. -->","yoast_head_json":{"title":"Oulun Asemakeskus -hanke etenee \u2013 yhteistoimintasopimus, kiinteist\u00f6kauppa ja asemakaavan muutosluonnos Oulun yhdyskuntalautakunnan k\u00e4sittelyyn - Senaatti","description":"Kuva: Lahdelma &amp; Mahlam\u00e4ki arkkitehdit Oulun kaupunki ja alueen maanomistajat, Senaatin Asema-alueet Oy ja Senaatti-kiinteist\u00f6t ovat saaneet","robots":{"index":"index","follow":"follow","max-snippet":"max-snippet:-1","max-image-preview":"max-image-preview:large","max-video-preview":"max-video-preview:-1"},"canonical":"https:\/\/www.senaatti.fi\/asema-alueet\/ajankohtaista\/uutiset\/oulun-asemakeskus-hanke-etenee-yhteistoimintasopimus-kiinteistokauppa-ja-asemakaavan-muutosluonnos-oulun-yhdyskuntalautakunnan-kasittelyyn\/","og_locale":"fi_FI","og_type":"article","og_title":"Oulun Asemakeskus -hanke etenee \u2013 yhteistoimintasopimus, kiinteist\u00f6kauppa ja asemakaavan muutosluonnos Oulun yhdyskuntalautakunnan k\u00e4sittelyyn - Senaatti","og_description":"Kuva: Lahdelma &amp; Mahlam\u00e4ki arkkitehdit Oulun kaupunki ja alueen maanomistajat, Senaatin Asema-alueet Oy ja Senaatti-kiinteist\u00f6t ovat saaneet","og_url":"https:\/\/www.senaatti.fi\/asema-alueet\/ajankohtaista\/uutiset\/oulun-asemakeskus-hanke-etenee-yhteistoimintasopimus-kiinteistokauppa-ja-asemakaavan-muutosluonnos-oulun-yhdyskuntalautakunnan-kasittelyyn\/","og_site_name":"Senaatti","article_published_time":"2022-02-18T08:00:05+00:00","article_modified_time":"2022-02-18T10:15:32+00:00","og_image":[{"width":1024,"height":765,"url":"https:\/\/www.senaatti.fi\/app\/uploads\/sites\/6\/2022\/02\/211102_Ilmakuva-pohjoiseen_VERKKOON-1024x765.jpg","type":"image\/jpeg"}],"author":"Andreas Ylijarvi","twitter_card":"summary_large_image","twitter_misc":{"Kirjoittanut":"Andreas Ylijarvi","Arvioitu lukuaika":"5 minuuttia"},"schema":{"@context":"https:\/\/schema.org","@graph":[{"@type":"Article","@id":"https:\/\/www.senaatti.fi\/asema-alueet\/ajankohtaista\/uutiset\/oulun-asemakeskus-hanke-etenee-yhteistoimintasopimus-kiinteistokauppa-ja-asemakaavan-muutosluonnos-oulun-yhdyskuntalautakunnan-kasittelyyn\/#article","isPartOf":{"@id":"https:\/\/www.senaatti.fi\/asema-alueet\/ajankohtaista\/uutiset\/oulun-asemakeskus-hanke-etenee-yhteistoimintasopimus-kiinteistokauppa-ja-asemakaavan-muutosluonnos-oulun-yhdyskuntalautakunnan-kasittelyyn\/"},"author":{"name":"Andreas Ylijarvi","@id":"https:\/\/www.senaatti.fi\/asema-alueet\/#\/schema\/person\/19ebcd857f41fa4cf02102cd128abc46"},"headline":"Oulun Asemakeskus -hanke etenee \u2013 yhteistoimintasopimus, kiinteist\u00f6kauppa ja asemakaavan muutosluonnos Oulun yhdyskuntalautakunnan k\u00e4sittelyyn","datePublished":"2022-02-18T08:00:05+00:00","dateModified":"2022-02-18T10:15:32+00:00","mainEntityOfPage":{"@id":"https:\/\/www.senaatti.fi\/asema-alueet\/ajankohtaista\/uutiset\/oulun-asemakeskus-hanke-etenee-yhteistoimintasopimus-kiinteistokauppa-ja-asemakaavan-muutosluonnos-oulun-yhdyskuntalautakunnan-kasittelyyn\/"},"wordCount":962,"commentCount":0,"image":{"@id":"https:\/\/www.senaatti.fi\/asema-alueet\/ajankohtaista\/uutiset\/oulun-asemakeskus-hanke-etenee-yhteistoimintasopimus-kiinteistokauppa-ja-asemakaavan-muutosluonnos-oulun-yhdyskuntalautakunnan-kasittelyyn\/#primaryimage"},"thumbnailUrl":"https:\/\/www.senaatti.fi\/app\/uploads\/sites\/6\/2022\/02\/211102_Ilmakuva-pohjoiseen_VERKKOON.jpg","articleSection":["Senaatin Asema-alueet Oy"],"inLanguage":"fi"},{"@type":"WebPage","@id":"https:\/\/www.senaatti.fi\/asema-alueet\/ajankohtaista\/uutiset\/oulun-asemakeskus-hanke-etenee-yhteistoimintasopimus-kiinteistokauppa-ja-asemakaavan-muutosluonnos-oulun-yhdyskuntalautakunnan-kasittelyyn\/","url":"https:\/\/www.senaatti.fi\/asema-alueet\/ajankohtaista\/uutiset\/oulun-asemakeskus-hanke-etenee-yhteistoimintasopimus-kiinteistokauppa-ja-asemakaavan-muutosluonnos-oulun-yhdyskuntalautakunnan-kasittelyyn\/","name":"Oulun Asemakeskus -hanke etenee \u2013 yhteistoimintasopimus, kiinteist\u00f6kauppa ja asemakaavan muutosluonnos Oulun yhdyskuntalautakunnan k\u00e4sittelyyn - Senaatti","isPartOf":{"@id":"https:\/\/www.senaatti.fi\/asema-alueet\/#website"},"primaryImageOfPage":{"@id":"https:\/\/www.senaatti.fi\/asema-alueet\/ajankohtaista\/uutiset\/oulun-asemakeskus-hanke-etenee-yhteistoimintasopimus-kiinteistokauppa-ja-asemakaavan-muutosluonnos-oulun-yhdyskuntalautakunnan-kasittelyyn\/#primaryimage"},"image":{"@id":"https:\/\/www.senaatti.fi\/asema-alueet\/ajankohtaista\/uutiset\/oulun-asemakeskus-hanke-etenee-yhteistoimintasopimus-kiinteistokauppa-ja-asemakaavan-muutosluonnos-oulun-yhdyskuntalautakunnan-kasittelyyn\/#primaryimage"},"thumbnailUrl":"https:\/\/www.senaatti.fi\/app\/uploads\/sites\/6\/2022\/02\/211102_Ilmakuva-pohjoiseen_VERKKOON.jpg","datePublished":"2022-02-18T08:00:05+00:00","dateModified":"2022-02-18T10:15:32+00:00","author":{"@id":"https:\/\/www.senaatti.fi\/asema-alueet\/#\/schema\/person\/19ebcd857f41fa4cf02102cd128abc46"},"description":"Kuva: Lahdelma &amp; Mahlam\u00e4ki arkkitehdit Oulun kaupunki ja alueen maanomistajat, Senaatin Asema-alueet Oy ja Senaatti-kiinteist\u00f6t ovat saaneet","breadcrumb":{"@id":"https:\/\/www.senaatti.fi\/asema-alueet\/ajankohtaista\/uutiset\/oulun-asemakeskus-hanke-etenee-yhteistoimintasopimus-kiinteistokauppa-ja-asemakaavan-muutosluonnos-oulun-yhdyskuntalautakunnan-kasittelyyn\/#breadcrumb"},"inLanguage":"fi","potentialAction":[{"@type":"ReadAction","target":["https:\/\/www.senaatti.fi\/asema-alueet\/ajankohtaista\/uutiset\/oulun-asemakeskus-hanke-etenee-yhteistoimintasopimus-kiinteistokauppa-ja-asemakaavan-muutosluonnos-oulun-yhdyskuntalautakunnan-kasittelyyn\/"]}]},{"@type":"ImageObject","inLanguage":"fi","@id":"https:\/\/www.senaatti.fi\/asema-alueet\/ajankohtaista\/uutiset\/oulun-asemakeskus-hanke-etenee-yhteistoimintasopimus-kiinteistokauppa-ja-asemakaavan-muutosluonnos-oulun-yhdyskuntalautakunnan-kasittelyyn\/#primaryimage","url":"https:\/\/www.senaatti.fi\/app\/uploads\/sites\/6\/2022\/02\/211102_Ilmakuva-pohjoiseen_VERKKOON.jpg","contentUrl":"https:\/\/www.senaatti.fi\/app\/uploads\/sites\/6\/2022\/02\/211102_Ilmakuva-pohjoiseen_VERKKOON.jpg","width":1280,"height":956},{"@type":"BreadcrumbList","@id":"https:\/\/www.senaatti.fi\/asema-alueet\/ajankohtaista\/uutiset\/oulun-asemakeskus-hanke-etenee-yhteistoimintasopimus-kiinteistokauppa-ja-asemakaavan-muutosluonnos-oulun-yhdyskuntalautakunnan-kasittelyyn\/#breadcrumb","itemListElement":[{"@type":"ListItem","position":1,"name":"Etusivu","item":"https:\/\/www.senaatti.fi\/asema-alueet\/"},{"@type":"ListItem","position":2,"name":"Oulun Asemakeskus -hanke etenee \u2013 yhteistoimintasopimus, kiinteist\u00f6kauppa ja asemakaavan muutosluonnos Oulun yhdyskuntalautakunnan k\u00e4sittelyyn"}]},{"@type":"WebSite","@id":"https:\/\/www.senaatti.fi\/asema-alueet\/#website","url":"https:\/\/www.senaatti.fi\/asema-alueet\/","name":"Asema-alueet","description":"Senaatin Asema-alueet","potentialAction":[{"@type":"SearchAction","target":{"@type":"EntryPoint","urlTemplate":"https:\/\/www.senaatti.fi\/asema-alueet\/?s={search_term_string}"},"query-input":{"@type":"PropertyValueSpecification","valueRequired":true,"valueName":"search_term_string"}}],"inLanguage":"fi"},{"@type":"Person","@id":"https:\/\/www.senaatti.fi\/asema-alueet\/#\/schema\/person\/19ebcd857f41fa4cf02102cd128abc46","name":"Andreas Ylijarvi","image":{"@type":"ImageObject","inLanguage":"fi","@id":"https:\/\/secure.gravatar.com\/avatar\/da48797f91660605745175abd9fe82263292008bf52cf452340b960fcdab186f?s=96&d=mm&r=g","url":"https:\/\/secure.gravatar.com\/avatar\/da48797f91660605745175abd9fe82263292008bf52cf452340b960fcdab186f?s=96&d=mm&r=g","contentUrl":"https:\/\/secure.gravatar.com\/avatar\/da48797f91660605745175abd9fe82263292008bf52cf452340b960fcdab186f?s=96&d=mm&r=g","caption":"Andreas Ylijarvi"}}]}},"lang":"fi","translations":{"fi":1409},"pll_sync_post":[],"_links":{"self":[{"href":"https:\/\/www.senaatti.fi\/asema-alueet\/wp-json\/wp\/v2\/posts\/1409","targetHints":{"allow":["GET"]}}],"collection":[{"href":"https:\/\/www.senaatti.fi\/asema-alueet\/wp-json\/wp\/v2\/posts"}],"about":[{"href":"https:\/\/www.senaatti.fi\/asema-alueet\/wp-json\/wp\/v2\/types\/post"}],"author":[{"embeddable":true,"href":"https:\/\/www.senaatti.fi\/asema-alueet\/wp-json\/wp\/v2\/users\/16"}],"replies":[{"embeddable":true,"href":"https:\/\/www.senaatti.fi\/asema-alueet\/wp-json\/wp\/v2\/comments?post=1409"}],"version-history":[{"count":7,"href":"https:\/\/www.senaatti.fi\/asema-alueet\/wp-json\/wp\/v2\/posts\/1409\/revisions"}],"predecessor-version":[{"id":1434,"href":"https:\/\/www.senaatti.fi\/asema-alueet\/wp-json\/wp\/v2\/posts\/1409\/revisions\/1434"}],"wp:featuredmedia":[{"embeddable":true,"href":"https:\/\/www.senaatti.fi\/asema-alueet\/wp-json\/wp\/v2\/media\/1410"}],"wp:attachment":[{"href":"https:\/\/www.senaatti.fi\/asema-alueet\/wp-json\/wp\/v2\/media?parent=1409"}],"wp:term":[{"taxonomy":"senaatti_type","embeddable":true,"href":"https:\/\/www.senaatti.fi\/asema-alueet\/wp-json\/wp\/v2\/senaatti_type?post=1409"}],"curies":[{"name":"wp","href":"https:\/\/api.w.org\/{rel}","templated":true}]}}