{"id":1334,"date":"2021-08-27T11:46:33","date_gmt":"2021-08-27T11:46:33","guid":{"rendered":"https:\/\/www.senaatti.fi\/asema-alueet\/?p=1334"},"modified":"2023-06-02T11:41:50","modified_gmt":"2023-06-02T11:41:50","slug":"kuopion-vanhan-aseman-asemakaavamuutoksen-etayleisotilaisuus-1-9-ja-kaavakavely-2-9","status":"publish","type":"post","link":"https:\/\/www.senaatti.fi\/asema-alueet\/ajankohtaista\/uutiset\/kuopion-vanhan-aseman-asemakaavamuutoksen-etayleisotilaisuus-1-9-ja-kaavakavely-2-9\/","title":{"rendered":"Kuopion Vanhan aseman asemakaavamuutoksen et\u00e4yleis\u00f6tilaisuus 1.9. ja kaavak\u00e4vely 2.9."},"content":{"rendered":"<p>Kuopion Vanhan aseman (Pohjolankatu 1) asemakaavasta j\u00e4rjestet\u00e4\u00e4n kaikille avoin et\u00e4yleis\u00f6tilaisuus keskiviikkona 1.9.2021 klo 17.00-19.00. Lis\u00e4ksi j\u00e4rjestet\u00e4\u00e4n kaikille avoin kaavak\u00e4vely Vanhan aseman alueella ja konepajarakennuksessa torstaina 2.9.2021 klo 17.00.<\/p>\n<p>Kuopion Vanhan aseman asemakaavamuutoksella selvitet\u00e4\u00e4n nykyisin p\u00e4\u00e4asiallisesti rautatieliikenteen k\u00e4yt\u00f6ss\u00e4 toimineen alueen muuttamista asuin-, liike-, toimisto- ja yleisten rakennusten alueeksi. Raideliikenteen alue s\u00e4ilytet\u00e4\u00e4n tarvittavilta osin. Alueelle toivotaan syntyv\u00e4n asumisen lis\u00e4ksi ty\u00f6paikkoja.<\/p>\n<h2>Et\u00e4yleis\u00f6tilaisuus ke 1.9. klo 17<\/h2>\n<p>Et\u00e4yleis\u00f6tilaisuudessa esitell\u00e4\u00e4n kaavahanketta sek\u00e4 alueen suunnitelmia. Lis\u00e4ksi tilaisuudessa esitell\u00e4\u00e4n konepajasta laadittu diplomity\u00f6. Tervetuloa mukaan kuulemaan alueen suunnitelmista.<\/p>\n<p>Tilaisuus toteutetaan ainoastaan et\u00e4yhteydell\u00e4 Microsoft Teams -sovelluksella. Yleis\u00f6tilaisuuteen p\u00e4\u00e4set osallistumaan\u00a0<a href=\"https:\/\/teams.microsoft.com\/l\/meetup-join\/19%3ameeting_YWViZTY5M2ItNTcxMi00ZWNhLWJjMzItOWVmYzk5YWQ0MjMx%40thread.v2\/0?context=%7b%22Tid%22%3a%22ec6c237e-88ea-4cc3-94ef-595b27a8ebf9%22%2c%22Oid%22%3a%2253ed6cd3-c73a-4b2d-b275-40d6380ed4cf%22%7d\" target=\"_blank\" rel=\"noopener\">t\u00e4m\u00e4n linkin kautta<\/a>. Linkki avautuu keskiviikkona 1.9. klo 16.50.<\/p>\n<p><strong>Ohjelma<\/strong><br \/>\n\u2022\u00a0\u00a0\u00a0 Tilaisuuden avaus ja j\u00e4rjest\u00e4jien esittely, Pauli Sonninen, Kuopion kaupunki<br \/>\n\u2022\u00a0\u00a0\u00a0 Menettelyohjeen l\u00e4pik\u00e4ynti<br \/>\n\u2022\u00a0\u00a0\u00a0 Kaavahankkeen esittely<br \/>\n-Pauli Sonninen, Kuopion kaupunki<br \/>\n-Pekka Vehni\u00e4inen ja Anna Kummila, Bonava Suomi Oy<br \/>\n-Elias Rainio, Senaatin Asema-alueet Oy<br \/>\n\u2022\u00a0\u00a0\u00a0 Konepajasta laaditun diplomity\u00f6n esittely, Laura Pasanen<br \/>\n\u2022\u00a0\u00a0\u00a0 Keskustelu<br \/>\n\u2022\u00a0\u00a0\u00a0 Loppukoonti ja tilaisuuden p\u00e4\u00e4tt\u00e4minen, Pauli Sonninen<\/p>\n<p>Et\u00e4yleis\u00f6tilaisuuden menettelyohje<\/p>\n<p>Suosittelemme testaamaan yhteyden ennakkoon ja tarvittaessa lataamaan Microsoft Teams -sovelluksen. Asennuksessa saattaa kest\u00e4\u00e4 hetki, joten varauduthan ajoissa asennukseen.<\/p>\n<p>\u2022\u00a0\u00a0\u00a0 Liity kokoukseen, katso\u00a0<a href=\"https:\/\/www.kuopio.fi\/documents\/7369547\/7701319\/Liittymisohje+Microsoft+Teams\/dcd15d35-a12a-44b6-8c6f-17222140178b\" target=\"_blank\" rel=\"noopener\">liittymisohje Teams -kokoukseen<\/a>\u00a0(pdf)<br \/>\n\u2022\u00a0\u00a0\u00a0 Odotathan, ett\u00e4 sinut hyv\u00e4ksyt\u00e4\u00e4n kokoukseen<br \/>\n\u2022\u00a0\u00a0\u00a0 Kirjoita tekstikentt\u00e4\u00e4n etu- ja sukunimesi tai v\u00e4hint\u00e4\u00e4n nimimerkki<br \/>\n\u2022\u00a0\u00a0\u00a0 Mielipiteesi voit ilmaista pyyt\u00e4m\u00e4ll\u00e4 puheenvuoron ja kirjoittamalla pvp (puheenvuoropyynt\u00f6) ja oma nimi tai v\u00e4hint\u00e4\u00e4n nimikirjaimet tekstikentt\u00e4\u00e4n<br \/>\n\u2022\u00a0\u00a0\u00a0 Mikrofoni on hyv\u00e4 pit\u00e4\u00e4 suljettuna ja avata ainoastaan oman puheenvuoron ajaksi<\/p>\n<p>Tutustu kaava-aineistoon tarkemmin Kuopion kaupungin <a href=\"https:\/\/kartta.kuopio.fi\/Applications\/sukka\/dist\/#\/print-plan\/https:%252F%252Fkartta.kuopio.fi%252F\/sukka_asemakaava_user\/98\" target=\"_blank\" rel=\"noopener\">sivuilla<\/a>.<\/p>\n<h2>Kaavak\u00e4vely to 2.9. klo 17<\/h2>\n<p>Kuopion Vanhan aseman alueeseen ja konepajarakennukseen on mahdollista tutustua torstaina 2.9. klo 17-18 j\u00e4rjestett\u00e4v\u00e4ll\u00e4 kaikille avoimella kaavak\u00e4velyll\u00e4. Kaavak\u00e4velyn aloituspaikka ja kokoontuminen on konepajan Kullervonkadun puoleisessa p\u00e4\u00e4dyss\u00e4.<\/p>\n<p>Kaavak\u00e4velylle tulee ilmoittautua ennakkoon\u00a0<a href=\"https:\/\/asiointi.kuopio.fi\/elomake3\/lomakkeet\/4460\/lomake.html\" target=\"_blank\" rel=\"noopener\">oheisella lomakkeella<\/a>\u00a0keskiviikkoon 1.9. menness\u00e4.<\/p>\n<p>Tilaisuudessa huomioidaan koronavirusepidemian hillitsemiseksi tarkoitetut ohjeet ja rajoitukset. Osallistujia pyydet\u00e4\u00e4n huolehtimaan turvav\u00e4leist\u00e4 ja tilaisuudessa suositellaan k\u00e4ytt\u00e4m\u00e4\u00e4n kasvomaskia. Eth\u00e4n tule tilaisuuteen sairaana. Mahdollisista muutoksista ilmoitamme kaupungin verkkosivulla osoitteessa www.kuopio.fi\/kaavoitus<\/p>\n<p><strong>Lis\u00e4tiedot:<\/strong><br \/>\nPauli Sonninen, va.asemakaavap\u00e4\u00e4llikk\u00f6, Kuopion kaupunki<br \/>\n044 718 5439, pauli.sonninen@kuopio.fi<\/p>\n<p>Elias Rainio, kiinteist\u00f6kehitysp\u00e4\u00e4llikk\u00f6, Senaatin Asema-alueet Oy<\/p>\n<p>+358 50 439 1337, elias.rainio@senaatti.fi<\/p>\n","protected":false},"excerpt":{"rendered":"<p>Kuopion Vanhan aseman (Pohjolankatu 1) asemakaavasta j\u00e4rjestet\u00e4\u00e4n kaikille avoin et\u00e4yleis\u00f6tilaisuus keskiviikkona 1.9.2021 klo 17.00-19.00. Lis\u00e4ksi j\u00e4rjestet\u00e4\u00e4n kaikille avoin kaavak\u00e4vely Vanhan aseman alueella ja konepajarakennuksessa torstaina 2.9.2021 klo 17.00. Kuopion Vanhan aseman asemakaavamuutoksella selvitet\u00e4\u00e4n nykyisin p\u00e4\u00e4asiallisesti rautatieliikenteen k\u00e4yt\u00f6ss\u00e4 toimineen alueen muuttamista asuin-, liike-, toimisto- ja yleisten rakennusten alueeksi. Raideliikenteen alue s\u00e4ilytet\u00e4\u00e4n tarvittavilta osin. Alueelle toivotaan syntyv\u00e4n [&hellip;]<\/p>\n","protected":false},"author":16,"featured_media":0,"comment_status":"open","ping_status":"open","sticky":false,"template":"","format":"standard","meta":{"_acf_changed":false,"footnotes":""},"senaatti_type":[],"class_list":["post-1334","post","type-post","status-publish","format-standard","hentry"],"acf":[],"yoast_head":"<!-- This site is optimized with the Yoast SEO plugin v27.3 - https:\/\/yoast.com\/product\/yoast-seo-wordpress\/ -->\n<title>Kuopion Vanhan aseman asemakaavamuutoksen et\u00e4yleis\u00f6tilaisuus 1.9. ja kaavak\u00e4vely 2.9. - Senaatti<\/title>\n<meta name=\"description\" content=\"Kuopion Vanhan aseman (Pohjolankatu 1) asemakaavasta j\u00e4rjestet\u00e4\u00e4n kaikille avoin et\u00e4yleis\u00f6tilaisuus keskiviikkona 1.9.2021 klo 17.00-19.00. Lis\u00e4ksi\" \/>\n<meta name=\"robots\" content=\"index, follow, max-snippet:-1, max-image-preview:large, max-video-preview:-1\" \/>\n<link rel=\"canonical\" href=\"https:\/\/www.senaatti.fi\/asema-alueet\/ajankohtaista\/uutiset\/kuopion-vanhan-aseman-asemakaavamuutoksen-etayleisotilaisuus-1-9-ja-kaavakavely-2-9\/\" \/>\n<meta property=\"og:locale\" content=\"fi_FI\" \/>\n<meta property=\"og:type\" content=\"article\" \/>\n<meta property=\"og:title\" content=\"Kuopion Vanhan aseman asemakaavamuutoksen et\u00e4yleis\u00f6tilaisuus 1.9. ja kaavak\u00e4vely 2.9. - Senaatti\" \/>\n<meta property=\"og:description\" content=\"Kuopion Vanhan aseman (Pohjolankatu 1) asemakaavasta j\u00e4rjestet\u00e4\u00e4n kaikille avoin et\u00e4yleis\u00f6tilaisuus keskiviikkona 1.9.2021 klo 17.00-19.00. Lis\u00e4ksi\" \/>\n<meta property=\"og:url\" content=\"https:\/\/www.senaatti.fi\/asema-alueet\/ajankohtaista\/uutiset\/kuopion-vanhan-aseman-asemakaavamuutoksen-etayleisotilaisuus-1-9-ja-kaavakavely-2-9\/\" \/>\n<meta property=\"og:site_name\" content=\"Senaatti\" \/>\n<meta property=\"article:published_time\" content=\"2021-08-27T11:46:33+00:00\" \/>\n<meta property=\"article:modified_time\" content=\"2023-06-02T11:41:50+00:00\" \/>\n<meta name=\"author\" content=\"Andreas Ylijarvi\" \/>\n<meta name=\"twitter:card\" content=\"summary_large_image\" \/>\n<meta name=\"twitter:label1\" content=\"Written by\" \/>\n\t<meta name=\"twitter:data1\" content=\"Andreas Ylijarvi\" \/>\n\t<meta name=\"twitter:label2\" content=\"Est. reading time\" \/>\n\t<meta name=\"twitter:data2\" content=\"2 minuuttia\" \/>\n<script type=\"application\/ld+json\" class=\"yoast-schema-graph\">{\"@context\":\"https:\\\/\\\/schema.org\",\"@graph\":[{\"@type\":\"Article\",\"@id\":\"https:\\\/\\\/www.senaatti.fi\\\/asema-alueet\\\/ajankohtaista\\\/uutiset\\\/kuopion-vanhan-aseman-asemakaavamuutoksen-etayleisotilaisuus-1-9-ja-kaavakavely-2-9\\\/#article\",\"isPartOf\":{\"@id\":\"https:\\\/\\\/www.senaatti.fi\\\/asema-alueet\\\/ajankohtaista\\\/uutiset\\\/kuopion-vanhan-aseman-asemakaavamuutoksen-etayleisotilaisuus-1-9-ja-kaavakavely-2-9\\\/\"},\"author\":{\"name\":\"Andreas Ylijarvi\",\"@id\":\"https:\\\/\\\/www.senaatti.fi\\\/asema-alueet\\\/#\\\/schema\\\/person\\\/19ebcd857f41fa4cf02102cd128abc46\"},\"headline\":\"Kuopion Vanhan aseman asemakaavamuutoksen et\u00e4yleis\u00f6tilaisuus 1.9. ja kaavak\u00e4vely 2.9.\",\"datePublished\":\"2021-08-27T11:46:33+00:00\",\"dateModified\":\"2023-06-02T11:41:50+00:00\",\"mainEntityOfPage\":{\"@id\":\"https:\\\/\\\/www.senaatti.fi\\\/asema-alueet\\\/ajankohtaista\\\/uutiset\\\/kuopion-vanhan-aseman-asemakaavamuutoksen-etayleisotilaisuus-1-9-ja-kaavakavely-2-9\\\/\"},\"wordCount\":373,\"commentCount\":0,\"articleSection\":[\"Senaatin Asema-alueet Oy\"],\"inLanguage\":\"fi\"},{\"@type\":\"WebPage\",\"@id\":\"https:\\\/\\\/www.senaatti.fi\\\/asema-alueet\\\/ajankohtaista\\\/uutiset\\\/kuopion-vanhan-aseman-asemakaavamuutoksen-etayleisotilaisuus-1-9-ja-kaavakavely-2-9\\\/\",\"url\":\"https:\\\/\\\/www.senaatti.fi\\\/asema-alueet\\\/ajankohtaista\\\/uutiset\\\/kuopion-vanhan-aseman-asemakaavamuutoksen-etayleisotilaisuus-1-9-ja-kaavakavely-2-9\\\/\",\"name\":\"Kuopion Vanhan aseman asemakaavamuutoksen et\u00e4yleis\u00f6tilaisuus 1.9. ja kaavak\u00e4vely 2.9. - Senaatti\",\"isPartOf\":{\"@id\":\"https:\\\/\\\/www.senaatti.fi\\\/asema-alueet\\\/#website\"},\"datePublished\":\"2021-08-27T11:46:33+00:00\",\"dateModified\":\"2023-06-02T11:41:50+00:00\",\"author\":{\"@id\":\"https:\\\/\\\/www.senaatti.fi\\\/asema-alueet\\\/#\\\/schema\\\/person\\\/19ebcd857f41fa4cf02102cd128abc46\"},\"description\":\"Kuopion Vanhan aseman (Pohjolankatu 1) asemakaavasta j\u00e4rjestet\u00e4\u00e4n kaikille avoin et\u00e4yleis\u00f6tilaisuus keskiviikkona 1.9.2021 klo 17.00-19.00. Lis\u00e4ksi\",\"breadcrumb\":{\"@id\":\"https:\\\/\\\/www.senaatti.fi\\\/asema-alueet\\\/ajankohtaista\\\/uutiset\\\/kuopion-vanhan-aseman-asemakaavamuutoksen-etayleisotilaisuus-1-9-ja-kaavakavely-2-9\\\/#breadcrumb\"},\"inLanguage\":\"fi\",\"potentialAction\":[{\"@type\":\"ReadAction\",\"target\":[\"https:\\\/\\\/www.senaatti.fi\\\/asema-alueet\\\/ajankohtaista\\\/uutiset\\\/kuopion-vanhan-aseman-asemakaavamuutoksen-etayleisotilaisuus-1-9-ja-kaavakavely-2-9\\\/\"]}]},{\"@type\":\"BreadcrumbList\",\"@id\":\"https:\\\/\\\/www.senaatti.fi\\\/asema-alueet\\\/ajankohtaista\\\/uutiset\\\/kuopion-vanhan-aseman-asemakaavamuutoksen-etayleisotilaisuus-1-9-ja-kaavakavely-2-9\\\/#breadcrumb\",\"itemListElement\":[{\"@type\":\"ListItem\",\"position\":1,\"name\":\"Etusivu\",\"item\":\"https:\\\/\\\/www.senaatti.fi\\\/asema-alueet\\\/\"},{\"@type\":\"ListItem\",\"position\":2,\"name\":\"Kuopion Vanhan aseman asemakaavamuutoksen et\u00e4yleis\u00f6tilaisuus 1.9. ja kaavak\u00e4vely 2.9.\"}]},{\"@type\":\"WebSite\",\"@id\":\"https:\\\/\\\/www.senaatti.fi\\\/asema-alueet\\\/#website\",\"url\":\"https:\\\/\\\/www.senaatti.fi\\\/asema-alueet\\\/\",\"name\":\"Asema-alueet\",\"description\":\"Senaatin Asema-alueet\",\"potentialAction\":[{\"@type\":\"SearchAction\",\"target\":{\"@type\":\"EntryPoint\",\"urlTemplate\":\"https:\\\/\\\/www.senaatti.fi\\\/asema-alueet\\\/?s={search_term_string}\"},\"query-input\":{\"@type\":\"PropertyValueSpecification\",\"valueRequired\":true,\"valueName\":\"search_term_string\"}}],\"inLanguage\":\"fi\"},{\"@type\":\"Person\",\"@id\":\"https:\\\/\\\/www.senaatti.fi\\\/asema-alueet\\\/#\\\/schema\\\/person\\\/19ebcd857f41fa4cf02102cd128abc46\",\"name\":\"Andreas Ylijarvi\",\"image\":{\"@type\":\"ImageObject\",\"inLanguage\":\"fi\",\"@id\":\"https:\\\/\\\/secure.gravatar.com\\\/avatar\\\/da48797f91660605745175abd9fe82263292008bf52cf452340b960fcdab186f?s=96&d=mm&r=g\",\"url\":\"https:\\\/\\\/secure.gravatar.com\\\/avatar\\\/da48797f91660605745175abd9fe82263292008bf52cf452340b960fcdab186f?s=96&d=mm&r=g\",\"contentUrl\":\"https:\\\/\\\/secure.gravatar.com\\\/avatar\\\/da48797f91660605745175abd9fe82263292008bf52cf452340b960fcdab186f?s=96&d=mm&r=g\",\"caption\":\"Andreas Ylijarvi\"}}]}<\/script>\n<!-- \/ Yoast SEO plugin. -->","yoast_head_json":{"title":"Kuopion Vanhan aseman asemakaavamuutoksen et\u00e4yleis\u00f6tilaisuus 1.9. ja kaavak\u00e4vely 2.9. - Senaatti","description":"Kuopion Vanhan aseman (Pohjolankatu 1) asemakaavasta j\u00e4rjestet\u00e4\u00e4n kaikille avoin et\u00e4yleis\u00f6tilaisuus keskiviikkona 1.9.2021 klo 17.00-19.00. Lis\u00e4ksi","robots":{"index":"index","follow":"follow","max-snippet":"max-snippet:-1","max-image-preview":"max-image-preview:large","max-video-preview":"max-video-preview:-1"},"canonical":"https:\/\/www.senaatti.fi\/asema-alueet\/ajankohtaista\/uutiset\/kuopion-vanhan-aseman-asemakaavamuutoksen-etayleisotilaisuus-1-9-ja-kaavakavely-2-9\/","og_locale":"fi_FI","og_type":"article","og_title":"Kuopion Vanhan aseman asemakaavamuutoksen et\u00e4yleis\u00f6tilaisuus 1.9. ja kaavak\u00e4vely 2.9. - Senaatti","og_description":"Kuopion Vanhan aseman (Pohjolankatu 1) asemakaavasta j\u00e4rjestet\u00e4\u00e4n kaikille avoin et\u00e4yleis\u00f6tilaisuus keskiviikkona 1.9.2021 klo 17.00-19.00. Lis\u00e4ksi","og_url":"https:\/\/www.senaatti.fi\/asema-alueet\/ajankohtaista\/uutiset\/kuopion-vanhan-aseman-asemakaavamuutoksen-etayleisotilaisuus-1-9-ja-kaavakavely-2-9\/","og_site_name":"Senaatti","article_published_time":"2021-08-27T11:46:33+00:00","article_modified_time":"2023-06-02T11:41:50+00:00","author":"Andreas Ylijarvi","twitter_card":"summary_large_image","twitter_misc":{"Written by":"Andreas Ylijarvi","Est. reading time":"2 minuuttia"},"schema":{"@context":"https:\/\/schema.org","@graph":[{"@type":"Article","@id":"https:\/\/www.senaatti.fi\/asema-alueet\/ajankohtaista\/uutiset\/kuopion-vanhan-aseman-asemakaavamuutoksen-etayleisotilaisuus-1-9-ja-kaavakavely-2-9\/#article","isPartOf":{"@id":"https:\/\/www.senaatti.fi\/asema-alueet\/ajankohtaista\/uutiset\/kuopion-vanhan-aseman-asemakaavamuutoksen-etayleisotilaisuus-1-9-ja-kaavakavely-2-9\/"},"author":{"name":"Andreas Ylijarvi","@id":"https:\/\/www.senaatti.fi\/asema-alueet\/#\/schema\/person\/19ebcd857f41fa4cf02102cd128abc46"},"headline":"Kuopion Vanhan aseman asemakaavamuutoksen et\u00e4yleis\u00f6tilaisuus 1.9. ja kaavak\u00e4vely 2.9.","datePublished":"2021-08-27T11:46:33+00:00","dateModified":"2023-06-02T11:41:50+00:00","mainEntityOfPage":{"@id":"https:\/\/www.senaatti.fi\/asema-alueet\/ajankohtaista\/uutiset\/kuopion-vanhan-aseman-asemakaavamuutoksen-etayleisotilaisuus-1-9-ja-kaavakavely-2-9\/"},"wordCount":373,"commentCount":0,"articleSection":["Senaatin Asema-alueet Oy"],"inLanguage":"fi"},{"@type":"WebPage","@id":"https:\/\/www.senaatti.fi\/asema-alueet\/ajankohtaista\/uutiset\/kuopion-vanhan-aseman-asemakaavamuutoksen-etayleisotilaisuus-1-9-ja-kaavakavely-2-9\/","url":"https:\/\/www.senaatti.fi\/asema-alueet\/ajankohtaista\/uutiset\/kuopion-vanhan-aseman-asemakaavamuutoksen-etayleisotilaisuus-1-9-ja-kaavakavely-2-9\/","name":"Kuopion Vanhan aseman asemakaavamuutoksen et\u00e4yleis\u00f6tilaisuus 1.9. ja kaavak\u00e4vely 2.9. - Senaatti","isPartOf":{"@id":"https:\/\/www.senaatti.fi\/asema-alueet\/#website"},"datePublished":"2021-08-27T11:46:33+00:00","dateModified":"2023-06-02T11:41:50+00:00","author":{"@id":"https:\/\/www.senaatti.fi\/asema-alueet\/#\/schema\/person\/19ebcd857f41fa4cf02102cd128abc46"},"description":"Kuopion Vanhan aseman (Pohjolankatu 1) asemakaavasta j\u00e4rjestet\u00e4\u00e4n kaikille avoin et\u00e4yleis\u00f6tilaisuus keskiviikkona 1.9.2021 klo 17.00-19.00. Lis\u00e4ksi","breadcrumb":{"@id":"https:\/\/www.senaatti.fi\/asema-alueet\/ajankohtaista\/uutiset\/kuopion-vanhan-aseman-asemakaavamuutoksen-etayleisotilaisuus-1-9-ja-kaavakavely-2-9\/#breadcrumb"},"inLanguage":"fi","potentialAction":[{"@type":"ReadAction","target":["https:\/\/www.senaatti.fi\/asema-alueet\/ajankohtaista\/uutiset\/kuopion-vanhan-aseman-asemakaavamuutoksen-etayleisotilaisuus-1-9-ja-kaavakavely-2-9\/"]}]},{"@type":"BreadcrumbList","@id":"https:\/\/www.senaatti.fi\/asema-alueet\/ajankohtaista\/uutiset\/kuopion-vanhan-aseman-asemakaavamuutoksen-etayleisotilaisuus-1-9-ja-kaavakavely-2-9\/#breadcrumb","itemListElement":[{"@type":"ListItem","position":1,"name":"Etusivu","item":"https:\/\/www.senaatti.fi\/asema-alueet\/"},{"@type":"ListItem","position":2,"name":"Kuopion Vanhan aseman asemakaavamuutoksen et\u00e4yleis\u00f6tilaisuus 1.9. ja kaavak\u00e4vely 2.9."}]},{"@type":"WebSite","@id":"https:\/\/www.senaatti.fi\/asema-alueet\/#website","url":"https:\/\/www.senaatti.fi\/asema-alueet\/","name":"Asema-alueet","description":"Senaatin Asema-alueet","potentialAction":[{"@type":"SearchAction","target":{"@type":"EntryPoint","urlTemplate":"https:\/\/www.senaatti.fi\/asema-alueet\/?s={search_term_string}"},"query-input":{"@type":"PropertyValueSpecification","valueRequired":true,"valueName":"search_term_string"}}],"inLanguage":"fi"},{"@type":"Person","@id":"https:\/\/www.senaatti.fi\/asema-alueet\/#\/schema\/person\/19ebcd857f41fa4cf02102cd128abc46","name":"Andreas Ylijarvi","image":{"@type":"ImageObject","inLanguage":"fi","@id":"https:\/\/secure.gravatar.com\/avatar\/da48797f91660605745175abd9fe82263292008bf52cf452340b960fcdab186f?s=96&d=mm&r=g","url":"https:\/\/secure.gravatar.com\/avatar\/da48797f91660605745175abd9fe82263292008bf52cf452340b960fcdab186f?s=96&d=mm&r=g","contentUrl":"https:\/\/secure.gravatar.com\/avatar\/da48797f91660605745175abd9fe82263292008bf52cf452340b960fcdab186f?s=96&d=mm&r=g","caption":"Andreas Ylijarvi"}}]}},"lang":"fi","translations":{"fi":1334},"pll_sync_post":[],"_links":{"self":[{"href":"https:\/\/www.senaatti.fi\/asema-alueet\/wp-json\/wp\/v2\/posts\/1334","targetHints":{"allow":["GET"]}}],"collection":[{"href":"https:\/\/www.senaatti.fi\/asema-alueet\/wp-json\/wp\/v2\/posts"}],"about":[{"href":"https:\/\/www.senaatti.fi\/asema-alueet\/wp-json\/wp\/v2\/types\/post"}],"author":[{"embeddable":true,"href":"https:\/\/www.senaatti.fi\/asema-alueet\/wp-json\/wp\/v2\/users\/16"}],"replies":[{"embeddable":true,"href":"https:\/\/www.senaatti.fi\/asema-alueet\/wp-json\/wp\/v2\/comments?post=1334"}],"version-history":[{"count":3,"href":"https:\/\/www.senaatti.fi\/asema-alueet\/wp-json\/wp\/v2\/posts\/1334\/revisions"}],"predecessor-version":[{"id":1695,"href":"https:\/\/www.senaatti.fi\/asema-alueet\/wp-json\/wp\/v2\/posts\/1334\/revisions\/1695"}],"wp:attachment":[{"href":"https:\/\/www.senaatti.fi\/asema-alueet\/wp-json\/wp\/v2\/media?parent=1334"}],"wp:term":[{"taxonomy":"senaatti_type","embeddable":true,"href":"https:\/\/www.senaatti.fi\/asema-alueet\/wp-json\/wp\/v2\/senaatti_type?post=1334"}],"curies":[{"name":"wp","href":"https:\/\/api.w.org\/{rel}","templated":true}]}}