{"id":1320,"date":"2021-06-24T09:00:23","date_gmt":"2021-06-24T09:00:23","guid":{"rendered":"https:\/\/www.senaatti.fi\/asema-alueet\/?p=1320"},"modified":"2021-06-23T13:06:45","modified_gmt":"2021-06-23T13:06:45","slug":"karjaan-rautatieaseman-pysakointialueen-hallinnointi-siirtyy-raaseporin-kaupungille","status":"publish","type":"post","link":"https:\/\/www.senaatti.fi\/asema-alueet\/ajankohtaista\/uutiset\/karjaan-rautatieaseman-pysakointialueen-hallinnointi-siirtyy-raaseporin-kaupungille\/","title":{"rendered":"Karjaan rautatieaseman pys\u00e4k\u00f6intialueen hallinnointi siirtyy Raaseporin kaupungille"},"content":{"rendered":"<p><strong>Senaatin Asema-alueet Oy ja Raaseporin kaupunki ovat allekirjoittaneet k\u00e4ytt\u00f6oikeussopimuksen Karjaan rautatieaseman pys\u00e4k\u00f6intialueesta. Pys\u00e4k\u00f6inti alueella on jatkossa maksutonta.<\/strong><\/p>\n<p>Alueen siirrytty\u00e4 kaupungin hallintaan p\u00e4\u00e4ttyy aiemmin kev\u00e4\u00e4ll\u00e4 tehty Senaatin Asema-alueet Oy:n ja Finnpark Oy:n v\u00e4linen yhteisty\u00f6sopimus asema-alueen pys\u00e4k\u00f6inti-j\u00e4rjestelyst\u00e4. Raaseporin kaupunki vastaa 1.7.2021 alkaen rautatieaseman pys\u00e4k\u00f6intialueiden k\u00e4yt\u00f6st\u00e4 ja yll\u00e4pidosta.<\/p>\n<p>\u201dOlemme nyt siirt\u00e4neet Karjaan aseman pys\u00e4k\u00f6intialueiden hallinnoinnin kaupungille. J\u00e4rjestely on varmasti sellainen, mihin kaikki osapuolet ovat tyytyv\u00e4isi\u00e4. Jatkamme kaupungin kanssa neuvotteluja pys\u00e4k\u00f6intialueiden myymiseksi kaupungille,\u201d toteaa Senaatin Asema-alueet Oy:n investointip\u00e4\u00e4llikk\u00f6 <strong>Virpi Koikkalainen.<\/strong><\/p>\n<p>\u201dT\u00e4m\u00e4 on ele kaupunkilaisille, ettei pendel\u00f6intimahdollisuutta rasittaisi ainakaan taloudellisesti auton pys\u00e4k\u00f6inti. Lis\u00e4ksi alue vapauttaa my\u00f6s pys\u00e4k\u00f6intitiloja radan toisella puolella. Moni oli jo vaihtanut pendel\u00f6innin autoon ja toivottavasti he nyt palaavat takaisin ja k\u00e4ytt\u00e4v\u00e4t junayhteyksi\u00e4\u201d toteaa kaupunginjohtaja Ragnar Lundqvist<\/p>\n<p><a href=\"https:\/\/www.senaatti.fi\/app\/uploads\/sites\/6\/2021\/06\/Press-meddelande_24.6.2021_Forvaltningen-av-Karis-jarnvagsstations-parkeringsomrade-overfors-till-Raseborgs-stad.pdf\">Tiedote ruotsiksi.<\/a><\/p>\n<p><strong>Lis\u00e4tiedot:<\/strong><\/p>\n<p>Virpi Koikkalainen<br \/>\ninvestointip\u00e4\u00e4llikk\u00f6, Senaatti-kiinteist\u00f6t<br \/>\n+358 40 747 7226<br \/>\n<a href=\"mailto:virpi.koikkalainen@senaatti.fi\">virpi.koikkalainen@senaatti.fi<\/a><\/p>\n<p>Jan Gr\u00f6ndahl<\/p>\n<p>tekninen johtaja, Raaseporin kaupunki<\/p>\n<p>+358 19\u00a0289 2250<\/p>\n<p><a href=\"mailto:jan.grondahl@raseborg.fi\">jan.grondahl@raseborg.fi<\/a><\/p>\n","protected":false},"excerpt":{"rendered":"<p>Senaatin Asema-alueet Oy ja Raaseporin kaupunki ovat allekirjoittaneet k\u00e4ytt\u00f6oikeussopimuksen Karjaan rautatieaseman pys\u00e4k\u00f6intialueesta. Pys\u00e4k\u00f6inti alueella on jatkossa maksutonta. Alueen siirrytty\u00e4 kaupungin hallintaan p\u00e4\u00e4ttyy aiemmin kev\u00e4\u00e4ll\u00e4 tehty Senaatin Asema-alueet Oy:n ja Finnpark Oy:n v\u00e4linen yhteisty\u00f6sopimus asema-alueen pys\u00e4k\u00f6inti-j\u00e4rjestelyst\u00e4. Raaseporin kaupunki vastaa 1.7.2021 alkaen rautatieaseman pys\u00e4k\u00f6intialueiden k\u00e4yt\u00f6st\u00e4 ja yll\u00e4pidosta. \u201dOlemme nyt siirt\u00e4neet Karjaan aseman pys\u00e4k\u00f6intialueiden hallinnoinnin kaupungille. J\u00e4rjestely on [&hellip;]<\/p>\n","protected":false},"author":16,"featured_media":0,"comment_status":"open","ping_status":"open","sticky":false,"template":"","format":"standard","meta":{"_acf_changed":false,"footnotes":""},"senaatti_type":[],"class_list":["post-1320","post","type-post","status-publish","format-standard","hentry"],"acf":[],"yoast_head":"<!-- This site is optimized with the Yoast SEO plugin v27.3 - https:\/\/yoast.com\/product\/yoast-seo-wordpress\/ -->\n<title>Karjaan rautatieaseman pys\u00e4k\u00f6intialueen hallinnointi siirtyy Raaseporin kaupungille - Senaatti<\/title>\n<meta name=\"description\" content=\"Senaatin Asema-alueet Oy ja Raaseporin kaupunki ovat allekirjoittaneet k\u00e4ytt\u00f6oikeussopimuksen Karjaan rautatieaseman pys\u00e4k\u00f6intialueesta. Pys\u00e4k\u00f6inti\" \/>\n<meta name=\"robots\" content=\"index, follow, max-snippet:-1, max-image-preview:large, max-video-preview:-1\" \/>\n<link rel=\"canonical\" href=\"https:\/\/www.senaatti.fi\/asema-alueet\/ajankohtaista\/uutiset\/karjaan-rautatieaseman-pysakointialueen-hallinnointi-siirtyy-raaseporin-kaupungille\/\" \/>\n<meta property=\"og:locale\" content=\"fi_FI\" \/>\n<meta property=\"og:type\" content=\"article\" \/>\n<meta property=\"og:title\" content=\"Karjaan rautatieaseman pys\u00e4k\u00f6intialueen hallinnointi siirtyy Raaseporin kaupungille - Senaatti\" \/>\n<meta property=\"og:description\" content=\"Senaatin Asema-alueet Oy ja Raaseporin kaupunki ovat allekirjoittaneet k\u00e4ytt\u00f6oikeussopimuksen Karjaan rautatieaseman pys\u00e4k\u00f6intialueesta. Pys\u00e4k\u00f6inti\" \/>\n<meta property=\"og:url\" content=\"https:\/\/www.senaatti.fi\/asema-alueet\/ajankohtaista\/uutiset\/karjaan-rautatieaseman-pysakointialueen-hallinnointi-siirtyy-raaseporin-kaupungille\/\" \/>\n<meta property=\"og:site_name\" content=\"Senaatti\" \/>\n<meta property=\"article:published_time\" content=\"2021-06-24T09:00:23+00:00\" \/>\n<meta name=\"author\" content=\"Andreas Ylijarvi\" \/>\n<meta name=\"twitter:card\" content=\"summary_large_image\" \/>\n<meta name=\"twitter:label1\" content=\"Written by\" \/>\n\t<meta name=\"twitter:data1\" content=\"Andreas Ylijarvi\" \/>\n\t<meta name=\"twitter:label2\" content=\"Est. reading time\" \/>\n\t<meta name=\"twitter:data2\" content=\"1 minuutti\" \/>\n<script type=\"application\/ld+json\" class=\"yoast-schema-graph\">{\"@context\":\"https:\\\/\\\/schema.org\",\"@graph\":[{\"@type\":\"Article\",\"@id\":\"https:\\\/\\\/www.senaatti.fi\\\/asema-alueet\\\/ajankohtaista\\\/uutiset\\\/karjaan-rautatieaseman-pysakointialueen-hallinnointi-siirtyy-raaseporin-kaupungille\\\/#article\",\"isPartOf\":{\"@id\":\"https:\\\/\\\/www.senaatti.fi\\\/asema-alueet\\\/ajankohtaista\\\/uutiset\\\/karjaan-rautatieaseman-pysakointialueen-hallinnointi-siirtyy-raaseporin-kaupungille\\\/\"},\"author\":{\"name\":\"Andreas Ylijarvi\",\"@id\":\"https:\\\/\\\/www.senaatti.fi\\\/asema-alueet\\\/#\\\/schema\\\/person\\\/19ebcd857f41fa4cf02102cd128abc46\"},\"headline\":\"Karjaan rautatieaseman pys\u00e4k\u00f6intialueen hallinnointi siirtyy Raaseporin kaupungille\",\"datePublished\":\"2021-06-24T09:00:23+00:00\",\"mainEntityOfPage\":{\"@id\":\"https:\\\/\\\/www.senaatti.fi\\\/asema-alueet\\\/ajankohtaista\\\/uutiset\\\/karjaan-rautatieaseman-pysakointialueen-hallinnointi-siirtyy-raaseporin-kaupungille\\\/\"},\"wordCount\":188,\"commentCount\":0,\"articleSection\":[\"Senaatin Asema-alueet Oy\"],\"inLanguage\":\"fi\"},{\"@type\":\"WebPage\",\"@id\":\"https:\\\/\\\/www.senaatti.fi\\\/asema-alueet\\\/ajankohtaista\\\/uutiset\\\/karjaan-rautatieaseman-pysakointialueen-hallinnointi-siirtyy-raaseporin-kaupungille\\\/\",\"url\":\"https:\\\/\\\/www.senaatti.fi\\\/asema-alueet\\\/ajankohtaista\\\/uutiset\\\/karjaan-rautatieaseman-pysakointialueen-hallinnointi-siirtyy-raaseporin-kaupungille\\\/\",\"name\":\"Karjaan rautatieaseman pys\u00e4k\u00f6intialueen hallinnointi siirtyy Raaseporin kaupungille - Senaatti\",\"isPartOf\":{\"@id\":\"https:\\\/\\\/www.senaatti.fi\\\/asema-alueet\\\/#website\"},\"datePublished\":\"2021-06-24T09:00:23+00:00\",\"author\":{\"@id\":\"https:\\\/\\\/www.senaatti.fi\\\/asema-alueet\\\/#\\\/schema\\\/person\\\/19ebcd857f41fa4cf02102cd128abc46\"},\"description\":\"Senaatin Asema-alueet Oy ja Raaseporin kaupunki ovat allekirjoittaneet k\u00e4ytt\u00f6oikeussopimuksen Karjaan rautatieaseman pys\u00e4k\u00f6intialueesta. Pys\u00e4k\u00f6inti\",\"breadcrumb\":{\"@id\":\"https:\\\/\\\/www.senaatti.fi\\\/asema-alueet\\\/ajankohtaista\\\/uutiset\\\/karjaan-rautatieaseman-pysakointialueen-hallinnointi-siirtyy-raaseporin-kaupungille\\\/#breadcrumb\"},\"inLanguage\":\"fi\",\"potentialAction\":[{\"@type\":\"ReadAction\",\"target\":[\"https:\\\/\\\/www.senaatti.fi\\\/asema-alueet\\\/ajankohtaista\\\/uutiset\\\/karjaan-rautatieaseman-pysakointialueen-hallinnointi-siirtyy-raaseporin-kaupungille\\\/\"]}]},{\"@type\":\"BreadcrumbList\",\"@id\":\"https:\\\/\\\/www.senaatti.fi\\\/asema-alueet\\\/ajankohtaista\\\/uutiset\\\/karjaan-rautatieaseman-pysakointialueen-hallinnointi-siirtyy-raaseporin-kaupungille\\\/#breadcrumb\",\"itemListElement\":[{\"@type\":\"ListItem\",\"position\":1,\"name\":\"Etusivu\",\"item\":\"https:\\\/\\\/www.senaatti.fi\\\/asema-alueet\\\/\"},{\"@type\":\"ListItem\",\"position\":2,\"name\":\"Karjaan rautatieaseman pys\u00e4k\u00f6intialueen hallinnointi siirtyy Raaseporin kaupungille\"}]},{\"@type\":\"WebSite\",\"@id\":\"https:\\\/\\\/www.senaatti.fi\\\/asema-alueet\\\/#website\",\"url\":\"https:\\\/\\\/www.senaatti.fi\\\/asema-alueet\\\/\",\"name\":\"Asema-alueet\",\"description\":\"Senaatin Asema-alueet\",\"potentialAction\":[{\"@type\":\"SearchAction\",\"target\":{\"@type\":\"EntryPoint\",\"urlTemplate\":\"https:\\\/\\\/www.senaatti.fi\\\/asema-alueet\\\/?s={search_term_string}\"},\"query-input\":{\"@type\":\"PropertyValueSpecification\",\"valueRequired\":true,\"valueName\":\"search_term_string\"}}],\"inLanguage\":\"fi\"},{\"@type\":\"Person\",\"@id\":\"https:\\\/\\\/www.senaatti.fi\\\/asema-alueet\\\/#\\\/schema\\\/person\\\/19ebcd857f41fa4cf02102cd128abc46\",\"name\":\"Andreas Ylijarvi\",\"image\":{\"@type\":\"ImageObject\",\"inLanguage\":\"fi\",\"@id\":\"https:\\\/\\\/secure.gravatar.com\\\/avatar\\\/da48797f91660605745175abd9fe82263292008bf52cf452340b960fcdab186f?s=96&d=mm&r=g\",\"url\":\"https:\\\/\\\/secure.gravatar.com\\\/avatar\\\/da48797f91660605745175abd9fe82263292008bf52cf452340b960fcdab186f?s=96&d=mm&r=g\",\"contentUrl\":\"https:\\\/\\\/secure.gravatar.com\\\/avatar\\\/da48797f91660605745175abd9fe82263292008bf52cf452340b960fcdab186f?s=96&d=mm&r=g\",\"caption\":\"Andreas Ylijarvi\"}}]}<\/script>\n<!-- \/ Yoast SEO plugin. -->","yoast_head_json":{"title":"Karjaan rautatieaseman pys\u00e4k\u00f6intialueen hallinnointi siirtyy Raaseporin kaupungille - Senaatti","description":"Senaatin Asema-alueet Oy ja Raaseporin kaupunki ovat allekirjoittaneet k\u00e4ytt\u00f6oikeussopimuksen Karjaan rautatieaseman pys\u00e4k\u00f6intialueesta. Pys\u00e4k\u00f6inti","robots":{"index":"index","follow":"follow","max-snippet":"max-snippet:-1","max-image-preview":"max-image-preview:large","max-video-preview":"max-video-preview:-1"},"canonical":"https:\/\/www.senaatti.fi\/asema-alueet\/ajankohtaista\/uutiset\/karjaan-rautatieaseman-pysakointialueen-hallinnointi-siirtyy-raaseporin-kaupungille\/","og_locale":"fi_FI","og_type":"article","og_title":"Karjaan rautatieaseman pys\u00e4k\u00f6intialueen hallinnointi siirtyy Raaseporin kaupungille - Senaatti","og_description":"Senaatin Asema-alueet Oy ja Raaseporin kaupunki ovat allekirjoittaneet k\u00e4ytt\u00f6oikeussopimuksen Karjaan rautatieaseman pys\u00e4k\u00f6intialueesta. Pys\u00e4k\u00f6inti","og_url":"https:\/\/www.senaatti.fi\/asema-alueet\/ajankohtaista\/uutiset\/karjaan-rautatieaseman-pysakointialueen-hallinnointi-siirtyy-raaseporin-kaupungille\/","og_site_name":"Senaatti","article_published_time":"2021-06-24T09:00:23+00:00","author":"Andreas Ylijarvi","twitter_card":"summary_large_image","twitter_misc":{"Written by":"Andreas Ylijarvi","Est. reading time":"1 minuutti"},"schema":{"@context":"https:\/\/schema.org","@graph":[{"@type":"Article","@id":"https:\/\/www.senaatti.fi\/asema-alueet\/ajankohtaista\/uutiset\/karjaan-rautatieaseman-pysakointialueen-hallinnointi-siirtyy-raaseporin-kaupungille\/#article","isPartOf":{"@id":"https:\/\/www.senaatti.fi\/asema-alueet\/ajankohtaista\/uutiset\/karjaan-rautatieaseman-pysakointialueen-hallinnointi-siirtyy-raaseporin-kaupungille\/"},"author":{"name":"Andreas Ylijarvi","@id":"https:\/\/www.senaatti.fi\/asema-alueet\/#\/schema\/person\/19ebcd857f41fa4cf02102cd128abc46"},"headline":"Karjaan rautatieaseman pys\u00e4k\u00f6intialueen hallinnointi siirtyy Raaseporin kaupungille","datePublished":"2021-06-24T09:00:23+00:00","mainEntityOfPage":{"@id":"https:\/\/www.senaatti.fi\/asema-alueet\/ajankohtaista\/uutiset\/karjaan-rautatieaseman-pysakointialueen-hallinnointi-siirtyy-raaseporin-kaupungille\/"},"wordCount":188,"commentCount":0,"articleSection":["Senaatin Asema-alueet Oy"],"inLanguage":"fi"},{"@type":"WebPage","@id":"https:\/\/www.senaatti.fi\/asema-alueet\/ajankohtaista\/uutiset\/karjaan-rautatieaseman-pysakointialueen-hallinnointi-siirtyy-raaseporin-kaupungille\/","url":"https:\/\/www.senaatti.fi\/asema-alueet\/ajankohtaista\/uutiset\/karjaan-rautatieaseman-pysakointialueen-hallinnointi-siirtyy-raaseporin-kaupungille\/","name":"Karjaan rautatieaseman pys\u00e4k\u00f6intialueen hallinnointi siirtyy Raaseporin kaupungille - Senaatti","isPartOf":{"@id":"https:\/\/www.senaatti.fi\/asema-alueet\/#website"},"datePublished":"2021-06-24T09:00:23+00:00","author":{"@id":"https:\/\/www.senaatti.fi\/asema-alueet\/#\/schema\/person\/19ebcd857f41fa4cf02102cd128abc46"},"description":"Senaatin Asema-alueet Oy ja Raaseporin kaupunki ovat allekirjoittaneet k\u00e4ytt\u00f6oikeussopimuksen Karjaan rautatieaseman pys\u00e4k\u00f6intialueesta. Pys\u00e4k\u00f6inti","breadcrumb":{"@id":"https:\/\/www.senaatti.fi\/asema-alueet\/ajankohtaista\/uutiset\/karjaan-rautatieaseman-pysakointialueen-hallinnointi-siirtyy-raaseporin-kaupungille\/#breadcrumb"},"inLanguage":"fi","potentialAction":[{"@type":"ReadAction","target":["https:\/\/www.senaatti.fi\/asema-alueet\/ajankohtaista\/uutiset\/karjaan-rautatieaseman-pysakointialueen-hallinnointi-siirtyy-raaseporin-kaupungille\/"]}]},{"@type":"BreadcrumbList","@id":"https:\/\/www.senaatti.fi\/asema-alueet\/ajankohtaista\/uutiset\/karjaan-rautatieaseman-pysakointialueen-hallinnointi-siirtyy-raaseporin-kaupungille\/#breadcrumb","itemListElement":[{"@type":"ListItem","position":1,"name":"Etusivu","item":"https:\/\/www.senaatti.fi\/asema-alueet\/"},{"@type":"ListItem","position":2,"name":"Karjaan rautatieaseman pys\u00e4k\u00f6intialueen hallinnointi siirtyy Raaseporin kaupungille"}]},{"@type":"WebSite","@id":"https:\/\/www.senaatti.fi\/asema-alueet\/#website","url":"https:\/\/www.senaatti.fi\/asema-alueet\/","name":"Asema-alueet","description":"Senaatin Asema-alueet","potentialAction":[{"@type":"SearchAction","target":{"@type":"EntryPoint","urlTemplate":"https:\/\/www.senaatti.fi\/asema-alueet\/?s={search_term_string}"},"query-input":{"@type":"PropertyValueSpecification","valueRequired":true,"valueName":"search_term_string"}}],"inLanguage":"fi"},{"@type":"Person","@id":"https:\/\/www.senaatti.fi\/asema-alueet\/#\/schema\/person\/19ebcd857f41fa4cf02102cd128abc46","name":"Andreas Ylijarvi","image":{"@type":"ImageObject","inLanguage":"fi","@id":"https:\/\/secure.gravatar.com\/avatar\/da48797f91660605745175abd9fe82263292008bf52cf452340b960fcdab186f?s=96&d=mm&r=g","url":"https:\/\/secure.gravatar.com\/avatar\/da48797f91660605745175abd9fe82263292008bf52cf452340b960fcdab186f?s=96&d=mm&r=g","contentUrl":"https:\/\/secure.gravatar.com\/avatar\/da48797f91660605745175abd9fe82263292008bf52cf452340b960fcdab186f?s=96&d=mm&r=g","caption":"Andreas Ylijarvi"}}]}},"lang":"fi","translations":{"fi":1320},"pll_sync_post":[],"_links":{"self":[{"href":"https:\/\/www.senaatti.fi\/asema-alueet\/wp-json\/wp\/v2\/posts\/1320","targetHints":{"allow":["GET"]}}],"collection":[{"href":"https:\/\/www.senaatti.fi\/asema-alueet\/wp-json\/wp\/v2\/posts"}],"about":[{"href":"https:\/\/www.senaatti.fi\/asema-alueet\/wp-json\/wp\/v2\/types\/post"}],"author":[{"embeddable":true,"href":"https:\/\/www.senaatti.fi\/asema-alueet\/wp-json\/wp\/v2\/users\/16"}],"replies":[{"embeddable":true,"href":"https:\/\/www.senaatti.fi\/asema-alueet\/wp-json\/wp\/v2\/comments?post=1320"}],"version-history":[{"count":3,"href":"https:\/\/www.senaatti.fi\/asema-alueet\/wp-json\/wp\/v2\/posts\/1320\/revisions"}],"predecessor-version":[{"id":1326,"href":"https:\/\/www.senaatti.fi\/asema-alueet\/wp-json\/wp\/v2\/posts\/1320\/revisions\/1326"}],"wp:attachment":[{"href":"https:\/\/www.senaatti.fi\/asema-alueet\/wp-json\/wp\/v2\/media?parent=1320"}],"wp:term":[{"taxonomy":"senaatti_type","embeddable":true,"href":"https:\/\/www.senaatti.fi\/asema-alueet\/wp-json\/wp\/v2\/senaatti_type?post=1320"}],"curies":[{"name":"wp","href":"https:\/\/api.w.org\/{rel}","templated":true}]}}