{"id":1314,"date":"2021-06-09T08:00:24","date_gmt":"2021-06-09T08:00:24","guid":{"rendered":"https:\/\/www.senaatti.fi\/asema-alueet\/?p=1314"},"modified":"2021-06-10T06:13:20","modified_gmt":"2021-06-10T06:13:20","slug":"senaatin-asema-alueet-oyn-omistamalla-kuopion-vanhan-aseman-alueella-kaynnistyy-kaavoitus","status":"publish","type":"post","link":"https:\/\/www.senaatti.fi\/asema-alueet\/ajankohtaista\/uutiset\/senaatin-asema-alueet-oyn-omistamalla-kuopion-vanhan-aseman-alueella-kaynnistyy-kaavoitus\/","title":{"rendered":"Senaatin Asema-alueet Oy:n omistamalla Kuopion Vanhan Aseman alueella k\u00e4ynnistyy kaavoitus"},"content":{"rendered":"<p><strong>Kuopion kaupunki k\u00e4ynnist\u00e4\u00e4 uuden asemakaavan laatimisen Itkonniemen kaupunginosaan Vanhan Aseman alueelle, joka on osittain Senaatin Asema-alueet Oy:n omistuksessa. Kaavoitus k\u00e4ynnistyy 16.6.2021 kaupunkirakennelautakunnalle annettavalla tiedoksiannolla, jonka liitteen\u00e4 olevassa osallistumis- ja arviointisuunnitelmassa esitell\u00e4\u00e4n kaavan l\u00e4ht\u00f6kohtia, sis\u00e4lt\u00f6\u00e4 ja tavoitteita. Tavoitteena on saada lainvoimainen kaava valmiiksi vuoden 2022 lopussa.<\/strong><\/p>\n<p>\u201dOmistamme kaavoitettavan alueen etel\u00e4iset osat ja kehitt\u00e4mme niit\u00e4 yhteisty\u00f6ss\u00e4 kaupungin kanssa. Muutoksessa on t\u00e4rke\u00e4\u00e4 ymm\u00e4rt\u00e4\u00e4, miten yli 130 vuotta konepajak\u00e4yt\u00f6ss\u00e4 ollut alue ja sen historiallinen rakennuskanta voisivat jatkossa sopeutua uuteen k\u00e4ytt\u00f6\u00f6n sek\u00e4 liitty\u00e4 tiiviimmin osaksi Kuopion keskustaa\u201d, sanoo Senaatin Asema-alueet Oy:n kiinteist\u00f6kehitysp\u00e4\u00e4llikk\u00f6 <strong>Elias Rainio<\/strong>.<\/p>\n<p>Suunnittelualue k\u00e4sitt\u00e4\u00e4 ratapiha-alueen sek\u00e4 Pohjolankadun, Pohjolanpuiston \u2013 Kullervonpuiston ja Kullervonkadun rajaaman \u201dVanhan aseman alueen\u201d. Alueella sijaitsee useita eri aikakaudella rakennettuja eri k\u00e4ytt\u00f6tarkoituksiin tarkoitettuja rakennuksia.<\/p>\n<p>Asemakaavan muutos mahdollistaa rautatieliikenteen k\u00e4yt\u00f6ss\u00e4 olevan alueen muuttumisen asuin-, liike- ja toimisto- ja yleisten rakennusten alueeksi. Alueelle toivotaan syntyv\u00e4n asumisen lis\u00e4ksi ty\u00f6paikkoja. Rakentaminen tulee tulevaisuudessa muuttamaan M\u00e4nnist\u00f6\u00f6n viev\u00e4n Pohjolankadun katun\u00e4kym\u00e4\u00e4 ja rautatien l\u00e4hiseudun kaupunkikuvaa.<\/p>\n<p>Kaavahankkeen etenemist\u00e4 voi seurata my\u00f6s kaupungin sivuilla <a href=\"https:\/\/www.kuopio.fi\/fi\/ajankohtaiset-asemakaavat\">https:\/\/www.kuopio.fi\/fi\/ajankohtaiset-asemakaavat<\/a>.<\/p>\n<p><strong>Lis\u00e4tiedot:<\/strong><\/p>\n<p>Senaatin Asema-alueet Oy<\/p>\n<p>Elias Rainio, kiinteist\u00f6kehitysp\u00e4\u00e4llikk\u00f6<\/p>\n<p>+358 50 439 1337, <a href=\"mailto:elias.rainio@senaatti.fi\">elias.rainio@senaatti.fi<\/a><\/p>\n<p>Kuopion kaupunki<\/p>\n<p>Pauli Sonninen, va. asemakaavap\u00e4\u00e4llikk\u00f6,<\/p>\n<p>+358 44 7185439, <a href=\"mailto:pauli.sonninen@kuopio.fi\">pauli.sonninen@kuopio.fi<\/a><\/p>\n<p><em><b>Senaatin Asema-alueet Oy<\/b><\/em> on Senaatti-kiinteist\u00f6jen tyt\u00e4ryhti\u00f6, jonka teht\u00e4v\u00e4n\u00e4 on kehitt\u00e4\u00e4 junaliikenteen asema-alueita 22 paikkakunnalla. Yhti\u00f6 kehitt\u00e4\u00e4 asema-alueiden k\u00e4ytt\u00f6tarkoituksia ensisijaisesti kaavoituksen keinoin ja helpottaa alueiden monipuolista hy\u00f6dynt\u00e4mist\u00e4 asuntorakentamisessa, liiketoiminnassa ja liikenteen solmukohtina. Senaatin Asema-alueet Oy vastaa alueiden kehitt\u00e4misest\u00e4 tiiviiss\u00e4 yhteisty\u00f6ss\u00e4 kaupunkien ja kuntien kanssa. Yhti\u00f6n teht\u00e4v\u00e4n\u00e4 on myyd\u00e4 kehitt\u00e4m\u00e4ns\u00e4 kiinteist\u00f6t. <strong><i><a href=\"https:\/\/www.senaatti.fi\/asema-alueet\">www.senaatti.fi\/asema-alueet<\/a><\/i><\/strong><\/p>\n","protected":false},"excerpt":{"rendered":"<p>Kuopion kaupunki k\u00e4ynnist\u00e4\u00e4 uuden asemakaavan laatimisen Itkonniemen kaupunginosaan Vanhan Aseman alueelle, joka on osittain Senaatin Asema-alueet Oy:n omistuksessa. Kaavoitus k\u00e4ynnistyy 16.6.2021 kaupunkirakennelautakunnalle annettavalla tiedoksiannolla, jonka liitteen\u00e4 olevassa osallistumis- ja arviointisuunnitelmassa esitell\u00e4\u00e4n kaavan l\u00e4ht\u00f6kohtia, sis\u00e4lt\u00f6\u00e4 ja tavoitteita. Tavoitteena on saada lainvoimainen kaava valmiiksi vuoden 2022 lopussa. \u201dOmistamme kaavoitettavan alueen etel\u00e4iset osat ja kehitt\u00e4mme niit\u00e4 yhteisty\u00f6ss\u00e4 kaupungin [&hellip;]<\/p>\n","protected":false},"author":16,"featured_media":1316,"comment_status":"open","ping_status":"open","sticky":false,"template":"","format":"standard","meta":{"_acf_changed":false,"footnotes":""},"senaatti_type":[],"class_list":["post-1314","post","type-post","status-publish","format-standard","has-post-thumbnail","hentry"],"acf":[],"yoast_head":"<!-- This site is optimized with the Yoast SEO plugin v27.3 - https:\/\/yoast.com\/product\/yoast-seo-wordpress\/ -->\n<title>Senaatin Asema-alueet Oy:n omistamalla Kuopion Vanhan Aseman alueella k\u00e4ynnistyy kaavoitus - Senaatti<\/title>\n<meta name=\"description\" content=\"Kuopion kaupunki k\u00e4ynnist\u00e4\u00e4 uuden asemakaavan laatimisen Itkonniemen kaupunginosaan Vanhan Aseman alueelle, joka on osittain Senaatin Asema-alueet Oy:n\" \/>\n<meta name=\"robots\" content=\"index, follow, max-snippet:-1, max-image-preview:large, max-video-preview:-1\" \/>\n<link rel=\"canonical\" href=\"https:\/\/www.senaatti.fi\/asema-alueet\/ajankohtaista\/uutiset\/senaatin-asema-alueet-oyn-omistamalla-kuopion-vanhan-aseman-alueella-kaynnistyy-kaavoitus\/\" \/>\n<meta property=\"og:locale\" content=\"fi_FI\" \/>\n<meta property=\"og:type\" content=\"article\" \/>\n<meta property=\"og:title\" content=\"Senaatin Asema-alueet Oy:n omistamalla Kuopion Vanhan Aseman alueella k\u00e4ynnistyy kaavoitus - Senaatti\" \/>\n<meta property=\"og:description\" content=\"Kuopion kaupunki k\u00e4ynnist\u00e4\u00e4 uuden asemakaavan laatimisen Itkonniemen kaupunginosaan Vanhan Aseman alueelle, joka on osittain Senaatin Asema-alueet Oy:n\" \/>\n<meta property=\"og:url\" content=\"https:\/\/www.senaatti.fi\/asema-alueet\/ajankohtaista\/uutiset\/senaatin-asema-alueet-oyn-omistamalla-kuopion-vanhan-aseman-alueella-kaynnistyy-kaavoitus\/\" \/>\n<meta property=\"og:site_name\" content=\"Senaatti\" \/>\n<meta property=\"article:published_time\" content=\"2021-06-09T08:00:24+00:00\" \/>\n<meta property=\"article:modified_time\" content=\"2021-06-10T06:13:20+00:00\" \/>\n<meta property=\"og:image\" content=\"https:\/\/www.senaatti.fi\/app\/uploads\/sites\/6\/2021\/06\/Kuopion-Vanhan-Aseman-alue-1024x535.png\" \/>\n\t<meta property=\"og:image:width\" content=\"1024\" \/>\n\t<meta property=\"og:image:height\" content=\"535\" \/>\n\t<meta property=\"og:image:type\" content=\"image\/png\" \/>\n<meta name=\"author\" content=\"Andreas Ylijarvi\" \/>\n<meta name=\"twitter:card\" content=\"summary_large_image\" \/>\n<meta name=\"twitter:label1\" content=\"Written by\" \/>\n\t<meta name=\"twitter:data1\" content=\"Andreas Ylijarvi\" \/>\n\t<meta name=\"twitter:label2\" content=\"Est. reading time\" \/>\n\t<meta name=\"twitter:data2\" content=\"1 minuutti\" \/>\n<script type=\"application\/ld+json\" class=\"yoast-schema-graph\">{\"@context\":\"https:\\\/\\\/schema.org\",\"@graph\":[{\"@type\":\"Article\",\"@id\":\"https:\\\/\\\/www.senaatti.fi\\\/asema-alueet\\\/ajankohtaista\\\/uutiset\\\/senaatin-asema-alueet-oyn-omistamalla-kuopion-vanhan-aseman-alueella-kaynnistyy-kaavoitus\\\/#article\",\"isPartOf\":{\"@id\":\"https:\\\/\\\/www.senaatti.fi\\\/asema-alueet\\\/ajankohtaista\\\/uutiset\\\/senaatin-asema-alueet-oyn-omistamalla-kuopion-vanhan-aseman-alueella-kaynnistyy-kaavoitus\\\/\"},\"author\":{\"name\":\"Andreas Ylijarvi\",\"@id\":\"https:\\\/\\\/www.senaatti.fi\\\/asema-alueet\\\/#\\\/schema\\\/person\\\/19ebcd857f41fa4cf02102cd128abc46\"},\"headline\":\"Senaatin Asema-alueet Oy:n omistamalla Kuopion Vanhan Aseman alueella k\u00e4ynnistyy kaavoitus\",\"datePublished\":\"2021-06-09T08:00:24+00:00\",\"dateModified\":\"2021-06-10T06:13:20+00:00\",\"mainEntityOfPage\":{\"@id\":\"https:\\\/\\\/www.senaatti.fi\\\/asema-alueet\\\/ajankohtaista\\\/uutiset\\\/senaatin-asema-alueet-oyn-omistamalla-kuopion-vanhan-aseman-alueella-kaynnistyy-kaavoitus\\\/\"},\"wordCount\":294,\"commentCount\":0,\"image\":{\"@id\":\"https:\\\/\\\/www.senaatti.fi\\\/asema-alueet\\\/ajankohtaista\\\/uutiset\\\/senaatin-asema-alueet-oyn-omistamalla-kuopion-vanhan-aseman-alueella-kaynnistyy-kaavoitus\\\/#primaryimage\"},\"thumbnailUrl\":\"https:\\\/\\\/www.senaatti.fi\\\/app\\\/uploads\\\/sites\\\/6\\\/2021\\\/06\\\/Kuopion-Vanhan-Aseman-alue.png\",\"articleSection\":[\"Senaatin Asema-alueet Oy\"],\"inLanguage\":\"fi\"},{\"@type\":\"WebPage\",\"@id\":\"https:\\\/\\\/www.senaatti.fi\\\/asema-alueet\\\/ajankohtaista\\\/uutiset\\\/senaatin-asema-alueet-oyn-omistamalla-kuopion-vanhan-aseman-alueella-kaynnistyy-kaavoitus\\\/\",\"url\":\"https:\\\/\\\/www.senaatti.fi\\\/asema-alueet\\\/ajankohtaista\\\/uutiset\\\/senaatin-asema-alueet-oyn-omistamalla-kuopion-vanhan-aseman-alueella-kaynnistyy-kaavoitus\\\/\",\"name\":\"Senaatin Asema-alueet Oy:n omistamalla Kuopion Vanhan Aseman alueella k\u00e4ynnistyy kaavoitus - Senaatti\",\"isPartOf\":{\"@id\":\"https:\\\/\\\/www.senaatti.fi\\\/asema-alueet\\\/#website\"},\"primaryImageOfPage\":{\"@id\":\"https:\\\/\\\/www.senaatti.fi\\\/asema-alueet\\\/ajankohtaista\\\/uutiset\\\/senaatin-asema-alueet-oyn-omistamalla-kuopion-vanhan-aseman-alueella-kaynnistyy-kaavoitus\\\/#primaryimage\"},\"image\":{\"@id\":\"https:\\\/\\\/www.senaatti.fi\\\/asema-alueet\\\/ajankohtaista\\\/uutiset\\\/senaatin-asema-alueet-oyn-omistamalla-kuopion-vanhan-aseman-alueella-kaynnistyy-kaavoitus\\\/#primaryimage\"},\"thumbnailUrl\":\"https:\\\/\\\/www.senaatti.fi\\\/app\\\/uploads\\\/sites\\\/6\\\/2021\\\/06\\\/Kuopion-Vanhan-Aseman-alue.png\",\"datePublished\":\"2021-06-09T08:00:24+00:00\",\"dateModified\":\"2021-06-10T06:13:20+00:00\",\"author\":{\"@id\":\"https:\\\/\\\/www.senaatti.fi\\\/asema-alueet\\\/#\\\/schema\\\/person\\\/19ebcd857f41fa4cf02102cd128abc46\"},\"description\":\"Kuopion kaupunki k\u00e4ynnist\u00e4\u00e4 uuden asemakaavan laatimisen Itkonniemen kaupunginosaan Vanhan Aseman alueelle, joka on osittain Senaatin Asema-alueet Oy:n\",\"breadcrumb\":{\"@id\":\"https:\\\/\\\/www.senaatti.fi\\\/asema-alueet\\\/ajankohtaista\\\/uutiset\\\/senaatin-asema-alueet-oyn-omistamalla-kuopion-vanhan-aseman-alueella-kaynnistyy-kaavoitus\\\/#breadcrumb\"},\"inLanguage\":\"fi\",\"potentialAction\":[{\"@type\":\"ReadAction\",\"target\":[\"https:\\\/\\\/www.senaatti.fi\\\/asema-alueet\\\/ajankohtaista\\\/uutiset\\\/senaatin-asema-alueet-oyn-omistamalla-kuopion-vanhan-aseman-alueella-kaynnistyy-kaavoitus\\\/\"]}]},{\"@type\":\"ImageObject\",\"inLanguage\":\"fi\",\"@id\":\"https:\\\/\\\/www.senaatti.fi\\\/asema-alueet\\\/ajankohtaista\\\/uutiset\\\/senaatin-asema-alueet-oyn-omistamalla-kuopion-vanhan-aseman-alueella-kaynnistyy-kaavoitus\\\/#primaryimage\",\"url\":\"https:\\\/\\\/www.senaatti.fi\\\/app\\\/uploads\\\/sites\\\/6\\\/2021\\\/06\\\/Kuopion-Vanhan-Aseman-alue.png\",\"contentUrl\":\"https:\\\/\\\/www.senaatti.fi\\\/app\\\/uploads\\\/sites\\\/6\\\/2021\\\/06\\\/Kuopion-Vanhan-Aseman-alue.png\",\"width\":1146,\"height\":599},{\"@type\":\"BreadcrumbList\",\"@id\":\"https:\\\/\\\/www.senaatti.fi\\\/asema-alueet\\\/ajankohtaista\\\/uutiset\\\/senaatin-asema-alueet-oyn-omistamalla-kuopion-vanhan-aseman-alueella-kaynnistyy-kaavoitus\\\/#breadcrumb\",\"itemListElement\":[{\"@type\":\"ListItem\",\"position\":1,\"name\":\"Etusivu\",\"item\":\"https:\\\/\\\/www.senaatti.fi\\\/asema-alueet\\\/\"},{\"@type\":\"ListItem\",\"position\":2,\"name\":\"Senaatin Asema-alueet Oy:n omistamalla Kuopion Vanhan Aseman alueella k\u00e4ynnistyy kaavoitus\"}]},{\"@type\":\"WebSite\",\"@id\":\"https:\\\/\\\/www.senaatti.fi\\\/asema-alueet\\\/#website\",\"url\":\"https:\\\/\\\/www.senaatti.fi\\\/asema-alueet\\\/\",\"name\":\"Asema-alueet\",\"description\":\"Senaatin Asema-alueet\",\"potentialAction\":[{\"@type\":\"SearchAction\",\"target\":{\"@type\":\"EntryPoint\",\"urlTemplate\":\"https:\\\/\\\/www.senaatti.fi\\\/asema-alueet\\\/?s={search_term_string}\"},\"query-input\":{\"@type\":\"PropertyValueSpecification\",\"valueRequired\":true,\"valueName\":\"search_term_string\"}}],\"inLanguage\":\"fi\"},{\"@type\":\"Person\",\"@id\":\"https:\\\/\\\/www.senaatti.fi\\\/asema-alueet\\\/#\\\/schema\\\/person\\\/19ebcd857f41fa4cf02102cd128abc46\",\"name\":\"Andreas Ylijarvi\",\"image\":{\"@type\":\"ImageObject\",\"inLanguage\":\"fi\",\"@id\":\"https:\\\/\\\/secure.gravatar.com\\\/avatar\\\/da48797f91660605745175abd9fe82263292008bf52cf452340b960fcdab186f?s=96&d=mm&r=g\",\"url\":\"https:\\\/\\\/secure.gravatar.com\\\/avatar\\\/da48797f91660605745175abd9fe82263292008bf52cf452340b960fcdab186f?s=96&d=mm&r=g\",\"contentUrl\":\"https:\\\/\\\/secure.gravatar.com\\\/avatar\\\/da48797f91660605745175abd9fe82263292008bf52cf452340b960fcdab186f?s=96&d=mm&r=g\",\"caption\":\"Andreas Ylijarvi\"}}]}<\/script>\n<!-- \/ Yoast SEO plugin. -->","yoast_head_json":{"title":"Senaatin Asema-alueet Oy:n omistamalla Kuopion Vanhan Aseman alueella k\u00e4ynnistyy kaavoitus - Senaatti","description":"Kuopion kaupunki k\u00e4ynnist\u00e4\u00e4 uuden asemakaavan laatimisen Itkonniemen kaupunginosaan Vanhan Aseman alueelle, joka on osittain Senaatin Asema-alueet Oy:n","robots":{"index":"index","follow":"follow","max-snippet":"max-snippet:-1","max-image-preview":"max-image-preview:large","max-video-preview":"max-video-preview:-1"},"canonical":"https:\/\/www.senaatti.fi\/asema-alueet\/ajankohtaista\/uutiset\/senaatin-asema-alueet-oyn-omistamalla-kuopion-vanhan-aseman-alueella-kaynnistyy-kaavoitus\/","og_locale":"fi_FI","og_type":"article","og_title":"Senaatin Asema-alueet Oy:n omistamalla Kuopion Vanhan Aseman alueella k\u00e4ynnistyy kaavoitus - Senaatti","og_description":"Kuopion kaupunki k\u00e4ynnist\u00e4\u00e4 uuden asemakaavan laatimisen Itkonniemen kaupunginosaan Vanhan Aseman alueelle, joka on osittain Senaatin Asema-alueet Oy:n","og_url":"https:\/\/www.senaatti.fi\/asema-alueet\/ajankohtaista\/uutiset\/senaatin-asema-alueet-oyn-omistamalla-kuopion-vanhan-aseman-alueella-kaynnistyy-kaavoitus\/","og_site_name":"Senaatti","article_published_time":"2021-06-09T08:00:24+00:00","article_modified_time":"2021-06-10T06:13:20+00:00","og_image":[{"width":1024,"height":535,"url":"https:\/\/www.senaatti.fi\/app\/uploads\/sites\/6\/2021\/06\/Kuopion-Vanhan-Aseman-alue-1024x535.png","type":"image\/png"}],"author":"Andreas Ylijarvi","twitter_card":"summary_large_image","twitter_misc":{"Written by":"Andreas Ylijarvi","Est. reading time":"1 minuutti"},"schema":{"@context":"https:\/\/schema.org","@graph":[{"@type":"Article","@id":"https:\/\/www.senaatti.fi\/asema-alueet\/ajankohtaista\/uutiset\/senaatin-asema-alueet-oyn-omistamalla-kuopion-vanhan-aseman-alueella-kaynnistyy-kaavoitus\/#article","isPartOf":{"@id":"https:\/\/www.senaatti.fi\/asema-alueet\/ajankohtaista\/uutiset\/senaatin-asema-alueet-oyn-omistamalla-kuopion-vanhan-aseman-alueella-kaynnistyy-kaavoitus\/"},"author":{"name":"Andreas Ylijarvi","@id":"https:\/\/www.senaatti.fi\/asema-alueet\/#\/schema\/person\/19ebcd857f41fa4cf02102cd128abc46"},"headline":"Senaatin Asema-alueet Oy:n omistamalla Kuopion Vanhan Aseman alueella k\u00e4ynnistyy kaavoitus","datePublished":"2021-06-09T08:00:24+00:00","dateModified":"2021-06-10T06:13:20+00:00","mainEntityOfPage":{"@id":"https:\/\/www.senaatti.fi\/asema-alueet\/ajankohtaista\/uutiset\/senaatin-asema-alueet-oyn-omistamalla-kuopion-vanhan-aseman-alueella-kaynnistyy-kaavoitus\/"},"wordCount":294,"commentCount":0,"image":{"@id":"https:\/\/www.senaatti.fi\/asema-alueet\/ajankohtaista\/uutiset\/senaatin-asema-alueet-oyn-omistamalla-kuopion-vanhan-aseman-alueella-kaynnistyy-kaavoitus\/#primaryimage"},"thumbnailUrl":"https:\/\/www.senaatti.fi\/app\/uploads\/sites\/6\/2021\/06\/Kuopion-Vanhan-Aseman-alue.png","articleSection":["Senaatin Asema-alueet Oy"],"inLanguage":"fi"},{"@type":"WebPage","@id":"https:\/\/www.senaatti.fi\/asema-alueet\/ajankohtaista\/uutiset\/senaatin-asema-alueet-oyn-omistamalla-kuopion-vanhan-aseman-alueella-kaynnistyy-kaavoitus\/","url":"https:\/\/www.senaatti.fi\/asema-alueet\/ajankohtaista\/uutiset\/senaatin-asema-alueet-oyn-omistamalla-kuopion-vanhan-aseman-alueella-kaynnistyy-kaavoitus\/","name":"Senaatin Asema-alueet Oy:n omistamalla Kuopion Vanhan Aseman alueella k\u00e4ynnistyy kaavoitus - Senaatti","isPartOf":{"@id":"https:\/\/www.senaatti.fi\/asema-alueet\/#website"},"primaryImageOfPage":{"@id":"https:\/\/www.senaatti.fi\/asema-alueet\/ajankohtaista\/uutiset\/senaatin-asema-alueet-oyn-omistamalla-kuopion-vanhan-aseman-alueella-kaynnistyy-kaavoitus\/#primaryimage"},"image":{"@id":"https:\/\/www.senaatti.fi\/asema-alueet\/ajankohtaista\/uutiset\/senaatin-asema-alueet-oyn-omistamalla-kuopion-vanhan-aseman-alueella-kaynnistyy-kaavoitus\/#primaryimage"},"thumbnailUrl":"https:\/\/www.senaatti.fi\/app\/uploads\/sites\/6\/2021\/06\/Kuopion-Vanhan-Aseman-alue.png","datePublished":"2021-06-09T08:00:24+00:00","dateModified":"2021-06-10T06:13:20+00:00","author":{"@id":"https:\/\/www.senaatti.fi\/asema-alueet\/#\/schema\/person\/19ebcd857f41fa4cf02102cd128abc46"},"description":"Kuopion kaupunki k\u00e4ynnist\u00e4\u00e4 uuden asemakaavan laatimisen Itkonniemen kaupunginosaan Vanhan Aseman alueelle, joka on osittain Senaatin Asema-alueet Oy:n","breadcrumb":{"@id":"https:\/\/www.senaatti.fi\/asema-alueet\/ajankohtaista\/uutiset\/senaatin-asema-alueet-oyn-omistamalla-kuopion-vanhan-aseman-alueella-kaynnistyy-kaavoitus\/#breadcrumb"},"inLanguage":"fi","potentialAction":[{"@type":"ReadAction","target":["https:\/\/www.senaatti.fi\/asema-alueet\/ajankohtaista\/uutiset\/senaatin-asema-alueet-oyn-omistamalla-kuopion-vanhan-aseman-alueella-kaynnistyy-kaavoitus\/"]}]},{"@type":"ImageObject","inLanguage":"fi","@id":"https:\/\/www.senaatti.fi\/asema-alueet\/ajankohtaista\/uutiset\/senaatin-asema-alueet-oyn-omistamalla-kuopion-vanhan-aseman-alueella-kaynnistyy-kaavoitus\/#primaryimage","url":"https:\/\/www.senaatti.fi\/app\/uploads\/sites\/6\/2021\/06\/Kuopion-Vanhan-Aseman-alue.png","contentUrl":"https:\/\/www.senaatti.fi\/app\/uploads\/sites\/6\/2021\/06\/Kuopion-Vanhan-Aseman-alue.png","width":1146,"height":599},{"@type":"BreadcrumbList","@id":"https:\/\/www.senaatti.fi\/asema-alueet\/ajankohtaista\/uutiset\/senaatin-asema-alueet-oyn-omistamalla-kuopion-vanhan-aseman-alueella-kaynnistyy-kaavoitus\/#breadcrumb","itemListElement":[{"@type":"ListItem","position":1,"name":"Etusivu","item":"https:\/\/www.senaatti.fi\/asema-alueet\/"},{"@type":"ListItem","position":2,"name":"Senaatin Asema-alueet Oy:n omistamalla Kuopion Vanhan Aseman alueella k\u00e4ynnistyy kaavoitus"}]},{"@type":"WebSite","@id":"https:\/\/www.senaatti.fi\/asema-alueet\/#website","url":"https:\/\/www.senaatti.fi\/asema-alueet\/","name":"Asema-alueet","description":"Senaatin Asema-alueet","potentialAction":[{"@type":"SearchAction","target":{"@type":"EntryPoint","urlTemplate":"https:\/\/www.senaatti.fi\/asema-alueet\/?s={search_term_string}"},"query-input":{"@type":"PropertyValueSpecification","valueRequired":true,"valueName":"search_term_string"}}],"inLanguage":"fi"},{"@type":"Person","@id":"https:\/\/www.senaatti.fi\/asema-alueet\/#\/schema\/person\/19ebcd857f41fa4cf02102cd128abc46","name":"Andreas Ylijarvi","image":{"@type":"ImageObject","inLanguage":"fi","@id":"https:\/\/secure.gravatar.com\/avatar\/da48797f91660605745175abd9fe82263292008bf52cf452340b960fcdab186f?s=96&d=mm&r=g","url":"https:\/\/secure.gravatar.com\/avatar\/da48797f91660605745175abd9fe82263292008bf52cf452340b960fcdab186f?s=96&d=mm&r=g","contentUrl":"https:\/\/secure.gravatar.com\/avatar\/da48797f91660605745175abd9fe82263292008bf52cf452340b960fcdab186f?s=96&d=mm&r=g","caption":"Andreas Ylijarvi"}}]}},"lang":"fi","translations":{"fi":1314},"pll_sync_post":[],"_links":{"self":[{"href":"https:\/\/www.senaatti.fi\/asema-alueet\/wp-json\/wp\/v2\/posts\/1314","targetHints":{"allow":["GET"]}}],"collection":[{"href":"https:\/\/www.senaatti.fi\/asema-alueet\/wp-json\/wp\/v2\/posts"}],"about":[{"href":"https:\/\/www.senaatti.fi\/asema-alueet\/wp-json\/wp\/v2\/types\/post"}],"author":[{"embeddable":true,"href":"https:\/\/www.senaatti.fi\/asema-alueet\/wp-json\/wp\/v2\/users\/16"}],"replies":[{"embeddable":true,"href":"https:\/\/www.senaatti.fi\/asema-alueet\/wp-json\/wp\/v2\/comments?post=1314"}],"version-history":[{"count":1,"href":"https:\/\/www.senaatti.fi\/asema-alueet\/wp-json\/wp\/v2\/posts\/1314\/revisions"}],"predecessor-version":[{"id":1315,"href":"https:\/\/www.senaatti.fi\/asema-alueet\/wp-json\/wp\/v2\/posts\/1314\/revisions\/1315"}],"wp:featuredmedia":[{"embeddable":true,"href":"https:\/\/www.senaatti.fi\/asema-alueet\/wp-json\/wp\/v2\/media\/1316"}],"wp:attachment":[{"href":"https:\/\/www.senaatti.fi\/asema-alueet\/wp-json\/wp\/v2\/media?parent=1314"}],"wp:term":[{"taxonomy":"senaatti_type","embeddable":true,"href":"https:\/\/www.senaatti.fi\/asema-alueet\/wp-json\/wp\/v2\/senaatti_type?post=1314"}],"curies":[{"name":"wp","href":"https:\/\/api.w.org\/{rel}","templated":true}]}}