{"id":1303,"date":"2021-05-21T10:50:26","date_gmt":"2021-05-21T10:50:26","guid":{"rendered":"https:\/\/www.senaatti.fi\/asema-alueet\/?p=1303"},"modified":"2021-05-24T07:05:43","modified_gmt":"2021-05-24T07:05:43","slug":"senaatin-asema-alueet-oy-on-tehnyt-kiinteistokaupan-seinajoen-asema-alueen-osasta","status":"publish","type":"post","link":"https:\/\/www.senaatti.fi\/asema-alueet\/ajankohtaista\/uutiset\/senaatin-asema-alueet-oy-on-tehnyt-kiinteistokaupan-seinajoen-asema-alueen-osasta\/","title":{"rendered":"Senaatin Asema-alueet Oy on tehnyt kiinteist\u00f6kaupan Sein\u00e4joen asema-alueen osasta"},"content":{"rendered":"<p><span style=\"font-family: 'Arial',sans-serif;\">Kuvassa: Sein\u00e4joen kaupungin hallintojohtaja Jari Jokinen (vas.) Senaatin Asema-alueet Oy kiinteist\u00f6kehitysp\u00e4\u00e4llikk\u00f6 Jukka H\u00e4m\u00e4l\u00e4inenja kaupunkiymp\u00e4rist\u00f6johtaja Juha Takamaa (oik.)<\/span><\/p>\n<p><strong><span style=\"font-family: 'Arial',sans-serif;\">Senaatin Asema-alueet Oy ja Sein\u00e4joen kaupunki allekirjoittivat kiinteist\u00f6kaupan 20.5. Sein\u00e4joen asema-alueella sijaitsevasta 5328m<sup>2<\/sup> suuruisesta m\u00e4\u00e4r\u00e4alasta. Myyty alue sijaitsee rautatieaseman etel\u00e4puolella ja kytkeytyy osaksi kaupungin asemanseudun kehitt\u00e4mishankkeen ensimm\u00e4ist\u00e4 vaihetta. Kauppahinta oli 1,38 milj. euroa.<\/span><\/strong><\/p>\n<p>\u201dSenaatin Asema-alueet Oy:n kanssa tehty kiinteist\u00f6kauppa on yksi t\u00e4rke\u00e4 edistysaskel hankekokonaisuuden toteuttamisessa ja luo hyv\u00e4t edellytykset jatkossa Sein\u00e4joen kaupungin ja Senaatin Asema-alueet Oy:n v\u00e4liselle yhteisty\u00f6lle koko aseman seutua kaavoitettaessa ja rakennettaessa,\u201d hallintojohtaja <strong><span style=\"font-family: 'Arial',sans-serif;\">Jari Jokinen<\/span><\/strong> toteaa.<\/p>\n<p>Sein\u00e4joen asemanseudun alueella on ollut k\u00e4ynniss\u00e4 asemakaavamuutos, joka mahdollistaa asema-alueen kehitt\u00e4misen vaiheittain. Kehitett\u00e4v\u00e4lle alueelle tulee joukkoliikenteen palvelujen lis\u00e4ksi liitynt\u00e4pys\u00e4k\u00f6intihalli, sote-keskus, toimistotilaa, asumista sek\u00e4 kaupallisia palveluita. Ensimm\u00e4isen vaiheen suunnittelualueen pinta-ala on kokonaisuudessaan noin 15000m<sup>2<\/sup>.<\/p>\n<p>\u201dSein\u00e4joen asemanseudun kehitt\u00e4minen on ollut pitk\u00e4\u00e4n t\u00e4rke\u00e4n\u00e4 hankkeena kaupungin strategiassa ja alueelle on laadittu uutta asemakaavaa osa-alue kerrallaan. Haluamme olla aktiivisesti mukana edist\u00e4m\u00e4ss\u00e4 alueen kehitt\u00e4mist\u00e4 ja tukea kaupungin strategian toteutumista,\u201d toteaa Senaatin Asema-alueet Oy:n kiinteist\u00f6kehitysp\u00e4\u00e4llikk\u00f6 <strong><span style=\"font-family: 'Arial',sans-serif;\">Jukka H\u00e4m\u00e4l\u00e4inen<\/span><\/strong>.<\/p>\n<p>Senaatin Asema-alueet Oy jatkaa asemakeskuksen kehitt\u00e4mist\u00e4 yhteisty\u00f6ss\u00e4 kaupungin kanssa seuraavien vaiheiden kaavahankkeilla. Lis\u00e4ksi Sein\u00e4joen asema-alueen kehityshankkeeseen kuulu merkitt\u00e4v\u00e4 aluekokonaisuus Pohjan kaupunginosan puolella, minne suunnitellaan uutta kevyenliikenteen tunnelia uuden asemakeskuksen kohdalta.<\/p>\n<p><strong><span style=\"font-family: 'Arial',sans-serif;\">Lis\u00e4tiedot:<\/span><\/strong><\/p>\n<p>Senaatin Asema-alueet Oy<\/p>\n<p>Jukka H\u00e4m\u00e4l\u00e4inen, kiinteist\u00f6kehitysp\u00e4\u00e4llikk\u00f6<\/p>\n<p>+358 44 751 0120, <a href=\"mailto:jukka.hamalainen@senaatti.fi\">jukka.hamalainen@senaatti.fi<\/a><\/p>\n","protected":false},"excerpt":{"rendered":"<p>Kuvassa: Sein\u00e4joen kaupungin hallintojohtaja Jari Jokinen (vas.) Senaatin Asema-alueet Oy kiinteist\u00f6kehitysp\u00e4\u00e4llikk\u00f6 Jukka H\u00e4m\u00e4l\u00e4inenja kaupunkiymp\u00e4rist\u00f6johtaja Juha Takamaa (oik.) Senaatin Asema-alueet Oy ja Sein\u00e4joen kaupunki allekirjoittivat kiinteist\u00f6kaupan 20.5. Sein\u00e4joen asema-alueella sijaitsevasta 5328m2 suuruisesta m\u00e4\u00e4r\u00e4alasta. Myyty alue sijaitsee rautatieaseman etel\u00e4puolella ja kytkeytyy osaksi kaupungin asemanseudun kehitt\u00e4mishankkeen ensimm\u00e4ist\u00e4 vaihetta. Kauppahinta oli 1,38 milj. euroa. \u201dSenaatin Asema-alueet Oy:n kanssa tehty [&hellip;]<\/p>\n","protected":false},"author":16,"featured_media":1304,"comment_status":"open","ping_status":"open","sticky":false,"template":"","format":"standard","meta":{"_acf_changed":false,"footnotes":""},"senaatti_type":[],"class_list":["post-1303","post","type-post","status-publish","format-standard","has-post-thumbnail","hentry"],"acf":[],"yoast_head":"<!-- This site is optimized with the Yoast SEO plugin v27.3 - https:\/\/yoast.com\/product\/yoast-seo-wordpress\/ -->\n<title>Senaatin Asema-alueet Oy on tehnyt kiinteist\u00f6kaupan Sein\u00e4joen asema-alueen osasta - Senaatti<\/title>\n<meta name=\"description\" content=\"Kuvassa: Sein\u00e4joen kaupungin hallintojohtaja Jari Jokinen (vas.) Senaatin Asema-alueet Oy kiinteist\u00f6kehitysp\u00e4\u00e4llikk\u00f6 Jukka H\u00e4m\u00e4l\u00e4inenja\" \/>\n<meta name=\"robots\" content=\"index, follow, max-snippet:-1, max-image-preview:large, max-video-preview:-1\" \/>\n<link rel=\"canonical\" href=\"https:\/\/www.senaatti.fi\/asema-alueet\/ajankohtaista\/uutiset\/senaatin-asema-alueet-oy-on-tehnyt-kiinteistokaupan-seinajoen-asema-alueen-osasta\/\" \/>\n<meta property=\"og:locale\" content=\"fi_FI\" \/>\n<meta property=\"og:type\" content=\"article\" \/>\n<meta property=\"og:title\" content=\"Senaatin Asema-alueet Oy on tehnyt kiinteist\u00f6kaupan Sein\u00e4joen asema-alueen osasta - Senaatti\" \/>\n<meta property=\"og:description\" content=\"Kuvassa: Sein\u00e4joen kaupungin hallintojohtaja Jari Jokinen (vas.) Senaatin Asema-alueet Oy kiinteist\u00f6kehitysp\u00e4\u00e4llikk\u00f6 Jukka H\u00e4m\u00e4l\u00e4inenja\" \/>\n<meta property=\"og:url\" content=\"https:\/\/www.senaatti.fi\/asema-alueet\/ajankohtaista\/uutiset\/senaatin-asema-alueet-oy-on-tehnyt-kiinteistokaupan-seinajoen-asema-alueen-osasta\/\" \/>\n<meta property=\"og:site_name\" content=\"Senaatti\" \/>\n<meta property=\"article:published_time\" content=\"2021-05-21T10:50:26+00:00\" \/>\n<meta property=\"article:modified_time\" content=\"2021-05-24T07:05:43+00:00\" \/>\n<meta property=\"og:image\" content=\"https:\/\/www.senaatti.fi\/app\/uploads\/sites\/6\/2021\/05\/Seinajoen-kaupungin-hallintojohtaja-Jari-Jokinen-vas.-ja-kaupunkiymparistojohtaja-Juha-Takamaa-oik.-Senaatin-Asema-alueet-Oy-kiinteistokehityspaallikko-Jukka-Hamalainen-kesk-1024x645.jpg\" \/>\n\t<meta property=\"og:image:width\" content=\"1024\" \/>\n\t<meta property=\"og:image:height\" content=\"645\" \/>\n\t<meta property=\"og:image:type\" content=\"image\/jpeg\" \/>\n<meta name=\"author\" content=\"Andreas Ylijarvi\" \/>\n<meta name=\"twitter:card\" content=\"summary_large_image\" \/>\n<meta name=\"twitter:label1\" content=\"Kirjoittanut\" \/>\n\t<meta name=\"twitter:data1\" content=\"Andreas Ylijarvi\" \/>\n\t<meta name=\"twitter:label2\" content=\"Arvioitu lukuaika\" \/>\n\t<meta name=\"twitter:data2\" content=\"1 minuutti\" \/>\n<script type=\"application\/ld+json\" class=\"yoast-schema-graph\">{\"@context\":\"https:\\\/\\\/schema.org\",\"@graph\":[{\"@type\":\"Article\",\"@id\":\"https:\\\/\\\/www.senaatti.fi\\\/asema-alueet\\\/ajankohtaista\\\/uutiset\\\/senaatin-asema-alueet-oy-on-tehnyt-kiinteistokaupan-seinajoen-asema-alueen-osasta\\\/#article\",\"isPartOf\":{\"@id\":\"https:\\\/\\\/www.senaatti.fi\\\/asema-alueet\\\/ajankohtaista\\\/uutiset\\\/senaatin-asema-alueet-oy-on-tehnyt-kiinteistokaupan-seinajoen-asema-alueen-osasta\\\/\"},\"author\":{\"name\":\"Andreas Ylijarvi\",\"@id\":\"https:\\\/\\\/www.senaatti.fi\\\/asema-alueet\\\/#\\\/schema\\\/person\\\/19ebcd857f41fa4cf02102cd128abc46\"},\"headline\":\"Senaatin Asema-alueet Oy on tehnyt kiinteist\u00f6kaupan Sein\u00e4joen asema-alueen osasta\",\"datePublished\":\"2021-05-21T10:50:26+00:00\",\"dateModified\":\"2021-05-24T07:05:43+00:00\",\"mainEntityOfPage\":{\"@id\":\"https:\\\/\\\/www.senaatti.fi\\\/asema-alueet\\\/ajankohtaista\\\/uutiset\\\/senaatin-asema-alueet-oy-on-tehnyt-kiinteistokaupan-seinajoen-asema-alueen-osasta\\\/\"},\"wordCount\":264,\"commentCount\":0,\"image\":{\"@id\":\"https:\\\/\\\/www.senaatti.fi\\\/asema-alueet\\\/ajankohtaista\\\/uutiset\\\/senaatin-asema-alueet-oy-on-tehnyt-kiinteistokaupan-seinajoen-asema-alueen-osasta\\\/#primaryimage\"},\"thumbnailUrl\":\"https:\\\/\\\/www.senaatti.fi\\\/app\\\/uploads\\\/sites\\\/6\\\/2021\\\/05\\\/Seinajoen-kaupungin-hallintojohtaja-Jari-Jokinen-vas.-ja-kaupunkiymparistojohtaja-Juha-Takamaa-oik.-Senaatin-Asema-alueet-Oy-kiinteistokehityspaallikko-Jukka-Hamalainen-kesk-scaled.jpg\",\"articleSection\":[\"Senaatin Asema-alueet Oy\"],\"inLanguage\":\"fi\"},{\"@type\":\"WebPage\",\"@id\":\"https:\\\/\\\/www.senaatti.fi\\\/asema-alueet\\\/ajankohtaista\\\/uutiset\\\/senaatin-asema-alueet-oy-on-tehnyt-kiinteistokaupan-seinajoen-asema-alueen-osasta\\\/\",\"url\":\"https:\\\/\\\/www.senaatti.fi\\\/asema-alueet\\\/ajankohtaista\\\/uutiset\\\/senaatin-asema-alueet-oy-on-tehnyt-kiinteistokaupan-seinajoen-asema-alueen-osasta\\\/\",\"name\":\"Senaatin Asema-alueet Oy on tehnyt kiinteist\u00f6kaupan Sein\u00e4joen asema-alueen osasta - Senaatti\",\"isPartOf\":{\"@id\":\"https:\\\/\\\/www.senaatti.fi\\\/asema-alueet\\\/#website\"},\"primaryImageOfPage\":{\"@id\":\"https:\\\/\\\/www.senaatti.fi\\\/asema-alueet\\\/ajankohtaista\\\/uutiset\\\/senaatin-asema-alueet-oy-on-tehnyt-kiinteistokaupan-seinajoen-asema-alueen-osasta\\\/#primaryimage\"},\"image\":{\"@id\":\"https:\\\/\\\/www.senaatti.fi\\\/asema-alueet\\\/ajankohtaista\\\/uutiset\\\/senaatin-asema-alueet-oy-on-tehnyt-kiinteistokaupan-seinajoen-asema-alueen-osasta\\\/#primaryimage\"},\"thumbnailUrl\":\"https:\\\/\\\/www.senaatti.fi\\\/app\\\/uploads\\\/sites\\\/6\\\/2021\\\/05\\\/Seinajoen-kaupungin-hallintojohtaja-Jari-Jokinen-vas.-ja-kaupunkiymparistojohtaja-Juha-Takamaa-oik.-Senaatin-Asema-alueet-Oy-kiinteistokehityspaallikko-Jukka-Hamalainen-kesk-scaled.jpg\",\"datePublished\":\"2021-05-21T10:50:26+00:00\",\"dateModified\":\"2021-05-24T07:05:43+00:00\",\"author\":{\"@id\":\"https:\\\/\\\/www.senaatti.fi\\\/asema-alueet\\\/#\\\/schema\\\/person\\\/19ebcd857f41fa4cf02102cd128abc46\"},\"description\":\"Kuvassa: Sein\u00e4joen kaupungin hallintojohtaja Jari Jokinen (vas.) Senaatin Asema-alueet Oy kiinteist\u00f6kehitysp\u00e4\u00e4llikk\u00f6 Jukka H\u00e4m\u00e4l\u00e4inenja\",\"breadcrumb\":{\"@id\":\"https:\\\/\\\/www.senaatti.fi\\\/asema-alueet\\\/ajankohtaista\\\/uutiset\\\/senaatin-asema-alueet-oy-on-tehnyt-kiinteistokaupan-seinajoen-asema-alueen-osasta\\\/#breadcrumb\"},\"inLanguage\":\"fi\",\"potentialAction\":[{\"@type\":\"ReadAction\",\"target\":[\"https:\\\/\\\/www.senaatti.fi\\\/asema-alueet\\\/ajankohtaista\\\/uutiset\\\/senaatin-asema-alueet-oy-on-tehnyt-kiinteistokaupan-seinajoen-asema-alueen-osasta\\\/\"]}]},{\"@type\":\"ImageObject\",\"inLanguage\":\"fi\",\"@id\":\"https:\\\/\\\/www.senaatti.fi\\\/asema-alueet\\\/ajankohtaista\\\/uutiset\\\/senaatin-asema-alueet-oy-on-tehnyt-kiinteistokaupan-seinajoen-asema-alueen-osasta\\\/#primaryimage\",\"url\":\"https:\\\/\\\/www.senaatti.fi\\\/app\\\/uploads\\\/sites\\\/6\\\/2021\\\/05\\\/Seinajoen-kaupungin-hallintojohtaja-Jari-Jokinen-vas.-ja-kaupunkiymparistojohtaja-Juha-Takamaa-oik.-Senaatin-Asema-alueet-Oy-kiinteistokehityspaallikko-Jukka-Hamalainen-kesk-scaled.jpg\",\"contentUrl\":\"https:\\\/\\\/www.senaatti.fi\\\/app\\\/uploads\\\/sites\\\/6\\\/2021\\\/05\\\/Seinajoen-kaupungin-hallintojohtaja-Jari-Jokinen-vas.-ja-kaupunkiymparistojohtaja-Juha-Takamaa-oik.-Senaatin-Asema-alueet-Oy-kiinteistokehityspaallikko-Jukka-Hamalainen-kesk-scaled.jpg\",\"width\":2560,\"height\":1613},{\"@type\":\"BreadcrumbList\",\"@id\":\"https:\\\/\\\/www.senaatti.fi\\\/asema-alueet\\\/ajankohtaista\\\/uutiset\\\/senaatin-asema-alueet-oy-on-tehnyt-kiinteistokaupan-seinajoen-asema-alueen-osasta\\\/#breadcrumb\",\"itemListElement\":[{\"@type\":\"ListItem\",\"position\":1,\"name\":\"Etusivu\",\"item\":\"https:\\\/\\\/www.senaatti.fi\\\/asema-alueet\\\/\"},{\"@type\":\"ListItem\",\"position\":2,\"name\":\"Senaatin Asema-alueet Oy on tehnyt kiinteist\u00f6kaupan Sein\u00e4joen asema-alueen osasta\"}]},{\"@type\":\"WebSite\",\"@id\":\"https:\\\/\\\/www.senaatti.fi\\\/asema-alueet\\\/#website\",\"url\":\"https:\\\/\\\/www.senaatti.fi\\\/asema-alueet\\\/\",\"name\":\"Asema-alueet\",\"description\":\"Senaatin Asema-alueet\",\"potentialAction\":[{\"@type\":\"SearchAction\",\"target\":{\"@type\":\"EntryPoint\",\"urlTemplate\":\"https:\\\/\\\/www.senaatti.fi\\\/asema-alueet\\\/?s={search_term_string}\"},\"query-input\":{\"@type\":\"PropertyValueSpecification\",\"valueRequired\":true,\"valueName\":\"search_term_string\"}}],\"inLanguage\":\"fi\"},{\"@type\":\"Person\",\"@id\":\"https:\\\/\\\/www.senaatti.fi\\\/asema-alueet\\\/#\\\/schema\\\/person\\\/19ebcd857f41fa4cf02102cd128abc46\",\"name\":\"Andreas Ylijarvi\",\"image\":{\"@type\":\"ImageObject\",\"inLanguage\":\"fi\",\"@id\":\"https:\\\/\\\/secure.gravatar.com\\\/avatar\\\/da48797f91660605745175abd9fe82263292008bf52cf452340b960fcdab186f?s=96&d=mm&r=g\",\"url\":\"https:\\\/\\\/secure.gravatar.com\\\/avatar\\\/da48797f91660605745175abd9fe82263292008bf52cf452340b960fcdab186f?s=96&d=mm&r=g\",\"contentUrl\":\"https:\\\/\\\/secure.gravatar.com\\\/avatar\\\/da48797f91660605745175abd9fe82263292008bf52cf452340b960fcdab186f?s=96&d=mm&r=g\",\"caption\":\"Andreas Ylijarvi\"}}]}<\/script>\n<!-- \/ Yoast SEO plugin. -->","yoast_head_json":{"title":"Senaatin Asema-alueet Oy on tehnyt kiinteist\u00f6kaupan Sein\u00e4joen asema-alueen osasta - Senaatti","description":"Kuvassa: Sein\u00e4joen kaupungin hallintojohtaja Jari Jokinen (vas.) Senaatin Asema-alueet Oy kiinteist\u00f6kehitysp\u00e4\u00e4llikk\u00f6 Jukka H\u00e4m\u00e4l\u00e4inenja","robots":{"index":"index","follow":"follow","max-snippet":"max-snippet:-1","max-image-preview":"max-image-preview:large","max-video-preview":"max-video-preview:-1"},"canonical":"https:\/\/www.senaatti.fi\/asema-alueet\/ajankohtaista\/uutiset\/senaatin-asema-alueet-oy-on-tehnyt-kiinteistokaupan-seinajoen-asema-alueen-osasta\/","og_locale":"fi_FI","og_type":"article","og_title":"Senaatin Asema-alueet Oy on tehnyt kiinteist\u00f6kaupan Sein\u00e4joen asema-alueen osasta - Senaatti","og_description":"Kuvassa: Sein\u00e4joen kaupungin hallintojohtaja Jari Jokinen (vas.) Senaatin Asema-alueet Oy kiinteist\u00f6kehitysp\u00e4\u00e4llikk\u00f6 Jukka H\u00e4m\u00e4l\u00e4inenja","og_url":"https:\/\/www.senaatti.fi\/asema-alueet\/ajankohtaista\/uutiset\/senaatin-asema-alueet-oy-on-tehnyt-kiinteistokaupan-seinajoen-asema-alueen-osasta\/","og_site_name":"Senaatti","article_published_time":"2021-05-21T10:50:26+00:00","article_modified_time":"2021-05-24T07:05:43+00:00","og_image":[{"width":1024,"height":645,"url":"https:\/\/www.senaatti.fi\/app\/uploads\/sites\/6\/2021\/05\/Seinajoen-kaupungin-hallintojohtaja-Jari-Jokinen-vas.-ja-kaupunkiymparistojohtaja-Juha-Takamaa-oik.-Senaatin-Asema-alueet-Oy-kiinteistokehityspaallikko-Jukka-Hamalainen-kesk-1024x645.jpg","type":"image\/jpeg"}],"author":"Andreas Ylijarvi","twitter_card":"summary_large_image","twitter_misc":{"Kirjoittanut":"Andreas Ylijarvi","Arvioitu lukuaika":"1 minuutti"},"schema":{"@context":"https:\/\/schema.org","@graph":[{"@type":"Article","@id":"https:\/\/www.senaatti.fi\/asema-alueet\/ajankohtaista\/uutiset\/senaatin-asema-alueet-oy-on-tehnyt-kiinteistokaupan-seinajoen-asema-alueen-osasta\/#article","isPartOf":{"@id":"https:\/\/www.senaatti.fi\/asema-alueet\/ajankohtaista\/uutiset\/senaatin-asema-alueet-oy-on-tehnyt-kiinteistokaupan-seinajoen-asema-alueen-osasta\/"},"author":{"name":"Andreas Ylijarvi","@id":"https:\/\/www.senaatti.fi\/asema-alueet\/#\/schema\/person\/19ebcd857f41fa4cf02102cd128abc46"},"headline":"Senaatin Asema-alueet Oy on tehnyt kiinteist\u00f6kaupan Sein\u00e4joen asema-alueen osasta","datePublished":"2021-05-21T10:50:26+00:00","dateModified":"2021-05-24T07:05:43+00:00","mainEntityOfPage":{"@id":"https:\/\/www.senaatti.fi\/asema-alueet\/ajankohtaista\/uutiset\/senaatin-asema-alueet-oy-on-tehnyt-kiinteistokaupan-seinajoen-asema-alueen-osasta\/"},"wordCount":264,"commentCount":0,"image":{"@id":"https:\/\/www.senaatti.fi\/asema-alueet\/ajankohtaista\/uutiset\/senaatin-asema-alueet-oy-on-tehnyt-kiinteistokaupan-seinajoen-asema-alueen-osasta\/#primaryimage"},"thumbnailUrl":"https:\/\/www.senaatti.fi\/app\/uploads\/sites\/6\/2021\/05\/Seinajoen-kaupungin-hallintojohtaja-Jari-Jokinen-vas.-ja-kaupunkiymparistojohtaja-Juha-Takamaa-oik.-Senaatin-Asema-alueet-Oy-kiinteistokehityspaallikko-Jukka-Hamalainen-kesk-scaled.jpg","articleSection":["Senaatin Asema-alueet Oy"],"inLanguage":"fi"},{"@type":"WebPage","@id":"https:\/\/www.senaatti.fi\/asema-alueet\/ajankohtaista\/uutiset\/senaatin-asema-alueet-oy-on-tehnyt-kiinteistokaupan-seinajoen-asema-alueen-osasta\/","url":"https:\/\/www.senaatti.fi\/asema-alueet\/ajankohtaista\/uutiset\/senaatin-asema-alueet-oy-on-tehnyt-kiinteistokaupan-seinajoen-asema-alueen-osasta\/","name":"Senaatin Asema-alueet Oy on tehnyt kiinteist\u00f6kaupan Sein\u00e4joen asema-alueen osasta - Senaatti","isPartOf":{"@id":"https:\/\/www.senaatti.fi\/asema-alueet\/#website"},"primaryImageOfPage":{"@id":"https:\/\/www.senaatti.fi\/asema-alueet\/ajankohtaista\/uutiset\/senaatin-asema-alueet-oy-on-tehnyt-kiinteistokaupan-seinajoen-asema-alueen-osasta\/#primaryimage"},"image":{"@id":"https:\/\/www.senaatti.fi\/asema-alueet\/ajankohtaista\/uutiset\/senaatin-asema-alueet-oy-on-tehnyt-kiinteistokaupan-seinajoen-asema-alueen-osasta\/#primaryimage"},"thumbnailUrl":"https:\/\/www.senaatti.fi\/app\/uploads\/sites\/6\/2021\/05\/Seinajoen-kaupungin-hallintojohtaja-Jari-Jokinen-vas.-ja-kaupunkiymparistojohtaja-Juha-Takamaa-oik.-Senaatin-Asema-alueet-Oy-kiinteistokehityspaallikko-Jukka-Hamalainen-kesk-scaled.jpg","datePublished":"2021-05-21T10:50:26+00:00","dateModified":"2021-05-24T07:05:43+00:00","author":{"@id":"https:\/\/www.senaatti.fi\/asema-alueet\/#\/schema\/person\/19ebcd857f41fa4cf02102cd128abc46"},"description":"Kuvassa: Sein\u00e4joen kaupungin hallintojohtaja Jari Jokinen (vas.) Senaatin Asema-alueet Oy kiinteist\u00f6kehitysp\u00e4\u00e4llikk\u00f6 Jukka H\u00e4m\u00e4l\u00e4inenja","breadcrumb":{"@id":"https:\/\/www.senaatti.fi\/asema-alueet\/ajankohtaista\/uutiset\/senaatin-asema-alueet-oy-on-tehnyt-kiinteistokaupan-seinajoen-asema-alueen-osasta\/#breadcrumb"},"inLanguage":"fi","potentialAction":[{"@type":"ReadAction","target":["https:\/\/www.senaatti.fi\/asema-alueet\/ajankohtaista\/uutiset\/senaatin-asema-alueet-oy-on-tehnyt-kiinteistokaupan-seinajoen-asema-alueen-osasta\/"]}]},{"@type":"ImageObject","inLanguage":"fi","@id":"https:\/\/www.senaatti.fi\/asema-alueet\/ajankohtaista\/uutiset\/senaatin-asema-alueet-oy-on-tehnyt-kiinteistokaupan-seinajoen-asema-alueen-osasta\/#primaryimage","url":"https:\/\/www.senaatti.fi\/app\/uploads\/sites\/6\/2021\/05\/Seinajoen-kaupungin-hallintojohtaja-Jari-Jokinen-vas.-ja-kaupunkiymparistojohtaja-Juha-Takamaa-oik.-Senaatin-Asema-alueet-Oy-kiinteistokehityspaallikko-Jukka-Hamalainen-kesk-scaled.jpg","contentUrl":"https:\/\/www.senaatti.fi\/app\/uploads\/sites\/6\/2021\/05\/Seinajoen-kaupungin-hallintojohtaja-Jari-Jokinen-vas.-ja-kaupunkiymparistojohtaja-Juha-Takamaa-oik.-Senaatin-Asema-alueet-Oy-kiinteistokehityspaallikko-Jukka-Hamalainen-kesk-scaled.jpg","width":2560,"height":1613},{"@type":"BreadcrumbList","@id":"https:\/\/www.senaatti.fi\/asema-alueet\/ajankohtaista\/uutiset\/senaatin-asema-alueet-oy-on-tehnyt-kiinteistokaupan-seinajoen-asema-alueen-osasta\/#breadcrumb","itemListElement":[{"@type":"ListItem","position":1,"name":"Etusivu","item":"https:\/\/www.senaatti.fi\/asema-alueet\/"},{"@type":"ListItem","position":2,"name":"Senaatin Asema-alueet Oy on tehnyt kiinteist\u00f6kaupan Sein\u00e4joen asema-alueen osasta"}]},{"@type":"WebSite","@id":"https:\/\/www.senaatti.fi\/asema-alueet\/#website","url":"https:\/\/www.senaatti.fi\/asema-alueet\/","name":"Asema-alueet","description":"Senaatin Asema-alueet","potentialAction":[{"@type":"SearchAction","target":{"@type":"EntryPoint","urlTemplate":"https:\/\/www.senaatti.fi\/asema-alueet\/?s={search_term_string}"},"query-input":{"@type":"PropertyValueSpecification","valueRequired":true,"valueName":"search_term_string"}}],"inLanguage":"fi"},{"@type":"Person","@id":"https:\/\/www.senaatti.fi\/asema-alueet\/#\/schema\/person\/19ebcd857f41fa4cf02102cd128abc46","name":"Andreas Ylijarvi","image":{"@type":"ImageObject","inLanguage":"fi","@id":"https:\/\/secure.gravatar.com\/avatar\/da48797f91660605745175abd9fe82263292008bf52cf452340b960fcdab186f?s=96&d=mm&r=g","url":"https:\/\/secure.gravatar.com\/avatar\/da48797f91660605745175abd9fe82263292008bf52cf452340b960fcdab186f?s=96&d=mm&r=g","contentUrl":"https:\/\/secure.gravatar.com\/avatar\/da48797f91660605745175abd9fe82263292008bf52cf452340b960fcdab186f?s=96&d=mm&r=g","caption":"Andreas Ylijarvi"}}]}},"lang":"fi","translations":{"fi":1303},"pll_sync_post":[],"_links":{"self":[{"href":"https:\/\/www.senaatti.fi\/asema-alueet\/wp-json\/wp\/v2\/posts\/1303","targetHints":{"allow":["GET"]}}],"collection":[{"href":"https:\/\/www.senaatti.fi\/asema-alueet\/wp-json\/wp\/v2\/posts"}],"about":[{"href":"https:\/\/www.senaatti.fi\/asema-alueet\/wp-json\/wp\/v2\/types\/post"}],"author":[{"embeddable":true,"href":"https:\/\/www.senaatti.fi\/asema-alueet\/wp-json\/wp\/v2\/users\/16"}],"replies":[{"embeddable":true,"href":"https:\/\/www.senaatti.fi\/asema-alueet\/wp-json\/wp\/v2\/comments?post=1303"}],"version-history":[{"count":2,"href":"https:\/\/www.senaatti.fi\/asema-alueet\/wp-json\/wp\/v2\/posts\/1303\/revisions"}],"predecessor-version":[{"id":1308,"href":"https:\/\/www.senaatti.fi\/asema-alueet\/wp-json\/wp\/v2\/posts\/1303\/revisions\/1308"}],"wp:featuredmedia":[{"embeddable":true,"href":"https:\/\/www.senaatti.fi\/asema-alueet\/wp-json\/wp\/v2\/media\/1304"}],"wp:attachment":[{"href":"https:\/\/www.senaatti.fi\/asema-alueet\/wp-json\/wp\/v2\/media?parent=1303"}],"wp:term":[{"taxonomy":"senaatti_type","embeddable":true,"href":"https:\/\/www.senaatti.fi\/asema-alueet\/wp-json\/wp\/v2\/senaatti_type?post=1303"}],"curies":[{"name":"wp","href":"https:\/\/api.w.org\/{rel}","templated":true}]}}