{"id":1300,"date":"2021-04-28T11:10:05","date_gmt":"2021-04-28T11:10:05","guid":{"rendered":"https:\/\/www.senaatti.fi\/asema-alueet\/?p=1300"},"modified":"2021-04-28T11:10:05","modified_gmt":"2021-04-28T11:10:05","slug":"karjaan-rautatieaseman-pysakointialue-senaatin-asema-alueiden-ja-finnparkin-yhteistyosopimuksen-piiriin","status":"publish","type":"post","link":"https:\/\/www.senaatti.fi\/asema-alueet\/ajankohtaista\/uutiset\/karjaan-rautatieaseman-pysakointialue-senaatin-asema-alueiden-ja-finnparkin-yhteistyosopimuksen-piiriin\/","title":{"rendered":"Karjaan rautatieaseman pys\u00e4k\u00f6intialue Senaatin Asema-alueiden ja Finnparkin yhteisty\u00f6sopimuksen piiriin"},"content":{"rendered":"<p><strong><span style=\"font-family: 'Arial',sans-serif;\">Senaatin Asema-alueet Oy keskitti vuoden 2020 aikana osan omistamiensa asema-alueiden parkkipaikkojen vuokrauksen Finnpark Oy:lle. Yhteisty\u00f6sopimus tulee voimaan nyt my\u00f6s Karjaan rautatieaseman parkkialueella 1.5.2021 eteenp\u00e4in.<\/span><\/strong><\/p>\n<p>Jatkossa pys\u00e4k\u00f6inti asema-alueella tapahtuu <a href=\"https:\/\/moovy.fi\/autoilijoille\/?gclid=EAIaIQobChMI74qW4bGn7AIVBd-yCh3QNQmyEAAYASAAEgKlUvD_BwE#utm_source=Google%20SEM&amp;utm_medium=SEM_brand_Autoilijoille&amp;utm_campaign=Moovy_ADS\">Moovy<\/a>-sovellusta k\u00e4ytt\u00e4m\u00e4ll\u00e4. Ohjeet sovelluksen lataukseen ja yhteystiedot asiakaspalveluun l\u00f6yd\u00e4t <a href=\"https:\/\/moovy.fi\/autoilijoille\/?gclid=EAIaIQobChMI74qW4bGn7AIVBd-yCh3QNQmyEAAYASAAEgKlUvD_BwE#utm_source=Google%20SEM&amp;utm_medium=SEM_brand_Autoilijoille&amp;utm_campaign=Moovy_ADS\">Moovyn verkkosivuilta t\u00e4st\u00e4<\/a>. Tavoitteena on, ett\u00e4 asema-alueilla huomioidaan paremmin autoilijoiden pys\u00e4k\u00f6intitarpeet ja mahdollistetaan lyhyt- sek\u00e4 pitk\u00e4aikaiset sopimuspys\u00e4k\u00f6innit.<\/p>\n<p>\u201dT\u00e4rke\u00e4n\u00e4 osana toimivaa asema-aluetta on toimiva parkkialue ja olemme halunneet keskitt\u00e4\u00e4 omistamiemme parkkialueiden hallinnoinnin yhdelle toimijalle. T\u00e4ll\u00e4 voimme varmistaa, ett\u00e4 asema-alueiden l\u00e4heisyydess\u00e4 olevat parkkialueet ovat niit\u00e4 tarvitsevien k\u00e4yt\u00f6ss\u00e4 ja palvelun laatu on kaikilla paikkakunnilla hyv\u00e4ll\u00e4 tasolla. Finnparkin kanssa solmitun sopimuksen my\u00f6t\u00e4 saamme parkkialueiden hallintaan kokeneen ja ammattitaitoisen kumppanin,\u201d toteaa Senaatin Asema-alueet Oy:n investointip\u00e4\u00e4llikk\u00f6 <strong><span style=\"font-family: 'Arial',sans-serif;\">Virpi Koikkalainen.<\/span><\/strong><\/p>\n<p><strong><span style=\"font-family: 'Arial',sans-serif;\">Lis\u00e4tiedot ja kysymykset:<\/span><\/strong><\/p>\n<p>Virpi Koikkalainen<br \/>\ninvestointip\u00e4\u00e4llikk\u00f6<br \/>\nSenaatin Asema-alueet Oy<br \/>\n+358 40 747 7226<br \/>\n<a href=\"mailto:virpi.koikkalainen@senaatti.fi\">virpi.koikkalainen@senaatti.fi<\/a><\/p>\n<p>Tami Koivuniemi<br \/>\nOperatiivinen johtaja<br \/>\nFinnpark Oy<br \/>\n+358 40 832 8323<br \/>\n<a href=\"mailto:Tami.koivuniemi@finnpark.fi\">Tami.koivuniemi@finnpark.fi<\/a><\/p>\n","protected":false},"excerpt":{"rendered":"<p>Senaatin Asema-alueet Oy keskitti vuoden 2020 aikana osan omistamiensa asema-alueiden parkkipaikkojen vuokrauksen Finnpark Oy:lle. Yhteisty\u00f6sopimus tulee voimaan nyt my\u00f6s Karjaan rautatieaseman parkkialueella 1.5.2021 eteenp\u00e4in. Jatkossa pys\u00e4k\u00f6inti asema-alueella tapahtuu Moovy-sovellusta k\u00e4ytt\u00e4m\u00e4ll\u00e4. Ohjeet sovelluksen lataukseen ja yhteystiedot asiakaspalveluun l\u00f6yd\u00e4t Moovyn verkkosivuilta t\u00e4st\u00e4. Tavoitteena on, ett\u00e4 asema-alueilla huomioidaan paremmin autoilijoiden pys\u00e4k\u00f6intitarpeet ja mahdollistetaan lyhyt- sek\u00e4 pitk\u00e4aikaiset sopimuspys\u00e4k\u00f6innit. \u201dT\u00e4rke\u00e4n\u00e4 [&hellip;]<\/p>\n","protected":false},"author":16,"featured_media":772,"comment_status":"open","ping_status":"open","sticky":false,"template":"","format":"standard","meta":{"_acf_changed":false,"footnotes":""},"senaatti_type":[],"class_list":["post-1300","post","type-post","status-publish","format-standard","has-post-thumbnail","hentry"],"acf":[],"yoast_head":"<!-- This site is optimized with the Yoast SEO plugin v27.3 - https:\/\/yoast.com\/product\/yoast-seo-wordpress\/ -->\n<title>Karjaan rautatieaseman pys\u00e4k\u00f6intialue Senaatin Asema-alueiden ja Finnparkin yhteisty\u00f6sopimuksen piiriin - Senaatti<\/title>\n<meta name=\"description\" content=\"Senaatin Asema-alueet Oy keskitti vuoden 2020 aikana osan omistamiensa asema-alueiden parkkipaikkojen vuokrauksen Finnpark Oy:lle. Yhteisty\u00f6sopimus tulee\" \/>\n<meta name=\"robots\" content=\"index, follow, max-snippet:-1, max-image-preview:large, max-video-preview:-1\" \/>\n<link rel=\"canonical\" href=\"https:\/\/www.senaatti.fi\/asema-alueet\/ajankohtaista\/uutiset\/karjaan-rautatieaseman-pysakointialue-senaatin-asema-alueiden-ja-finnparkin-yhteistyosopimuksen-piiriin\/\" \/>\n<meta property=\"og:locale\" content=\"fi_FI\" \/>\n<meta property=\"og:type\" content=\"article\" \/>\n<meta property=\"og:title\" content=\"Karjaan rautatieaseman pys\u00e4k\u00f6intialue Senaatin Asema-alueiden ja Finnparkin yhteisty\u00f6sopimuksen piiriin - Senaatti\" \/>\n<meta property=\"og:description\" content=\"Senaatin Asema-alueet Oy keskitti vuoden 2020 aikana osan omistamiensa asema-alueiden parkkipaikkojen vuokrauksen Finnpark Oy:lle. Yhteisty\u00f6sopimus tulee\" \/>\n<meta property=\"og:url\" content=\"https:\/\/www.senaatti.fi\/asema-alueet\/ajankohtaista\/uutiset\/karjaan-rautatieaseman-pysakointialue-senaatin-asema-alueiden-ja-finnparkin-yhteistyosopimuksen-piiriin\/\" \/>\n<meta property=\"og:site_name\" content=\"Senaatti\" \/>\n<meta property=\"article:published_time\" content=\"2021-04-28T11:10:05+00:00\" \/>\n<meta property=\"og:image\" content=\"https:\/\/www.senaatti.fi\/app\/uploads\/sites\/6\/2019\/09\/TU-131016-vr-karjaa-038-1024x683.jpg\" \/>\n\t<meta property=\"og:image:width\" content=\"1024\" \/>\n\t<meta property=\"og:image:height\" content=\"683\" \/>\n\t<meta property=\"og:image:type\" content=\"image\/jpeg\" \/>\n<meta name=\"author\" content=\"Andreas Ylijarvi\" \/>\n<meta name=\"twitter:card\" content=\"summary_large_image\" \/>\n<meta name=\"twitter:label1\" content=\"Written by\" \/>\n\t<meta name=\"twitter:data1\" content=\"Andreas Ylijarvi\" \/>\n\t<meta name=\"twitter:label2\" content=\"Est. reading time\" \/>\n\t<meta name=\"twitter:data2\" content=\"1 minuutti\" \/>\n<script type=\"application\/ld+json\" class=\"yoast-schema-graph\">{\"@context\":\"https:\\\/\\\/schema.org\",\"@graph\":[{\"@type\":\"Article\",\"@id\":\"https:\\\/\\\/www.senaatti.fi\\\/asema-alueet\\\/ajankohtaista\\\/uutiset\\\/karjaan-rautatieaseman-pysakointialue-senaatin-asema-alueiden-ja-finnparkin-yhteistyosopimuksen-piiriin\\\/#article\",\"isPartOf\":{\"@id\":\"https:\\\/\\\/www.senaatti.fi\\\/asema-alueet\\\/ajankohtaista\\\/uutiset\\\/karjaan-rautatieaseman-pysakointialue-senaatin-asema-alueiden-ja-finnparkin-yhteistyosopimuksen-piiriin\\\/\"},\"author\":{\"name\":\"Andreas Ylijarvi\",\"@id\":\"https:\\\/\\\/www.senaatti.fi\\\/asema-alueet\\\/#\\\/schema\\\/person\\\/19ebcd857f41fa4cf02102cd128abc46\"},\"headline\":\"Karjaan rautatieaseman pys\u00e4k\u00f6intialue Senaatin Asema-alueiden ja Finnparkin yhteisty\u00f6sopimuksen piiriin\",\"datePublished\":\"2021-04-28T11:10:05+00:00\",\"mainEntityOfPage\":{\"@id\":\"https:\\\/\\\/www.senaatti.fi\\\/asema-alueet\\\/ajankohtaista\\\/uutiset\\\/karjaan-rautatieaseman-pysakointialue-senaatin-asema-alueiden-ja-finnparkin-yhteistyosopimuksen-piiriin\\\/\"},\"wordCount\":171,\"commentCount\":0,\"image\":{\"@id\":\"https:\\\/\\\/www.senaatti.fi\\\/asema-alueet\\\/ajankohtaista\\\/uutiset\\\/karjaan-rautatieaseman-pysakointialue-senaatin-asema-alueiden-ja-finnparkin-yhteistyosopimuksen-piiriin\\\/#primaryimage\"},\"thumbnailUrl\":\"https:\\\/\\\/www.senaatti.fi\\\/app\\\/uploads\\\/sites\\\/6\\\/2019\\\/09\\\/TU-131016-vr-karjaa-038.jpg\",\"articleSection\":[\"Senaatin Asema-alueet Oy\"],\"inLanguage\":\"fi\"},{\"@type\":\"WebPage\",\"@id\":\"https:\\\/\\\/www.senaatti.fi\\\/asema-alueet\\\/ajankohtaista\\\/uutiset\\\/karjaan-rautatieaseman-pysakointialue-senaatin-asema-alueiden-ja-finnparkin-yhteistyosopimuksen-piiriin\\\/\",\"url\":\"https:\\\/\\\/www.senaatti.fi\\\/asema-alueet\\\/ajankohtaista\\\/uutiset\\\/karjaan-rautatieaseman-pysakointialue-senaatin-asema-alueiden-ja-finnparkin-yhteistyosopimuksen-piiriin\\\/\",\"name\":\"Karjaan rautatieaseman pys\u00e4k\u00f6intialue Senaatin Asema-alueiden ja Finnparkin yhteisty\u00f6sopimuksen piiriin - Senaatti\",\"isPartOf\":{\"@id\":\"https:\\\/\\\/www.senaatti.fi\\\/asema-alueet\\\/#website\"},\"primaryImageOfPage\":{\"@id\":\"https:\\\/\\\/www.senaatti.fi\\\/asema-alueet\\\/ajankohtaista\\\/uutiset\\\/karjaan-rautatieaseman-pysakointialue-senaatin-asema-alueiden-ja-finnparkin-yhteistyosopimuksen-piiriin\\\/#primaryimage\"},\"image\":{\"@id\":\"https:\\\/\\\/www.senaatti.fi\\\/asema-alueet\\\/ajankohtaista\\\/uutiset\\\/karjaan-rautatieaseman-pysakointialue-senaatin-asema-alueiden-ja-finnparkin-yhteistyosopimuksen-piiriin\\\/#primaryimage\"},\"thumbnailUrl\":\"https:\\\/\\\/www.senaatti.fi\\\/app\\\/uploads\\\/sites\\\/6\\\/2019\\\/09\\\/TU-131016-vr-karjaa-038.jpg\",\"datePublished\":\"2021-04-28T11:10:05+00:00\",\"author\":{\"@id\":\"https:\\\/\\\/www.senaatti.fi\\\/asema-alueet\\\/#\\\/schema\\\/person\\\/19ebcd857f41fa4cf02102cd128abc46\"},\"description\":\"Senaatin Asema-alueet Oy keskitti vuoden 2020 aikana osan omistamiensa asema-alueiden parkkipaikkojen vuokrauksen Finnpark Oy:lle. Yhteisty\u00f6sopimus tulee\",\"breadcrumb\":{\"@id\":\"https:\\\/\\\/www.senaatti.fi\\\/asema-alueet\\\/ajankohtaista\\\/uutiset\\\/karjaan-rautatieaseman-pysakointialue-senaatin-asema-alueiden-ja-finnparkin-yhteistyosopimuksen-piiriin\\\/#breadcrumb\"},\"inLanguage\":\"fi\",\"potentialAction\":[{\"@type\":\"ReadAction\",\"target\":[\"https:\\\/\\\/www.senaatti.fi\\\/asema-alueet\\\/ajankohtaista\\\/uutiset\\\/karjaan-rautatieaseman-pysakointialue-senaatin-asema-alueiden-ja-finnparkin-yhteistyosopimuksen-piiriin\\\/\"]}]},{\"@type\":\"ImageObject\",\"inLanguage\":\"fi\",\"@id\":\"https:\\\/\\\/www.senaatti.fi\\\/asema-alueet\\\/ajankohtaista\\\/uutiset\\\/karjaan-rautatieaseman-pysakointialue-senaatin-asema-alueiden-ja-finnparkin-yhteistyosopimuksen-piiriin\\\/#primaryimage\",\"url\":\"https:\\\/\\\/www.senaatti.fi\\\/app\\\/uploads\\\/sites\\\/6\\\/2019\\\/09\\\/TU-131016-vr-karjaa-038.jpg\",\"contentUrl\":\"https:\\\/\\\/www.senaatti.fi\\\/app\\\/uploads\\\/sites\\\/6\\\/2019\\\/09\\\/TU-131016-vr-karjaa-038.jpg\",\"width\":4800,\"height\":3200,\"caption\":\"Karjaan rautatieaseman p\u00e4\u00e4rakennus\"},{\"@type\":\"BreadcrumbList\",\"@id\":\"https:\\\/\\\/www.senaatti.fi\\\/asema-alueet\\\/ajankohtaista\\\/uutiset\\\/karjaan-rautatieaseman-pysakointialue-senaatin-asema-alueiden-ja-finnparkin-yhteistyosopimuksen-piiriin\\\/#breadcrumb\",\"itemListElement\":[{\"@type\":\"ListItem\",\"position\":1,\"name\":\"Etusivu\",\"item\":\"https:\\\/\\\/www.senaatti.fi\\\/asema-alueet\\\/\"},{\"@type\":\"ListItem\",\"position\":2,\"name\":\"Karjaan rautatieaseman pys\u00e4k\u00f6intialue Senaatin Asema-alueiden ja Finnparkin yhteisty\u00f6sopimuksen piiriin\"}]},{\"@type\":\"WebSite\",\"@id\":\"https:\\\/\\\/www.senaatti.fi\\\/asema-alueet\\\/#website\",\"url\":\"https:\\\/\\\/www.senaatti.fi\\\/asema-alueet\\\/\",\"name\":\"Asema-alueet\",\"description\":\"Senaatin Asema-alueet\",\"potentialAction\":[{\"@type\":\"SearchAction\",\"target\":{\"@type\":\"EntryPoint\",\"urlTemplate\":\"https:\\\/\\\/www.senaatti.fi\\\/asema-alueet\\\/?s={search_term_string}\"},\"query-input\":{\"@type\":\"PropertyValueSpecification\",\"valueRequired\":true,\"valueName\":\"search_term_string\"}}],\"inLanguage\":\"fi\"},{\"@type\":\"Person\",\"@id\":\"https:\\\/\\\/www.senaatti.fi\\\/asema-alueet\\\/#\\\/schema\\\/person\\\/19ebcd857f41fa4cf02102cd128abc46\",\"name\":\"Andreas Ylijarvi\",\"image\":{\"@type\":\"ImageObject\",\"inLanguage\":\"fi\",\"@id\":\"https:\\\/\\\/secure.gravatar.com\\\/avatar\\\/da48797f91660605745175abd9fe82263292008bf52cf452340b960fcdab186f?s=96&d=mm&r=g\",\"url\":\"https:\\\/\\\/secure.gravatar.com\\\/avatar\\\/da48797f91660605745175abd9fe82263292008bf52cf452340b960fcdab186f?s=96&d=mm&r=g\",\"contentUrl\":\"https:\\\/\\\/secure.gravatar.com\\\/avatar\\\/da48797f91660605745175abd9fe82263292008bf52cf452340b960fcdab186f?s=96&d=mm&r=g\",\"caption\":\"Andreas Ylijarvi\"}}]}<\/script>\n<!-- \/ Yoast SEO plugin. -->","yoast_head_json":{"title":"Karjaan rautatieaseman pys\u00e4k\u00f6intialue Senaatin Asema-alueiden ja Finnparkin yhteisty\u00f6sopimuksen piiriin - Senaatti","description":"Senaatin Asema-alueet Oy keskitti vuoden 2020 aikana osan omistamiensa asema-alueiden parkkipaikkojen vuokrauksen Finnpark Oy:lle. Yhteisty\u00f6sopimus tulee","robots":{"index":"index","follow":"follow","max-snippet":"max-snippet:-1","max-image-preview":"max-image-preview:large","max-video-preview":"max-video-preview:-1"},"canonical":"https:\/\/www.senaatti.fi\/asema-alueet\/ajankohtaista\/uutiset\/karjaan-rautatieaseman-pysakointialue-senaatin-asema-alueiden-ja-finnparkin-yhteistyosopimuksen-piiriin\/","og_locale":"fi_FI","og_type":"article","og_title":"Karjaan rautatieaseman pys\u00e4k\u00f6intialue Senaatin Asema-alueiden ja Finnparkin yhteisty\u00f6sopimuksen piiriin - Senaatti","og_description":"Senaatin Asema-alueet Oy keskitti vuoden 2020 aikana osan omistamiensa asema-alueiden parkkipaikkojen vuokrauksen Finnpark Oy:lle. Yhteisty\u00f6sopimus tulee","og_url":"https:\/\/www.senaatti.fi\/asema-alueet\/ajankohtaista\/uutiset\/karjaan-rautatieaseman-pysakointialue-senaatin-asema-alueiden-ja-finnparkin-yhteistyosopimuksen-piiriin\/","og_site_name":"Senaatti","article_published_time":"2021-04-28T11:10:05+00:00","og_image":[{"width":1024,"height":683,"url":"https:\/\/www.senaatti.fi\/app\/uploads\/sites\/6\/2019\/09\/TU-131016-vr-karjaa-038-1024x683.jpg","type":"image\/jpeg"}],"author":"Andreas Ylijarvi","twitter_card":"summary_large_image","twitter_misc":{"Written by":"Andreas Ylijarvi","Est. reading time":"1 minuutti"},"schema":{"@context":"https:\/\/schema.org","@graph":[{"@type":"Article","@id":"https:\/\/www.senaatti.fi\/asema-alueet\/ajankohtaista\/uutiset\/karjaan-rautatieaseman-pysakointialue-senaatin-asema-alueiden-ja-finnparkin-yhteistyosopimuksen-piiriin\/#article","isPartOf":{"@id":"https:\/\/www.senaatti.fi\/asema-alueet\/ajankohtaista\/uutiset\/karjaan-rautatieaseman-pysakointialue-senaatin-asema-alueiden-ja-finnparkin-yhteistyosopimuksen-piiriin\/"},"author":{"name":"Andreas Ylijarvi","@id":"https:\/\/www.senaatti.fi\/asema-alueet\/#\/schema\/person\/19ebcd857f41fa4cf02102cd128abc46"},"headline":"Karjaan rautatieaseman pys\u00e4k\u00f6intialue Senaatin Asema-alueiden ja Finnparkin yhteisty\u00f6sopimuksen piiriin","datePublished":"2021-04-28T11:10:05+00:00","mainEntityOfPage":{"@id":"https:\/\/www.senaatti.fi\/asema-alueet\/ajankohtaista\/uutiset\/karjaan-rautatieaseman-pysakointialue-senaatin-asema-alueiden-ja-finnparkin-yhteistyosopimuksen-piiriin\/"},"wordCount":171,"commentCount":0,"image":{"@id":"https:\/\/www.senaatti.fi\/asema-alueet\/ajankohtaista\/uutiset\/karjaan-rautatieaseman-pysakointialue-senaatin-asema-alueiden-ja-finnparkin-yhteistyosopimuksen-piiriin\/#primaryimage"},"thumbnailUrl":"https:\/\/www.senaatti.fi\/app\/uploads\/sites\/6\/2019\/09\/TU-131016-vr-karjaa-038.jpg","articleSection":["Senaatin Asema-alueet Oy"],"inLanguage":"fi"},{"@type":"WebPage","@id":"https:\/\/www.senaatti.fi\/asema-alueet\/ajankohtaista\/uutiset\/karjaan-rautatieaseman-pysakointialue-senaatin-asema-alueiden-ja-finnparkin-yhteistyosopimuksen-piiriin\/","url":"https:\/\/www.senaatti.fi\/asema-alueet\/ajankohtaista\/uutiset\/karjaan-rautatieaseman-pysakointialue-senaatin-asema-alueiden-ja-finnparkin-yhteistyosopimuksen-piiriin\/","name":"Karjaan rautatieaseman pys\u00e4k\u00f6intialue Senaatin Asema-alueiden ja Finnparkin yhteisty\u00f6sopimuksen piiriin - Senaatti","isPartOf":{"@id":"https:\/\/www.senaatti.fi\/asema-alueet\/#website"},"primaryImageOfPage":{"@id":"https:\/\/www.senaatti.fi\/asema-alueet\/ajankohtaista\/uutiset\/karjaan-rautatieaseman-pysakointialue-senaatin-asema-alueiden-ja-finnparkin-yhteistyosopimuksen-piiriin\/#primaryimage"},"image":{"@id":"https:\/\/www.senaatti.fi\/asema-alueet\/ajankohtaista\/uutiset\/karjaan-rautatieaseman-pysakointialue-senaatin-asema-alueiden-ja-finnparkin-yhteistyosopimuksen-piiriin\/#primaryimage"},"thumbnailUrl":"https:\/\/www.senaatti.fi\/app\/uploads\/sites\/6\/2019\/09\/TU-131016-vr-karjaa-038.jpg","datePublished":"2021-04-28T11:10:05+00:00","author":{"@id":"https:\/\/www.senaatti.fi\/asema-alueet\/#\/schema\/person\/19ebcd857f41fa4cf02102cd128abc46"},"description":"Senaatin Asema-alueet Oy keskitti vuoden 2020 aikana osan omistamiensa asema-alueiden parkkipaikkojen vuokrauksen Finnpark Oy:lle. Yhteisty\u00f6sopimus tulee","breadcrumb":{"@id":"https:\/\/www.senaatti.fi\/asema-alueet\/ajankohtaista\/uutiset\/karjaan-rautatieaseman-pysakointialue-senaatin-asema-alueiden-ja-finnparkin-yhteistyosopimuksen-piiriin\/#breadcrumb"},"inLanguage":"fi","potentialAction":[{"@type":"ReadAction","target":["https:\/\/www.senaatti.fi\/asema-alueet\/ajankohtaista\/uutiset\/karjaan-rautatieaseman-pysakointialue-senaatin-asema-alueiden-ja-finnparkin-yhteistyosopimuksen-piiriin\/"]}]},{"@type":"ImageObject","inLanguage":"fi","@id":"https:\/\/www.senaatti.fi\/asema-alueet\/ajankohtaista\/uutiset\/karjaan-rautatieaseman-pysakointialue-senaatin-asema-alueiden-ja-finnparkin-yhteistyosopimuksen-piiriin\/#primaryimage","url":"https:\/\/www.senaatti.fi\/app\/uploads\/sites\/6\/2019\/09\/TU-131016-vr-karjaa-038.jpg","contentUrl":"https:\/\/www.senaatti.fi\/app\/uploads\/sites\/6\/2019\/09\/TU-131016-vr-karjaa-038.jpg","width":4800,"height":3200,"caption":"Karjaan rautatieaseman p\u00e4\u00e4rakennus"},{"@type":"BreadcrumbList","@id":"https:\/\/www.senaatti.fi\/asema-alueet\/ajankohtaista\/uutiset\/karjaan-rautatieaseman-pysakointialue-senaatin-asema-alueiden-ja-finnparkin-yhteistyosopimuksen-piiriin\/#breadcrumb","itemListElement":[{"@type":"ListItem","position":1,"name":"Etusivu","item":"https:\/\/www.senaatti.fi\/asema-alueet\/"},{"@type":"ListItem","position":2,"name":"Karjaan rautatieaseman pys\u00e4k\u00f6intialue Senaatin Asema-alueiden ja Finnparkin yhteisty\u00f6sopimuksen piiriin"}]},{"@type":"WebSite","@id":"https:\/\/www.senaatti.fi\/asema-alueet\/#website","url":"https:\/\/www.senaatti.fi\/asema-alueet\/","name":"Asema-alueet","description":"Senaatin Asema-alueet","potentialAction":[{"@type":"SearchAction","target":{"@type":"EntryPoint","urlTemplate":"https:\/\/www.senaatti.fi\/asema-alueet\/?s={search_term_string}"},"query-input":{"@type":"PropertyValueSpecification","valueRequired":true,"valueName":"search_term_string"}}],"inLanguage":"fi"},{"@type":"Person","@id":"https:\/\/www.senaatti.fi\/asema-alueet\/#\/schema\/person\/19ebcd857f41fa4cf02102cd128abc46","name":"Andreas Ylijarvi","image":{"@type":"ImageObject","inLanguage":"fi","@id":"https:\/\/secure.gravatar.com\/avatar\/da48797f91660605745175abd9fe82263292008bf52cf452340b960fcdab186f?s=96&d=mm&r=g","url":"https:\/\/secure.gravatar.com\/avatar\/da48797f91660605745175abd9fe82263292008bf52cf452340b960fcdab186f?s=96&d=mm&r=g","contentUrl":"https:\/\/secure.gravatar.com\/avatar\/da48797f91660605745175abd9fe82263292008bf52cf452340b960fcdab186f?s=96&d=mm&r=g","caption":"Andreas Ylijarvi"}}]}},"lang":"fi","translations":{"fi":1300},"pll_sync_post":[],"_links":{"self":[{"href":"https:\/\/www.senaatti.fi\/asema-alueet\/wp-json\/wp\/v2\/posts\/1300","targetHints":{"allow":["GET"]}}],"collection":[{"href":"https:\/\/www.senaatti.fi\/asema-alueet\/wp-json\/wp\/v2\/posts"}],"about":[{"href":"https:\/\/www.senaatti.fi\/asema-alueet\/wp-json\/wp\/v2\/types\/post"}],"author":[{"embeddable":true,"href":"https:\/\/www.senaatti.fi\/asema-alueet\/wp-json\/wp\/v2\/users\/16"}],"replies":[{"embeddable":true,"href":"https:\/\/www.senaatti.fi\/asema-alueet\/wp-json\/wp\/v2\/comments?post=1300"}],"version-history":[{"count":1,"href":"https:\/\/www.senaatti.fi\/asema-alueet\/wp-json\/wp\/v2\/posts\/1300\/revisions"}],"predecessor-version":[{"id":1301,"href":"https:\/\/www.senaatti.fi\/asema-alueet\/wp-json\/wp\/v2\/posts\/1300\/revisions\/1301"}],"wp:featuredmedia":[{"embeddable":true,"href":"https:\/\/www.senaatti.fi\/asema-alueet\/wp-json\/wp\/v2\/media\/772"}],"wp:attachment":[{"href":"https:\/\/www.senaatti.fi\/asema-alueet\/wp-json\/wp\/v2\/media?parent=1300"}],"wp:term":[{"taxonomy":"senaatti_type","embeddable":true,"href":"https:\/\/www.senaatti.fi\/asema-alueet\/wp-json\/wp\/v2\/senaatti_type?post=1300"}],"curies":[{"name":"wp","href":"https:\/\/api.w.org\/{rel}","templated":true}]}}