{"id":1297,"date":"2021-04-27T11:43:15","date_gmt":"2021-04-27T11:43:15","guid":{"rendered":"https:\/\/www.senaatti.fi\/asema-alueet\/?p=1297"},"modified":"2021-04-27T11:43:15","modified_gmt":"2021-04-27T11:43:15","slug":"senaatin-asema-alueet-oy-on-tehnyt-kiinteistokaupan-hangon-asemarakennuksesta","status":"publish","type":"post","link":"https:\/\/www.senaatti.fi\/asema-alueet\/ajankohtaista\/uutiset\/senaatin-asema-alueet-oy-on-tehnyt-kiinteistokaupan-hangon-asemarakennuksesta\/","title":{"rendered":"Senaatin Asema-alueet Oy on tehnyt kiinteist\u00f6kaupan Hangon asemarakennuksesta"},"content":{"rendered":"<p><strong>Senaatin Asema-alueet Oy ja Oy Chyde Invest Ab ovat allekirjoittaneet kiinteist\u00f6kaupan Hangon asemarakennuksesta. Asemarakennus sijaitsee junaradan pohjoispuolella Asematorin puiston vieress\u00e4.<\/strong><\/p>\n<p>Kohteen uusi omistaja on paikallinen yritys Oy Chyde Invest Ab, joka on toiminut Hangossa jo pitk\u00e4\u00e4n ja rakennuttanut alueelle muun muassa asuntoja.<\/p>\n<p>\u201dTavoitteenamme on her\u00e4tt\u00e4\u00e4 arkkitehtonisesti kaunis Hangon asemarakennus uuteen kukoistukseen. Rakennukseen on alustavasti suunniteltu tulevan majatalo huoneita, kokous- ja n\u00e4yttelytiloja sek\u00e4 ravintola. Kohteen saneeraus alkaa jo ensi viikolla,\u201d sanoo Oy Chyde Invest Ab:n <strong>Jan-Erik Chydenius<\/strong>.<\/p>\n<p>Hangon rautatieasema on Suomen etel\u00e4isin rautatieliikennepaikka ja se sijaitsee noin 50 kilometrin p\u00e4\u00e4ss\u00e4 Karjaan rautatieasemalta. Helsingin Olympiavuonna 1952 valmistuneen funktionalistisen asemarakennuksen on suunnitellut Jarl Ungern, joka toimi pitk\u00e4\u00e4n rautatiehallituksessa arkkitehtina. Asemarakennus on suojeltu.<\/p>\n<p><strong>Lis\u00e4tiedot:<\/strong><\/p>\n<p>Senaatin Asema-alueet Oy<br \/>\nAsko Taskila, myyntip\u00e4\u00e4llikk\u00f6<br \/>\np. +358 40 511 2157, asko.taskila@senaatti.fi<\/p>\n<p>Oy Chyde Invest Ab<br \/>\nJan-Erik Chydenius<br \/>\np. +358 40 900 6000, chyde@chyde.fi<\/p>\n","protected":false},"excerpt":{"rendered":"<p>Senaatin Asema-alueet Oy ja Oy Chyde Invest Ab ovat allekirjoittaneet kiinteist\u00f6kaupan Hangon asemarakennuksesta. Asemarakennus sijaitsee junaradan pohjoispuolella Asematorin puiston vieress\u00e4. Kohteen uusi omistaja on paikallinen yritys Oy Chyde Invest Ab, joka on toiminut Hangossa jo pitk\u00e4\u00e4n ja rakennuttanut alueelle muun muassa asuntoja. \u201dTavoitteenamme on her\u00e4tt\u00e4\u00e4 arkkitehtonisesti kaunis Hangon asemarakennus uuteen kukoistukseen. Rakennukseen on alustavasti suunniteltu [&hellip;]<\/p>\n","protected":false},"author":16,"featured_media":1262,"comment_status":"open","ping_status":"open","sticky":false,"template":"","format":"standard","meta":{"_acf_changed":false,"footnotes":""},"senaatti_type":[],"class_list":["post-1297","post","type-post","status-publish","format-standard","has-post-thumbnail","hentry"],"acf":[],"yoast_head":"<!-- This site is optimized with the Yoast SEO plugin v27.3 - https:\/\/yoast.com\/product\/yoast-seo-wordpress\/ -->\n<title>Senaatin Asema-alueet Oy on tehnyt kiinteist\u00f6kaupan Hangon asemarakennuksesta - Senaatti<\/title>\n<meta name=\"description\" content=\"Senaatin Asema-alueet Oy ja Oy Chyde Invest Ab ovat allekirjoittaneet kiinteist\u00f6kaupan Hangon asemarakennuksesta. Asemarakennus sijaitsee junaradan\" \/>\n<meta name=\"robots\" content=\"index, follow, max-snippet:-1, max-image-preview:large, max-video-preview:-1\" \/>\n<link rel=\"canonical\" href=\"https:\/\/www.senaatti.fi\/asema-alueet\/ajankohtaista\/uutiset\/senaatin-asema-alueet-oy-on-tehnyt-kiinteistokaupan-hangon-asemarakennuksesta\/\" \/>\n<meta property=\"og:locale\" content=\"fi_FI\" \/>\n<meta property=\"og:type\" content=\"article\" \/>\n<meta property=\"og:title\" content=\"Senaatin Asema-alueet Oy on tehnyt kiinteist\u00f6kaupan Hangon asemarakennuksesta - Senaatti\" \/>\n<meta property=\"og:description\" content=\"Senaatin Asema-alueet Oy ja Oy Chyde Invest Ab ovat allekirjoittaneet kiinteist\u00f6kaupan Hangon asemarakennuksesta. Asemarakennus sijaitsee junaradan\" \/>\n<meta property=\"og:url\" content=\"https:\/\/www.senaatti.fi\/asema-alueet\/ajankohtaista\/uutiset\/senaatin-asema-alueet-oy-on-tehnyt-kiinteistokaupan-hangon-asemarakennuksesta\/\" \/>\n<meta property=\"og:site_name\" content=\"Senaatti\" \/>\n<meta property=\"article:published_time\" content=\"2021-04-27T11:43:15+00:00\" \/>\n<meta property=\"og:image\" content=\"https:\/\/www.senaatti.fi\/app\/uploads\/sites\/6\/2021\/02\/20200716_102256-1024x768.jpg\" \/>\n\t<meta property=\"og:image:width\" content=\"1024\" \/>\n\t<meta property=\"og:image:height\" content=\"768\" \/>\n\t<meta property=\"og:image:type\" content=\"image\/jpeg\" \/>\n<meta name=\"author\" content=\"Andreas Ylijarvi\" \/>\n<meta name=\"twitter:card\" content=\"summary_large_image\" \/>\n<meta name=\"twitter:label1\" content=\"Written by\" \/>\n\t<meta name=\"twitter:data1\" content=\"Andreas Ylijarvi\" \/>\n\t<meta name=\"twitter:label2\" content=\"Est. reading time\" \/>\n\t<meta name=\"twitter:data2\" content=\"1 minuutti\" \/>\n<script type=\"application\/ld+json\" class=\"yoast-schema-graph\">{\"@context\":\"https:\\\/\\\/schema.org\",\"@graph\":[{\"@type\":\"Article\",\"@id\":\"https:\\\/\\\/www.senaatti.fi\\\/asema-alueet\\\/ajankohtaista\\\/uutiset\\\/senaatin-asema-alueet-oy-on-tehnyt-kiinteistokaupan-hangon-asemarakennuksesta\\\/#article\",\"isPartOf\":{\"@id\":\"https:\\\/\\\/www.senaatti.fi\\\/asema-alueet\\\/ajankohtaista\\\/uutiset\\\/senaatin-asema-alueet-oy-on-tehnyt-kiinteistokaupan-hangon-asemarakennuksesta\\\/\"},\"author\":{\"name\":\"Andreas Ylijarvi\",\"@id\":\"https:\\\/\\\/www.senaatti.fi\\\/asema-alueet\\\/#\\\/schema\\\/person\\\/19ebcd857f41fa4cf02102cd128abc46\"},\"headline\":\"Senaatin Asema-alueet Oy on tehnyt kiinteist\u00f6kaupan Hangon asemarakennuksesta\",\"datePublished\":\"2021-04-27T11:43:15+00:00\",\"mainEntityOfPage\":{\"@id\":\"https:\\\/\\\/www.senaatti.fi\\\/asema-alueet\\\/ajankohtaista\\\/uutiset\\\/senaatin-asema-alueet-oy-on-tehnyt-kiinteistokaupan-hangon-asemarakennuksesta\\\/\"},\"wordCount\":148,\"commentCount\":0,\"image\":{\"@id\":\"https:\\\/\\\/www.senaatti.fi\\\/asema-alueet\\\/ajankohtaista\\\/uutiset\\\/senaatin-asema-alueet-oy-on-tehnyt-kiinteistokaupan-hangon-asemarakennuksesta\\\/#primaryimage\"},\"thumbnailUrl\":\"https:\\\/\\\/www.senaatti.fi\\\/app\\\/uploads\\\/sites\\\/6\\\/2021\\\/02\\\/20200716_102256-scaled.jpg\",\"articleSection\":[\"Senaatin Asema-alueet Oy\"],\"inLanguage\":\"fi\"},{\"@type\":\"WebPage\",\"@id\":\"https:\\\/\\\/www.senaatti.fi\\\/asema-alueet\\\/ajankohtaista\\\/uutiset\\\/senaatin-asema-alueet-oy-on-tehnyt-kiinteistokaupan-hangon-asemarakennuksesta\\\/\",\"url\":\"https:\\\/\\\/www.senaatti.fi\\\/asema-alueet\\\/ajankohtaista\\\/uutiset\\\/senaatin-asema-alueet-oy-on-tehnyt-kiinteistokaupan-hangon-asemarakennuksesta\\\/\",\"name\":\"Senaatin Asema-alueet Oy on tehnyt kiinteist\u00f6kaupan Hangon asemarakennuksesta - Senaatti\",\"isPartOf\":{\"@id\":\"https:\\\/\\\/www.senaatti.fi\\\/asema-alueet\\\/#website\"},\"primaryImageOfPage\":{\"@id\":\"https:\\\/\\\/www.senaatti.fi\\\/asema-alueet\\\/ajankohtaista\\\/uutiset\\\/senaatin-asema-alueet-oy-on-tehnyt-kiinteistokaupan-hangon-asemarakennuksesta\\\/#primaryimage\"},\"image\":{\"@id\":\"https:\\\/\\\/www.senaatti.fi\\\/asema-alueet\\\/ajankohtaista\\\/uutiset\\\/senaatin-asema-alueet-oy-on-tehnyt-kiinteistokaupan-hangon-asemarakennuksesta\\\/#primaryimage\"},\"thumbnailUrl\":\"https:\\\/\\\/www.senaatti.fi\\\/app\\\/uploads\\\/sites\\\/6\\\/2021\\\/02\\\/20200716_102256-scaled.jpg\",\"datePublished\":\"2021-04-27T11:43:15+00:00\",\"author\":{\"@id\":\"https:\\\/\\\/www.senaatti.fi\\\/asema-alueet\\\/#\\\/schema\\\/person\\\/19ebcd857f41fa4cf02102cd128abc46\"},\"description\":\"Senaatin Asema-alueet Oy ja Oy Chyde Invest Ab ovat allekirjoittaneet kiinteist\u00f6kaupan Hangon asemarakennuksesta. Asemarakennus sijaitsee junaradan\",\"breadcrumb\":{\"@id\":\"https:\\\/\\\/www.senaatti.fi\\\/asema-alueet\\\/ajankohtaista\\\/uutiset\\\/senaatin-asema-alueet-oy-on-tehnyt-kiinteistokaupan-hangon-asemarakennuksesta\\\/#breadcrumb\"},\"inLanguage\":\"fi\",\"potentialAction\":[{\"@type\":\"ReadAction\",\"target\":[\"https:\\\/\\\/www.senaatti.fi\\\/asema-alueet\\\/ajankohtaista\\\/uutiset\\\/senaatin-asema-alueet-oy-on-tehnyt-kiinteistokaupan-hangon-asemarakennuksesta\\\/\"]}]},{\"@type\":\"ImageObject\",\"inLanguage\":\"fi\",\"@id\":\"https:\\\/\\\/www.senaatti.fi\\\/asema-alueet\\\/ajankohtaista\\\/uutiset\\\/senaatin-asema-alueet-oy-on-tehnyt-kiinteistokaupan-hangon-asemarakennuksesta\\\/#primaryimage\",\"url\":\"https:\\\/\\\/www.senaatti.fi\\\/app\\\/uploads\\\/sites\\\/6\\\/2021\\\/02\\\/20200716_102256-scaled.jpg\",\"contentUrl\":\"https:\\\/\\\/www.senaatti.fi\\\/app\\\/uploads\\\/sites\\\/6\\\/2021\\\/02\\\/20200716_102256-scaled.jpg\",\"width\":2560,\"height\":1920},{\"@type\":\"BreadcrumbList\",\"@id\":\"https:\\\/\\\/www.senaatti.fi\\\/asema-alueet\\\/ajankohtaista\\\/uutiset\\\/senaatin-asema-alueet-oy-on-tehnyt-kiinteistokaupan-hangon-asemarakennuksesta\\\/#breadcrumb\",\"itemListElement\":[{\"@type\":\"ListItem\",\"position\":1,\"name\":\"Etusivu\",\"item\":\"https:\\\/\\\/www.senaatti.fi\\\/asema-alueet\\\/\"},{\"@type\":\"ListItem\",\"position\":2,\"name\":\"Senaatin Asema-alueet Oy on tehnyt kiinteist\u00f6kaupan Hangon asemarakennuksesta\"}]},{\"@type\":\"WebSite\",\"@id\":\"https:\\\/\\\/www.senaatti.fi\\\/asema-alueet\\\/#website\",\"url\":\"https:\\\/\\\/www.senaatti.fi\\\/asema-alueet\\\/\",\"name\":\"Asema-alueet\",\"description\":\"Senaatin Asema-alueet\",\"potentialAction\":[{\"@type\":\"SearchAction\",\"target\":{\"@type\":\"EntryPoint\",\"urlTemplate\":\"https:\\\/\\\/www.senaatti.fi\\\/asema-alueet\\\/?s={search_term_string}\"},\"query-input\":{\"@type\":\"PropertyValueSpecification\",\"valueRequired\":true,\"valueName\":\"search_term_string\"}}],\"inLanguage\":\"fi\"},{\"@type\":\"Person\",\"@id\":\"https:\\\/\\\/www.senaatti.fi\\\/asema-alueet\\\/#\\\/schema\\\/person\\\/19ebcd857f41fa4cf02102cd128abc46\",\"name\":\"Andreas Ylijarvi\",\"image\":{\"@type\":\"ImageObject\",\"inLanguage\":\"fi\",\"@id\":\"https:\\\/\\\/secure.gravatar.com\\\/avatar\\\/da48797f91660605745175abd9fe82263292008bf52cf452340b960fcdab186f?s=96&d=mm&r=g\",\"url\":\"https:\\\/\\\/secure.gravatar.com\\\/avatar\\\/da48797f91660605745175abd9fe82263292008bf52cf452340b960fcdab186f?s=96&d=mm&r=g\",\"contentUrl\":\"https:\\\/\\\/secure.gravatar.com\\\/avatar\\\/da48797f91660605745175abd9fe82263292008bf52cf452340b960fcdab186f?s=96&d=mm&r=g\",\"caption\":\"Andreas Ylijarvi\"}}]}<\/script>\n<!-- \/ Yoast SEO plugin. -->","yoast_head_json":{"title":"Senaatin Asema-alueet Oy on tehnyt kiinteist\u00f6kaupan Hangon asemarakennuksesta - Senaatti","description":"Senaatin Asema-alueet Oy ja Oy Chyde Invest Ab ovat allekirjoittaneet kiinteist\u00f6kaupan Hangon asemarakennuksesta. Asemarakennus sijaitsee junaradan","robots":{"index":"index","follow":"follow","max-snippet":"max-snippet:-1","max-image-preview":"max-image-preview:large","max-video-preview":"max-video-preview:-1"},"canonical":"https:\/\/www.senaatti.fi\/asema-alueet\/ajankohtaista\/uutiset\/senaatin-asema-alueet-oy-on-tehnyt-kiinteistokaupan-hangon-asemarakennuksesta\/","og_locale":"fi_FI","og_type":"article","og_title":"Senaatin Asema-alueet Oy on tehnyt kiinteist\u00f6kaupan Hangon asemarakennuksesta - Senaatti","og_description":"Senaatin Asema-alueet Oy ja Oy Chyde Invest Ab ovat allekirjoittaneet kiinteist\u00f6kaupan Hangon asemarakennuksesta. Asemarakennus sijaitsee junaradan","og_url":"https:\/\/www.senaatti.fi\/asema-alueet\/ajankohtaista\/uutiset\/senaatin-asema-alueet-oy-on-tehnyt-kiinteistokaupan-hangon-asemarakennuksesta\/","og_site_name":"Senaatti","article_published_time":"2021-04-27T11:43:15+00:00","og_image":[{"width":1024,"height":768,"url":"https:\/\/www.senaatti.fi\/app\/uploads\/sites\/6\/2021\/02\/20200716_102256-1024x768.jpg","type":"image\/jpeg"}],"author":"Andreas Ylijarvi","twitter_card":"summary_large_image","twitter_misc":{"Written by":"Andreas Ylijarvi","Est. reading time":"1 minuutti"},"schema":{"@context":"https:\/\/schema.org","@graph":[{"@type":"Article","@id":"https:\/\/www.senaatti.fi\/asema-alueet\/ajankohtaista\/uutiset\/senaatin-asema-alueet-oy-on-tehnyt-kiinteistokaupan-hangon-asemarakennuksesta\/#article","isPartOf":{"@id":"https:\/\/www.senaatti.fi\/asema-alueet\/ajankohtaista\/uutiset\/senaatin-asema-alueet-oy-on-tehnyt-kiinteistokaupan-hangon-asemarakennuksesta\/"},"author":{"name":"Andreas Ylijarvi","@id":"https:\/\/www.senaatti.fi\/asema-alueet\/#\/schema\/person\/19ebcd857f41fa4cf02102cd128abc46"},"headline":"Senaatin Asema-alueet Oy on tehnyt kiinteist\u00f6kaupan Hangon asemarakennuksesta","datePublished":"2021-04-27T11:43:15+00:00","mainEntityOfPage":{"@id":"https:\/\/www.senaatti.fi\/asema-alueet\/ajankohtaista\/uutiset\/senaatin-asema-alueet-oy-on-tehnyt-kiinteistokaupan-hangon-asemarakennuksesta\/"},"wordCount":148,"commentCount":0,"image":{"@id":"https:\/\/www.senaatti.fi\/asema-alueet\/ajankohtaista\/uutiset\/senaatin-asema-alueet-oy-on-tehnyt-kiinteistokaupan-hangon-asemarakennuksesta\/#primaryimage"},"thumbnailUrl":"https:\/\/www.senaatti.fi\/app\/uploads\/sites\/6\/2021\/02\/20200716_102256-scaled.jpg","articleSection":["Senaatin Asema-alueet Oy"],"inLanguage":"fi"},{"@type":"WebPage","@id":"https:\/\/www.senaatti.fi\/asema-alueet\/ajankohtaista\/uutiset\/senaatin-asema-alueet-oy-on-tehnyt-kiinteistokaupan-hangon-asemarakennuksesta\/","url":"https:\/\/www.senaatti.fi\/asema-alueet\/ajankohtaista\/uutiset\/senaatin-asema-alueet-oy-on-tehnyt-kiinteistokaupan-hangon-asemarakennuksesta\/","name":"Senaatin Asema-alueet Oy on tehnyt kiinteist\u00f6kaupan Hangon asemarakennuksesta - Senaatti","isPartOf":{"@id":"https:\/\/www.senaatti.fi\/asema-alueet\/#website"},"primaryImageOfPage":{"@id":"https:\/\/www.senaatti.fi\/asema-alueet\/ajankohtaista\/uutiset\/senaatin-asema-alueet-oy-on-tehnyt-kiinteistokaupan-hangon-asemarakennuksesta\/#primaryimage"},"image":{"@id":"https:\/\/www.senaatti.fi\/asema-alueet\/ajankohtaista\/uutiset\/senaatin-asema-alueet-oy-on-tehnyt-kiinteistokaupan-hangon-asemarakennuksesta\/#primaryimage"},"thumbnailUrl":"https:\/\/www.senaatti.fi\/app\/uploads\/sites\/6\/2021\/02\/20200716_102256-scaled.jpg","datePublished":"2021-04-27T11:43:15+00:00","author":{"@id":"https:\/\/www.senaatti.fi\/asema-alueet\/#\/schema\/person\/19ebcd857f41fa4cf02102cd128abc46"},"description":"Senaatin Asema-alueet Oy ja Oy Chyde Invest Ab ovat allekirjoittaneet kiinteist\u00f6kaupan Hangon asemarakennuksesta. Asemarakennus sijaitsee junaradan","breadcrumb":{"@id":"https:\/\/www.senaatti.fi\/asema-alueet\/ajankohtaista\/uutiset\/senaatin-asema-alueet-oy-on-tehnyt-kiinteistokaupan-hangon-asemarakennuksesta\/#breadcrumb"},"inLanguage":"fi","potentialAction":[{"@type":"ReadAction","target":["https:\/\/www.senaatti.fi\/asema-alueet\/ajankohtaista\/uutiset\/senaatin-asema-alueet-oy-on-tehnyt-kiinteistokaupan-hangon-asemarakennuksesta\/"]}]},{"@type":"ImageObject","inLanguage":"fi","@id":"https:\/\/www.senaatti.fi\/asema-alueet\/ajankohtaista\/uutiset\/senaatin-asema-alueet-oy-on-tehnyt-kiinteistokaupan-hangon-asemarakennuksesta\/#primaryimage","url":"https:\/\/www.senaatti.fi\/app\/uploads\/sites\/6\/2021\/02\/20200716_102256-scaled.jpg","contentUrl":"https:\/\/www.senaatti.fi\/app\/uploads\/sites\/6\/2021\/02\/20200716_102256-scaled.jpg","width":2560,"height":1920},{"@type":"BreadcrumbList","@id":"https:\/\/www.senaatti.fi\/asema-alueet\/ajankohtaista\/uutiset\/senaatin-asema-alueet-oy-on-tehnyt-kiinteistokaupan-hangon-asemarakennuksesta\/#breadcrumb","itemListElement":[{"@type":"ListItem","position":1,"name":"Etusivu","item":"https:\/\/www.senaatti.fi\/asema-alueet\/"},{"@type":"ListItem","position":2,"name":"Senaatin Asema-alueet Oy on tehnyt kiinteist\u00f6kaupan Hangon asemarakennuksesta"}]},{"@type":"WebSite","@id":"https:\/\/www.senaatti.fi\/asema-alueet\/#website","url":"https:\/\/www.senaatti.fi\/asema-alueet\/","name":"Asema-alueet","description":"Senaatin Asema-alueet","potentialAction":[{"@type":"SearchAction","target":{"@type":"EntryPoint","urlTemplate":"https:\/\/www.senaatti.fi\/asema-alueet\/?s={search_term_string}"},"query-input":{"@type":"PropertyValueSpecification","valueRequired":true,"valueName":"search_term_string"}}],"inLanguage":"fi"},{"@type":"Person","@id":"https:\/\/www.senaatti.fi\/asema-alueet\/#\/schema\/person\/19ebcd857f41fa4cf02102cd128abc46","name":"Andreas Ylijarvi","image":{"@type":"ImageObject","inLanguage":"fi","@id":"https:\/\/secure.gravatar.com\/avatar\/da48797f91660605745175abd9fe82263292008bf52cf452340b960fcdab186f?s=96&d=mm&r=g","url":"https:\/\/secure.gravatar.com\/avatar\/da48797f91660605745175abd9fe82263292008bf52cf452340b960fcdab186f?s=96&d=mm&r=g","contentUrl":"https:\/\/secure.gravatar.com\/avatar\/da48797f91660605745175abd9fe82263292008bf52cf452340b960fcdab186f?s=96&d=mm&r=g","caption":"Andreas Ylijarvi"}}]}},"lang":"fi","translations":{"fi":1297},"pll_sync_post":[],"_links":{"self":[{"href":"https:\/\/www.senaatti.fi\/asema-alueet\/wp-json\/wp\/v2\/posts\/1297","targetHints":{"allow":["GET"]}}],"collection":[{"href":"https:\/\/www.senaatti.fi\/asema-alueet\/wp-json\/wp\/v2\/posts"}],"about":[{"href":"https:\/\/www.senaatti.fi\/asema-alueet\/wp-json\/wp\/v2\/types\/post"}],"author":[{"embeddable":true,"href":"https:\/\/www.senaatti.fi\/asema-alueet\/wp-json\/wp\/v2\/users\/16"}],"replies":[{"embeddable":true,"href":"https:\/\/www.senaatti.fi\/asema-alueet\/wp-json\/wp\/v2\/comments?post=1297"}],"version-history":[{"count":1,"href":"https:\/\/www.senaatti.fi\/asema-alueet\/wp-json\/wp\/v2\/posts\/1297\/revisions"}],"predecessor-version":[{"id":1298,"href":"https:\/\/www.senaatti.fi\/asema-alueet\/wp-json\/wp\/v2\/posts\/1297\/revisions\/1298"}],"wp:featuredmedia":[{"embeddable":true,"href":"https:\/\/www.senaatti.fi\/asema-alueet\/wp-json\/wp\/v2\/media\/1262"}],"wp:attachment":[{"href":"https:\/\/www.senaatti.fi\/asema-alueet\/wp-json\/wp\/v2\/media?parent=1297"}],"wp:term":[{"taxonomy":"senaatti_type","embeddable":true,"href":"https:\/\/www.senaatti.fi\/asema-alueet\/wp-json\/wp\/v2\/senaatti_type?post=1297"}],"curies":[{"name":"wp","href":"https:\/\/api.w.org\/{rel}","templated":true}]}}