{"id":1293,"date":"2021-04-12T10:44:45","date_gmt":"2021-04-12T10:44:45","guid":{"rendered":"https:\/\/www.senaatti.fi\/asema-alueet\/?p=1293"},"modified":"2021-04-12T10:44:45","modified_gmt":"2021-04-12T10:44:45","slug":"porin-rautatieasemalla-otettiin-kayttoon-myos-lyhytaikainen-pysakointi","status":"publish","type":"post","link":"https:\/\/www.senaatti.fi\/asema-alueet\/ajankohtaista\/uutiset\/porin-rautatieasemalla-otettiin-kayttoon-myos-lyhytaikainen-pysakointi\/","title":{"rendered":"Porin rautatieasemalla otettiin k\u00e4ytt\u00f6\u00f6n my\u00f6s lyhytaikainen pys\u00e4k\u00f6inti"},"content":{"rendered":"<p><strong>Senaatin Asema-alueet Oy mahdollistaa jatkossa my\u00f6s tunti- ja vuorokausipys\u00e4k\u00f6innin omistamallaan pys\u00e4k\u00f6intialueella Porin rautatieasemalla. Aikaisemmin pys\u00e4k\u00f6inti oli mahdollista vain kuukausisopimuksen tehneille asiakkaille. Muutos on astunut voimaan 1.4.2021 ja koskee pys\u00e4k\u00f6intialue Asema-aukiota, joka sijaitsee asemarakennuksen vieress\u00e4 osoitteessa Asema-aukio 3.<\/strong><\/p>\n<p>Senaatin Asema-alueet Oy keskitti vuoden 2020 aikana osan omistamiensa asema-alueiden parkkipaikkojen vuokrauksen Finnpark Oy:lle. Yhteisty\u00f6sopimus tuli voimaan my\u00f6s Porin rautatieaseman parkkialueella. Tavoitteena on, ett\u00e4 asema-alueilla huomioidaan paremmin autoilijoiden pys\u00e4k\u00f6intitarpeet ja mahdollistetaan lyhyt- sek\u00e4 pitk\u00e4aikaiset sopimuspys\u00e4k\u00f6innit. Pys\u00e4k\u00f6inti asema-alueella tapahtuu Moovy-sovellusta k\u00e4ytt\u00e4m\u00e4ll\u00e4. Ohjeet sovelluksen lataukseen ja yhteystiedot asiakaspalveluun l\u00f6yd\u00e4t\u00a0<a href=\"https:\/\/moovy.fi\/autoilijoille\/?gclid=EAIaIQobChMI74qW4bGn7AIVBd-yCh3QNQmyEAAYASAAEgKlUvD_BwE#utm_source=Google%20SEM&amp;utm_medium=SEM_brand_Autoilijoille&amp;utm_campaign=Moovy_ADS\">Moovyn verkkosivuilta t\u00e4st\u00e4<\/a>.<\/p>\n<p>\u201dT\u00e4rke\u00e4n\u00e4 osana toimivaa asema-aluetta on toimiva parkkialue. Haluamme osaltamme varmistaa, ett\u00e4 asema-alueiden l\u00e4heisyydess\u00e4 olevat parkkialueet ovat niit\u00e4 tarvitsevien k\u00e4yt\u00f6ss\u00e4.\u201d toteaa Senaatin Asema-alueet Oy:n investointip\u00e4\u00e4llikk\u00f6\u00a0<strong>Virpi Koikkalainen<\/strong>.<\/p>\n<p><strong>Lis\u00e4tiedot:<\/strong><br \/>\nVirpi Koikkalainen<br \/>\ninvestointip\u00e4\u00e4llikk\u00f6<br \/>\n+358 40 747 7226<br \/>\nvirpi.koikkalainen@senaatti.fi<\/p>\n<p>Tami Koivuniemi<br \/>\nOperatiivinen johtaja<br \/>\nFinnpark Oy<br \/>\n+358 40 832 8323<br \/>\nTami.koivuniemi@finnpark.fi<\/p>\n","protected":false},"excerpt":{"rendered":"<p>Senaatin Asema-alueet Oy mahdollistaa jatkossa my\u00f6s tunti- ja vuorokausipys\u00e4k\u00f6innin omistamallaan pys\u00e4k\u00f6intialueella Porin rautatieasemalla. Aikaisemmin pys\u00e4k\u00f6inti oli mahdollista vain kuukausisopimuksen tehneille asiakkaille. Muutos on astunut voimaan 1.4.2021 ja koskee pys\u00e4k\u00f6intialue Asema-aukiota, joka sijaitsee asemarakennuksen vieress\u00e4 osoitteessa Asema-aukio 3. Senaatin Asema-alueet Oy keskitti vuoden 2020 aikana osan omistamiensa asema-alueiden parkkipaikkojen vuokrauksen Finnpark Oy:lle. Yhteisty\u00f6sopimus tuli voimaan my\u00f6s [&hellip;]<\/p>\n","protected":false},"author":16,"featured_media":0,"comment_status":"open","ping_status":"open","sticky":false,"template":"","format":"standard","meta":{"_acf_changed":false,"footnotes":""},"senaatti_type":[],"class_list":["post-1293","post","type-post","status-publish","format-standard","hentry"],"acf":[],"yoast_head":"<!-- This site is optimized with the Yoast SEO plugin v27.3 - https:\/\/yoast.com\/product\/yoast-seo-wordpress\/ -->\n<title>Porin rautatieasemalla otettiin k\u00e4ytt\u00f6\u00f6n my\u00f6s lyhytaikainen pys\u00e4k\u00f6inti - Senaatti<\/title>\n<meta name=\"description\" content=\"Senaatin Asema-alueet Oy mahdollistaa jatkossa my\u00f6s tunti- ja vuorokausipys\u00e4k\u00f6innin omistamallaan pys\u00e4k\u00f6intialueella Porin rautatieasemalla. Aikaisemmin\" \/>\n<meta name=\"robots\" content=\"index, follow, max-snippet:-1, max-image-preview:large, max-video-preview:-1\" \/>\n<link rel=\"canonical\" href=\"https:\/\/www.senaatti.fi\/asema-alueet\/ajankohtaista\/uutiset\/porin-rautatieasemalla-otettiin-kayttoon-myos-lyhytaikainen-pysakointi\/\" \/>\n<meta property=\"og:locale\" content=\"fi_FI\" \/>\n<meta property=\"og:type\" content=\"article\" \/>\n<meta property=\"og:title\" content=\"Porin rautatieasemalla otettiin k\u00e4ytt\u00f6\u00f6n my\u00f6s lyhytaikainen pys\u00e4k\u00f6inti - Senaatti\" \/>\n<meta property=\"og:description\" content=\"Senaatin Asema-alueet Oy mahdollistaa jatkossa my\u00f6s tunti- ja vuorokausipys\u00e4k\u00f6innin omistamallaan pys\u00e4k\u00f6intialueella Porin rautatieasemalla. Aikaisemmin\" \/>\n<meta property=\"og:url\" content=\"https:\/\/www.senaatti.fi\/asema-alueet\/ajankohtaista\/uutiset\/porin-rautatieasemalla-otettiin-kayttoon-myos-lyhytaikainen-pysakointi\/\" \/>\n<meta property=\"og:site_name\" content=\"Senaatti\" \/>\n<meta property=\"article:published_time\" content=\"2021-04-12T10:44:45+00:00\" \/>\n<meta name=\"author\" content=\"Andreas Ylijarvi\" \/>\n<meta name=\"twitter:card\" content=\"summary_large_image\" \/>\n<meta name=\"twitter:label1\" content=\"Written by\" \/>\n\t<meta name=\"twitter:data1\" content=\"Andreas Ylijarvi\" \/>\n\t<meta name=\"twitter:label2\" content=\"Est. reading time\" \/>\n\t<meta name=\"twitter:data2\" content=\"1 minuutti\" \/>\n<script type=\"application\/ld+json\" class=\"yoast-schema-graph\">{\"@context\":\"https:\\\/\\\/schema.org\",\"@graph\":[{\"@type\":\"Article\",\"@id\":\"https:\\\/\\\/www.senaatti.fi\\\/asema-alueet\\\/ajankohtaista\\\/uutiset\\\/porin-rautatieasemalla-otettiin-kayttoon-myos-lyhytaikainen-pysakointi\\\/#article\",\"isPartOf\":{\"@id\":\"https:\\\/\\\/www.senaatti.fi\\\/asema-alueet\\\/ajankohtaista\\\/uutiset\\\/porin-rautatieasemalla-otettiin-kayttoon-myos-lyhytaikainen-pysakointi\\\/\"},\"author\":{\"name\":\"Andreas Ylijarvi\",\"@id\":\"https:\\\/\\\/www.senaatti.fi\\\/asema-alueet\\\/#\\\/schema\\\/person\\\/19ebcd857f41fa4cf02102cd128abc46\"},\"headline\":\"Porin rautatieasemalla otettiin k\u00e4ytt\u00f6\u00f6n my\u00f6s lyhytaikainen pys\u00e4k\u00f6inti\",\"datePublished\":\"2021-04-12T10:44:45+00:00\",\"mainEntityOfPage\":{\"@id\":\"https:\\\/\\\/www.senaatti.fi\\\/asema-alueet\\\/ajankohtaista\\\/uutiset\\\/porin-rautatieasemalla-otettiin-kayttoon-myos-lyhytaikainen-pysakointi\\\/\"},\"wordCount\":174,\"commentCount\":0,\"articleSection\":[\"Senaatin Asema-alueet Oy\"],\"inLanguage\":\"fi\"},{\"@type\":\"WebPage\",\"@id\":\"https:\\\/\\\/www.senaatti.fi\\\/asema-alueet\\\/ajankohtaista\\\/uutiset\\\/porin-rautatieasemalla-otettiin-kayttoon-myos-lyhytaikainen-pysakointi\\\/\",\"url\":\"https:\\\/\\\/www.senaatti.fi\\\/asema-alueet\\\/ajankohtaista\\\/uutiset\\\/porin-rautatieasemalla-otettiin-kayttoon-myos-lyhytaikainen-pysakointi\\\/\",\"name\":\"Porin rautatieasemalla otettiin k\u00e4ytt\u00f6\u00f6n my\u00f6s lyhytaikainen pys\u00e4k\u00f6inti - Senaatti\",\"isPartOf\":{\"@id\":\"https:\\\/\\\/www.senaatti.fi\\\/asema-alueet\\\/#website\"},\"datePublished\":\"2021-04-12T10:44:45+00:00\",\"author\":{\"@id\":\"https:\\\/\\\/www.senaatti.fi\\\/asema-alueet\\\/#\\\/schema\\\/person\\\/19ebcd857f41fa4cf02102cd128abc46\"},\"description\":\"Senaatin Asema-alueet Oy mahdollistaa jatkossa my\u00f6s tunti- ja vuorokausipys\u00e4k\u00f6innin omistamallaan pys\u00e4k\u00f6intialueella Porin rautatieasemalla. Aikaisemmin\",\"breadcrumb\":{\"@id\":\"https:\\\/\\\/www.senaatti.fi\\\/asema-alueet\\\/ajankohtaista\\\/uutiset\\\/porin-rautatieasemalla-otettiin-kayttoon-myos-lyhytaikainen-pysakointi\\\/#breadcrumb\"},\"inLanguage\":\"fi\",\"potentialAction\":[{\"@type\":\"ReadAction\",\"target\":[\"https:\\\/\\\/www.senaatti.fi\\\/asema-alueet\\\/ajankohtaista\\\/uutiset\\\/porin-rautatieasemalla-otettiin-kayttoon-myos-lyhytaikainen-pysakointi\\\/\"]}]},{\"@type\":\"BreadcrumbList\",\"@id\":\"https:\\\/\\\/www.senaatti.fi\\\/asema-alueet\\\/ajankohtaista\\\/uutiset\\\/porin-rautatieasemalla-otettiin-kayttoon-myos-lyhytaikainen-pysakointi\\\/#breadcrumb\",\"itemListElement\":[{\"@type\":\"ListItem\",\"position\":1,\"name\":\"Etusivu\",\"item\":\"https:\\\/\\\/www.senaatti.fi\\\/asema-alueet\\\/\"},{\"@type\":\"ListItem\",\"position\":2,\"name\":\"Porin rautatieasemalla otettiin k\u00e4ytt\u00f6\u00f6n my\u00f6s lyhytaikainen pys\u00e4k\u00f6inti\"}]},{\"@type\":\"WebSite\",\"@id\":\"https:\\\/\\\/www.senaatti.fi\\\/asema-alueet\\\/#website\",\"url\":\"https:\\\/\\\/www.senaatti.fi\\\/asema-alueet\\\/\",\"name\":\"Asema-alueet\",\"description\":\"Senaatin Asema-alueet\",\"potentialAction\":[{\"@type\":\"SearchAction\",\"target\":{\"@type\":\"EntryPoint\",\"urlTemplate\":\"https:\\\/\\\/www.senaatti.fi\\\/asema-alueet\\\/?s={search_term_string}\"},\"query-input\":{\"@type\":\"PropertyValueSpecification\",\"valueRequired\":true,\"valueName\":\"search_term_string\"}}],\"inLanguage\":\"fi\"},{\"@type\":\"Person\",\"@id\":\"https:\\\/\\\/www.senaatti.fi\\\/asema-alueet\\\/#\\\/schema\\\/person\\\/19ebcd857f41fa4cf02102cd128abc46\",\"name\":\"Andreas Ylijarvi\",\"image\":{\"@type\":\"ImageObject\",\"inLanguage\":\"fi\",\"@id\":\"https:\\\/\\\/secure.gravatar.com\\\/avatar\\\/da48797f91660605745175abd9fe82263292008bf52cf452340b960fcdab186f?s=96&d=mm&r=g\",\"url\":\"https:\\\/\\\/secure.gravatar.com\\\/avatar\\\/da48797f91660605745175abd9fe82263292008bf52cf452340b960fcdab186f?s=96&d=mm&r=g\",\"contentUrl\":\"https:\\\/\\\/secure.gravatar.com\\\/avatar\\\/da48797f91660605745175abd9fe82263292008bf52cf452340b960fcdab186f?s=96&d=mm&r=g\",\"caption\":\"Andreas Ylijarvi\"}}]}<\/script>\n<!-- \/ Yoast SEO plugin. -->","yoast_head_json":{"title":"Porin rautatieasemalla otettiin k\u00e4ytt\u00f6\u00f6n my\u00f6s lyhytaikainen pys\u00e4k\u00f6inti - Senaatti","description":"Senaatin Asema-alueet Oy mahdollistaa jatkossa my\u00f6s tunti- ja vuorokausipys\u00e4k\u00f6innin omistamallaan pys\u00e4k\u00f6intialueella Porin rautatieasemalla. Aikaisemmin","robots":{"index":"index","follow":"follow","max-snippet":"max-snippet:-1","max-image-preview":"max-image-preview:large","max-video-preview":"max-video-preview:-1"},"canonical":"https:\/\/www.senaatti.fi\/asema-alueet\/ajankohtaista\/uutiset\/porin-rautatieasemalla-otettiin-kayttoon-myos-lyhytaikainen-pysakointi\/","og_locale":"fi_FI","og_type":"article","og_title":"Porin rautatieasemalla otettiin k\u00e4ytt\u00f6\u00f6n my\u00f6s lyhytaikainen pys\u00e4k\u00f6inti - Senaatti","og_description":"Senaatin Asema-alueet Oy mahdollistaa jatkossa my\u00f6s tunti- ja vuorokausipys\u00e4k\u00f6innin omistamallaan pys\u00e4k\u00f6intialueella Porin rautatieasemalla. Aikaisemmin","og_url":"https:\/\/www.senaatti.fi\/asema-alueet\/ajankohtaista\/uutiset\/porin-rautatieasemalla-otettiin-kayttoon-myos-lyhytaikainen-pysakointi\/","og_site_name":"Senaatti","article_published_time":"2021-04-12T10:44:45+00:00","author":"Andreas Ylijarvi","twitter_card":"summary_large_image","twitter_misc":{"Written by":"Andreas Ylijarvi","Est. reading time":"1 minuutti"},"schema":{"@context":"https:\/\/schema.org","@graph":[{"@type":"Article","@id":"https:\/\/www.senaatti.fi\/asema-alueet\/ajankohtaista\/uutiset\/porin-rautatieasemalla-otettiin-kayttoon-myos-lyhytaikainen-pysakointi\/#article","isPartOf":{"@id":"https:\/\/www.senaatti.fi\/asema-alueet\/ajankohtaista\/uutiset\/porin-rautatieasemalla-otettiin-kayttoon-myos-lyhytaikainen-pysakointi\/"},"author":{"name":"Andreas Ylijarvi","@id":"https:\/\/www.senaatti.fi\/asema-alueet\/#\/schema\/person\/19ebcd857f41fa4cf02102cd128abc46"},"headline":"Porin rautatieasemalla otettiin k\u00e4ytt\u00f6\u00f6n my\u00f6s lyhytaikainen pys\u00e4k\u00f6inti","datePublished":"2021-04-12T10:44:45+00:00","mainEntityOfPage":{"@id":"https:\/\/www.senaatti.fi\/asema-alueet\/ajankohtaista\/uutiset\/porin-rautatieasemalla-otettiin-kayttoon-myos-lyhytaikainen-pysakointi\/"},"wordCount":174,"commentCount":0,"articleSection":["Senaatin Asema-alueet Oy"],"inLanguage":"fi"},{"@type":"WebPage","@id":"https:\/\/www.senaatti.fi\/asema-alueet\/ajankohtaista\/uutiset\/porin-rautatieasemalla-otettiin-kayttoon-myos-lyhytaikainen-pysakointi\/","url":"https:\/\/www.senaatti.fi\/asema-alueet\/ajankohtaista\/uutiset\/porin-rautatieasemalla-otettiin-kayttoon-myos-lyhytaikainen-pysakointi\/","name":"Porin rautatieasemalla otettiin k\u00e4ytt\u00f6\u00f6n my\u00f6s lyhytaikainen pys\u00e4k\u00f6inti - Senaatti","isPartOf":{"@id":"https:\/\/www.senaatti.fi\/asema-alueet\/#website"},"datePublished":"2021-04-12T10:44:45+00:00","author":{"@id":"https:\/\/www.senaatti.fi\/asema-alueet\/#\/schema\/person\/19ebcd857f41fa4cf02102cd128abc46"},"description":"Senaatin Asema-alueet Oy mahdollistaa jatkossa my\u00f6s tunti- ja vuorokausipys\u00e4k\u00f6innin omistamallaan pys\u00e4k\u00f6intialueella Porin rautatieasemalla. Aikaisemmin","breadcrumb":{"@id":"https:\/\/www.senaatti.fi\/asema-alueet\/ajankohtaista\/uutiset\/porin-rautatieasemalla-otettiin-kayttoon-myos-lyhytaikainen-pysakointi\/#breadcrumb"},"inLanguage":"fi","potentialAction":[{"@type":"ReadAction","target":["https:\/\/www.senaatti.fi\/asema-alueet\/ajankohtaista\/uutiset\/porin-rautatieasemalla-otettiin-kayttoon-myos-lyhytaikainen-pysakointi\/"]}]},{"@type":"BreadcrumbList","@id":"https:\/\/www.senaatti.fi\/asema-alueet\/ajankohtaista\/uutiset\/porin-rautatieasemalla-otettiin-kayttoon-myos-lyhytaikainen-pysakointi\/#breadcrumb","itemListElement":[{"@type":"ListItem","position":1,"name":"Etusivu","item":"https:\/\/www.senaatti.fi\/asema-alueet\/"},{"@type":"ListItem","position":2,"name":"Porin rautatieasemalla otettiin k\u00e4ytt\u00f6\u00f6n my\u00f6s lyhytaikainen pys\u00e4k\u00f6inti"}]},{"@type":"WebSite","@id":"https:\/\/www.senaatti.fi\/asema-alueet\/#website","url":"https:\/\/www.senaatti.fi\/asema-alueet\/","name":"Asema-alueet","description":"Senaatin Asema-alueet","potentialAction":[{"@type":"SearchAction","target":{"@type":"EntryPoint","urlTemplate":"https:\/\/www.senaatti.fi\/asema-alueet\/?s={search_term_string}"},"query-input":{"@type":"PropertyValueSpecification","valueRequired":true,"valueName":"search_term_string"}}],"inLanguage":"fi"},{"@type":"Person","@id":"https:\/\/www.senaatti.fi\/asema-alueet\/#\/schema\/person\/19ebcd857f41fa4cf02102cd128abc46","name":"Andreas Ylijarvi","image":{"@type":"ImageObject","inLanguage":"fi","@id":"https:\/\/secure.gravatar.com\/avatar\/da48797f91660605745175abd9fe82263292008bf52cf452340b960fcdab186f?s=96&d=mm&r=g","url":"https:\/\/secure.gravatar.com\/avatar\/da48797f91660605745175abd9fe82263292008bf52cf452340b960fcdab186f?s=96&d=mm&r=g","contentUrl":"https:\/\/secure.gravatar.com\/avatar\/da48797f91660605745175abd9fe82263292008bf52cf452340b960fcdab186f?s=96&d=mm&r=g","caption":"Andreas Ylijarvi"}}]}},"lang":"fi","translations":{"fi":1293},"pll_sync_post":[],"_links":{"self":[{"href":"https:\/\/www.senaatti.fi\/asema-alueet\/wp-json\/wp\/v2\/posts\/1293","targetHints":{"allow":["GET"]}}],"collection":[{"href":"https:\/\/www.senaatti.fi\/asema-alueet\/wp-json\/wp\/v2\/posts"}],"about":[{"href":"https:\/\/www.senaatti.fi\/asema-alueet\/wp-json\/wp\/v2\/types\/post"}],"author":[{"embeddable":true,"href":"https:\/\/www.senaatti.fi\/asema-alueet\/wp-json\/wp\/v2\/users\/16"}],"replies":[{"embeddable":true,"href":"https:\/\/www.senaatti.fi\/asema-alueet\/wp-json\/wp\/v2\/comments?post=1293"}],"version-history":[{"count":1,"href":"https:\/\/www.senaatti.fi\/asema-alueet\/wp-json\/wp\/v2\/posts\/1293\/revisions"}],"predecessor-version":[{"id":1294,"href":"https:\/\/www.senaatti.fi\/asema-alueet\/wp-json\/wp\/v2\/posts\/1293\/revisions\/1294"}],"wp:attachment":[{"href":"https:\/\/www.senaatti.fi\/asema-alueet\/wp-json\/wp\/v2\/media?parent=1293"}],"wp:term":[{"taxonomy":"senaatti_type","embeddable":true,"href":"https:\/\/www.senaatti.fi\/asema-alueet\/wp-json\/wp\/v2\/senaatti_type?post=1293"}],"curies":[{"name":"wp","href":"https:\/\/api.w.org\/{rel}","templated":true}]}}