{"id":1275,"date":"2021-03-10T08:53:33","date_gmt":"2021-03-10T08:53:33","guid":{"rendered":"https:\/\/www.senaatti.fi\/asema-alueet\/?p=1275"},"modified":"2021-03-19T08:10:00","modified_gmt":"2021-03-19T08:10:00","slug":"markkinavuoropuhelu-oulun-asemakeskuksen-suunnittelu-ja-tontinluovutuskilpailun-toteuttamisesta-kaynnistyy","status":"publish","type":"post","link":"https:\/\/www.senaatti.fi\/asema-alueet\/ajankohtaista\/uutiset\/markkinavuoropuhelu-oulun-asemakeskuksen-suunnittelu-ja-tontinluovutuskilpailun-toteuttamisesta-kaynnistyy\/","title":{"rendered":"Markkinavuoropuhelu Oulun asemakeskuksen suunnittelu- ja tontinluovutuskilpailun toteuttamisesta k\u00e4ynnistyy"},"content":{"rendered":"<p><strong>Senaatin Asema-alueet Oy j\u00e4rjest\u00e4\u00e4 markkinavuoropuhelun osana Oulun asemakeskuksen suunnittelu- ja tontinluovutuskilpailun valmistelua. Markkinavuoropuhelussa kartoitetaan soveltuvinta tapaa kilpailun toteuttamiseksi. Asemakeskuksen alueen potentiaalisille toteuttajille suunnattu markkinavuoropuhelu j\u00e4rjestet\u00e4\u00e4n toimijakohtaisilla tapaamisilla 29.3. \u2013 9.4.2021 v\u00e4lisen\u00e4 aikana. Ilmoittautuminen p\u00e4\u00e4ttyy 22.3.2021 klo 24.00.<\/strong><\/p>\n<p>\u201dMarkkinavuoropuhelun tavoitteena on kuulla mahdollisten tulevien toteuttajien n\u00e4kemyksi\u00e4 alueesta. Saadun informaation avulla voimme muokata kilpailuohjelmaa suuntaan, joka mahdollistaa saavuttamaan alueelle asetetut tavoitteet ei pelk\u00e4st\u00e4\u00e4n kaavoitusprosessissa vaan my\u00f6s sen toteutuksessa.\u201d sanoo Senaatin kiinteist\u00f6kehitysp\u00e4\u00e4llikk\u00f6 <strong>Janne Marttinen<\/strong>.<\/p>\n<h3>Suunnittelu- ja tontinluovutuskilpailu alkaa loppuvuoden aikana<\/h3>\n<p>Varsinainen suunnittelu- ja tontinluovutuskilpailu on alustavasti tarkoitus k\u00e4ynnist\u00e4\u00e4 vuoden 2021 j\u00e4lkimm\u00e4isell\u00e4 puoliskolla. Asemakaavaluonnoksen laatiminen on parhaillaan k\u00e4ynniss\u00e4 ja tavoitteena on, ett\u00e4 asemakaava on hyv\u00e4ksytty 2022 loppuun menness\u00e4. Kilpailun voittanut taho tekee Senaatin Asema-alueet Oy:n kanssa kiinteist\u00f6kaupan esisopimuksen ja osallistuu kaavaehdotuksen laadintaan Oulun kaupungin ja Senaatin Asema-alueet Oy:n kumppanina. Alueen toteuttaminen on tavoitteena aloittaa heti asemakaavan lainvoimaistumisen j\u00e4lkeen. Alueen valmistumisen tavoite on alustavasti vuoteen 2028 menness\u00e4.<\/p>\n<p>Kilpailualue sijoittuu Oulun rautatieaseman v\u00e4litt\u00f6m\u00e4\u00e4n l\u00e4heisyyteen rautatien it\u00e4puolelle. Alueella on nyky\u00e4\u00e4n mm. linja-autoasema ja Matkahuollon toiminnot. Vastaavat toiminnot tullaan sijoittamaan uuden asemakeskuksen alueelle.<\/p>\n<p>Kilpailun kohteena oleva Asemakeskuksen alue on jaettu toiminnallisesti kahteen osaan, jotka ovat:<\/p>\n<p>Alue 1: Keskusta\/palvelukortteli, johon sijoittuvat asemakeskuksen liikenne- ja l\u00e4hipalvelukeskuksen toiminnot, liike-, toimisto- ja majoituspalvelut, asuminen, palveluasuminen.<\/p>\n<p>Alue 2: Asumiskorttelit A ja B, joihin sijoitetaan asumista ja katutasojen kerroksiin ensisijaisesti liike- ja yhteistiloja.<\/p>\n<p>Oulun kaupunki on laatimassa hankkeeseen liittyv\u00e4\u00e4 asemakaavaa (Asemakeskus 564-2484), johon voi tutustua osoitteessa: <a href=\"https:\/\/www.oukapalvelut.fi\/tekninen\/Suunnitelmat\/Projektikortti_2019.asp?ID=1327\">https:\/\/www.oukapalvelut.fi\/tekninen\/Suunnitelmat\/Projektikortti_2019.asp?ID=1327<\/a><\/p>\n<p>Markkinavuoropuhelun tarkemmat tiedot ja ilmoittautuminen 22.3.2021 klo 24.00 menness\u00e4 osoitteessa:<\/p>\n<p><a href=\"https:\/\/www.senaatti.fi\/asema-alueet\/kehitettavat-asema-alueet\/\">https:\/\/www.senaatti.fi\/asema-alueet\/kehitettavat-asema-alueet\/<\/a><\/p>\n\n<p><strong>Lis\u00e4tiedot ja kysymykset:<\/strong><\/p>\n<p><strong>Markkinavuoropuhelu<\/strong><\/p>\n<p>Sitowise<\/p>\n<p>Johtava asiantuntija, Tero Palmu<\/p>\n<p>+358 44\u00a0427 9157, <a href=\"mailto:tero.palmu@sitowise.com\">tero.palmu@sitowise.com<\/a><\/p>\n<p><strong>Asemakeskusprojekti<\/strong><\/p>\n<p>Senaatti-kiinteist\u00f6t<\/p>\n<p>Kiinteist\u00f6kehitysp\u00e4\u00e4llikk\u00f6 Janne Marttinen<\/p>\n<p>+358 50\u00a0308 9158, <a href=\"mailto:janne.marttinen@senaatti.fi\">janne.marttinen@senaatti.fi<\/a><\/p>\n<p>Oulun kaupunki<\/p>\n<p>Projektip\u00e4\u00e4llikk\u00f6 Juha Isoherranen<\/p>\n<p>+358 44 703 2429, <a href=\"mailto:juha.isoherranen@ouka.fi\">juha.isoherranen@ouka.fi<\/a><\/p>\n<p><strong><em>Senaatin Asema-alueet Oy<\/em><\/strong><em> on Senaatti-kiinteist\u00f6jen tyt\u00e4ryhti\u00f6, jonka teht\u00e4v\u00e4n\u00e4 on kehitt\u00e4\u00e4 junaliikenteen asema-alueita 22 paikkakunnalla. Yhti\u00f6 kehitt\u00e4\u00e4 asema-alueiden k\u00e4ytt\u00f6tarkoituksia ensisijaisesti kaavoituksen keinoin ja helpottaa alueiden monipuolista hy\u00f6dynt\u00e4mist\u00e4 asuntorakentamisessa, liiketoiminnassa ja liikenteen solmukohtina. Senaatin Asema-alueet Oy vastaa alueiden kehitt\u00e4misest\u00e4 tiiviiss\u00e4 yhteisty\u00f6ss\u00e4 kaupunkien ja kuntien kanssa. Yhti\u00f6n teht\u00e4v\u00e4n\u00e4 on myyd\u00e4 kehitt\u00e4m\u00e4ns\u00e4 kiinteist\u00f6t. https:\/\/www.senaatti.fi\/asema-alueet<\/em><\/p>\n","protected":false},"excerpt":{"rendered":"<p>Senaatin Asema-alueet Oy j\u00e4rjest\u00e4\u00e4 markkinavuoropuhelun osana Oulun asemakeskuksen suunnittelu- ja tontinluovutuskilpailun valmistelua. Markkinavuoropuhelussa kartoitetaan soveltuvinta tapaa kilpailun toteuttamiseksi. Asemakeskuksen alueen potentiaalisille toteuttajille suunnattu markkinavuoropuhelu j\u00e4rjestet\u00e4\u00e4n toimijakohtaisilla tapaamisilla 29.3. \u2013 9.4.2021 v\u00e4lisen\u00e4 aikana. Ilmoittautuminen p\u00e4\u00e4ttyy 22.3.2021 klo 24.00. \u201dMarkkinavuoropuhelun tavoitteena on kuulla mahdollisten tulevien toteuttajien n\u00e4kemyksi\u00e4 alueesta. Saadun informaation avulla voimme muokata kilpailuohjelmaa suuntaan, joka mahdollistaa [&hellip;]<\/p>\n","protected":false},"author":16,"featured_media":1280,"comment_status":"open","ping_status":"open","sticky":false,"template":"","format":"standard","meta":{"_acf_changed":false,"footnotes":""},"senaatti_type":[],"class_list":["post-1275","post","type-post","status-publish","format-standard","has-post-thumbnail","hentry"],"acf":[],"yoast_head":"<!-- This site is optimized with the Yoast SEO plugin v27.3 - https:\/\/yoast.com\/product\/yoast-seo-wordpress\/ -->\n<title>Markkinavuoropuhelu Oulun asemakeskuksen suunnittelu- ja tontinluovutuskilpailun toteuttamisesta k\u00e4ynnistyy - Senaatti<\/title>\n<meta name=\"description\" content=\"Senaatin Asema-alueet Oy j\u00e4rjest\u00e4\u00e4 markkinavuoropuhelun osana Oulun asemakeskuksen suunnittelu- ja tontinluovutuskilpailun valmistelua.\" \/>\n<meta name=\"robots\" content=\"index, follow, max-snippet:-1, max-image-preview:large, max-video-preview:-1\" \/>\n<link rel=\"canonical\" href=\"https:\/\/www.senaatti.fi\/asema-alueet\/ajankohtaista\/uutiset\/markkinavuoropuhelu-oulun-asemakeskuksen-suunnittelu-ja-tontinluovutuskilpailun-toteuttamisesta-kaynnistyy\/\" \/>\n<meta property=\"og:locale\" content=\"fi_FI\" \/>\n<meta property=\"og:type\" content=\"article\" \/>\n<meta property=\"og:title\" content=\"Markkinavuoropuhelu Oulun asemakeskuksen suunnittelu- ja tontinluovutuskilpailun toteuttamisesta k\u00e4ynnistyy - Senaatti\" \/>\n<meta property=\"og:description\" content=\"Senaatin Asema-alueet Oy j\u00e4rjest\u00e4\u00e4 markkinavuoropuhelun osana Oulun asemakeskuksen suunnittelu- ja tontinluovutuskilpailun valmistelua.\" \/>\n<meta property=\"og:url\" content=\"https:\/\/www.senaatti.fi\/asema-alueet\/ajankohtaista\/uutiset\/markkinavuoropuhelu-oulun-asemakeskuksen-suunnittelu-ja-tontinluovutuskilpailun-toteuttamisesta-kaynnistyy\/\" \/>\n<meta property=\"og:site_name\" content=\"Senaatti\" \/>\n<meta property=\"article:published_time\" content=\"2021-03-10T08:53:33+00:00\" \/>\n<meta property=\"article:modified_time\" content=\"2021-03-19T08:10:00+00:00\" \/>\n<meta property=\"og:image\" content=\"https:\/\/www.senaatti.fi\/app\/uploads\/sites\/6\/2021\/03\/Oulu_18563_07-\u2013-kopio-1024x680.jpg\" \/>\n\t<meta property=\"og:image:width\" content=\"1024\" \/>\n\t<meta property=\"og:image:height\" content=\"680\" \/>\n\t<meta property=\"og:image:type\" content=\"image\/jpeg\" \/>\n<meta name=\"author\" content=\"Andreas Ylijarvi\" \/>\n<meta name=\"twitter:card\" content=\"summary_large_image\" \/>\n<meta name=\"twitter:label1\" content=\"Kirjoittanut\" \/>\n\t<meta name=\"twitter:data1\" content=\"Andreas Ylijarvi\" \/>\n\t<meta name=\"twitter:label2\" content=\"Arvioitu lukuaika\" \/>\n\t<meta name=\"twitter:data2\" content=\"2 minuuttia\" \/>\n<script type=\"application\/ld+json\" class=\"yoast-schema-graph\">{\"@context\":\"https:\\\/\\\/schema.org\",\"@graph\":[{\"@type\":\"Article\",\"@id\":\"https:\\\/\\\/www.senaatti.fi\\\/asema-alueet\\\/ajankohtaista\\\/uutiset\\\/markkinavuoropuhelu-oulun-asemakeskuksen-suunnittelu-ja-tontinluovutuskilpailun-toteuttamisesta-kaynnistyy\\\/#article\",\"isPartOf\":{\"@id\":\"https:\\\/\\\/www.senaatti.fi\\\/asema-alueet\\\/ajankohtaista\\\/uutiset\\\/markkinavuoropuhelu-oulun-asemakeskuksen-suunnittelu-ja-tontinluovutuskilpailun-toteuttamisesta-kaynnistyy\\\/\"},\"author\":{\"name\":\"Andreas Ylijarvi\",\"@id\":\"https:\\\/\\\/www.senaatti.fi\\\/asema-alueet\\\/#\\\/schema\\\/person\\\/19ebcd857f41fa4cf02102cd128abc46\"},\"headline\":\"Markkinavuoropuhelu Oulun asemakeskuksen suunnittelu- ja tontinluovutuskilpailun toteuttamisesta k\u00e4ynnistyy\",\"datePublished\":\"2021-03-10T08:53:33+00:00\",\"dateModified\":\"2021-03-19T08:10:00+00:00\",\"mainEntityOfPage\":{\"@id\":\"https:\\\/\\\/www.senaatti.fi\\\/asema-alueet\\\/ajankohtaista\\\/uutiset\\\/markkinavuoropuhelu-oulun-asemakeskuksen-suunnittelu-ja-tontinluovutuskilpailun-toteuttamisesta-kaynnistyy\\\/\"},\"wordCount\":378,\"commentCount\":0,\"image\":{\"@id\":\"https:\\\/\\\/www.senaatti.fi\\\/asema-alueet\\\/ajankohtaista\\\/uutiset\\\/markkinavuoropuhelu-oulun-asemakeskuksen-suunnittelu-ja-tontinluovutuskilpailun-toteuttamisesta-kaynnistyy\\\/#primaryimage\"},\"thumbnailUrl\":\"https:\\\/\\\/www.senaatti.fi\\\/app\\\/uploads\\\/sites\\\/6\\\/2021\\\/03\\\/Oulu_18563_07-\u2013-kopio-scaled.jpg\",\"articleSection\":[\"Senaatin Asema-alueet Oy\"],\"inLanguage\":\"fi\"},{\"@type\":\"WebPage\",\"@id\":\"https:\\\/\\\/www.senaatti.fi\\\/asema-alueet\\\/ajankohtaista\\\/uutiset\\\/markkinavuoropuhelu-oulun-asemakeskuksen-suunnittelu-ja-tontinluovutuskilpailun-toteuttamisesta-kaynnistyy\\\/\",\"url\":\"https:\\\/\\\/www.senaatti.fi\\\/asema-alueet\\\/ajankohtaista\\\/uutiset\\\/markkinavuoropuhelu-oulun-asemakeskuksen-suunnittelu-ja-tontinluovutuskilpailun-toteuttamisesta-kaynnistyy\\\/\",\"name\":\"Markkinavuoropuhelu Oulun asemakeskuksen suunnittelu- ja tontinluovutuskilpailun toteuttamisesta k\u00e4ynnistyy - Senaatti\",\"isPartOf\":{\"@id\":\"https:\\\/\\\/www.senaatti.fi\\\/asema-alueet\\\/#website\"},\"primaryImageOfPage\":{\"@id\":\"https:\\\/\\\/www.senaatti.fi\\\/asema-alueet\\\/ajankohtaista\\\/uutiset\\\/markkinavuoropuhelu-oulun-asemakeskuksen-suunnittelu-ja-tontinluovutuskilpailun-toteuttamisesta-kaynnistyy\\\/#primaryimage\"},\"image\":{\"@id\":\"https:\\\/\\\/www.senaatti.fi\\\/asema-alueet\\\/ajankohtaista\\\/uutiset\\\/markkinavuoropuhelu-oulun-asemakeskuksen-suunnittelu-ja-tontinluovutuskilpailun-toteuttamisesta-kaynnistyy\\\/#primaryimage\"},\"thumbnailUrl\":\"https:\\\/\\\/www.senaatti.fi\\\/app\\\/uploads\\\/sites\\\/6\\\/2021\\\/03\\\/Oulu_18563_07-\u2013-kopio-scaled.jpg\",\"datePublished\":\"2021-03-10T08:53:33+00:00\",\"dateModified\":\"2021-03-19T08:10:00+00:00\",\"author\":{\"@id\":\"https:\\\/\\\/www.senaatti.fi\\\/asema-alueet\\\/#\\\/schema\\\/person\\\/19ebcd857f41fa4cf02102cd128abc46\"},\"description\":\"Senaatin Asema-alueet Oy j\u00e4rjest\u00e4\u00e4 markkinavuoropuhelun osana Oulun asemakeskuksen suunnittelu- ja tontinluovutuskilpailun valmistelua.\",\"breadcrumb\":{\"@id\":\"https:\\\/\\\/www.senaatti.fi\\\/asema-alueet\\\/ajankohtaista\\\/uutiset\\\/markkinavuoropuhelu-oulun-asemakeskuksen-suunnittelu-ja-tontinluovutuskilpailun-toteuttamisesta-kaynnistyy\\\/#breadcrumb\"},\"inLanguage\":\"fi\",\"potentialAction\":[{\"@type\":\"ReadAction\",\"target\":[\"https:\\\/\\\/www.senaatti.fi\\\/asema-alueet\\\/ajankohtaista\\\/uutiset\\\/markkinavuoropuhelu-oulun-asemakeskuksen-suunnittelu-ja-tontinluovutuskilpailun-toteuttamisesta-kaynnistyy\\\/\"]}]},{\"@type\":\"ImageObject\",\"inLanguage\":\"fi\",\"@id\":\"https:\\\/\\\/www.senaatti.fi\\\/asema-alueet\\\/ajankohtaista\\\/uutiset\\\/markkinavuoropuhelu-oulun-asemakeskuksen-suunnittelu-ja-tontinluovutuskilpailun-toteuttamisesta-kaynnistyy\\\/#primaryimage\",\"url\":\"https:\\\/\\\/www.senaatti.fi\\\/app\\\/uploads\\\/sites\\\/6\\\/2021\\\/03\\\/Oulu_18563_07-\u2013-kopio-scaled.jpg\",\"contentUrl\":\"https:\\\/\\\/www.senaatti.fi\\\/app\\\/uploads\\\/sites\\\/6\\\/2021\\\/03\\\/Oulu_18563_07-\u2013-kopio-scaled.jpg\",\"width\":2560,\"height\":1699},{\"@type\":\"BreadcrumbList\",\"@id\":\"https:\\\/\\\/www.senaatti.fi\\\/asema-alueet\\\/ajankohtaista\\\/uutiset\\\/markkinavuoropuhelu-oulun-asemakeskuksen-suunnittelu-ja-tontinluovutuskilpailun-toteuttamisesta-kaynnistyy\\\/#breadcrumb\",\"itemListElement\":[{\"@type\":\"ListItem\",\"position\":1,\"name\":\"Etusivu\",\"item\":\"https:\\\/\\\/www.senaatti.fi\\\/asema-alueet\\\/\"},{\"@type\":\"ListItem\",\"position\":2,\"name\":\"Markkinavuoropuhelu Oulun asemakeskuksen suunnittelu- ja tontinluovutuskilpailun toteuttamisesta k\u00e4ynnistyy\"}]},{\"@type\":\"WebSite\",\"@id\":\"https:\\\/\\\/www.senaatti.fi\\\/asema-alueet\\\/#website\",\"url\":\"https:\\\/\\\/www.senaatti.fi\\\/asema-alueet\\\/\",\"name\":\"Asema-alueet\",\"description\":\"Senaatin Asema-alueet\",\"potentialAction\":[{\"@type\":\"SearchAction\",\"target\":{\"@type\":\"EntryPoint\",\"urlTemplate\":\"https:\\\/\\\/www.senaatti.fi\\\/asema-alueet\\\/?s={search_term_string}\"},\"query-input\":{\"@type\":\"PropertyValueSpecification\",\"valueRequired\":true,\"valueName\":\"search_term_string\"}}],\"inLanguage\":\"fi\"},{\"@type\":\"Person\",\"@id\":\"https:\\\/\\\/www.senaatti.fi\\\/asema-alueet\\\/#\\\/schema\\\/person\\\/19ebcd857f41fa4cf02102cd128abc46\",\"name\":\"Andreas Ylijarvi\",\"image\":{\"@type\":\"ImageObject\",\"inLanguage\":\"fi\",\"@id\":\"https:\\\/\\\/secure.gravatar.com\\\/avatar\\\/da48797f91660605745175abd9fe82263292008bf52cf452340b960fcdab186f?s=96&d=mm&r=g\",\"url\":\"https:\\\/\\\/secure.gravatar.com\\\/avatar\\\/da48797f91660605745175abd9fe82263292008bf52cf452340b960fcdab186f?s=96&d=mm&r=g\",\"contentUrl\":\"https:\\\/\\\/secure.gravatar.com\\\/avatar\\\/da48797f91660605745175abd9fe82263292008bf52cf452340b960fcdab186f?s=96&d=mm&r=g\",\"caption\":\"Andreas Ylijarvi\"}}]}<\/script>\n<!-- \/ Yoast SEO plugin. -->","yoast_head_json":{"title":"Markkinavuoropuhelu Oulun asemakeskuksen suunnittelu- ja tontinluovutuskilpailun toteuttamisesta k\u00e4ynnistyy - Senaatti","description":"Senaatin Asema-alueet Oy j\u00e4rjest\u00e4\u00e4 markkinavuoropuhelun osana Oulun asemakeskuksen suunnittelu- ja tontinluovutuskilpailun valmistelua.","robots":{"index":"index","follow":"follow","max-snippet":"max-snippet:-1","max-image-preview":"max-image-preview:large","max-video-preview":"max-video-preview:-1"},"canonical":"https:\/\/www.senaatti.fi\/asema-alueet\/ajankohtaista\/uutiset\/markkinavuoropuhelu-oulun-asemakeskuksen-suunnittelu-ja-tontinluovutuskilpailun-toteuttamisesta-kaynnistyy\/","og_locale":"fi_FI","og_type":"article","og_title":"Markkinavuoropuhelu Oulun asemakeskuksen suunnittelu- ja tontinluovutuskilpailun toteuttamisesta k\u00e4ynnistyy - Senaatti","og_description":"Senaatin Asema-alueet Oy j\u00e4rjest\u00e4\u00e4 markkinavuoropuhelun osana Oulun asemakeskuksen suunnittelu- ja tontinluovutuskilpailun valmistelua.","og_url":"https:\/\/www.senaatti.fi\/asema-alueet\/ajankohtaista\/uutiset\/markkinavuoropuhelu-oulun-asemakeskuksen-suunnittelu-ja-tontinluovutuskilpailun-toteuttamisesta-kaynnistyy\/","og_site_name":"Senaatti","article_published_time":"2021-03-10T08:53:33+00:00","article_modified_time":"2021-03-19T08:10:00+00:00","og_image":[{"width":1024,"height":680,"url":"https:\/\/www.senaatti.fi\/app\/uploads\/sites\/6\/2021\/03\/Oulu_18563_07-\u2013-kopio-1024x680.jpg","type":"image\/jpeg"}],"author":"Andreas Ylijarvi","twitter_card":"summary_large_image","twitter_misc":{"Kirjoittanut":"Andreas Ylijarvi","Arvioitu lukuaika":"2 minuuttia"},"schema":{"@context":"https:\/\/schema.org","@graph":[{"@type":"Article","@id":"https:\/\/www.senaatti.fi\/asema-alueet\/ajankohtaista\/uutiset\/markkinavuoropuhelu-oulun-asemakeskuksen-suunnittelu-ja-tontinluovutuskilpailun-toteuttamisesta-kaynnistyy\/#article","isPartOf":{"@id":"https:\/\/www.senaatti.fi\/asema-alueet\/ajankohtaista\/uutiset\/markkinavuoropuhelu-oulun-asemakeskuksen-suunnittelu-ja-tontinluovutuskilpailun-toteuttamisesta-kaynnistyy\/"},"author":{"name":"Andreas Ylijarvi","@id":"https:\/\/www.senaatti.fi\/asema-alueet\/#\/schema\/person\/19ebcd857f41fa4cf02102cd128abc46"},"headline":"Markkinavuoropuhelu Oulun asemakeskuksen suunnittelu- ja tontinluovutuskilpailun toteuttamisesta k\u00e4ynnistyy","datePublished":"2021-03-10T08:53:33+00:00","dateModified":"2021-03-19T08:10:00+00:00","mainEntityOfPage":{"@id":"https:\/\/www.senaatti.fi\/asema-alueet\/ajankohtaista\/uutiset\/markkinavuoropuhelu-oulun-asemakeskuksen-suunnittelu-ja-tontinluovutuskilpailun-toteuttamisesta-kaynnistyy\/"},"wordCount":378,"commentCount":0,"image":{"@id":"https:\/\/www.senaatti.fi\/asema-alueet\/ajankohtaista\/uutiset\/markkinavuoropuhelu-oulun-asemakeskuksen-suunnittelu-ja-tontinluovutuskilpailun-toteuttamisesta-kaynnistyy\/#primaryimage"},"thumbnailUrl":"https:\/\/www.senaatti.fi\/app\/uploads\/sites\/6\/2021\/03\/Oulu_18563_07-\u2013-kopio-scaled.jpg","articleSection":["Senaatin Asema-alueet Oy"],"inLanguage":"fi"},{"@type":"WebPage","@id":"https:\/\/www.senaatti.fi\/asema-alueet\/ajankohtaista\/uutiset\/markkinavuoropuhelu-oulun-asemakeskuksen-suunnittelu-ja-tontinluovutuskilpailun-toteuttamisesta-kaynnistyy\/","url":"https:\/\/www.senaatti.fi\/asema-alueet\/ajankohtaista\/uutiset\/markkinavuoropuhelu-oulun-asemakeskuksen-suunnittelu-ja-tontinluovutuskilpailun-toteuttamisesta-kaynnistyy\/","name":"Markkinavuoropuhelu Oulun asemakeskuksen suunnittelu- ja tontinluovutuskilpailun toteuttamisesta k\u00e4ynnistyy - Senaatti","isPartOf":{"@id":"https:\/\/www.senaatti.fi\/asema-alueet\/#website"},"primaryImageOfPage":{"@id":"https:\/\/www.senaatti.fi\/asema-alueet\/ajankohtaista\/uutiset\/markkinavuoropuhelu-oulun-asemakeskuksen-suunnittelu-ja-tontinluovutuskilpailun-toteuttamisesta-kaynnistyy\/#primaryimage"},"image":{"@id":"https:\/\/www.senaatti.fi\/asema-alueet\/ajankohtaista\/uutiset\/markkinavuoropuhelu-oulun-asemakeskuksen-suunnittelu-ja-tontinluovutuskilpailun-toteuttamisesta-kaynnistyy\/#primaryimage"},"thumbnailUrl":"https:\/\/www.senaatti.fi\/app\/uploads\/sites\/6\/2021\/03\/Oulu_18563_07-\u2013-kopio-scaled.jpg","datePublished":"2021-03-10T08:53:33+00:00","dateModified":"2021-03-19T08:10:00+00:00","author":{"@id":"https:\/\/www.senaatti.fi\/asema-alueet\/#\/schema\/person\/19ebcd857f41fa4cf02102cd128abc46"},"description":"Senaatin Asema-alueet Oy j\u00e4rjest\u00e4\u00e4 markkinavuoropuhelun osana Oulun asemakeskuksen suunnittelu- ja tontinluovutuskilpailun valmistelua.","breadcrumb":{"@id":"https:\/\/www.senaatti.fi\/asema-alueet\/ajankohtaista\/uutiset\/markkinavuoropuhelu-oulun-asemakeskuksen-suunnittelu-ja-tontinluovutuskilpailun-toteuttamisesta-kaynnistyy\/#breadcrumb"},"inLanguage":"fi","potentialAction":[{"@type":"ReadAction","target":["https:\/\/www.senaatti.fi\/asema-alueet\/ajankohtaista\/uutiset\/markkinavuoropuhelu-oulun-asemakeskuksen-suunnittelu-ja-tontinluovutuskilpailun-toteuttamisesta-kaynnistyy\/"]}]},{"@type":"ImageObject","inLanguage":"fi","@id":"https:\/\/www.senaatti.fi\/asema-alueet\/ajankohtaista\/uutiset\/markkinavuoropuhelu-oulun-asemakeskuksen-suunnittelu-ja-tontinluovutuskilpailun-toteuttamisesta-kaynnistyy\/#primaryimage","url":"https:\/\/www.senaatti.fi\/app\/uploads\/sites\/6\/2021\/03\/Oulu_18563_07-\u2013-kopio-scaled.jpg","contentUrl":"https:\/\/www.senaatti.fi\/app\/uploads\/sites\/6\/2021\/03\/Oulu_18563_07-\u2013-kopio-scaled.jpg","width":2560,"height":1699},{"@type":"BreadcrumbList","@id":"https:\/\/www.senaatti.fi\/asema-alueet\/ajankohtaista\/uutiset\/markkinavuoropuhelu-oulun-asemakeskuksen-suunnittelu-ja-tontinluovutuskilpailun-toteuttamisesta-kaynnistyy\/#breadcrumb","itemListElement":[{"@type":"ListItem","position":1,"name":"Etusivu","item":"https:\/\/www.senaatti.fi\/asema-alueet\/"},{"@type":"ListItem","position":2,"name":"Markkinavuoropuhelu Oulun asemakeskuksen suunnittelu- ja tontinluovutuskilpailun toteuttamisesta k\u00e4ynnistyy"}]},{"@type":"WebSite","@id":"https:\/\/www.senaatti.fi\/asema-alueet\/#website","url":"https:\/\/www.senaatti.fi\/asema-alueet\/","name":"Asema-alueet","description":"Senaatin Asema-alueet","potentialAction":[{"@type":"SearchAction","target":{"@type":"EntryPoint","urlTemplate":"https:\/\/www.senaatti.fi\/asema-alueet\/?s={search_term_string}"},"query-input":{"@type":"PropertyValueSpecification","valueRequired":true,"valueName":"search_term_string"}}],"inLanguage":"fi"},{"@type":"Person","@id":"https:\/\/www.senaatti.fi\/asema-alueet\/#\/schema\/person\/19ebcd857f41fa4cf02102cd128abc46","name":"Andreas Ylijarvi","image":{"@type":"ImageObject","inLanguage":"fi","@id":"https:\/\/secure.gravatar.com\/avatar\/da48797f91660605745175abd9fe82263292008bf52cf452340b960fcdab186f?s=96&d=mm&r=g","url":"https:\/\/secure.gravatar.com\/avatar\/da48797f91660605745175abd9fe82263292008bf52cf452340b960fcdab186f?s=96&d=mm&r=g","contentUrl":"https:\/\/secure.gravatar.com\/avatar\/da48797f91660605745175abd9fe82263292008bf52cf452340b960fcdab186f?s=96&d=mm&r=g","caption":"Andreas Ylijarvi"}}]}},"lang":"fi","translations":{"fi":1275},"pll_sync_post":[],"_links":{"self":[{"href":"https:\/\/www.senaatti.fi\/asema-alueet\/wp-json\/wp\/v2\/posts\/1275","targetHints":{"allow":["GET"]}}],"collection":[{"href":"https:\/\/www.senaatti.fi\/asema-alueet\/wp-json\/wp\/v2\/posts"}],"about":[{"href":"https:\/\/www.senaatti.fi\/asema-alueet\/wp-json\/wp\/v2\/types\/post"}],"author":[{"embeddable":true,"href":"https:\/\/www.senaatti.fi\/asema-alueet\/wp-json\/wp\/v2\/users\/16"}],"replies":[{"embeddable":true,"href":"https:\/\/www.senaatti.fi\/asema-alueet\/wp-json\/wp\/v2\/comments?post=1275"}],"version-history":[{"count":3,"href":"https:\/\/www.senaatti.fi\/asema-alueet\/wp-json\/wp\/v2\/posts\/1275\/revisions"}],"predecessor-version":[{"id":1284,"href":"https:\/\/www.senaatti.fi\/asema-alueet\/wp-json\/wp\/v2\/posts\/1275\/revisions\/1284"}],"wp:featuredmedia":[{"embeddable":true,"href":"https:\/\/www.senaatti.fi\/asema-alueet\/wp-json\/wp\/v2\/media\/1280"}],"wp:attachment":[{"href":"https:\/\/www.senaatti.fi\/asema-alueet\/wp-json\/wp\/v2\/media?parent=1275"}],"wp:term":[{"taxonomy":"senaatti_type","embeddable":true,"href":"https:\/\/www.senaatti.fi\/asema-alueet\/wp-json\/wp\/v2\/senaatti_type?post=1275"}],"curies":[{"name":"wp","href":"https:\/\/api.w.org\/{rel}","templated":true}]}}