{"id":1241,"date":"2021-01-29T12:00:12","date_gmt":"2021-01-29T12:00:12","guid":{"rendered":"https:\/\/www.senaatti.fi\/asema-alueet\/?p=1241"},"modified":"2021-01-29T09:09:49","modified_gmt":"2021-01-29T09:09:49","slug":"senaatin-asema-alueet-oy-on-tehnyt-kiinteistokaupan-esisopimuksen-asuinkerrostalotontista-espoon-kauklahdessa","status":"publish","type":"post","link":"https:\/\/www.senaatti.fi\/asema-alueet\/ajankohtaista\/uutiset\/senaatin-asema-alueet-oy-on-tehnyt-kiinteistokaupan-esisopimuksen-asuinkerrostalotontista-espoon-kauklahdessa\/","title":{"rendered":"Senaatin Asema-alueet Oy on tehnyt kiinteist\u00f6kaupan esisopimuksen asuinkerrostalotontista Espoon Kauklahdessa"},"content":{"rendered":"<p><strong>Senaatin Asema-alueet Oy ja Avain Yhti\u00f6t Oy ovat allekirjoittaneet kiinteist\u00f6kaupan esisopimuksen Kauklahden asema-alueen l\u00e4heisyydess\u00e4 olevasta rakentamattomasta m\u00e4\u00e4r\u00e4alasta. Kohde sijaitsee tulevalla asuinkerrostalojen korttelialueella Kauklahden ja Vanttilan kaupunginosassa Espoonjoen varressa.<\/strong><\/p>\n<p>\u201dHyvien liikenneyhteyksien varrella sijaitseva Espoon Kauklahti on voimakkaasti kasvava ja kehittyv\u00e4 asuinalue. T\u00e4st\u00e4 syyst\u00e4 olemme innoissamme, kun p\u00e4\u00e4semme mukaan suunnittelemaan alueelle uusia asuntoja\u201d, kertoo Avain Yhti\u00f6iden toimitusjohtaja <strong>Perttu Liukku<\/strong>.<\/p>\n<p>M\u00e4\u00e4r\u00e4ala kuuluu Lasihytti \u2013nimiseen asemakaavan muutosalueeseen. Osallistumis- ja arviointisuunnitelma on ollut n\u00e4ht\u00e4vill\u00e4, ja sen pohjalta laaditun viitesuunnitelman mukaan kortteliin tavoitellaan rakennusoikeutta noin 11500 kerrosneli\u00f6metri\u00e4. Toteutuneesta rakennusoikeudesta v\u00e4hint\u00e4\u00e4n 25 % on valtion tukemaa vuokra-asuntotuotantoa, jonka toteuttaa A-Kruunu Oy.<\/p>\n<p>\u201dOlemme p\u00e4\u00e4sseet asema-alueiden kiinteist\u00f6kehitysprojekteissa hyv\u00e4\u00e4n vauhtiin Espoossa, josta iso kiitos Espoon kaupungin kaavoitusprojektin henkil\u00f6kunnalle ja kaikille kaavoitusty\u00f6h\u00f6n osallistuneille tahoille.\u00a0Yhteisty\u00f6 Espoon kaupungin kanssa on sujunut hyvin ja on hienoa saada Avain Yhti\u00f6t tulevana rakennuttajana mukaan mielenkiintoiseen suunnitteluty\u00f6h\u00f6n. Lasihytin asuinalue tulee valmistuessaan olemaan hieno ja ainutlaatuinen kokonaisuus\u201d, toteaa Kauklahden projektin kiinteist\u00f6kehitysp\u00e4\u00e4llikk\u00f6 <strong>Janne Marttinen.<\/strong><\/p>\n<p>Espoonjoki ja jokilaakson luonto ovat toimineet alueen suunnittelun l\u00e4ht\u00f6kohtana. Tulevat korttelialueet sijoittuvat jokivarren reunoille. Tavoitteena on omaleimainen, korkeatasoinen uusi osa kaupunkia, jota joki ja jokea ymp\u00e4r\u00f6iv\u00e4 luonto rikastuttaa.<\/p>\n<p><strong>Lis\u00e4tiedot:<\/strong><\/p>\n<p>Senaatti-kiinteist\u00f6t<\/p>\n<p>Janne Marttinen, kiinteist\u00f6kehitysp\u00e4\u00e4llikk\u00f6<\/p>\n<p>p. +358 40\u00a0867 4667,\u00a0<a href=\"mailto:janne.marttinen@senaatti.fi\">janne.marttinen@senaatti.fi<\/a><\/p>\n<p>Avain Yhti\u00f6t Oy<\/p>\n<p>Perttu Liukku, toimitusjohtaja<\/p>\n<p>p. +358 50 661 69,\u00a0<a href=\"mailto:perttu.liukku@avainyhtiot.fi\" target=\"_blank\" rel=\"noopener\">perttu.liukku@avainyhtiot.fi<\/a><\/p>\n<p><em><b>Senaatin Asema-alueet Oy<\/b><\/em><em> on Senaatti-kiinteist\u00f6jen tyt\u00e4ryhti\u00f6, jonka teht\u00e4v\u00e4n\u00e4 on kehitt\u00e4\u00e4 junaliikenteen asema-alueita 22 paikkakunnalla. Yhti\u00f6 kehitt\u00e4\u00e4 asema-alueiden k\u00e4ytt\u00f6tarkoituksia ensisijaisesti kaavoituksen keinoin ja helpottaa alueiden monipuolista hy\u00f6dynt\u00e4mist\u00e4 asuntorakentamisessa, liiketoiminnassa ja liikenteen solmukohtina. Senaatin Asema-alueet Oy vastaa alueiden kehitt\u00e4misest\u00e4 tiiviiss\u00e4 yhteisty\u00f6ss\u00e4 kaupunkien ja kuntien kanssa. Yhti\u00f6n teht\u00e4v\u00e4n\u00e4 on myyd\u00e4 kehitt\u00e4m\u00e4ns\u00e4 kiinteist\u00f6t<\/em>.\u00a0<a href=\"https:\/\/www.senaatti.fi\/asema-alueet\">www.senaatti.fi\/asema-alueet<\/a><\/p>\n<p><strong><i>Avain Yhti\u00f6t<\/i><\/strong><em> on suomalainen konserni, joka on erikoistunut asuntojen omistamiseen ja asumisen palvelujen tuottamiseen, rakennuttamiseen, rakentamiseen sek\u00e4 korjausrakentamiseen. Avain Yhti\u00f6iden omistuksessa on yli 9 000 asuntoa ja rakenteilla on yli 1 000 asuntoa. Avain Yhti\u00f6iden tavoitteena on rakennuttaa vuosittain 1 000 uutta asuntoa keskeisille kasvualueille Suomessa. Konsernin vuosittaisten investointien arvo on yli 120 M\u20ac.<\/em>\u00a0<a href=\"https:\/\/eur01.safelinks.protection.outlook.com\/?url=http%3A%2F%2Fwww.avainasunnot.fi%2F&amp;data=04%7C01%7Csirpa.lehtola%40avainyhtiot.fi%7Cd929e19f77b147d1054d08d8c35c0317%7Ca7eb124ab9f84b1f851e13e2c47cd717%7C0%7C0%7C637474147268657079%7CUnknown%7CTWFpbGZsb3d8eyJWIjoiMC4wLjAwMDAiLCJQIjoiV2luMzIiLCJBTiI6Ik1haWwiLCJXVCI6Mn0%3D%7C1000&amp;sdata=djByQXm8Nde%2FqZr5IiY323Cjjdl5aZ4y%2F5XueOAQ9pg%3D&amp;reserved=0\" target=\"_blank\" rel=\"noopener\">www.avainasunnot.fi<\/a><\/p>\n","protected":false},"excerpt":{"rendered":"<p>Senaatin Asema-alueet Oy ja Avain Yhti\u00f6t Oy ovat allekirjoittaneet kiinteist\u00f6kaupan esisopimuksen Kauklahden asema-alueen l\u00e4heisyydess\u00e4 olevasta rakentamattomasta m\u00e4\u00e4r\u00e4alasta. Kohde sijaitsee tulevalla asuinkerrostalojen korttelialueella Kauklahden ja Vanttilan kaupunginosassa Espoonjoen varressa. \u201dHyvien liikenneyhteyksien varrella sijaitseva Espoon Kauklahti on voimakkaasti kasvava ja kehittyv\u00e4 asuinalue. T\u00e4st\u00e4 syyst\u00e4 olemme innoissamme, kun p\u00e4\u00e4semme mukaan suunnittelemaan alueelle uusia asuntoja\u201d, kertoo Avain Yhti\u00f6iden toimitusjohtaja [&hellip;]<\/p>\n","protected":false},"author":16,"featured_media":1029,"comment_status":"open","ping_status":"open","sticky":false,"template":"","format":"standard","meta":{"_acf_changed":false,"footnotes":""},"senaatti_type":[],"class_list":["post-1241","post","type-post","status-publish","format-standard","has-post-thumbnail","hentry"],"acf":[],"yoast_head":"<!-- This site is optimized with the Yoast SEO plugin v27.3 - https:\/\/yoast.com\/product\/yoast-seo-wordpress\/ -->\n<title>Senaatin Asema-alueet Oy on tehnyt kiinteist\u00f6kaupan esisopimuksen asuinkerrostalotontista Espoon Kauklahdessa - Senaatti<\/title>\n<meta name=\"description\" content=\"Senaatin Asema-alueet Oy ja Avain Yhti\u00f6t Oy ovat allekirjoittaneet kiinteist\u00f6kaupan esisopimuksen Kauklahden asema-alueen l\u00e4heisyydess\u00e4 olevasta\" \/>\n<meta name=\"robots\" content=\"index, follow, max-snippet:-1, max-image-preview:large, max-video-preview:-1\" \/>\n<link rel=\"canonical\" href=\"https:\/\/www.senaatti.fi\/asema-alueet\/ajankohtaista\/uutiset\/senaatin-asema-alueet-oy-on-tehnyt-kiinteistokaupan-esisopimuksen-asuinkerrostalotontista-espoon-kauklahdessa\/\" \/>\n<meta property=\"og:locale\" content=\"fi_FI\" \/>\n<meta property=\"og:type\" content=\"article\" \/>\n<meta property=\"og:title\" content=\"Senaatin Asema-alueet Oy on tehnyt kiinteist\u00f6kaupan esisopimuksen asuinkerrostalotontista Espoon Kauklahdessa - Senaatti\" \/>\n<meta property=\"og:description\" content=\"Senaatin Asema-alueet Oy ja Avain Yhti\u00f6t Oy ovat allekirjoittaneet kiinteist\u00f6kaupan esisopimuksen Kauklahden asema-alueen l\u00e4heisyydess\u00e4 olevasta\" \/>\n<meta property=\"og:url\" content=\"https:\/\/www.senaatti.fi\/asema-alueet\/ajankohtaista\/uutiset\/senaatin-asema-alueet-oy-on-tehnyt-kiinteistokaupan-esisopimuksen-asuinkerrostalotontista-espoon-kauklahdessa\/\" \/>\n<meta property=\"og:site_name\" content=\"Senaatti\" \/>\n<meta property=\"article:published_time\" content=\"2021-01-29T12:00:12+00:00\" \/>\n<meta property=\"og:image\" content=\"https:\/\/www.senaatti.fi\/app\/uploads\/sites\/6\/2020\/08\/kauklahti_Lasihytti.jpg\" \/>\n\t<meta property=\"og:image:width\" content=\"769\" \/>\n\t<meta property=\"og:image:height\" content=\"597\" \/>\n\t<meta property=\"og:image:type\" content=\"image\/jpeg\" \/>\n<meta name=\"author\" content=\"Andreas Ylijarvi\" \/>\n<meta name=\"twitter:card\" content=\"summary_large_image\" \/>\n<meta name=\"twitter:label1\" content=\"Written by\" \/>\n\t<meta name=\"twitter:data1\" content=\"Andreas Ylijarvi\" \/>\n\t<meta name=\"twitter:label2\" content=\"Est. reading time\" \/>\n\t<meta name=\"twitter:data2\" content=\"2 minuuttia\" \/>\n<script type=\"application\/ld+json\" class=\"yoast-schema-graph\">{\"@context\":\"https:\\\/\\\/schema.org\",\"@graph\":[{\"@type\":\"Article\",\"@id\":\"https:\\\/\\\/www.senaatti.fi\\\/asema-alueet\\\/ajankohtaista\\\/uutiset\\\/senaatin-asema-alueet-oy-on-tehnyt-kiinteistokaupan-esisopimuksen-asuinkerrostalotontista-espoon-kauklahdessa\\\/#article\",\"isPartOf\":{\"@id\":\"https:\\\/\\\/www.senaatti.fi\\\/asema-alueet\\\/ajankohtaista\\\/uutiset\\\/senaatin-asema-alueet-oy-on-tehnyt-kiinteistokaupan-esisopimuksen-asuinkerrostalotontista-espoon-kauklahdessa\\\/\"},\"author\":{\"name\":\"Andreas Ylijarvi\",\"@id\":\"https:\\\/\\\/www.senaatti.fi\\\/asema-alueet\\\/#\\\/schema\\\/person\\\/19ebcd857f41fa4cf02102cd128abc46\"},\"headline\":\"Senaatin Asema-alueet Oy on tehnyt kiinteist\u00f6kaupan esisopimuksen asuinkerrostalotontista Espoon Kauklahdessa\",\"datePublished\":\"2021-01-29T12:00:12+00:00\",\"mainEntityOfPage\":{\"@id\":\"https:\\\/\\\/www.senaatti.fi\\\/asema-alueet\\\/ajankohtaista\\\/uutiset\\\/senaatin-asema-alueet-oy-on-tehnyt-kiinteistokaupan-esisopimuksen-asuinkerrostalotontista-espoon-kauklahdessa\\\/\"},\"wordCount\":359,\"commentCount\":0,\"image\":{\"@id\":\"https:\\\/\\\/www.senaatti.fi\\\/asema-alueet\\\/ajankohtaista\\\/uutiset\\\/senaatin-asema-alueet-oy-on-tehnyt-kiinteistokaupan-esisopimuksen-asuinkerrostalotontista-espoon-kauklahdessa\\\/#primaryimage\"},\"thumbnailUrl\":\"https:\\\/\\\/www.senaatti.fi\\\/app\\\/uploads\\\/sites\\\/6\\\/2020\\\/08\\\/kauklahti_Lasihytti.jpg\",\"articleSection\":[\"Senaatin Asema-alueet Oy\"],\"inLanguage\":\"fi\"},{\"@type\":\"WebPage\",\"@id\":\"https:\\\/\\\/www.senaatti.fi\\\/asema-alueet\\\/ajankohtaista\\\/uutiset\\\/senaatin-asema-alueet-oy-on-tehnyt-kiinteistokaupan-esisopimuksen-asuinkerrostalotontista-espoon-kauklahdessa\\\/\",\"url\":\"https:\\\/\\\/www.senaatti.fi\\\/asema-alueet\\\/ajankohtaista\\\/uutiset\\\/senaatin-asema-alueet-oy-on-tehnyt-kiinteistokaupan-esisopimuksen-asuinkerrostalotontista-espoon-kauklahdessa\\\/\",\"name\":\"Senaatin Asema-alueet Oy on tehnyt kiinteist\u00f6kaupan esisopimuksen asuinkerrostalotontista Espoon Kauklahdessa - Senaatti\",\"isPartOf\":{\"@id\":\"https:\\\/\\\/www.senaatti.fi\\\/asema-alueet\\\/#website\"},\"primaryImageOfPage\":{\"@id\":\"https:\\\/\\\/www.senaatti.fi\\\/asema-alueet\\\/ajankohtaista\\\/uutiset\\\/senaatin-asema-alueet-oy-on-tehnyt-kiinteistokaupan-esisopimuksen-asuinkerrostalotontista-espoon-kauklahdessa\\\/#primaryimage\"},\"image\":{\"@id\":\"https:\\\/\\\/www.senaatti.fi\\\/asema-alueet\\\/ajankohtaista\\\/uutiset\\\/senaatin-asema-alueet-oy-on-tehnyt-kiinteistokaupan-esisopimuksen-asuinkerrostalotontista-espoon-kauklahdessa\\\/#primaryimage\"},\"thumbnailUrl\":\"https:\\\/\\\/www.senaatti.fi\\\/app\\\/uploads\\\/sites\\\/6\\\/2020\\\/08\\\/kauklahti_Lasihytti.jpg\",\"datePublished\":\"2021-01-29T12:00:12+00:00\",\"author\":{\"@id\":\"https:\\\/\\\/www.senaatti.fi\\\/asema-alueet\\\/#\\\/schema\\\/person\\\/19ebcd857f41fa4cf02102cd128abc46\"},\"description\":\"Senaatin Asema-alueet Oy ja Avain Yhti\u00f6t Oy ovat allekirjoittaneet kiinteist\u00f6kaupan esisopimuksen Kauklahden asema-alueen l\u00e4heisyydess\u00e4 olevasta\",\"breadcrumb\":{\"@id\":\"https:\\\/\\\/www.senaatti.fi\\\/asema-alueet\\\/ajankohtaista\\\/uutiset\\\/senaatin-asema-alueet-oy-on-tehnyt-kiinteistokaupan-esisopimuksen-asuinkerrostalotontista-espoon-kauklahdessa\\\/#breadcrumb\"},\"inLanguage\":\"fi\",\"potentialAction\":[{\"@type\":\"ReadAction\",\"target\":[\"https:\\\/\\\/www.senaatti.fi\\\/asema-alueet\\\/ajankohtaista\\\/uutiset\\\/senaatin-asema-alueet-oy-on-tehnyt-kiinteistokaupan-esisopimuksen-asuinkerrostalotontista-espoon-kauklahdessa\\\/\"]}]},{\"@type\":\"ImageObject\",\"inLanguage\":\"fi\",\"@id\":\"https:\\\/\\\/www.senaatti.fi\\\/asema-alueet\\\/ajankohtaista\\\/uutiset\\\/senaatin-asema-alueet-oy-on-tehnyt-kiinteistokaupan-esisopimuksen-asuinkerrostalotontista-espoon-kauklahdessa\\\/#primaryimage\",\"url\":\"https:\\\/\\\/www.senaatti.fi\\\/app\\\/uploads\\\/sites\\\/6\\\/2020\\\/08\\\/kauklahti_Lasihytti.jpg\",\"contentUrl\":\"https:\\\/\\\/www.senaatti.fi\\\/app\\\/uploads\\\/sites\\\/6\\\/2020\\\/08\\\/kauklahti_Lasihytti.jpg\",\"width\":769,\"height\":597,\"caption\":\"Kauklahden Lasihytin alueen suunnitelman kuva. V\u00e4rikk\u00e4it\u00e4 taloja joenrannan varressa.\"},{\"@type\":\"BreadcrumbList\",\"@id\":\"https:\\\/\\\/www.senaatti.fi\\\/asema-alueet\\\/ajankohtaista\\\/uutiset\\\/senaatin-asema-alueet-oy-on-tehnyt-kiinteistokaupan-esisopimuksen-asuinkerrostalotontista-espoon-kauklahdessa\\\/#breadcrumb\",\"itemListElement\":[{\"@type\":\"ListItem\",\"position\":1,\"name\":\"Etusivu\",\"item\":\"https:\\\/\\\/www.senaatti.fi\\\/asema-alueet\\\/\"},{\"@type\":\"ListItem\",\"position\":2,\"name\":\"Senaatin Asema-alueet Oy on tehnyt kiinteist\u00f6kaupan esisopimuksen asuinkerrostalotontista Espoon Kauklahdessa\"}]},{\"@type\":\"WebSite\",\"@id\":\"https:\\\/\\\/www.senaatti.fi\\\/asema-alueet\\\/#website\",\"url\":\"https:\\\/\\\/www.senaatti.fi\\\/asema-alueet\\\/\",\"name\":\"Asema-alueet\",\"description\":\"Senaatin Asema-alueet\",\"potentialAction\":[{\"@type\":\"SearchAction\",\"target\":{\"@type\":\"EntryPoint\",\"urlTemplate\":\"https:\\\/\\\/www.senaatti.fi\\\/asema-alueet\\\/?s={search_term_string}\"},\"query-input\":{\"@type\":\"PropertyValueSpecification\",\"valueRequired\":true,\"valueName\":\"search_term_string\"}}],\"inLanguage\":\"fi\"},{\"@type\":\"Person\",\"@id\":\"https:\\\/\\\/www.senaatti.fi\\\/asema-alueet\\\/#\\\/schema\\\/person\\\/19ebcd857f41fa4cf02102cd128abc46\",\"name\":\"Andreas Ylijarvi\",\"image\":{\"@type\":\"ImageObject\",\"inLanguage\":\"fi\",\"@id\":\"https:\\\/\\\/secure.gravatar.com\\\/avatar\\\/da48797f91660605745175abd9fe82263292008bf52cf452340b960fcdab186f?s=96&d=mm&r=g\",\"url\":\"https:\\\/\\\/secure.gravatar.com\\\/avatar\\\/da48797f91660605745175abd9fe82263292008bf52cf452340b960fcdab186f?s=96&d=mm&r=g\",\"contentUrl\":\"https:\\\/\\\/secure.gravatar.com\\\/avatar\\\/da48797f91660605745175abd9fe82263292008bf52cf452340b960fcdab186f?s=96&d=mm&r=g\",\"caption\":\"Andreas Ylijarvi\"}}]}<\/script>\n<!-- \/ Yoast SEO plugin. -->","yoast_head_json":{"title":"Senaatin Asema-alueet Oy on tehnyt kiinteist\u00f6kaupan esisopimuksen asuinkerrostalotontista Espoon Kauklahdessa - Senaatti","description":"Senaatin Asema-alueet Oy ja Avain Yhti\u00f6t Oy ovat allekirjoittaneet kiinteist\u00f6kaupan esisopimuksen Kauklahden asema-alueen l\u00e4heisyydess\u00e4 olevasta","robots":{"index":"index","follow":"follow","max-snippet":"max-snippet:-1","max-image-preview":"max-image-preview:large","max-video-preview":"max-video-preview:-1"},"canonical":"https:\/\/www.senaatti.fi\/asema-alueet\/ajankohtaista\/uutiset\/senaatin-asema-alueet-oy-on-tehnyt-kiinteistokaupan-esisopimuksen-asuinkerrostalotontista-espoon-kauklahdessa\/","og_locale":"fi_FI","og_type":"article","og_title":"Senaatin Asema-alueet Oy on tehnyt kiinteist\u00f6kaupan esisopimuksen asuinkerrostalotontista Espoon Kauklahdessa - Senaatti","og_description":"Senaatin Asema-alueet Oy ja Avain Yhti\u00f6t Oy ovat allekirjoittaneet kiinteist\u00f6kaupan esisopimuksen Kauklahden asema-alueen l\u00e4heisyydess\u00e4 olevasta","og_url":"https:\/\/www.senaatti.fi\/asema-alueet\/ajankohtaista\/uutiset\/senaatin-asema-alueet-oy-on-tehnyt-kiinteistokaupan-esisopimuksen-asuinkerrostalotontista-espoon-kauklahdessa\/","og_site_name":"Senaatti","article_published_time":"2021-01-29T12:00:12+00:00","og_image":[{"url":"https:\/\/www.senaatti.fi\/app\/uploads\/sites\/6\/2020\/08\/kauklahti_Lasihytti.jpg","width":769,"height":597,"type":"image\/jpeg"}],"author":"Andreas Ylijarvi","twitter_card":"summary_large_image","twitter_misc":{"Written by":"Andreas Ylijarvi","Est. reading time":"2 minuuttia"},"schema":{"@context":"https:\/\/schema.org","@graph":[{"@type":"Article","@id":"https:\/\/www.senaatti.fi\/asema-alueet\/ajankohtaista\/uutiset\/senaatin-asema-alueet-oy-on-tehnyt-kiinteistokaupan-esisopimuksen-asuinkerrostalotontista-espoon-kauklahdessa\/#article","isPartOf":{"@id":"https:\/\/www.senaatti.fi\/asema-alueet\/ajankohtaista\/uutiset\/senaatin-asema-alueet-oy-on-tehnyt-kiinteistokaupan-esisopimuksen-asuinkerrostalotontista-espoon-kauklahdessa\/"},"author":{"name":"Andreas Ylijarvi","@id":"https:\/\/www.senaatti.fi\/asema-alueet\/#\/schema\/person\/19ebcd857f41fa4cf02102cd128abc46"},"headline":"Senaatin Asema-alueet Oy on tehnyt kiinteist\u00f6kaupan esisopimuksen asuinkerrostalotontista Espoon Kauklahdessa","datePublished":"2021-01-29T12:00:12+00:00","mainEntityOfPage":{"@id":"https:\/\/www.senaatti.fi\/asema-alueet\/ajankohtaista\/uutiset\/senaatin-asema-alueet-oy-on-tehnyt-kiinteistokaupan-esisopimuksen-asuinkerrostalotontista-espoon-kauklahdessa\/"},"wordCount":359,"commentCount":0,"image":{"@id":"https:\/\/www.senaatti.fi\/asema-alueet\/ajankohtaista\/uutiset\/senaatin-asema-alueet-oy-on-tehnyt-kiinteistokaupan-esisopimuksen-asuinkerrostalotontista-espoon-kauklahdessa\/#primaryimage"},"thumbnailUrl":"https:\/\/www.senaatti.fi\/app\/uploads\/sites\/6\/2020\/08\/kauklahti_Lasihytti.jpg","articleSection":["Senaatin Asema-alueet Oy"],"inLanguage":"fi"},{"@type":"WebPage","@id":"https:\/\/www.senaatti.fi\/asema-alueet\/ajankohtaista\/uutiset\/senaatin-asema-alueet-oy-on-tehnyt-kiinteistokaupan-esisopimuksen-asuinkerrostalotontista-espoon-kauklahdessa\/","url":"https:\/\/www.senaatti.fi\/asema-alueet\/ajankohtaista\/uutiset\/senaatin-asema-alueet-oy-on-tehnyt-kiinteistokaupan-esisopimuksen-asuinkerrostalotontista-espoon-kauklahdessa\/","name":"Senaatin Asema-alueet Oy on tehnyt kiinteist\u00f6kaupan esisopimuksen asuinkerrostalotontista Espoon Kauklahdessa - Senaatti","isPartOf":{"@id":"https:\/\/www.senaatti.fi\/asema-alueet\/#website"},"primaryImageOfPage":{"@id":"https:\/\/www.senaatti.fi\/asema-alueet\/ajankohtaista\/uutiset\/senaatin-asema-alueet-oy-on-tehnyt-kiinteistokaupan-esisopimuksen-asuinkerrostalotontista-espoon-kauklahdessa\/#primaryimage"},"image":{"@id":"https:\/\/www.senaatti.fi\/asema-alueet\/ajankohtaista\/uutiset\/senaatin-asema-alueet-oy-on-tehnyt-kiinteistokaupan-esisopimuksen-asuinkerrostalotontista-espoon-kauklahdessa\/#primaryimage"},"thumbnailUrl":"https:\/\/www.senaatti.fi\/app\/uploads\/sites\/6\/2020\/08\/kauklahti_Lasihytti.jpg","datePublished":"2021-01-29T12:00:12+00:00","author":{"@id":"https:\/\/www.senaatti.fi\/asema-alueet\/#\/schema\/person\/19ebcd857f41fa4cf02102cd128abc46"},"description":"Senaatin Asema-alueet Oy ja Avain Yhti\u00f6t Oy ovat allekirjoittaneet kiinteist\u00f6kaupan esisopimuksen Kauklahden asema-alueen l\u00e4heisyydess\u00e4 olevasta","breadcrumb":{"@id":"https:\/\/www.senaatti.fi\/asema-alueet\/ajankohtaista\/uutiset\/senaatin-asema-alueet-oy-on-tehnyt-kiinteistokaupan-esisopimuksen-asuinkerrostalotontista-espoon-kauklahdessa\/#breadcrumb"},"inLanguage":"fi","potentialAction":[{"@type":"ReadAction","target":["https:\/\/www.senaatti.fi\/asema-alueet\/ajankohtaista\/uutiset\/senaatin-asema-alueet-oy-on-tehnyt-kiinteistokaupan-esisopimuksen-asuinkerrostalotontista-espoon-kauklahdessa\/"]}]},{"@type":"ImageObject","inLanguage":"fi","@id":"https:\/\/www.senaatti.fi\/asema-alueet\/ajankohtaista\/uutiset\/senaatin-asema-alueet-oy-on-tehnyt-kiinteistokaupan-esisopimuksen-asuinkerrostalotontista-espoon-kauklahdessa\/#primaryimage","url":"https:\/\/www.senaatti.fi\/app\/uploads\/sites\/6\/2020\/08\/kauklahti_Lasihytti.jpg","contentUrl":"https:\/\/www.senaatti.fi\/app\/uploads\/sites\/6\/2020\/08\/kauklahti_Lasihytti.jpg","width":769,"height":597,"caption":"Kauklahden Lasihytin alueen suunnitelman kuva. V\u00e4rikk\u00e4it\u00e4 taloja joenrannan varressa."},{"@type":"BreadcrumbList","@id":"https:\/\/www.senaatti.fi\/asema-alueet\/ajankohtaista\/uutiset\/senaatin-asema-alueet-oy-on-tehnyt-kiinteistokaupan-esisopimuksen-asuinkerrostalotontista-espoon-kauklahdessa\/#breadcrumb","itemListElement":[{"@type":"ListItem","position":1,"name":"Etusivu","item":"https:\/\/www.senaatti.fi\/asema-alueet\/"},{"@type":"ListItem","position":2,"name":"Senaatin Asema-alueet Oy on tehnyt kiinteist\u00f6kaupan esisopimuksen asuinkerrostalotontista Espoon Kauklahdessa"}]},{"@type":"WebSite","@id":"https:\/\/www.senaatti.fi\/asema-alueet\/#website","url":"https:\/\/www.senaatti.fi\/asema-alueet\/","name":"Asema-alueet","description":"Senaatin Asema-alueet","potentialAction":[{"@type":"SearchAction","target":{"@type":"EntryPoint","urlTemplate":"https:\/\/www.senaatti.fi\/asema-alueet\/?s={search_term_string}"},"query-input":{"@type":"PropertyValueSpecification","valueRequired":true,"valueName":"search_term_string"}}],"inLanguage":"fi"},{"@type":"Person","@id":"https:\/\/www.senaatti.fi\/asema-alueet\/#\/schema\/person\/19ebcd857f41fa4cf02102cd128abc46","name":"Andreas Ylijarvi","image":{"@type":"ImageObject","inLanguage":"fi","@id":"https:\/\/secure.gravatar.com\/avatar\/da48797f91660605745175abd9fe82263292008bf52cf452340b960fcdab186f?s=96&d=mm&r=g","url":"https:\/\/secure.gravatar.com\/avatar\/da48797f91660605745175abd9fe82263292008bf52cf452340b960fcdab186f?s=96&d=mm&r=g","contentUrl":"https:\/\/secure.gravatar.com\/avatar\/da48797f91660605745175abd9fe82263292008bf52cf452340b960fcdab186f?s=96&d=mm&r=g","caption":"Andreas Ylijarvi"}}]}},"lang":"fi","translations":{"fi":1241},"pll_sync_post":[],"_links":{"self":[{"href":"https:\/\/www.senaatti.fi\/asema-alueet\/wp-json\/wp\/v2\/posts\/1241","targetHints":{"allow":["GET"]}}],"collection":[{"href":"https:\/\/www.senaatti.fi\/asema-alueet\/wp-json\/wp\/v2\/posts"}],"about":[{"href":"https:\/\/www.senaatti.fi\/asema-alueet\/wp-json\/wp\/v2\/types\/post"}],"author":[{"embeddable":true,"href":"https:\/\/www.senaatti.fi\/asema-alueet\/wp-json\/wp\/v2\/users\/16"}],"replies":[{"embeddable":true,"href":"https:\/\/www.senaatti.fi\/asema-alueet\/wp-json\/wp\/v2\/comments?post=1241"}],"version-history":[{"count":1,"href":"https:\/\/www.senaatti.fi\/asema-alueet\/wp-json\/wp\/v2\/posts\/1241\/revisions"}],"predecessor-version":[{"id":1242,"href":"https:\/\/www.senaatti.fi\/asema-alueet\/wp-json\/wp\/v2\/posts\/1241\/revisions\/1242"}],"wp:featuredmedia":[{"embeddable":true,"href":"https:\/\/www.senaatti.fi\/asema-alueet\/wp-json\/wp\/v2\/media\/1029"}],"wp:attachment":[{"href":"https:\/\/www.senaatti.fi\/asema-alueet\/wp-json\/wp\/v2\/media?parent=1241"}],"wp:term":[{"taxonomy":"senaatti_type","embeddable":true,"href":"https:\/\/www.senaatti.fi\/asema-alueet\/wp-json\/wp\/v2\/senaatti_type?post=1241"}],"curies":[{"name":"wp","href":"https:\/\/api.w.org\/{rel}","templated":true}]}}