{"id":1212,"date":"2020-11-18T08:00:38","date_gmt":"2020-11-18T08:00:38","guid":{"rendered":"https:\/\/www.senaatti.fi\/asema-alueet\/2020\/11\/18\/kotkan-keskustaan-rakentuu-uusi-merenrantakortteli\/"},"modified":"2021-01-05T09:24:44","modified_gmt":"2021-01-05T09:24:44","slug":"kotkan-keskustaan-rakentuu-uusi-merenrantakortteli","status":"publish","type":"post","link":"https:\/\/www.senaatti.fi\/asema-alueet\/ajankohtaista\/uutiset\/kotkan-keskustaan-rakentuu-uusi-merenrantakortteli\/","title":{"rendered":"Kotkan keskustaan rakentuu uusi merenrantakortteli"},"content":{"rendered":"<p><strong>Senaatin Asema-alueet Oy on k\u00e4ynnist\u00e4nyt tarjouskilpailun 19.11.2020 m\u00e4\u00e4r\u00e4alasta Kotkansaaren uuden sis\u00e4\u00e4ntulotien yhteyteen kaavoitettavasta aloituskorttelista. Ydinkeskustan osaksi rakentuvista kerrostaloista avautuu ainutlaatuiset merin\u00e4k\u00f6alat Hovinsaaren suuntaan.<\/strong><\/p>\n<p>Tarjouskilpailun kohteena on noin 4400 m2:n rakentamaton m\u00e4\u00e4r\u00e4ala tulevasta keskustan korttelialueesta. Voimassa olevassa asemakaavassa alue on rautatiealuetta. Aloituskortteli on tarkoitus kaavoittaa asuin-, liike- ja toimistorakennusten korttelialueeksi (AL-1). Osallistumis- ja arviointisuunnitelma on ollut n\u00e4ht\u00e4vill\u00e4 14.1.-12.2.2019 ja kaavaluonnos 2.9.-4.10.2019. Sen pohjalta laaditun viitesuunnitelman mukaan tarjouskilpailussa olevaan aloituskortteliin tavoitellaan rakennusoikeutta noin 6000 \u2013 6500 k-m2.<\/p>\n<p>\u201dEntisen makasiinialueen rakentaminen tukee Kotkan Kantasataman alueen kehitt\u00e4mist\u00e4\u201d, kertoo kaupungin kaavoitusarkkitehti <strong>Patricia Broas<\/strong>.<\/p>\n<p>Tulevan korttelialueen ja nykyisen junaradan v\u00e4liin kaavoitetaan rannan suuntaisesti kulkeva Uusi Satamakatu. Pys\u00e4k\u00f6inti on tarkoitus j\u00e4rjest\u00e4\u00e4 korttelin yhteisell\u00e4 kaksitasoisella pys\u00e4k\u00f6intikannella.<\/p>\n<p>&#8221;Keskustakortteli jolle haemme nyt toteuttajaa, on merelliselt\u00e4 sijainniltaan ainutlaatuisen kiinnostava. Samalla tarjoutuu hieno tilaisuus parantaa Kotkan keskustan kaupunkikuvaa ja elinvoimaisuutta,\u201d sanoo kiinteist\u00f6kehitysp\u00e4\u00e4llikk\u00f6 <strong>Elias Rainio<\/strong> Senaatin Asema-alueet Oy:st\u00e4.<\/p>\n<p>Alue sijaitsee Kotkan kaupungissa, Kotkansaaren kaupunginosassa. Keskustan kattavat kaupalliset ja julkiset palvelut ovat k\u00e4velyet\u00e4isyydell\u00e4. Alueen sijainti on keskeinen ja juna-asema sijaitsee korttelin v\u00e4litt\u00f6m\u00e4ss\u00e4 l\u00e4heisyydess\u00e4. XAMK-kampus ja uusi Tapahtumakeskus ovat tulossa Kotkansaarelle v. 2023 Kantasatamaan valmistuvaan uudisrakennukseen.<\/p>\n<p><a href=\"https:\/\/www.senaatti.fi\/myynnissa\/tila\/kotka-asuinkerrostalokortteli\/\"><strong>Kohteen myynti-ilmoitus<\/strong><\/a><\/p>\n<p><strong>Lis\u00e4tiedot:<\/strong><br \/>\nSenaatti-kiinteist\u00f6t<br \/>\nKiinteist\u00f6kehitysp\u00e4\u00e4llikk\u00f6 Elias Rainio<br \/>\n+358 50 439 1337, elias.rainio@senaatti.fi<\/p>\n<p>Asemakaavoitus \/ Kotkan kaupunki<br \/>\nPatricia Broas kaavoitusarkkitehti<br \/>\n+358 40 647 1539<br \/>\npatricia.broas@kotka.fi<\/p>\n<p><em><strong>Senaatin Asema-alueet Oy<\/strong><\/em> on Senaatti-kiinteist\u00f6jen tyt\u00e4ryhti\u00f6, jonka teht\u00e4v\u00e4n\u00e4 on kehitt\u00e4\u00e4 junaliikenteen asema-alueita 22 paikkakunnalla. Yhti\u00f6 kehitt\u00e4\u00e4 asema-alueiden k\u00e4ytt\u00f6tarkoituksia ensisijaisesti kaavoituksen keinoin ja helpottaa alueiden monipuolista hy\u00f6dynt\u00e4mist\u00e4 asuntorakentamisessa, liiketoiminnassa ja liikenteen solmukohtina. Senaatin Asema-alueet Oy vastaa alueiden kehitt\u00e4misest\u00e4 tiiviiss\u00e4 yhteisty\u00f6ss\u00e4 kaupunkien ja kuntien kanssa. Yhti\u00f6n teht\u00e4v\u00e4n\u00e4 on myyd\u00e4 kehitt\u00e4m\u00e4ns\u00e4 kiinteist\u00f6t. <strong>www.senaatti.fi\/asema-alueet<\/strong><\/p>\n","protected":false},"excerpt":{"rendered":"<p>Senaatin Asema-alueet Oy on k\u00e4ynnist\u00e4nyt tarjouskilpailun 19.11.2020 m\u00e4\u00e4r\u00e4alasta Kotkansaaren uuden sis\u00e4\u00e4ntulotien yhteyteen kaavoitettavasta aloituskorttelista. Ydinkeskustan osaksi rakentuvista kerrostaloista avautuu ainutlaatuiset merin\u00e4k\u00f6alat Hovinsaaren suuntaan. Tarjouskilpailun kohteena on noin 4400 m2:n rakentamaton m\u00e4\u00e4r\u00e4ala tulevasta keskustan korttelialueesta. Voimassa olevassa asemakaavassa alue on rautatiealuetta. Aloituskortteli on tarkoitus kaavoittaa asuin-, liike- ja toimistorakennusten korttelialueeksi (AL-1). Osallistumis- ja arviointisuunnitelma on ollut [&hellip;]<\/p>\n","protected":false},"author":16,"featured_media":1213,"comment_status":"open","ping_status":"open","sticky":false,"template":"","format":"standard","meta":{"_acf_changed":false,"footnotes":""},"senaatti_type":[],"class_list":["post-1212","post","type-post","status-publish","format-standard","has-post-thumbnail","hentry"],"acf":[],"yoast_head":"<!-- This site is optimized with the Yoast SEO plugin v27.3 - https:\/\/yoast.com\/product\/yoast-seo-wordpress\/ -->\n<title>Kotkan keskustaan rakentuu uusi merenrantakortteli - Senaatti<\/title>\n<meta name=\"description\" content=\"Senaatin Asema-alueet Oy on k\u00e4ynnist\u00e4nyt tarjouskilpailun 19.11.2020 m\u00e4\u00e4r\u00e4alasta Kotkansaaren uuden sis\u00e4\u00e4ntulotien yhteyteen kaavoitettavasta\" \/>\n<meta name=\"robots\" content=\"index, follow, max-snippet:-1, max-image-preview:large, max-video-preview:-1\" \/>\n<link rel=\"canonical\" href=\"https:\/\/www.senaatti.fi\/asema-alueet\/ajankohtaista\/uutiset\/kotkan-keskustaan-rakentuu-uusi-merenrantakortteli\/\" \/>\n<meta property=\"og:locale\" content=\"fi_FI\" \/>\n<meta property=\"og:type\" content=\"article\" \/>\n<meta property=\"og:title\" content=\"Kotkan keskustaan rakentuu uusi merenrantakortteli - Senaatti\" \/>\n<meta property=\"og:description\" content=\"Senaatin Asema-alueet Oy on k\u00e4ynnist\u00e4nyt tarjouskilpailun 19.11.2020 m\u00e4\u00e4r\u00e4alasta Kotkansaaren uuden sis\u00e4\u00e4ntulotien yhteyteen kaavoitettavasta\" \/>\n<meta property=\"og:url\" content=\"https:\/\/www.senaatti.fi\/asema-alueet\/ajankohtaista\/uutiset\/kotkan-keskustaan-rakentuu-uusi-merenrantakortteli\/\" \/>\n<meta property=\"og:site_name\" content=\"Senaatti\" \/>\n<meta property=\"article:published_time\" content=\"2020-11-18T08:00:38+00:00\" \/>\n<meta property=\"article:modified_time\" content=\"2021-01-05T09:24:44+00:00\" \/>\n<meta property=\"og:image\" content=\"https:\/\/www.senaatti.fi\/app\/uploads\/sites\/6\/2020\/11\/Kotka_Makasiinialue_INARO-scaled-e1609834467133-1024x576.jpg\" \/>\n\t<meta property=\"og:image:width\" content=\"1024\" \/>\n\t<meta property=\"og:image:height\" content=\"576\" \/>\n\t<meta property=\"og:image:type\" content=\"image\/jpeg\" \/>\n<meta name=\"author\" content=\"Andreas Ylijarvi\" \/>\n<meta name=\"twitter:card\" content=\"summary_large_image\" \/>\n<meta name=\"twitter:label1\" content=\"Written by\" \/>\n\t<meta name=\"twitter:data1\" content=\"Andreas Ylijarvi\" \/>\n\t<meta name=\"twitter:label2\" content=\"Est. reading time\" \/>\n\t<meta name=\"twitter:data2\" content=\"1 minuutti\" \/>\n<script type=\"application\/ld+json\" class=\"yoast-schema-graph\">{\"@context\":\"https:\\\/\\\/schema.org\",\"@graph\":[{\"@type\":\"Article\",\"@id\":\"https:\\\/\\\/www.senaatti.fi\\\/asema-alueet\\\/ajankohtaista\\\/uutiset\\\/kotkan-keskustaan-rakentuu-uusi-merenrantakortteli\\\/#article\",\"isPartOf\":{\"@id\":\"https:\\\/\\\/www.senaatti.fi\\\/asema-alueet\\\/ajankohtaista\\\/uutiset\\\/kotkan-keskustaan-rakentuu-uusi-merenrantakortteli\\\/\"},\"author\":{\"name\":\"Andreas Ylijarvi\",\"@id\":\"https:\\\/\\\/www.senaatti.fi\\\/asema-alueet\\\/#\\\/schema\\\/person\\\/19ebcd857f41fa4cf02102cd128abc46\"},\"headline\":\"Kotkan keskustaan rakentuu uusi merenrantakortteli\",\"datePublished\":\"2020-11-18T08:00:38+00:00\",\"dateModified\":\"2021-01-05T09:24:44+00:00\",\"mainEntityOfPage\":{\"@id\":\"https:\\\/\\\/www.senaatti.fi\\\/asema-alueet\\\/ajankohtaista\\\/uutiset\\\/kotkan-keskustaan-rakentuu-uusi-merenrantakortteli\\\/\"},\"wordCount\":291,\"commentCount\":0,\"image\":{\"@id\":\"https:\\\/\\\/www.senaatti.fi\\\/asema-alueet\\\/ajankohtaista\\\/uutiset\\\/kotkan-keskustaan-rakentuu-uusi-merenrantakortteli\\\/#primaryimage\"},\"thumbnailUrl\":\"https:\\\/\\\/www.senaatti.fi\\\/app\\\/uploads\\\/sites\\\/6\\\/2020\\\/11\\\/Kotka_Makasiinialue_INARO-scaled-e1609834467133.jpg\",\"articleSection\":[\"Senaatin Asema-alueet Oy\"],\"inLanguage\":\"fi\"},{\"@type\":\"WebPage\",\"@id\":\"https:\\\/\\\/www.senaatti.fi\\\/asema-alueet\\\/ajankohtaista\\\/uutiset\\\/kotkan-keskustaan-rakentuu-uusi-merenrantakortteli\\\/\",\"url\":\"https:\\\/\\\/www.senaatti.fi\\\/asema-alueet\\\/ajankohtaista\\\/uutiset\\\/kotkan-keskustaan-rakentuu-uusi-merenrantakortteli\\\/\",\"name\":\"Kotkan keskustaan rakentuu uusi merenrantakortteli - Senaatti\",\"isPartOf\":{\"@id\":\"https:\\\/\\\/www.senaatti.fi\\\/asema-alueet\\\/#website\"},\"primaryImageOfPage\":{\"@id\":\"https:\\\/\\\/www.senaatti.fi\\\/asema-alueet\\\/ajankohtaista\\\/uutiset\\\/kotkan-keskustaan-rakentuu-uusi-merenrantakortteli\\\/#primaryimage\"},\"image\":{\"@id\":\"https:\\\/\\\/www.senaatti.fi\\\/asema-alueet\\\/ajankohtaista\\\/uutiset\\\/kotkan-keskustaan-rakentuu-uusi-merenrantakortteli\\\/#primaryimage\"},\"thumbnailUrl\":\"https:\\\/\\\/www.senaatti.fi\\\/app\\\/uploads\\\/sites\\\/6\\\/2020\\\/11\\\/Kotka_Makasiinialue_INARO-scaled-e1609834467133.jpg\",\"datePublished\":\"2020-11-18T08:00:38+00:00\",\"dateModified\":\"2021-01-05T09:24:44+00:00\",\"author\":{\"@id\":\"https:\\\/\\\/www.senaatti.fi\\\/asema-alueet\\\/#\\\/schema\\\/person\\\/19ebcd857f41fa4cf02102cd128abc46\"},\"description\":\"Senaatin Asema-alueet Oy on k\u00e4ynnist\u00e4nyt tarjouskilpailun 19.11.2020 m\u00e4\u00e4r\u00e4alasta Kotkansaaren uuden sis\u00e4\u00e4ntulotien yhteyteen kaavoitettavasta\",\"breadcrumb\":{\"@id\":\"https:\\\/\\\/www.senaatti.fi\\\/asema-alueet\\\/ajankohtaista\\\/uutiset\\\/kotkan-keskustaan-rakentuu-uusi-merenrantakortteli\\\/#breadcrumb\"},\"inLanguage\":\"fi\",\"potentialAction\":[{\"@type\":\"ReadAction\",\"target\":[\"https:\\\/\\\/www.senaatti.fi\\\/asema-alueet\\\/ajankohtaista\\\/uutiset\\\/kotkan-keskustaan-rakentuu-uusi-merenrantakortteli\\\/\"]}]},{\"@type\":\"ImageObject\",\"inLanguage\":\"fi\",\"@id\":\"https:\\\/\\\/www.senaatti.fi\\\/asema-alueet\\\/ajankohtaista\\\/uutiset\\\/kotkan-keskustaan-rakentuu-uusi-merenrantakortteli\\\/#primaryimage\",\"url\":\"https:\\\/\\\/www.senaatti.fi\\\/app\\\/uploads\\\/sites\\\/6\\\/2020\\\/11\\\/Kotka_Makasiinialue_INARO-scaled-e1609834467133.jpg\",\"contentUrl\":\"https:\\\/\\\/www.senaatti.fi\\\/app\\\/uploads\\\/sites\\\/6\\\/2020\\\/11\\\/Kotka_Makasiinialue_INARO-scaled-e1609834467133.jpg\",\"width\":2560,\"height\":1440},{\"@type\":\"BreadcrumbList\",\"@id\":\"https:\\\/\\\/www.senaatti.fi\\\/asema-alueet\\\/ajankohtaista\\\/uutiset\\\/kotkan-keskustaan-rakentuu-uusi-merenrantakortteli\\\/#breadcrumb\",\"itemListElement\":[{\"@type\":\"ListItem\",\"position\":1,\"name\":\"Etusivu\",\"item\":\"https:\\\/\\\/www.senaatti.fi\\\/asema-alueet\\\/\"},{\"@type\":\"ListItem\",\"position\":2,\"name\":\"Kotkan keskustaan rakentuu uusi merenrantakortteli\"}]},{\"@type\":\"WebSite\",\"@id\":\"https:\\\/\\\/www.senaatti.fi\\\/asema-alueet\\\/#website\",\"url\":\"https:\\\/\\\/www.senaatti.fi\\\/asema-alueet\\\/\",\"name\":\"Asema-alueet\",\"description\":\"Senaatin Asema-alueet\",\"potentialAction\":[{\"@type\":\"SearchAction\",\"target\":{\"@type\":\"EntryPoint\",\"urlTemplate\":\"https:\\\/\\\/www.senaatti.fi\\\/asema-alueet\\\/?s={search_term_string}\"},\"query-input\":{\"@type\":\"PropertyValueSpecification\",\"valueRequired\":true,\"valueName\":\"search_term_string\"}}],\"inLanguage\":\"fi\"},{\"@type\":\"Person\",\"@id\":\"https:\\\/\\\/www.senaatti.fi\\\/asema-alueet\\\/#\\\/schema\\\/person\\\/19ebcd857f41fa4cf02102cd128abc46\",\"name\":\"Andreas Ylijarvi\",\"image\":{\"@type\":\"ImageObject\",\"inLanguage\":\"fi\",\"@id\":\"https:\\\/\\\/secure.gravatar.com\\\/avatar\\\/da48797f91660605745175abd9fe82263292008bf52cf452340b960fcdab186f?s=96&d=mm&r=g\",\"url\":\"https:\\\/\\\/secure.gravatar.com\\\/avatar\\\/da48797f91660605745175abd9fe82263292008bf52cf452340b960fcdab186f?s=96&d=mm&r=g\",\"contentUrl\":\"https:\\\/\\\/secure.gravatar.com\\\/avatar\\\/da48797f91660605745175abd9fe82263292008bf52cf452340b960fcdab186f?s=96&d=mm&r=g\",\"caption\":\"Andreas Ylijarvi\"}}]}<\/script>\n<!-- \/ Yoast SEO plugin. -->","yoast_head_json":{"title":"Kotkan keskustaan rakentuu uusi merenrantakortteli - Senaatti","description":"Senaatin Asema-alueet Oy on k\u00e4ynnist\u00e4nyt tarjouskilpailun 19.11.2020 m\u00e4\u00e4r\u00e4alasta Kotkansaaren uuden sis\u00e4\u00e4ntulotien yhteyteen kaavoitettavasta","robots":{"index":"index","follow":"follow","max-snippet":"max-snippet:-1","max-image-preview":"max-image-preview:large","max-video-preview":"max-video-preview:-1"},"canonical":"https:\/\/www.senaatti.fi\/asema-alueet\/ajankohtaista\/uutiset\/kotkan-keskustaan-rakentuu-uusi-merenrantakortteli\/","og_locale":"fi_FI","og_type":"article","og_title":"Kotkan keskustaan rakentuu uusi merenrantakortteli - Senaatti","og_description":"Senaatin Asema-alueet Oy on k\u00e4ynnist\u00e4nyt tarjouskilpailun 19.11.2020 m\u00e4\u00e4r\u00e4alasta Kotkansaaren uuden sis\u00e4\u00e4ntulotien yhteyteen kaavoitettavasta","og_url":"https:\/\/www.senaatti.fi\/asema-alueet\/ajankohtaista\/uutiset\/kotkan-keskustaan-rakentuu-uusi-merenrantakortteli\/","og_site_name":"Senaatti","article_published_time":"2020-11-18T08:00:38+00:00","article_modified_time":"2021-01-05T09:24:44+00:00","og_image":[{"width":1024,"height":576,"url":"https:\/\/www.senaatti.fi\/app\/uploads\/sites\/6\/2020\/11\/Kotka_Makasiinialue_INARO-scaled-e1609834467133-1024x576.jpg","type":"image\/jpeg"}],"author":"Andreas Ylijarvi","twitter_card":"summary_large_image","twitter_misc":{"Written by":"Andreas Ylijarvi","Est. reading time":"1 minuutti"},"schema":{"@context":"https:\/\/schema.org","@graph":[{"@type":"Article","@id":"https:\/\/www.senaatti.fi\/asema-alueet\/ajankohtaista\/uutiset\/kotkan-keskustaan-rakentuu-uusi-merenrantakortteli\/#article","isPartOf":{"@id":"https:\/\/www.senaatti.fi\/asema-alueet\/ajankohtaista\/uutiset\/kotkan-keskustaan-rakentuu-uusi-merenrantakortteli\/"},"author":{"name":"Andreas Ylijarvi","@id":"https:\/\/www.senaatti.fi\/asema-alueet\/#\/schema\/person\/19ebcd857f41fa4cf02102cd128abc46"},"headline":"Kotkan keskustaan rakentuu uusi merenrantakortteli","datePublished":"2020-11-18T08:00:38+00:00","dateModified":"2021-01-05T09:24:44+00:00","mainEntityOfPage":{"@id":"https:\/\/www.senaatti.fi\/asema-alueet\/ajankohtaista\/uutiset\/kotkan-keskustaan-rakentuu-uusi-merenrantakortteli\/"},"wordCount":291,"commentCount":0,"image":{"@id":"https:\/\/www.senaatti.fi\/asema-alueet\/ajankohtaista\/uutiset\/kotkan-keskustaan-rakentuu-uusi-merenrantakortteli\/#primaryimage"},"thumbnailUrl":"https:\/\/www.senaatti.fi\/app\/uploads\/sites\/6\/2020\/11\/Kotka_Makasiinialue_INARO-scaled-e1609834467133.jpg","articleSection":["Senaatin Asema-alueet Oy"],"inLanguage":"fi"},{"@type":"WebPage","@id":"https:\/\/www.senaatti.fi\/asema-alueet\/ajankohtaista\/uutiset\/kotkan-keskustaan-rakentuu-uusi-merenrantakortteli\/","url":"https:\/\/www.senaatti.fi\/asema-alueet\/ajankohtaista\/uutiset\/kotkan-keskustaan-rakentuu-uusi-merenrantakortteli\/","name":"Kotkan keskustaan rakentuu uusi merenrantakortteli - Senaatti","isPartOf":{"@id":"https:\/\/www.senaatti.fi\/asema-alueet\/#website"},"primaryImageOfPage":{"@id":"https:\/\/www.senaatti.fi\/asema-alueet\/ajankohtaista\/uutiset\/kotkan-keskustaan-rakentuu-uusi-merenrantakortteli\/#primaryimage"},"image":{"@id":"https:\/\/www.senaatti.fi\/asema-alueet\/ajankohtaista\/uutiset\/kotkan-keskustaan-rakentuu-uusi-merenrantakortteli\/#primaryimage"},"thumbnailUrl":"https:\/\/www.senaatti.fi\/app\/uploads\/sites\/6\/2020\/11\/Kotka_Makasiinialue_INARO-scaled-e1609834467133.jpg","datePublished":"2020-11-18T08:00:38+00:00","dateModified":"2021-01-05T09:24:44+00:00","author":{"@id":"https:\/\/www.senaatti.fi\/asema-alueet\/#\/schema\/person\/19ebcd857f41fa4cf02102cd128abc46"},"description":"Senaatin Asema-alueet Oy on k\u00e4ynnist\u00e4nyt tarjouskilpailun 19.11.2020 m\u00e4\u00e4r\u00e4alasta Kotkansaaren uuden sis\u00e4\u00e4ntulotien yhteyteen kaavoitettavasta","breadcrumb":{"@id":"https:\/\/www.senaatti.fi\/asema-alueet\/ajankohtaista\/uutiset\/kotkan-keskustaan-rakentuu-uusi-merenrantakortteli\/#breadcrumb"},"inLanguage":"fi","potentialAction":[{"@type":"ReadAction","target":["https:\/\/www.senaatti.fi\/asema-alueet\/ajankohtaista\/uutiset\/kotkan-keskustaan-rakentuu-uusi-merenrantakortteli\/"]}]},{"@type":"ImageObject","inLanguage":"fi","@id":"https:\/\/www.senaatti.fi\/asema-alueet\/ajankohtaista\/uutiset\/kotkan-keskustaan-rakentuu-uusi-merenrantakortteli\/#primaryimage","url":"https:\/\/www.senaatti.fi\/app\/uploads\/sites\/6\/2020\/11\/Kotka_Makasiinialue_INARO-scaled-e1609834467133.jpg","contentUrl":"https:\/\/www.senaatti.fi\/app\/uploads\/sites\/6\/2020\/11\/Kotka_Makasiinialue_INARO-scaled-e1609834467133.jpg","width":2560,"height":1440},{"@type":"BreadcrumbList","@id":"https:\/\/www.senaatti.fi\/asema-alueet\/ajankohtaista\/uutiset\/kotkan-keskustaan-rakentuu-uusi-merenrantakortteli\/#breadcrumb","itemListElement":[{"@type":"ListItem","position":1,"name":"Etusivu","item":"https:\/\/www.senaatti.fi\/asema-alueet\/"},{"@type":"ListItem","position":2,"name":"Kotkan keskustaan rakentuu uusi merenrantakortteli"}]},{"@type":"WebSite","@id":"https:\/\/www.senaatti.fi\/asema-alueet\/#website","url":"https:\/\/www.senaatti.fi\/asema-alueet\/","name":"Asema-alueet","description":"Senaatin Asema-alueet","potentialAction":[{"@type":"SearchAction","target":{"@type":"EntryPoint","urlTemplate":"https:\/\/www.senaatti.fi\/asema-alueet\/?s={search_term_string}"},"query-input":{"@type":"PropertyValueSpecification","valueRequired":true,"valueName":"search_term_string"}}],"inLanguage":"fi"},{"@type":"Person","@id":"https:\/\/www.senaatti.fi\/asema-alueet\/#\/schema\/person\/19ebcd857f41fa4cf02102cd128abc46","name":"Andreas Ylijarvi","image":{"@type":"ImageObject","inLanguage":"fi","@id":"https:\/\/secure.gravatar.com\/avatar\/da48797f91660605745175abd9fe82263292008bf52cf452340b960fcdab186f?s=96&d=mm&r=g","url":"https:\/\/secure.gravatar.com\/avatar\/da48797f91660605745175abd9fe82263292008bf52cf452340b960fcdab186f?s=96&d=mm&r=g","contentUrl":"https:\/\/secure.gravatar.com\/avatar\/da48797f91660605745175abd9fe82263292008bf52cf452340b960fcdab186f?s=96&d=mm&r=g","caption":"Andreas Ylijarvi"}}]}},"lang":"fi","translations":{"fi":1212},"pll_sync_post":[],"_links":{"self":[{"href":"https:\/\/www.senaatti.fi\/asema-alueet\/wp-json\/wp\/v2\/posts\/1212","targetHints":{"allow":["GET"]}}],"collection":[{"href":"https:\/\/www.senaatti.fi\/asema-alueet\/wp-json\/wp\/v2\/posts"}],"about":[{"href":"https:\/\/www.senaatti.fi\/asema-alueet\/wp-json\/wp\/v2\/types\/post"}],"author":[{"embeddable":true,"href":"https:\/\/www.senaatti.fi\/asema-alueet\/wp-json\/wp\/v2\/users\/16"}],"replies":[{"embeddable":true,"href":"https:\/\/www.senaatti.fi\/asema-alueet\/wp-json\/wp\/v2\/comments?post=1212"}],"version-history":[{"count":1,"href":"https:\/\/www.senaatti.fi\/asema-alueet\/wp-json\/wp\/v2\/posts\/1212\/revisions"}],"predecessor-version":[{"id":1216,"href":"https:\/\/www.senaatti.fi\/asema-alueet\/wp-json\/wp\/v2\/posts\/1212\/revisions\/1216"}],"wp:featuredmedia":[{"embeddable":true,"href":"https:\/\/www.senaatti.fi\/asema-alueet\/wp-json\/wp\/v2\/media\/1213"}],"wp:attachment":[{"href":"https:\/\/www.senaatti.fi\/asema-alueet\/wp-json\/wp\/v2\/media?parent=1212"}],"wp:term":[{"taxonomy":"senaatti_type","embeddable":true,"href":"https:\/\/www.senaatti.fi\/asema-alueet\/wp-json\/wp\/v2\/senaatti_type?post=1212"}],"curies":[{"name":"wp","href":"https:\/\/api.w.org\/{rel}","templated":true}]}}