{"id":1146,"date":"2020-10-12T12:36:39","date_gmt":"2020-10-12T12:36:39","guid":{"rendered":"https:\/\/www.senaatti.fi\/asema-alueet\/?p=1146"},"modified":"2020-10-12T12:36:39","modified_gmt":"2020-10-12T12:36:39","slug":"senaatin-asema-alueet-oy-ja-finnpark-oy-solmivat-yhteistyosopimuksen-asema-alueiden-parkkialueiden-hallinnoinnista","status":"publish","type":"post","link":"https:\/\/www.senaatti.fi\/asema-alueet\/ajankohtaista\/uutiset\/senaatin-asema-alueet-oy-ja-finnpark-oy-solmivat-yhteistyosopimuksen-asema-alueiden-parkkialueiden-hallinnoinnista\/","title":{"rendered":"Senaatin Asema-alueet Oy ja Finnpark Oy solmivat yhteisty\u00f6sopimuksen asema-alueiden parkkialueiden hallinnoinnista"},"content":{"rendered":"<p><strong>Senaatin Asema-alueet Oy keskitt\u00e4\u00e4 omistamiensa asema-alueiden parkkipaikkojen vuokrauksen yhdelle taholle ja pys\u00e4k\u00f6intioperaattoriksi on valittu Finnpark Oy. Jatkossa asema-alueilla huomioidaan paremmin autoilijoiden pys\u00e4k\u00f6intitarpeet ja mahdollistetaan lyhyt- sek\u00e4 pitk\u00e4aikaiset sopimuspys\u00e4k\u00f6innit.<\/strong><\/p>\n<p>Yhteisty\u00f6sopimus on voimassa kuudella eri paikkakunnalla Kemiss\u00e4, Kokkolassa, Lahdessa, Sein\u00e4joella, Porissa ja Rovaniemell\u00e4. Pys\u00e4k\u00f6inti n\u00e4iden paikkakuntien asema-alueelle tapahtuu <a href=\"https:\/\/moovy.fi\/autoilijoille\/?gclid=EAIaIQobChMI74qW4bGn7AIVBd-yCh3QNQmyEAAYASAAEgKlUvD_BwE#utm_source=Google%20SEM&amp;utm_medium=SEM_brand_Autoilijoille&amp;utm_campaign=Moovy_ADS\">Moovy<\/a>-sovellusta k\u00e4ytt\u00e4m\u00e4ll\u00e4. Ohjeet sovelluksen lataukseen ja yhteystiedot asiakaspalveluun l\u00f6yd\u00e4t <a href=\"https:\/\/moovy.fi\/autoilijoille\/?gclid=EAIaIQobChMI74qW4bGn7AIVBd-yCh3QNQmyEAAYASAAEgKlUvD_BwE#utm_source=Google%20SEM&amp;utm_medium=SEM_brand_Autoilijoille&amp;utm_campaign=Moovy_ADS\">Moovyn verkkosivuilta t\u00e4st\u00e4<\/a>.<\/p>\n<p>\u201dT\u00e4rke\u00e4n\u00e4 osana toimivaa asema-aluetta on toimiva parkkialue ja olemme halunneet keskitt\u00e4\u00e4 omistamiemme parkkialueiden hallinnoinnin yhdelle toimijalle. T\u00e4ll\u00e4 voimme varmistaa, ett\u00e4 asema-alueiden l\u00e4heisyydess\u00e4 olevat parkkialueet ovat niit\u00e4 tarvitsevien k\u00e4yt\u00f6ss\u00e4 ja palvelun laatu on kaikilla paikkakunnilla hyv\u00e4ll\u00e4 tasolla. Finnparkin kanssa solmitun sopimuksen my\u00f6t\u00e4 saamme parkkialueiden hallintaan kokeneen ja ammattitaitoisen kumppanin,\u201d toteaa Senaatin Asema-alueet Oy:n investointip\u00e4\u00e4llikk\u00f6 <strong>Virpi Koikkalainen.<\/strong><\/p>\n<p><strong>Lis\u00e4tiedot:<\/strong><\/p>\n<p>Virpi Koikkalainen<br \/>\ninvestointip\u00e4\u00e4llikk\u00f6<br \/>\n+358 40 747 7226<br \/>\n<a href=\"mailto:virpi.koikkalainen@senaatti.fi\">virpi.koikkalainen@senaatti.fi<\/a><\/p>\n<p><strong><em>Senaatin Asema-alueet Oy<\/em><\/strong><em> on Senaatti-kiinteist\u00f6jen tyt\u00e4ryhti\u00f6, jonka teht\u00e4v\u00e4n\u00e4 on kehitt\u00e4\u00e4 junaliikenteen asema-alueita 22 paikkakunnalla. Yhti\u00f6 kehitt\u00e4\u00e4 asema-alueiden k\u00e4ytt\u00f6tarkoituksia ensisijaisesti kaavoituksen keinoin ja helpottaa alueiden monipuolista hy\u00f6dynt\u00e4mist\u00e4 asuntorakentamisessa, liiketoiminnassa ja liikenteen solmukohtina. Senaatin Asema-alueet Oy vastaa alueiden kehitt\u00e4misest\u00e4 tiiviiss\u00e4 yhteisty\u00f6ss\u00e4 kaupunkien ja kuntien kanssa. Yhti\u00f6n teht\u00e4v\u00e4n\u00e4 on myyd\u00e4 kehitt\u00e4m\u00e4ns\u00e4 kiinteist\u00f6t.<\/em><em> <a href=\"https:\/\/www.senaatti.fi\/asema-alueet\">https:\/\/www.senaatti.fi\/asema-alueet<\/a><\/em><\/p>\n","protected":false},"excerpt":{"rendered":"<p>Senaatin Asema-alueet Oy keskitt\u00e4\u00e4 omistamiensa asema-alueiden parkkipaikkojen vuokrauksen yhdelle taholle ja pys\u00e4k\u00f6intioperaattoriksi on valittu Finnpark Oy. Jatkossa asema-alueilla huomioidaan paremmin autoilijoiden pys\u00e4k\u00f6intitarpeet ja mahdollistetaan lyhyt- sek\u00e4 pitk\u00e4aikaiset sopimuspys\u00e4k\u00f6innit. Yhteisty\u00f6sopimus on voimassa kuudella eri paikkakunnalla Kemiss\u00e4, Kokkolassa, Lahdessa, Sein\u00e4joella, Porissa ja Rovaniemell\u00e4. Pys\u00e4k\u00f6inti n\u00e4iden paikkakuntien asema-alueelle tapahtuu Moovy-sovellusta k\u00e4ytt\u00e4m\u00e4ll\u00e4. Ohjeet sovelluksen lataukseen ja yhteystiedot asiakaspalveluun l\u00f6yd\u00e4t [&hellip;]<\/p>\n","protected":false},"author":16,"featured_media":152,"comment_status":"open","ping_status":"open","sticky":false,"template":"","format":"standard","meta":{"_acf_changed":false,"footnotes":""},"senaatti_type":[],"class_list":["post-1146","post","type-post","status-publish","format-standard","has-post-thumbnail","hentry"],"acf":[],"yoast_head":"<!-- This site is optimized with the Yoast SEO plugin v27.3 - https:\/\/yoast.com\/product\/yoast-seo-wordpress\/ -->\n<title>Senaatin Asema-alueet Oy ja Finnpark Oy solmivat yhteisty\u00f6sopimuksen asema-alueiden parkkialueiden hallinnoinnista - Senaatti<\/title>\n<meta name=\"description\" content=\"Senaatin Asema-alueet Oy keskitt\u00e4\u00e4 omistamiensa asema-alueiden parkkipaikkojen vuokrauksen yhdelle taholle ja pys\u00e4k\u00f6intioperaattoriksi on valittu Finnpark\" \/>\n<meta name=\"robots\" content=\"index, follow, max-snippet:-1, max-image-preview:large, max-video-preview:-1\" \/>\n<link rel=\"canonical\" href=\"https:\/\/www.senaatti.fi\/asema-alueet\/ajankohtaista\/uutiset\/senaatin-asema-alueet-oy-ja-finnpark-oy-solmivat-yhteistyosopimuksen-asema-alueiden-parkkialueiden-hallinnoinnista\/\" \/>\n<meta property=\"og:locale\" content=\"fi_FI\" \/>\n<meta property=\"og:type\" content=\"article\" \/>\n<meta property=\"og:title\" content=\"Senaatin Asema-alueet Oy ja Finnpark Oy solmivat yhteisty\u00f6sopimuksen asema-alueiden parkkialueiden hallinnoinnista - Senaatti\" \/>\n<meta property=\"og:description\" content=\"Senaatin Asema-alueet Oy keskitt\u00e4\u00e4 omistamiensa asema-alueiden parkkipaikkojen vuokrauksen yhdelle taholle ja pys\u00e4k\u00f6intioperaattoriksi on valittu Finnpark\" \/>\n<meta property=\"og:url\" content=\"https:\/\/www.senaatti.fi\/asema-alueet\/ajankohtaista\/uutiset\/senaatin-asema-alueet-oy-ja-finnpark-oy-solmivat-yhteistyosopimuksen-asema-alueiden-parkkialueiden-hallinnoinnista\/\" \/>\n<meta property=\"og:site_name\" content=\"Senaatti\" \/>\n<meta property=\"article:published_time\" content=\"2020-10-12T12:36:39+00:00\" \/>\n<meta property=\"og:image\" content=\"https:\/\/www.senaatti.fi\/app\/uploads\/sites\/6\/2019\/01\/TU-131001-vr-seinajoki-050-1024x683.jpg\" \/>\n\t<meta property=\"og:image:width\" content=\"1024\" \/>\n\t<meta property=\"og:image:height\" content=\"683\" \/>\n\t<meta property=\"og:image:type\" content=\"image\/jpeg\" \/>\n<meta name=\"author\" content=\"Andreas Ylijarvi\" \/>\n<meta name=\"twitter:card\" content=\"summary_large_image\" \/>\n<meta name=\"twitter:label1\" content=\"Written by\" \/>\n\t<meta name=\"twitter:data1\" content=\"Andreas Ylijarvi\" \/>\n\t<meta name=\"twitter:label2\" content=\"Est. reading time\" \/>\n\t<meta name=\"twitter:data2\" content=\"1 minuutti\" \/>\n<script type=\"application\/ld+json\" class=\"yoast-schema-graph\">{\"@context\":\"https:\\\/\\\/schema.org\",\"@graph\":[{\"@type\":\"Article\",\"@id\":\"https:\\\/\\\/www.senaatti.fi\\\/asema-alueet\\\/ajankohtaista\\\/uutiset\\\/senaatin-asema-alueet-oy-ja-finnpark-oy-solmivat-yhteistyosopimuksen-asema-alueiden-parkkialueiden-hallinnoinnista\\\/#article\",\"isPartOf\":{\"@id\":\"https:\\\/\\\/www.senaatti.fi\\\/asema-alueet\\\/ajankohtaista\\\/uutiset\\\/senaatin-asema-alueet-oy-ja-finnpark-oy-solmivat-yhteistyosopimuksen-asema-alueiden-parkkialueiden-hallinnoinnista\\\/\"},\"author\":{\"name\":\"Andreas Ylijarvi\",\"@id\":\"https:\\\/\\\/www.senaatti.fi\\\/asema-alueet\\\/#\\\/schema\\\/person\\\/19ebcd857f41fa4cf02102cd128abc46\"},\"headline\":\"Senaatin Asema-alueet Oy ja Finnpark Oy solmivat yhteisty\u00f6sopimuksen asema-alueiden parkkialueiden hallinnoinnista\",\"datePublished\":\"2020-10-12T12:36:39+00:00\",\"mainEntityOfPage\":{\"@id\":\"https:\\\/\\\/www.senaatti.fi\\\/asema-alueet\\\/ajankohtaista\\\/uutiset\\\/senaatin-asema-alueet-oy-ja-finnpark-oy-solmivat-yhteistyosopimuksen-asema-alueiden-parkkialueiden-hallinnoinnista\\\/\"},\"wordCount\":232,\"commentCount\":0,\"image\":{\"@id\":\"https:\\\/\\\/www.senaatti.fi\\\/asema-alueet\\\/ajankohtaista\\\/uutiset\\\/senaatin-asema-alueet-oy-ja-finnpark-oy-solmivat-yhteistyosopimuksen-asema-alueiden-parkkialueiden-hallinnoinnista\\\/#primaryimage\"},\"thumbnailUrl\":\"https:\\\/\\\/www.senaatti.fi\\\/app\\\/uploads\\\/sites\\\/6\\\/2019\\\/01\\\/TU-131001-vr-seinajoki-050.jpg\",\"articleSection\":[\"Senaatin Asema-alueet Oy\"],\"inLanguage\":\"fi\"},{\"@type\":\"WebPage\",\"@id\":\"https:\\\/\\\/www.senaatti.fi\\\/asema-alueet\\\/ajankohtaista\\\/uutiset\\\/senaatin-asema-alueet-oy-ja-finnpark-oy-solmivat-yhteistyosopimuksen-asema-alueiden-parkkialueiden-hallinnoinnista\\\/\",\"url\":\"https:\\\/\\\/www.senaatti.fi\\\/asema-alueet\\\/ajankohtaista\\\/uutiset\\\/senaatin-asema-alueet-oy-ja-finnpark-oy-solmivat-yhteistyosopimuksen-asema-alueiden-parkkialueiden-hallinnoinnista\\\/\",\"name\":\"Senaatin Asema-alueet Oy ja Finnpark Oy solmivat yhteisty\u00f6sopimuksen asema-alueiden parkkialueiden hallinnoinnista - Senaatti\",\"isPartOf\":{\"@id\":\"https:\\\/\\\/www.senaatti.fi\\\/asema-alueet\\\/#website\"},\"primaryImageOfPage\":{\"@id\":\"https:\\\/\\\/www.senaatti.fi\\\/asema-alueet\\\/ajankohtaista\\\/uutiset\\\/senaatin-asema-alueet-oy-ja-finnpark-oy-solmivat-yhteistyosopimuksen-asema-alueiden-parkkialueiden-hallinnoinnista\\\/#primaryimage\"},\"image\":{\"@id\":\"https:\\\/\\\/www.senaatti.fi\\\/asema-alueet\\\/ajankohtaista\\\/uutiset\\\/senaatin-asema-alueet-oy-ja-finnpark-oy-solmivat-yhteistyosopimuksen-asema-alueiden-parkkialueiden-hallinnoinnista\\\/#primaryimage\"},\"thumbnailUrl\":\"https:\\\/\\\/www.senaatti.fi\\\/app\\\/uploads\\\/sites\\\/6\\\/2019\\\/01\\\/TU-131001-vr-seinajoki-050.jpg\",\"datePublished\":\"2020-10-12T12:36:39+00:00\",\"author\":{\"@id\":\"https:\\\/\\\/www.senaatti.fi\\\/asema-alueet\\\/#\\\/schema\\\/person\\\/19ebcd857f41fa4cf02102cd128abc46\"},\"description\":\"Senaatin Asema-alueet Oy keskitt\u00e4\u00e4 omistamiensa asema-alueiden parkkipaikkojen vuokrauksen yhdelle taholle ja pys\u00e4k\u00f6intioperaattoriksi on valittu Finnpark\",\"breadcrumb\":{\"@id\":\"https:\\\/\\\/www.senaatti.fi\\\/asema-alueet\\\/ajankohtaista\\\/uutiset\\\/senaatin-asema-alueet-oy-ja-finnpark-oy-solmivat-yhteistyosopimuksen-asema-alueiden-parkkialueiden-hallinnoinnista\\\/#breadcrumb\"},\"inLanguage\":\"fi\",\"potentialAction\":[{\"@type\":\"ReadAction\",\"target\":[\"https:\\\/\\\/www.senaatti.fi\\\/asema-alueet\\\/ajankohtaista\\\/uutiset\\\/senaatin-asema-alueet-oy-ja-finnpark-oy-solmivat-yhteistyosopimuksen-asema-alueiden-parkkialueiden-hallinnoinnista\\\/\"]}]},{\"@type\":\"ImageObject\",\"inLanguage\":\"fi\",\"@id\":\"https:\\\/\\\/www.senaatti.fi\\\/asema-alueet\\\/ajankohtaista\\\/uutiset\\\/senaatin-asema-alueet-oy-ja-finnpark-oy-solmivat-yhteistyosopimuksen-asema-alueiden-parkkialueiden-hallinnoinnista\\\/#primaryimage\",\"url\":\"https:\\\/\\\/www.senaatti.fi\\\/app\\\/uploads\\\/sites\\\/6\\\/2019\\\/01\\\/TU-131001-vr-seinajoki-050.jpg\",\"contentUrl\":\"https:\\\/\\\/www.senaatti.fi\\\/app\\\/uploads\\\/sites\\\/6\\\/2019\\\/01\\\/TU-131001-vr-seinajoki-050.jpg\",\"width\":4800,\"height\":3200,\"caption\":\"Sein\u00e4joen rautatieaseman p\u00e4\u00e4rakennus\"},{\"@type\":\"BreadcrumbList\",\"@id\":\"https:\\\/\\\/www.senaatti.fi\\\/asema-alueet\\\/ajankohtaista\\\/uutiset\\\/senaatin-asema-alueet-oy-ja-finnpark-oy-solmivat-yhteistyosopimuksen-asema-alueiden-parkkialueiden-hallinnoinnista\\\/#breadcrumb\",\"itemListElement\":[{\"@type\":\"ListItem\",\"position\":1,\"name\":\"Etusivu\",\"item\":\"https:\\\/\\\/www.senaatti.fi\\\/asema-alueet\\\/\"},{\"@type\":\"ListItem\",\"position\":2,\"name\":\"Senaatin Asema-alueet Oy ja Finnpark Oy solmivat yhteisty\u00f6sopimuksen asema-alueiden parkkialueiden hallinnoinnista\"}]},{\"@type\":\"WebSite\",\"@id\":\"https:\\\/\\\/www.senaatti.fi\\\/asema-alueet\\\/#website\",\"url\":\"https:\\\/\\\/www.senaatti.fi\\\/asema-alueet\\\/\",\"name\":\"Asema-alueet\",\"description\":\"Senaatin Asema-alueet\",\"potentialAction\":[{\"@type\":\"SearchAction\",\"target\":{\"@type\":\"EntryPoint\",\"urlTemplate\":\"https:\\\/\\\/www.senaatti.fi\\\/asema-alueet\\\/?s={search_term_string}\"},\"query-input\":{\"@type\":\"PropertyValueSpecification\",\"valueRequired\":true,\"valueName\":\"search_term_string\"}}],\"inLanguage\":\"fi\"},{\"@type\":\"Person\",\"@id\":\"https:\\\/\\\/www.senaatti.fi\\\/asema-alueet\\\/#\\\/schema\\\/person\\\/19ebcd857f41fa4cf02102cd128abc46\",\"name\":\"Andreas Ylijarvi\",\"image\":{\"@type\":\"ImageObject\",\"inLanguage\":\"fi\",\"@id\":\"https:\\\/\\\/secure.gravatar.com\\\/avatar\\\/da48797f91660605745175abd9fe82263292008bf52cf452340b960fcdab186f?s=96&d=mm&r=g\",\"url\":\"https:\\\/\\\/secure.gravatar.com\\\/avatar\\\/da48797f91660605745175abd9fe82263292008bf52cf452340b960fcdab186f?s=96&d=mm&r=g\",\"contentUrl\":\"https:\\\/\\\/secure.gravatar.com\\\/avatar\\\/da48797f91660605745175abd9fe82263292008bf52cf452340b960fcdab186f?s=96&d=mm&r=g\",\"caption\":\"Andreas Ylijarvi\"}}]}<\/script>\n<!-- \/ Yoast SEO plugin. -->","yoast_head_json":{"title":"Senaatin Asema-alueet Oy ja Finnpark Oy solmivat yhteisty\u00f6sopimuksen asema-alueiden parkkialueiden hallinnoinnista - Senaatti","description":"Senaatin Asema-alueet Oy keskitt\u00e4\u00e4 omistamiensa asema-alueiden parkkipaikkojen vuokrauksen yhdelle taholle ja pys\u00e4k\u00f6intioperaattoriksi on valittu Finnpark","robots":{"index":"index","follow":"follow","max-snippet":"max-snippet:-1","max-image-preview":"max-image-preview:large","max-video-preview":"max-video-preview:-1"},"canonical":"https:\/\/www.senaatti.fi\/asema-alueet\/ajankohtaista\/uutiset\/senaatin-asema-alueet-oy-ja-finnpark-oy-solmivat-yhteistyosopimuksen-asema-alueiden-parkkialueiden-hallinnoinnista\/","og_locale":"fi_FI","og_type":"article","og_title":"Senaatin Asema-alueet Oy ja Finnpark Oy solmivat yhteisty\u00f6sopimuksen asema-alueiden parkkialueiden hallinnoinnista - Senaatti","og_description":"Senaatin Asema-alueet Oy keskitt\u00e4\u00e4 omistamiensa asema-alueiden parkkipaikkojen vuokrauksen yhdelle taholle ja pys\u00e4k\u00f6intioperaattoriksi on valittu Finnpark","og_url":"https:\/\/www.senaatti.fi\/asema-alueet\/ajankohtaista\/uutiset\/senaatin-asema-alueet-oy-ja-finnpark-oy-solmivat-yhteistyosopimuksen-asema-alueiden-parkkialueiden-hallinnoinnista\/","og_site_name":"Senaatti","article_published_time":"2020-10-12T12:36:39+00:00","og_image":[{"width":1024,"height":683,"url":"https:\/\/www.senaatti.fi\/app\/uploads\/sites\/6\/2019\/01\/TU-131001-vr-seinajoki-050-1024x683.jpg","type":"image\/jpeg"}],"author":"Andreas Ylijarvi","twitter_card":"summary_large_image","twitter_misc":{"Written by":"Andreas Ylijarvi","Est. reading time":"1 minuutti"},"schema":{"@context":"https:\/\/schema.org","@graph":[{"@type":"Article","@id":"https:\/\/www.senaatti.fi\/asema-alueet\/ajankohtaista\/uutiset\/senaatin-asema-alueet-oy-ja-finnpark-oy-solmivat-yhteistyosopimuksen-asema-alueiden-parkkialueiden-hallinnoinnista\/#article","isPartOf":{"@id":"https:\/\/www.senaatti.fi\/asema-alueet\/ajankohtaista\/uutiset\/senaatin-asema-alueet-oy-ja-finnpark-oy-solmivat-yhteistyosopimuksen-asema-alueiden-parkkialueiden-hallinnoinnista\/"},"author":{"name":"Andreas Ylijarvi","@id":"https:\/\/www.senaatti.fi\/asema-alueet\/#\/schema\/person\/19ebcd857f41fa4cf02102cd128abc46"},"headline":"Senaatin Asema-alueet Oy ja Finnpark Oy solmivat yhteisty\u00f6sopimuksen asema-alueiden parkkialueiden hallinnoinnista","datePublished":"2020-10-12T12:36:39+00:00","mainEntityOfPage":{"@id":"https:\/\/www.senaatti.fi\/asema-alueet\/ajankohtaista\/uutiset\/senaatin-asema-alueet-oy-ja-finnpark-oy-solmivat-yhteistyosopimuksen-asema-alueiden-parkkialueiden-hallinnoinnista\/"},"wordCount":232,"commentCount":0,"image":{"@id":"https:\/\/www.senaatti.fi\/asema-alueet\/ajankohtaista\/uutiset\/senaatin-asema-alueet-oy-ja-finnpark-oy-solmivat-yhteistyosopimuksen-asema-alueiden-parkkialueiden-hallinnoinnista\/#primaryimage"},"thumbnailUrl":"https:\/\/www.senaatti.fi\/app\/uploads\/sites\/6\/2019\/01\/TU-131001-vr-seinajoki-050.jpg","articleSection":["Senaatin Asema-alueet Oy"],"inLanguage":"fi"},{"@type":"WebPage","@id":"https:\/\/www.senaatti.fi\/asema-alueet\/ajankohtaista\/uutiset\/senaatin-asema-alueet-oy-ja-finnpark-oy-solmivat-yhteistyosopimuksen-asema-alueiden-parkkialueiden-hallinnoinnista\/","url":"https:\/\/www.senaatti.fi\/asema-alueet\/ajankohtaista\/uutiset\/senaatin-asema-alueet-oy-ja-finnpark-oy-solmivat-yhteistyosopimuksen-asema-alueiden-parkkialueiden-hallinnoinnista\/","name":"Senaatin Asema-alueet Oy ja Finnpark Oy solmivat yhteisty\u00f6sopimuksen asema-alueiden parkkialueiden hallinnoinnista - Senaatti","isPartOf":{"@id":"https:\/\/www.senaatti.fi\/asema-alueet\/#website"},"primaryImageOfPage":{"@id":"https:\/\/www.senaatti.fi\/asema-alueet\/ajankohtaista\/uutiset\/senaatin-asema-alueet-oy-ja-finnpark-oy-solmivat-yhteistyosopimuksen-asema-alueiden-parkkialueiden-hallinnoinnista\/#primaryimage"},"image":{"@id":"https:\/\/www.senaatti.fi\/asema-alueet\/ajankohtaista\/uutiset\/senaatin-asema-alueet-oy-ja-finnpark-oy-solmivat-yhteistyosopimuksen-asema-alueiden-parkkialueiden-hallinnoinnista\/#primaryimage"},"thumbnailUrl":"https:\/\/www.senaatti.fi\/app\/uploads\/sites\/6\/2019\/01\/TU-131001-vr-seinajoki-050.jpg","datePublished":"2020-10-12T12:36:39+00:00","author":{"@id":"https:\/\/www.senaatti.fi\/asema-alueet\/#\/schema\/person\/19ebcd857f41fa4cf02102cd128abc46"},"description":"Senaatin Asema-alueet Oy keskitt\u00e4\u00e4 omistamiensa asema-alueiden parkkipaikkojen vuokrauksen yhdelle taholle ja pys\u00e4k\u00f6intioperaattoriksi on valittu Finnpark","breadcrumb":{"@id":"https:\/\/www.senaatti.fi\/asema-alueet\/ajankohtaista\/uutiset\/senaatin-asema-alueet-oy-ja-finnpark-oy-solmivat-yhteistyosopimuksen-asema-alueiden-parkkialueiden-hallinnoinnista\/#breadcrumb"},"inLanguage":"fi","potentialAction":[{"@type":"ReadAction","target":["https:\/\/www.senaatti.fi\/asema-alueet\/ajankohtaista\/uutiset\/senaatin-asema-alueet-oy-ja-finnpark-oy-solmivat-yhteistyosopimuksen-asema-alueiden-parkkialueiden-hallinnoinnista\/"]}]},{"@type":"ImageObject","inLanguage":"fi","@id":"https:\/\/www.senaatti.fi\/asema-alueet\/ajankohtaista\/uutiset\/senaatin-asema-alueet-oy-ja-finnpark-oy-solmivat-yhteistyosopimuksen-asema-alueiden-parkkialueiden-hallinnoinnista\/#primaryimage","url":"https:\/\/www.senaatti.fi\/app\/uploads\/sites\/6\/2019\/01\/TU-131001-vr-seinajoki-050.jpg","contentUrl":"https:\/\/www.senaatti.fi\/app\/uploads\/sites\/6\/2019\/01\/TU-131001-vr-seinajoki-050.jpg","width":4800,"height":3200,"caption":"Sein\u00e4joen rautatieaseman p\u00e4\u00e4rakennus"},{"@type":"BreadcrumbList","@id":"https:\/\/www.senaatti.fi\/asema-alueet\/ajankohtaista\/uutiset\/senaatin-asema-alueet-oy-ja-finnpark-oy-solmivat-yhteistyosopimuksen-asema-alueiden-parkkialueiden-hallinnoinnista\/#breadcrumb","itemListElement":[{"@type":"ListItem","position":1,"name":"Etusivu","item":"https:\/\/www.senaatti.fi\/asema-alueet\/"},{"@type":"ListItem","position":2,"name":"Senaatin Asema-alueet Oy ja Finnpark Oy solmivat yhteisty\u00f6sopimuksen asema-alueiden parkkialueiden hallinnoinnista"}]},{"@type":"WebSite","@id":"https:\/\/www.senaatti.fi\/asema-alueet\/#website","url":"https:\/\/www.senaatti.fi\/asema-alueet\/","name":"Asema-alueet","description":"Senaatin Asema-alueet","potentialAction":[{"@type":"SearchAction","target":{"@type":"EntryPoint","urlTemplate":"https:\/\/www.senaatti.fi\/asema-alueet\/?s={search_term_string}"},"query-input":{"@type":"PropertyValueSpecification","valueRequired":true,"valueName":"search_term_string"}}],"inLanguage":"fi"},{"@type":"Person","@id":"https:\/\/www.senaatti.fi\/asema-alueet\/#\/schema\/person\/19ebcd857f41fa4cf02102cd128abc46","name":"Andreas Ylijarvi","image":{"@type":"ImageObject","inLanguage":"fi","@id":"https:\/\/secure.gravatar.com\/avatar\/da48797f91660605745175abd9fe82263292008bf52cf452340b960fcdab186f?s=96&d=mm&r=g","url":"https:\/\/secure.gravatar.com\/avatar\/da48797f91660605745175abd9fe82263292008bf52cf452340b960fcdab186f?s=96&d=mm&r=g","contentUrl":"https:\/\/secure.gravatar.com\/avatar\/da48797f91660605745175abd9fe82263292008bf52cf452340b960fcdab186f?s=96&d=mm&r=g","caption":"Andreas Ylijarvi"}}]}},"lang":"fi","translations":{"fi":1146},"pll_sync_post":[],"_links":{"self":[{"href":"https:\/\/www.senaatti.fi\/asema-alueet\/wp-json\/wp\/v2\/posts\/1146","targetHints":{"allow":["GET"]}}],"collection":[{"href":"https:\/\/www.senaatti.fi\/asema-alueet\/wp-json\/wp\/v2\/posts"}],"about":[{"href":"https:\/\/www.senaatti.fi\/asema-alueet\/wp-json\/wp\/v2\/types\/post"}],"author":[{"embeddable":true,"href":"https:\/\/www.senaatti.fi\/asema-alueet\/wp-json\/wp\/v2\/users\/16"}],"replies":[{"embeddable":true,"href":"https:\/\/www.senaatti.fi\/asema-alueet\/wp-json\/wp\/v2\/comments?post=1146"}],"version-history":[{"count":2,"href":"https:\/\/www.senaatti.fi\/asema-alueet\/wp-json\/wp\/v2\/posts\/1146\/revisions"}],"predecessor-version":[{"id":1149,"href":"https:\/\/www.senaatti.fi\/asema-alueet\/wp-json\/wp\/v2\/posts\/1146\/revisions\/1149"}],"wp:featuredmedia":[{"embeddable":true,"href":"https:\/\/www.senaatti.fi\/asema-alueet\/wp-json\/wp\/v2\/media\/152"}],"wp:attachment":[{"href":"https:\/\/www.senaatti.fi\/asema-alueet\/wp-json\/wp\/v2\/media?parent=1146"}],"wp:term":[{"taxonomy":"senaatti_type","embeddable":true,"href":"https:\/\/www.senaatti.fi\/asema-alueet\/wp-json\/wp\/v2\/senaatti_type?post=1146"}],"curies":[{"name":"wp","href":"https:\/\/api.w.org\/{rel}","templated":true}]}}