{"id":1024,"date":"2020-08-27T10:21:58","date_gmt":"2020-08-27T10:21:58","guid":{"rendered":"https:\/\/www.senaatti.fi\/asema-alueet\/?p=1024"},"modified":"2021-08-23T09:25:06","modified_gmt":"2021-08-23T09:25:06","slug":"espoon-kauklahden-lasihytin-alueelle-rakentuu-uusi-asuinkerrostalojen-korttelialue","status":"publish","type":"post","link":"https:\/\/www.senaatti.fi\/asema-alueet\/ajankohtaista\/uutiset\/espoon-kauklahden-lasihytin-alueelle-rakentuu-uusi-asuinkerrostalojen-korttelialue\/","title":{"rendered":"Espoon Kauklahden Lasihytin alueelle rakentuu uusi asuinkerrostalojen korttelialue"},"content":{"rendered":"<p><strong>Senaatin Asema-alueet Oy k\u00e4ynnist\u00e4\u00e4 Kauklahden asema-alueen l\u00e4heisyydess\u00e4 olevan rakentamattoman m\u00e4\u00e4r\u00e4alan myynnin. Kohde sijaitsee tulevalla asuinkerrostalojen korttelialueella <\/strong><strong>Kauklahden ja Vanttilan kaupunginosassa Espoojoen varressa.<\/strong><\/p>\n<p>M\u00e4\u00e4r\u00e4ala kuuluu Lasihytti \u2013nimiseen asemakaava ja asemakaavan muutosalueeseen. Osallistumis- ja arviointisuunnitelma on ollut n\u00e4ht\u00e4vill\u00e4, ja sen pohjalta laaditun viitesuunnitelman mukaan kortteliin tavoitellaan rakennusoikeutta noin 11500 kerrosneli\u00f6metri\u00e4. Toteutuneesta rakennusoikeudesta v\u00e4hint\u00e4\u00e4n 25 % on valtion tukemaa vuokra-asuntotuotantoa, jonka toteuttaa A-Kruunu Oy.<\/p>\n<p>\u201dOlemme p\u00e4\u00e4sseet asema-alueiden kiinteist\u00f6kehitysprojekteissa hyv\u00e4\u00e4n vauhtiin Espoossa ja muillakin paikkakunnilla. T\u00e4m\u00e4 ty\u00f6 alkaa pikkuhiljaa n\u00e4ky\u00e4 konkreettisesti, kun saamme alueita myyntiin ja kaavahankkeita eteenp\u00e4in. Uusi Lasihytin asuinalue tulee valmistuessaan olemaan hieno ja ainutlaatuinen kokonaisuus\u201d, toteaa Kauklahden projektin kiinteist\u00f6kehitysp\u00e4\u00e4llikk\u00f6 <strong>Janne Marttinen<\/strong><\/p>\n<p>Espoonjoki ja jokilaakson luonto toimivat alueen suunnittelun l\u00e4ht\u00f6kohtana. Rakennetut korttelialueet sijoittuvat jokivarren reunoille. Tavoitteena on omaleimainen, korkeatasoinen alue, joka tuo joen ja luonnon keskelle kaupunkia. Rakentamisella tavoitellaan tiivist\u00e4, keskustamaista kaupunkirakennetta, johon tuodaan my\u00f6s kyl\u00e4m\u00e4isi\u00e4 piirteit\u00e4 kohtaamispaikoilla, vaihtelevilla kattomuodoilla ja kerrosluvuilla. L\u00e4hes koko kaava-alue on osa maakunnallista kulttuuriymp\u00e4rist\u00f6\u00e4.<\/p>\n<p><strong>Lis\u00e4tiedot:<\/strong><\/p>\n<p>Senaatti-kiinteist\u00f6t<\/p>\n<p>Kiinteist\u00f6kehitysp\u00e4\u00e4llikk\u00f6 Janne Marttinen<\/p>\n<p>+358 50\u00a0308 9158, <a href=\"mailto:janne.marttinen@senaatti.fi\">janne.marttinen@senaatti.fi<\/a><\/p>\n","protected":false},"excerpt":{"rendered":"<p>Senaatin Asema-alueet Oy k\u00e4ynnist\u00e4\u00e4 Kauklahden asema-alueen l\u00e4heisyydess\u00e4 olevan rakentamattoman m\u00e4\u00e4r\u00e4alan myynnin. Kohde sijaitsee tulevalla asuinkerrostalojen korttelialueella Kauklahden ja Vanttilan kaupunginosassa Espoojoen varressa. M\u00e4\u00e4r\u00e4ala kuuluu Lasihytti \u2013nimiseen asemakaava ja asemakaavan muutosalueeseen. Osallistumis- ja arviointisuunnitelma on ollut n\u00e4ht\u00e4vill\u00e4, ja sen pohjalta laaditun viitesuunnitelman mukaan kortteliin tavoitellaan rakennusoikeutta noin 11500 kerrosneli\u00f6metri\u00e4. Toteutuneesta rakennusoikeudesta v\u00e4hint\u00e4\u00e4n 25 % on valtion [&hellip;]<\/p>\n","protected":false},"author":16,"featured_media":1020,"comment_status":"open","ping_status":"open","sticky":false,"template":"","format":"standard","meta":{"_acf_changed":false,"footnotes":""},"senaatti_type":[],"class_list":["post-1024","post","type-post","status-publish","format-standard","has-post-thumbnail","hentry"],"acf":[],"yoast_head":"<!-- This site is optimized with the Yoast SEO plugin v27.3 - https:\/\/yoast.com\/product\/yoast-seo-wordpress\/ -->\n<title>Espoon Kauklahden Lasihytin alueelle rakentuu uusi asuinkerrostalojen korttelialue - Senaatti<\/title>\n<meta name=\"description\" content=\"Senaatin Asema-alueet Oy k\u00e4ynnist\u00e4\u00e4 Kauklahden asema-alueen l\u00e4heisyydess\u00e4 olevan rakentamattoman m\u00e4\u00e4r\u00e4alan myynnin. Kohde sijaitsee tulevalla\" \/>\n<meta name=\"robots\" content=\"index, follow, max-snippet:-1, max-image-preview:large, max-video-preview:-1\" \/>\n<link rel=\"canonical\" href=\"https:\/\/www.senaatti.fi\/asema-alueet\/ajankohtaista\/uutiset\/espoon-kauklahden-lasihytin-alueelle-rakentuu-uusi-asuinkerrostalojen-korttelialue\/\" \/>\n<meta property=\"og:locale\" content=\"fi_FI\" \/>\n<meta property=\"og:type\" content=\"article\" \/>\n<meta property=\"og:title\" content=\"Espoon Kauklahden Lasihytin alueelle rakentuu uusi asuinkerrostalojen korttelialue - Senaatti\" \/>\n<meta property=\"og:description\" content=\"Senaatin Asema-alueet Oy k\u00e4ynnist\u00e4\u00e4 Kauklahden asema-alueen l\u00e4heisyydess\u00e4 olevan rakentamattoman m\u00e4\u00e4r\u00e4alan myynnin. Kohde sijaitsee tulevalla\" \/>\n<meta property=\"og:url\" content=\"https:\/\/www.senaatti.fi\/asema-alueet\/ajankohtaista\/uutiset\/espoon-kauklahden-lasihytin-alueelle-rakentuu-uusi-asuinkerrostalojen-korttelialue\/\" \/>\n<meta property=\"og:site_name\" content=\"Senaatti\" \/>\n<meta property=\"article:published_time\" content=\"2020-08-27T10:21:58+00:00\" \/>\n<meta property=\"article:modified_time\" content=\"2021-08-23T09:25:06+00:00\" \/>\n<meta property=\"og:image\" content=\"https:\/\/www.senaatti.fi\/app\/uploads\/sites\/6\/2020\/08\/Kirkkonummi_15132_48-1024x630.jpg\" \/>\n\t<meta property=\"og:image:width\" content=\"1024\" \/>\n\t<meta property=\"og:image:height\" content=\"630\" \/>\n\t<meta property=\"og:image:type\" content=\"image\/jpeg\" \/>\n<meta name=\"author\" content=\"Andreas Ylijarvi\" \/>\n<meta name=\"twitter:card\" content=\"summary_large_image\" \/>\n<meta name=\"twitter:label1\" content=\"Kirjoittanut\" \/>\n\t<meta name=\"twitter:data1\" content=\"Andreas Ylijarvi\" \/>\n\t<meta name=\"twitter:label2\" content=\"Arvioitu lukuaika\" \/>\n\t<meta name=\"twitter:data2\" content=\"1 minuutti\" \/>\n<script type=\"application\/ld+json\" class=\"yoast-schema-graph\">{\"@context\":\"https:\\\/\\\/schema.org\",\"@graph\":[{\"@type\":\"Article\",\"@id\":\"https:\\\/\\\/www.senaatti.fi\\\/asema-alueet\\\/ajankohtaista\\\/uutiset\\\/espoon-kauklahden-lasihytin-alueelle-rakentuu-uusi-asuinkerrostalojen-korttelialue\\\/#article\",\"isPartOf\":{\"@id\":\"https:\\\/\\\/www.senaatti.fi\\\/asema-alueet\\\/ajankohtaista\\\/uutiset\\\/espoon-kauklahden-lasihytin-alueelle-rakentuu-uusi-asuinkerrostalojen-korttelialue\\\/\"},\"author\":{\"name\":\"Andreas Ylijarvi\",\"@id\":\"https:\\\/\\\/www.senaatti.fi\\\/asema-alueet\\\/#\\\/schema\\\/person\\\/19ebcd857f41fa4cf02102cd128abc46\"},\"headline\":\"Espoon Kauklahden Lasihytin alueelle rakentuu uusi asuinkerrostalojen korttelialue\",\"datePublished\":\"2020-08-27T10:21:58+00:00\",\"dateModified\":\"2021-08-23T09:25:06+00:00\",\"mainEntityOfPage\":{\"@id\":\"https:\\\/\\\/www.senaatti.fi\\\/asema-alueet\\\/ajankohtaista\\\/uutiset\\\/espoon-kauklahden-lasihytin-alueelle-rakentuu-uusi-asuinkerrostalojen-korttelialue\\\/\"},\"wordCount\":191,\"commentCount\":0,\"image\":{\"@id\":\"https:\\\/\\\/www.senaatti.fi\\\/asema-alueet\\\/ajankohtaista\\\/uutiset\\\/espoon-kauklahden-lasihytin-alueelle-rakentuu-uusi-asuinkerrostalojen-korttelialue\\\/#primaryimage\"},\"thumbnailUrl\":\"https:\\\/\\\/www.senaatti.fi\\\/app\\\/uploads\\\/sites\\\/6\\\/2020\\\/08\\\/Kirkkonummi_15132_48-scaled.jpg\",\"articleSection\":[\"Senaatin Asema-alueet Oy\"],\"inLanguage\":\"fi\"},{\"@type\":\"WebPage\",\"@id\":\"https:\\\/\\\/www.senaatti.fi\\\/asema-alueet\\\/ajankohtaista\\\/uutiset\\\/espoon-kauklahden-lasihytin-alueelle-rakentuu-uusi-asuinkerrostalojen-korttelialue\\\/\",\"url\":\"https:\\\/\\\/www.senaatti.fi\\\/asema-alueet\\\/ajankohtaista\\\/uutiset\\\/espoon-kauklahden-lasihytin-alueelle-rakentuu-uusi-asuinkerrostalojen-korttelialue\\\/\",\"name\":\"Espoon Kauklahden Lasihytin alueelle rakentuu uusi asuinkerrostalojen korttelialue - Senaatti\",\"isPartOf\":{\"@id\":\"https:\\\/\\\/www.senaatti.fi\\\/asema-alueet\\\/#website\"},\"primaryImageOfPage\":{\"@id\":\"https:\\\/\\\/www.senaatti.fi\\\/asema-alueet\\\/ajankohtaista\\\/uutiset\\\/espoon-kauklahden-lasihytin-alueelle-rakentuu-uusi-asuinkerrostalojen-korttelialue\\\/#primaryimage\"},\"image\":{\"@id\":\"https:\\\/\\\/www.senaatti.fi\\\/asema-alueet\\\/ajankohtaista\\\/uutiset\\\/espoon-kauklahden-lasihytin-alueelle-rakentuu-uusi-asuinkerrostalojen-korttelialue\\\/#primaryimage\"},\"thumbnailUrl\":\"https:\\\/\\\/www.senaatti.fi\\\/app\\\/uploads\\\/sites\\\/6\\\/2020\\\/08\\\/Kirkkonummi_15132_48-scaled.jpg\",\"datePublished\":\"2020-08-27T10:21:58+00:00\",\"dateModified\":\"2021-08-23T09:25:06+00:00\",\"author\":{\"@id\":\"https:\\\/\\\/www.senaatti.fi\\\/asema-alueet\\\/#\\\/schema\\\/person\\\/19ebcd857f41fa4cf02102cd128abc46\"},\"description\":\"Senaatin Asema-alueet Oy k\u00e4ynnist\u00e4\u00e4 Kauklahden asema-alueen l\u00e4heisyydess\u00e4 olevan rakentamattoman m\u00e4\u00e4r\u00e4alan myynnin. Kohde sijaitsee tulevalla\",\"breadcrumb\":{\"@id\":\"https:\\\/\\\/www.senaatti.fi\\\/asema-alueet\\\/ajankohtaista\\\/uutiset\\\/espoon-kauklahden-lasihytin-alueelle-rakentuu-uusi-asuinkerrostalojen-korttelialue\\\/#breadcrumb\"},\"inLanguage\":\"fi\",\"potentialAction\":[{\"@type\":\"ReadAction\",\"target\":[\"https:\\\/\\\/www.senaatti.fi\\\/asema-alueet\\\/ajankohtaista\\\/uutiset\\\/espoon-kauklahden-lasihytin-alueelle-rakentuu-uusi-asuinkerrostalojen-korttelialue\\\/\"]}]},{\"@type\":\"ImageObject\",\"inLanguage\":\"fi\",\"@id\":\"https:\\\/\\\/www.senaatti.fi\\\/asema-alueet\\\/ajankohtaista\\\/uutiset\\\/espoon-kauklahden-lasihytin-alueelle-rakentuu-uusi-asuinkerrostalojen-korttelialue\\\/#primaryimage\",\"url\":\"https:\\\/\\\/www.senaatti.fi\\\/app\\\/uploads\\\/sites\\\/6\\\/2020\\\/08\\\/Kirkkonummi_15132_48-scaled.jpg\",\"contentUrl\":\"https:\\\/\\\/www.senaatti.fi\\\/app\\\/uploads\\\/sites\\\/6\\\/2020\\\/08\\\/Kirkkonummi_15132_48-scaled.jpg\",\"width\":2560,\"height\":1574,\"caption\":\"Kirkkonummen asema-alue ilmakuvassa.\"},{\"@type\":\"BreadcrumbList\",\"@id\":\"https:\\\/\\\/www.senaatti.fi\\\/asema-alueet\\\/ajankohtaista\\\/uutiset\\\/espoon-kauklahden-lasihytin-alueelle-rakentuu-uusi-asuinkerrostalojen-korttelialue\\\/#breadcrumb\",\"itemListElement\":[{\"@type\":\"ListItem\",\"position\":1,\"name\":\"Etusivu\",\"item\":\"https:\\\/\\\/www.senaatti.fi\\\/asema-alueet\\\/\"},{\"@type\":\"ListItem\",\"position\":2,\"name\":\"Espoon Kauklahden Lasihytin alueelle rakentuu uusi asuinkerrostalojen korttelialue\"}]},{\"@type\":\"WebSite\",\"@id\":\"https:\\\/\\\/www.senaatti.fi\\\/asema-alueet\\\/#website\",\"url\":\"https:\\\/\\\/www.senaatti.fi\\\/asema-alueet\\\/\",\"name\":\"Asema-alueet\",\"description\":\"Senaatin Asema-alueet\",\"potentialAction\":[{\"@type\":\"SearchAction\",\"target\":{\"@type\":\"EntryPoint\",\"urlTemplate\":\"https:\\\/\\\/www.senaatti.fi\\\/asema-alueet\\\/?s={search_term_string}\"},\"query-input\":{\"@type\":\"PropertyValueSpecification\",\"valueRequired\":true,\"valueName\":\"search_term_string\"}}],\"inLanguage\":\"fi\"},{\"@type\":\"Person\",\"@id\":\"https:\\\/\\\/www.senaatti.fi\\\/asema-alueet\\\/#\\\/schema\\\/person\\\/19ebcd857f41fa4cf02102cd128abc46\",\"name\":\"Andreas Ylijarvi\",\"image\":{\"@type\":\"ImageObject\",\"inLanguage\":\"fi\",\"@id\":\"https:\\\/\\\/secure.gravatar.com\\\/avatar\\\/da48797f91660605745175abd9fe82263292008bf52cf452340b960fcdab186f?s=96&d=mm&r=g\",\"url\":\"https:\\\/\\\/secure.gravatar.com\\\/avatar\\\/da48797f91660605745175abd9fe82263292008bf52cf452340b960fcdab186f?s=96&d=mm&r=g\",\"contentUrl\":\"https:\\\/\\\/secure.gravatar.com\\\/avatar\\\/da48797f91660605745175abd9fe82263292008bf52cf452340b960fcdab186f?s=96&d=mm&r=g\",\"caption\":\"Andreas Ylijarvi\"}}]}<\/script>\n<!-- \/ Yoast SEO plugin. -->","yoast_head_json":{"title":"Espoon Kauklahden Lasihytin alueelle rakentuu uusi asuinkerrostalojen korttelialue - Senaatti","description":"Senaatin Asema-alueet Oy k\u00e4ynnist\u00e4\u00e4 Kauklahden asema-alueen l\u00e4heisyydess\u00e4 olevan rakentamattoman m\u00e4\u00e4r\u00e4alan myynnin. Kohde sijaitsee tulevalla","robots":{"index":"index","follow":"follow","max-snippet":"max-snippet:-1","max-image-preview":"max-image-preview:large","max-video-preview":"max-video-preview:-1"},"canonical":"https:\/\/www.senaatti.fi\/asema-alueet\/ajankohtaista\/uutiset\/espoon-kauklahden-lasihytin-alueelle-rakentuu-uusi-asuinkerrostalojen-korttelialue\/","og_locale":"fi_FI","og_type":"article","og_title":"Espoon Kauklahden Lasihytin alueelle rakentuu uusi asuinkerrostalojen korttelialue - Senaatti","og_description":"Senaatin Asema-alueet Oy k\u00e4ynnist\u00e4\u00e4 Kauklahden asema-alueen l\u00e4heisyydess\u00e4 olevan rakentamattoman m\u00e4\u00e4r\u00e4alan myynnin. Kohde sijaitsee tulevalla","og_url":"https:\/\/www.senaatti.fi\/asema-alueet\/ajankohtaista\/uutiset\/espoon-kauklahden-lasihytin-alueelle-rakentuu-uusi-asuinkerrostalojen-korttelialue\/","og_site_name":"Senaatti","article_published_time":"2020-08-27T10:21:58+00:00","article_modified_time":"2021-08-23T09:25:06+00:00","og_image":[{"width":1024,"height":630,"url":"https:\/\/www.senaatti.fi\/app\/uploads\/sites\/6\/2020\/08\/Kirkkonummi_15132_48-1024x630.jpg","type":"image\/jpeg"}],"author":"Andreas Ylijarvi","twitter_card":"summary_large_image","twitter_misc":{"Kirjoittanut":"Andreas Ylijarvi","Arvioitu lukuaika":"1 minuutti"},"schema":{"@context":"https:\/\/schema.org","@graph":[{"@type":"Article","@id":"https:\/\/www.senaatti.fi\/asema-alueet\/ajankohtaista\/uutiset\/espoon-kauklahden-lasihytin-alueelle-rakentuu-uusi-asuinkerrostalojen-korttelialue\/#article","isPartOf":{"@id":"https:\/\/www.senaatti.fi\/asema-alueet\/ajankohtaista\/uutiset\/espoon-kauklahden-lasihytin-alueelle-rakentuu-uusi-asuinkerrostalojen-korttelialue\/"},"author":{"name":"Andreas Ylijarvi","@id":"https:\/\/www.senaatti.fi\/asema-alueet\/#\/schema\/person\/19ebcd857f41fa4cf02102cd128abc46"},"headline":"Espoon Kauklahden Lasihytin alueelle rakentuu uusi asuinkerrostalojen korttelialue","datePublished":"2020-08-27T10:21:58+00:00","dateModified":"2021-08-23T09:25:06+00:00","mainEntityOfPage":{"@id":"https:\/\/www.senaatti.fi\/asema-alueet\/ajankohtaista\/uutiset\/espoon-kauklahden-lasihytin-alueelle-rakentuu-uusi-asuinkerrostalojen-korttelialue\/"},"wordCount":191,"commentCount":0,"image":{"@id":"https:\/\/www.senaatti.fi\/asema-alueet\/ajankohtaista\/uutiset\/espoon-kauklahden-lasihytin-alueelle-rakentuu-uusi-asuinkerrostalojen-korttelialue\/#primaryimage"},"thumbnailUrl":"https:\/\/www.senaatti.fi\/app\/uploads\/sites\/6\/2020\/08\/Kirkkonummi_15132_48-scaled.jpg","articleSection":["Senaatin Asema-alueet Oy"],"inLanguage":"fi"},{"@type":"WebPage","@id":"https:\/\/www.senaatti.fi\/asema-alueet\/ajankohtaista\/uutiset\/espoon-kauklahden-lasihytin-alueelle-rakentuu-uusi-asuinkerrostalojen-korttelialue\/","url":"https:\/\/www.senaatti.fi\/asema-alueet\/ajankohtaista\/uutiset\/espoon-kauklahden-lasihytin-alueelle-rakentuu-uusi-asuinkerrostalojen-korttelialue\/","name":"Espoon Kauklahden Lasihytin alueelle rakentuu uusi asuinkerrostalojen korttelialue - Senaatti","isPartOf":{"@id":"https:\/\/www.senaatti.fi\/asema-alueet\/#website"},"primaryImageOfPage":{"@id":"https:\/\/www.senaatti.fi\/asema-alueet\/ajankohtaista\/uutiset\/espoon-kauklahden-lasihytin-alueelle-rakentuu-uusi-asuinkerrostalojen-korttelialue\/#primaryimage"},"image":{"@id":"https:\/\/www.senaatti.fi\/asema-alueet\/ajankohtaista\/uutiset\/espoon-kauklahden-lasihytin-alueelle-rakentuu-uusi-asuinkerrostalojen-korttelialue\/#primaryimage"},"thumbnailUrl":"https:\/\/www.senaatti.fi\/app\/uploads\/sites\/6\/2020\/08\/Kirkkonummi_15132_48-scaled.jpg","datePublished":"2020-08-27T10:21:58+00:00","dateModified":"2021-08-23T09:25:06+00:00","author":{"@id":"https:\/\/www.senaatti.fi\/asema-alueet\/#\/schema\/person\/19ebcd857f41fa4cf02102cd128abc46"},"description":"Senaatin Asema-alueet Oy k\u00e4ynnist\u00e4\u00e4 Kauklahden asema-alueen l\u00e4heisyydess\u00e4 olevan rakentamattoman m\u00e4\u00e4r\u00e4alan myynnin. Kohde sijaitsee tulevalla","breadcrumb":{"@id":"https:\/\/www.senaatti.fi\/asema-alueet\/ajankohtaista\/uutiset\/espoon-kauklahden-lasihytin-alueelle-rakentuu-uusi-asuinkerrostalojen-korttelialue\/#breadcrumb"},"inLanguage":"fi","potentialAction":[{"@type":"ReadAction","target":["https:\/\/www.senaatti.fi\/asema-alueet\/ajankohtaista\/uutiset\/espoon-kauklahden-lasihytin-alueelle-rakentuu-uusi-asuinkerrostalojen-korttelialue\/"]}]},{"@type":"ImageObject","inLanguage":"fi","@id":"https:\/\/www.senaatti.fi\/asema-alueet\/ajankohtaista\/uutiset\/espoon-kauklahden-lasihytin-alueelle-rakentuu-uusi-asuinkerrostalojen-korttelialue\/#primaryimage","url":"https:\/\/www.senaatti.fi\/app\/uploads\/sites\/6\/2020\/08\/Kirkkonummi_15132_48-scaled.jpg","contentUrl":"https:\/\/www.senaatti.fi\/app\/uploads\/sites\/6\/2020\/08\/Kirkkonummi_15132_48-scaled.jpg","width":2560,"height":1574,"caption":"Kirkkonummen asema-alue ilmakuvassa."},{"@type":"BreadcrumbList","@id":"https:\/\/www.senaatti.fi\/asema-alueet\/ajankohtaista\/uutiset\/espoon-kauklahden-lasihytin-alueelle-rakentuu-uusi-asuinkerrostalojen-korttelialue\/#breadcrumb","itemListElement":[{"@type":"ListItem","position":1,"name":"Etusivu","item":"https:\/\/www.senaatti.fi\/asema-alueet\/"},{"@type":"ListItem","position":2,"name":"Espoon Kauklahden Lasihytin alueelle rakentuu uusi asuinkerrostalojen korttelialue"}]},{"@type":"WebSite","@id":"https:\/\/www.senaatti.fi\/asema-alueet\/#website","url":"https:\/\/www.senaatti.fi\/asema-alueet\/","name":"Asema-alueet","description":"Senaatin Asema-alueet","potentialAction":[{"@type":"SearchAction","target":{"@type":"EntryPoint","urlTemplate":"https:\/\/www.senaatti.fi\/asema-alueet\/?s={search_term_string}"},"query-input":{"@type":"PropertyValueSpecification","valueRequired":true,"valueName":"search_term_string"}}],"inLanguage":"fi"},{"@type":"Person","@id":"https:\/\/www.senaatti.fi\/asema-alueet\/#\/schema\/person\/19ebcd857f41fa4cf02102cd128abc46","name":"Andreas Ylijarvi","image":{"@type":"ImageObject","inLanguage":"fi","@id":"https:\/\/secure.gravatar.com\/avatar\/da48797f91660605745175abd9fe82263292008bf52cf452340b960fcdab186f?s=96&d=mm&r=g","url":"https:\/\/secure.gravatar.com\/avatar\/da48797f91660605745175abd9fe82263292008bf52cf452340b960fcdab186f?s=96&d=mm&r=g","contentUrl":"https:\/\/secure.gravatar.com\/avatar\/da48797f91660605745175abd9fe82263292008bf52cf452340b960fcdab186f?s=96&d=mm&r=g","caption":"Andreas Ylijarvi"}}]}},"lang":"fi","translations":{"fi":1024},"pll_sync_post":[],"_links":{"self":[{"href":"https:\/\/www.senaatti.fi\/asema-alueet\/wp-json\/wp\/v2\/posts\/1024","targetHints":{"allow":["GET"]}}],"collection":[{"href":"https:\/\/www.senaatti.fi\/asema-alueet\/wp-json\/wp\/v2\/posts"}],"about":[{"href":"https:\/\/www.senaatti.fi\/asema-alueet\/wp-json\/wp\/v2\/types\/post"}],"author":[{"embeddable":true,"href":"https:\/\/www.senaatti.fi\/asema-alueet\/wp-json\/wp\/v2\/users\/16"}],"replies":[{"embeddable":true,"href":"https:\/\/www.senaatti.fi\/asema-alueet\/wp-json\/wp\/v2\/comments?post=1024"}],"version-history":[{"count":4,"href":"https:\/\/www.senaatti.fi\/asema-alueet\/wp-json\/wp\/v2\/posts\/1024\/revisions"}],"predecessor-version":[{"id":1327,"href":"https:\/\/www.senaatti.fi\/asema-alueet\/wp-json\/wp\/v2\/posts\/1024\/revisions\/1327"}],"wp:featuredmedia":[{"embeddable":true,"href":"https:\/\/www.senaatti.fi\/asema-alueet\/wp-json\/wp\/v2\/media\/1020"}],"wp:attachment":[{"href":"https:\/\/www.senaatti.fi\/asema-alueet\/wp-json\/wp\/v2\/media?parent=1024"}],"wp:term":[{"taxonomy":"senaatti_type","embeddable":true,"href":"https:\/\/www.senaatti.fi\/asema-alueet\/wp-json\/wp\/v2\/senaatti_type?post=1024"}],"curies":[{"name":"wp","href":"https:\/\/api.w.org\/{rel}","templated":true}]}}