{"id":1000,"date":"2020-05-26T10:33:19","date_gmt":"2020-05-26T10:33:19","guid":{"rendered":"https:\/\/www.senaatti.fi\/asema-alueet\/?p=1000"},"modified":"2021-03-24T11:54:06","modified_gmt":"2021-03-24T11:54:06","slug":"oulun-asemakeskuksen-suunnitelmat-edistyvat","status":"publish","type":"post","link":"https:\/\/www.senaatti.fi\/asema-alueet\/ajankohtaista\/uutiset\/oulun-asemakeskuksen-suunnitelmat-edistyvat\/","title":{"rendered":"Oulun asemakeskuksen suunnitelmat edistyv\u00e4t"},"content":{"rendered":"<p>Oulun asemakeskuksen aiesopimuksessa sovituille tavoitteille haetaan parhaillaan rakennetta ja konseptia Senaatin Asema-alueet Oy:n ja Oulun kaupungin johdolla. Aiesopimus allekirjoitettiin Senaatin Asema-alueet Oy:n, Senaatti-kiinteist\u00f6jen ja Oulun kaupungin v\u00e4lill\u00e4 lokakuussa 2019. Ty\u00f6t\u00e4 tehd\u00e4\u00e4n yhteisty\u00f6ss\u00e4 alueella t\u00e4ll\u00e4kin hetkell\u00e4 operoivien toimijoiden Matkahuollon, V\u00e4yl\u00e4viraston ja VR-Yhtym\u00e4n kanssa. Samalla tutkitaan erilaisten vaihtoehtojen kautta toimivinta maank\u00e4yt\u00f6n ratkaisua ja tehd\u00e4\u00e4n selvityksi\u00e4 kaavoituksen tueksi. Oulun asemaseudusta on tavoitteena luoda toiminnallisesti, kaupunkikuvallisesti sek\u00e4 arkkitehtonisesti korkeatasoinen ja monipuolinen, useita eri toimintoja sis\u00e4lt\u00e4v\u00e4 asemakeskusalue.<\/p>\n<h3>Alueen tuleva k\u00e4ytt\u00f6 ja kehitt\u00e4j\u00e4kumppanit selvi\u00e4v\u00e4t suunnitelmien edetess\u00e4<\/h3>\n<p>Senaatin Asema-alueet Oy ja kaupunki j\u00e4rjest\u00e4v\u00e4t yhteisty\u00f6ss\u00e4 avoimen suunnittelu- ja tontinluovutuskilpailun, jonka kautta haetaan alueen kehitt\u00e4j\u00e4kumppanit. Tavoitteena on m\u00e4\u00e4ritell\u00e4 kaupungin kanssa asemakeskuksen suunnittelutavoitteet ja k\u00e4ynnist\u00e4\u00e4 suunnittelu- ja tontinluovutuskilpailu vuoden 2020 aikana.<\/p>\n<p>Alueelle halutaan syntyv\u00e4n hyvin toteutettu liikenteellinen keskus sek\u00e4 kaupungin keskustan ja Raksilan yhdist\u00e4v\u00e4, toiminnoiltaan monipuolinen osa elinvoimaista kaupunkia. Tavoiteaikataulu on, ett\u00e4 ensimm\u00e4isen osa-alueen asemakaavan muutos on hyv\u00e4ksytty 2022.<\/p>\n<p>\u201dErityisen t\u00e4rke\u00e4\u00e4 on, ett\u00e4 asema-alueen suunnittelu ja toteutus tukevat Oulun kaupungin strategiaa sek\u00e4 edist\u00e4v\u00e4t kaupungin tavoitteita kaupunkirakenteen eheytt\u00e4misess\u00e4 ja keskustan elinvoimaisuuden tukemisessa,\u201d sanoo Senaatin kiinteist\u00f6kehitysp\u00e4\u00e4llikk\u00f6\u00a0<strong>Janne Marttinen<\/strong>.<\/p>\n<h3>Oulun yliopiston tai monitoimiareenan sijoittuminen asema-alueelle on viel\u00e4 suuri kysymysmerkki<\/h3>\n<p>Alueelle on julkisuudessa ehdotettu my\u00f6s yliopistoa ja monitoimiareenaa.<\/p>\n<p>Yliopiston mahdollisella siirtymisell\u00e4 pois Linnanmaalta olisi eritt\u00e4in suuri vaikutus koko Oulun kaupunkirakenteeseen, ei pelk\u00e4st\u00e4\u00e4n asema-alueeseen. Mik\u00e4li Oulun kaupunki n\u00e4kee yliopiston sijoittumisen asemakeskukseen strategisesti t\u00e4rke\u00e4n\u00e4 ja maank\u00e4yt\u00f6llisesti toimivana ratkaisuna, on Senaatin Asema-alueet Oy valmis neuvottelemaan t\u00e4m\u00e4n mahdollistavan asemakaavoituksen edist\u00e4misest\u00e4 Oulun kaupungin kanssa.<\/p>\n<p>Monitoimiareenakonsepti on kokonaisuudessaan vaativa ja edellytt\u00e4isi Oulun kaupungilta merkitt\u00e4v\u00e4\u00e4 taloudellista sitoutumista. Senaatti-kiinteist\u00f6t ja Senaatin Asema-alueet Oy eiv\u00e4t osallistu areenahankkeen rahoitukseen eik\u00e4 toteuttamiseen. Mik\u00e4li Oulun kaupunki n\u00e4kee areenahankkeen sijoittamisen asemakeskukseen maank\u00e4yt\u00f6llisesti toimivana ratkaisuna ja sitoutuu siihen taloudellisesti, on Senaatin Asema-alueet Oy valmis neuvottelemaan hankkeen mahdollistavan asemakaavoituksen edist\u00e4misest\u00e4 Oulun kaupungin kanssa.<\/p>\n<h3>Taustalla kaupungin ja valtion tiivis yhteisty\u00f6 asema-alueilla<\/h3>\n<p>Senaatin Asema-alueet Oy, Senaatti-kiinteist\u00f6t ja Oulun kaupunki solmivat loppuvuodesta 2019 aiesopimuksen Oulun asemakeskuksen kehitt\u00e4misest\u00e4. Aiesopimuksella sovittiin asema-alueen asemakaavan muutosten aikaansaamiseen tarvittavan yhteistoiminnan tavoitteista ja periaatteista sek\u00e4 maank\u00e4yt\u00f6n ja liikenteen yleissuunnittelun kustannusjaosta.<\/p>\n<p><strong>Lis\u00e4tiedot:<\/strong><\/p>\n<p>Senaatti-kiinteist\u00f6t<\/p>\n<p>Kiinteist\u00f6kehitysp\u00e4\u00e4llikk\u00f6 Janne Marttinen<\/p>\n<p>+358 40 867 4667, <a href=\"mailto:janne.marttinen@senaatti.fi\">janne.marttinen@senaatti.fi<\/a><\/p>\n","protected":false},"excerpt":{"rendered":"<p>Oulun asemakeskuksen aiesopimuksessa sovituille tavoitteille haetaan parhaillaan rakennetta ja konseptia Senaatin Asema-alueet Oy:n ja Oulun kaupungin johdolla. Aiesopimus allekirjoitettiin Senaatin Asema-alueet Oy:n, Senaatti-kiinteist\u00f6jen ja Oulun kaupungin v\u00e4lill\u00e4 lokakuussa 2019. Ty\u00f6t\u00e4 tehd\u00e4\u00e4n yhteisty\u00f6ss\u00e4 alueella t\u00e4ll\u00e4kin hetkell\u00e4 operoivien toimijoiden Matkahuollon, V\u00e4yl\u00e4viraston ja VR-Yhtym\u00e4n kanssa. Samalla tutkitaan erilaisten vaihtoehtojen kautta toimivinta maank\u00e4yt\u00f6n ratkaisua ja tehd\u00e4\u00e4n selvityksi\u00e4 kaavoituksen tueksi. [&hellip;]<\/p>\n","protected":false},"author":16,"featured_media":875,"comment_status":"open","ping_status":"open","sticky":false,"template":"","format":"standard","meta":{"_acf_changed":false,"footnotes":""},"senaatti_type":[],"class_list":["post-1000","post","type-post","status-publish","format-standard","has-post-thumbnail","hentry"],"acf":[],"yoast_head":"<!-- This site is optimized with the Yoast SEO plugin v27.3 - https:\/\/yoast.com\/product\/yoast-seo-wordpress\/ -->\n<title>Oulun asemakeskuksen suunnitelmat edistyv\u00e4t - Senaatti<\/title>\n<meta name=\"description\" content=\"Oulun asemakeskuksen aiesopimuksessa sovituille tavoitteille haetaan parhaillaan rakennetta ja konseptia Senaatin Asema-alueet Oy:n ja Oulun kaupungin\" \/>\n<meta name=\"robots\" content=\"index, follow, max-snippet:-1, max-image-preview:large, max-video-preview:-1\" \/>\n<link rel=\"canonical\" href=\"https:\/\/www.senaatti.fi\/asema-alueet\/ajankohtaista\/uutiset\/oulun-asemakeskuksen-suunnitelmat-edistyvat\/\" \/>\n<meta property=\"og:locale\" content=\"fi_FI\" \/>\n<meta property=\"og:type\" content=\"article\" \/>\n<meta property=\"og:title\" content=\"Oulun asemakeskuksen suunnitelmat edistyv\u00e4t - Senaatti\" \/>\n<meta property=\"og:description\" content=\"Oulun asemakeskuksen aiesopimuksessa sovituille tavoitteille haetaan parhaillaan rakennetta ja konseptia Senaatin Asema-alueet Oy:n ja Oulun kaupungin\" \/>\n<meta property=\"og:url\" content=\"https:\/\/www.senaatti.fi\/asema-alueet\/ajankohtaista\/uutiset\/oulun-asemakeskuksen-suunnitelmat-edistyvat\/\" \/>\n<meta property=\"og:site_name\" content=\"Senaatti\" \/>\n<meta property=\"article:published_time\" content=\"2020-05-26T10:33:19+00:00\" \/>\n<meta property=\"article:modified_time\" content=\"2021-03-24T11:54:06+00:00\" \/>\n<meta property=\"og:image\" content=\"https:\/\/www.senaatti.fi\/app\/uploads\/sites\/6\/2019\/10\/Oulu_18563_07-1024x680.jpg\" \/>\n\t<meta property=\"og:image:width\" content=\"1024\" \/>\n\t<meta property=\"og:image:height\" content=\"680\" \/>\n\t<meta property=\"og:image:type\" content=\"image\/jpeg\" \/>\n<meta name=\"author\" content=\"Andreas Ylijarvi\" \/>\n<meta name=\"twitter:card\" content=\"summary_large_image\" \/>\n<meta name=\"twitter:label1\" content=\"Kirjoittanut\" \/>\n\t<meta name=\"twitter:data1\" content=\"Andreas Ylijarvi\" \/>\n\t<meta name=\"twitter:label2\" content=\"Arvioitu lukuaika\" \/>\n\t<meta name=\"twitter:data2\" content=\"2 minuuttia\" \/>\n<script type=\"application\/ld+json\" class=\"yoast-schema-graph\">{\"@context\":\"https:\\\/\\\/schema.org\",\"@graph\":[{\"@type\":\"Article\",\"@id\":\"https:\\\/\\\/www.senaatti.fi\\\/asema-alueet\\\/ajankohtaista\\\/uutiset\\\/oulun-asemakeskuksen-suunnitelmat-edistyvat\\\/#article\",\"isPartOf\":{\"@id\":\"https:\\\/\\\/www.senaatti.fi\\\/asema-alueet\\\/ajankohtaista\\\/uutiset\\\/oulun-asemakeskuksen-suunnitelmat-edistyvat\\\/\"},\"author\":{\"name\":\"Andreas Ylijarvi\",\"@id\":\"https:\\\/\\\/www.senaatti.fi\\\/asema-alueet\\\/#\\\/schema\\\/person\\\/19ebcd857f41fa4cf02102cd128abc46\"},\"headline\":\"Oulun asemakeskuksen suunnitelmat edistyv\u00e4t\",\"datePublished\":\"2020-05-26T10:33:19+00:00\",\"dateModified\":\"2021-03-24T11:54:06+00:00\",\"mainEntityOfPage\":{\"@id\":\"https:\\\/\\\/www.senaatti.fi\\\/asema-alueet\\\/ajankohtaista\\\/uutiset\\\/oulun-asemakeskuksen-suunnitelmat-edistyvat\\\/\"},\"wordCount\":392,\"commentCount\":0,\"image\":{\"@id\":\"https:\\\/\\\/www.senaatti.fi\\\/asema-alueet\\\/ajankohtaista\\\/uutiset\\\/oulun-asemakeskuksen-suunnitelmat-edistyvat\\\/#primaryimage\"},\"thumbnailUrl\":\"https:\\\/\\\/www.senaatti.fi\\\/app\\\/uploads\\\/sites\\\/6\\\/2019\\\/10\\\/Oulu_18563_07.jpg\",\"articleSection\":[\"Senaatin Asema-alueet Oy\"],\"inLanguage\":\"fi\"},{\"@type\":\"WebPage\",\"@id\":\"https:\\\/\\\/www.senaatti.fi\\\/asema-alueet\\\/ajankohtaista\\\/uutiset\\\/oulun-asemakeskuksen-suunnitelmat-edistyvat\\\/\",\"url\":\"https:\\\/\\\/www.senaatti.fi\\\/asema-alueet\\\/ajankohtaista\\\/uutiset\\\/oulun-asemakeskuksen-suunnitelmat-edistyvat\\\/\",\"name\":\"Oulun asemakeskuksen suunnitelmat edistyv\u00e4t - Senaatti\",\"isPartOf\":{\"@id\":\"https:\\\/\\\/www.senaatti.fi\\\/asema-alueet\\\/#website\"},\"primaryImageOfPage\":{\"@id\":\"https:\\\/\\\/www.senaatti.fi\\\/asema-alueet\\\/ajankohtaista\\\/uutiset\\\/oulun-asemakeskuksen-suunnitelmat-edistyvat\\\/#primaryimage\"},\"image\":{\"@id\":\"https:\\\/\\\/www.senaatti.fi\\\/asema-alueet\\\/ajankohtaista\\\/uutiset\\\/oulun-asemakeskuksen-suunnitelmat-edistyvat\\\/#primaryimage\"},\"thumbnailUrl\":\"https:\\\/\\\/www.senaatti.fi\\\/app\\\/uploads\\\/sites\\\/6\\\/2019\\\/10\\\/Oulu_18563_07.jpg\",\"datePublished\":\"2020-05-26T10:33:19+00:00\",\"dateModified\":\"2021-03-24T11:54:06+00:00\",\"author\":{\"@id\":\"https:\\\/\\\/www.senaatti.fi\\\/asema-alueet\\\/#\\\/schema\\\/person\\\/19ebcd857f41fa4cf02102cd128abc46\"},\"description\":\"Oulun asemakeskuksen aiesopimuksessa sovituille tavoitteille haetaan parhaillaan rakennetta ja konseptia Senaatin Asema-alueet Oy:n ja Oulun kaupungin\",\"breadcrumb\":{\"@id\":\"https:\\\/\\\/www.senaatti.fi\\\/asema-alueet\\\/ajankohtaista\\\/uutiset\\\/oulun-asemakeskuksen-suunnitelmat-edistyvat\\\/#breadcrumb\"},\"inLanguage\":\"fi\",\"potentialAction\":[{\"@type\":\"ReadAction\",\"target\":[\"https:\\\/\\\/www.senaatti.fi\\\/asema-alueet\\\/ajankohtaista\\\/uutiset\\\/oulun-asemakeskuksen-suunnitelmat-edistyvat\\\/\"]}]},{\"@type\":\"ImageObject\",\"inLanguage\":\"fi\",\"@id\":\"https:\\\/\\\/www.senaatti.fi\\\/asema-alueet\\\/ajankohtaista\\\/uutiset\\\/oulun-asemakeskuksen-suunnitelmat-edistyvat\\\/#primaryimage\",\"url\":\"https:\\\/\\\/www.senaatti.fi\\\/app\\\/uploads\\\/sites\\\/6\\\/2019\\\/10\\\/Oulu_18563_07.jpg\",\"contentUrl\":\"https:\\\/\\\/www.senaatti.fi\\\/app\\\/uploads\\\/sites\\\/6\\\/2019\\\/10\\\/Oulu_18563_07.jpg\",\"width\":6048,\"height\":4015,\"caption\":\"Oulun asema-alue ilmakuvassa.\"},{\"@type\":\"BreadcrumbList\",\"@id\":\"https:\\\/\\\/www.senaatti.fi\\\/asema-alueet\\\/ajankohtaista\\\/uutiset\\\/oulun-asemakeskuksen-suunnitelmat-edistyvat\\\/#breadcrumb\",\"itemListElement\":[{\"@type\":\"ListItem\",\"position\":1,\"name\":\"Etusivu\",\"item\":\"https:\\\/\\\/www.senaatti.fi\\\/asema-alueet\\\/\"},{\"@type\":\"ListItem\",\"position\":2,\"name\":\"Oulun asemakeskuksen suunnitelmat edistyv\u00e4t\"}]},{\"@type\":\"WebSite\",\"@id\":\"https:\\\/\\\/www.senaatti.fi\\\/asema-alueet\\\/#website\",\"url\":\"https:\\\/\\\/www.senaatti.fi\\\/asema-alueet\\\/\",\"name\":\"Asema-alueet\",\"description\":\"Senaatin Asema-alueet\",\"potentialAction\":[{\"@type\":\"SearchAction\",\"target\":{\"@type\":\"EntryPoint\",\"urlTemplate\":\"https:\\\/\\\/www.senaatti.fi\\\/asema-alueet\\\/?s={search_term_string}\"},\"query-input\":{\"@type\":\"PropertyValueSpecification\",\"valueRequired\":true,\"valueName\":\"search_term_string\"}}],\"inLanguage\":\"fi\"},{\"@type\":\"Person\",\"@id\":\"https:\\\/\\\/www.senaatti.fi\\\/asema-alueet\\\/#\\\/schema\\\/person\\\/19ebcd857f41fa4cf02102cd128abc46\",\"name\":\"Andreas Ylijarvi\",\"image\":{\"@type\":\"ImageObject\",\"inLanguage\":\"fi\",\"@id\":\"https:\\\/\\\/secure.gravatar.com\\\/avatar\\\/da48797f91660605745175abd9fe82263292008bf52cf452340b960fcdab186f?s=96&d=mm&r=g\",\"url\":\"https:\\\/\\\/secure.gravatar.com\\\/avatar\\\/da48797f91660605745175abd9fe82263292008bf52cf452340b960fcdab186f?s=96&d=mm&r=g\",\"contentUrl\":\"https:\\\/\\\/secure.gravatar.com\\\/avatar\\\/da48797f91660605745175abd9fe82263292008bf52cf452340b960fcdab186f?s=96&d=mm&r=g\",\"caption\":\"Andreas Ylijarvi\"}}]}<\/script>\n<!-- \/ Yoast SEO plugin. -->","yoast_head_json":{"title":"Oulun asemakeskuksen suunnitelmat edistyv\u00e4t - Senaatti","description":"Oulun asemakeskuksen aiesopimuksessa sovituille tavoitteille haetaan parhaillaan rakennetta ja konseptia Senaatin Asema-alueet Oy:n ja Oulun kaupungin","robots":{"index":"index","follow":"follow","max-snippet":"max-snippet:-1","max-image-preview":"max-image-preview:large","max-video-preview":"max-video-preview:-1"},"canonical":"https:\/\/www.senaatti.fi\/asema-alueet\/ajankohtaista\/uutiset\/oulun-asemakeskuksen-suunnitelmat-edistyvat\/","og_locale":"fi_FI","og_type":"article","og_title":"Oulun asemakeskuksen suunnitelmat edistyv\u00e4t - Senaatti","og_description":"Oulun asemakeskuksen aiesopimuksessa sovituille tavoitteille haetaan parhaillaan rakennetta ja konseptia Senaatin Asema-alueet Oy:n ja Oulun kaupungin","og_url":"https:\/\/www.senaatti.fi\/asema-alueet\/ajankohtaista\/uutiset\/oulun-asemakeskuksen-suunnitelmat-edistyvat\/","og_site_name":"Senaatti","article_published_time":"2020-05-26T10:33:19+00:00","article_modified_time":"2021-03-24T11:54:06+00:00","og_image":[{"width":1024,"height":680,"url":"https:\/\/www.senaatti.fi\/app\/uploads\/sites\/6\/2019\/10\/Oulu_18563_07-1024x680.jpg","type":"image\/jpeg"}],"author":"Andreas Ylijarvi","twitter_card":"summary_large_image","twitter_misc":{"Kirjoittanut":"Andreas Ylijarvi","Arvioitu lukuaika":"2 minuuttia"},"schema":{"@context":"https:\/\/schema.org","@graph":[{"@type":"Article","@id":"https:\/\/www.senaatti.fi\/asema-alueet\/ajankohtaista\/uutiset\/oulun-asemakeskuksen-suunnitelmat-edistyvat\/#article","isPartOf":{"@id":"https:\/\/www.senaatti.fi\/asema-alueet\/ajankohtaista\/uutiset\/oulun-asemakeskuksen-suunnitelmat-edistyvat\/"},"author":{"name":"Andreas Ylijarvi","@id":"https:\/\/www.senaatti.fi\/asema-alueet\/#\/schema\/person\/19ebcd857f41fa4cf02102cd128abc46"},"headline":"Oulun asemakeskuksen suunnitelmat edistyv\u00e4t","datePublished":"2020-05-26T10:33:19+00:00","dateModified":"2021-03-24T11:54:06+00:00","mainEntityOfPage":{"@id":"https:\/\/www.senaatti.fi\/asema-alueet\/ajankohtaista\/uutiset\/oulun-asemakeskuksen-suunnitelmat-edistyvat\/"},"wordCount":392,"commentCount":0,"image":{"@id":"https:\/\/www.senaatti.fi\/asema-alueet\/ajankohtaista\/uutiset\/oulun-asemakeskuksen-suunnitelmat-edistyvat\/#primaryimage"},"thumbnailUrl":"https:\/\/www.senaatti.fi\/app\/uploads\/sites\/6\/2019\/10\/Oulu_18563_07.jpg","articleSection":["Senaatin Asema-alueet Oy"],"inLanguage":"fi"},{"@type":"WebPage","@id":"https:\/\/www.senaatti.fi\/asema-alueet\/ajankohtaista\/uutiset\/oulun-asemakeskuksen-suunnitelmat-edistyvat\/","url":"https:\/\/www.senaatti.fi\/asema-alueet\/ajankohtaista\/uutiset\/oulun-asemakeskuksen-suunnitelmat-edistyvat\/","name":"Oulun asemakeskuksen suunnitelmat edistyv\u00e4t - Senaatti","isPartOf":{"@id":"https:\/\/www.senaatti.fi\/asema-alueet\/#website"},"primaryImageOfPage":{"@id":"https:\/\/www.senaatti.fi\/asema-alueet\/ajankohtaista\/uutiset\/oulun-asemakeskuksen-suunnitelmat-edistyvat\/#primaryimage"},"image":{"@id":"https:\/\/www.senaatti.fi\/asema-alueet\/ajankohtaista\/uutiset\/oulun-asemakeskuksen-suunnitelmat-edistyvat\/#primaryimage"},"thumbnailUrl":"https:\/\/www.senaatti.fi\/app\/uploads\/sites\/6\/2019\/10\/Oulu_18563_07.jpg","datePublished":"2020-05-26T10:33:19+00:00","dateModified":"2021-03-24T11:54:06+00:00","author":{"@id":"https:\/\/www.senaatti.fi\/asema-alueet\/#\/schema\/person\/19ebcd857f41fa4cf02102cd128abc46"},"description":"Oulun asemakeskuksen aiesopimuksessa sovituille tavoitteille haetaan parhaillaan rakennetta ja konseptia Senaatin Asema-alueet Oy:n ja Oulun kaupungin","breadcrumb":{"@id":"https:\/\/www.senaatti.fi\/asema-alueet\/ajankohtaista\/uutiset\/oulun-asemakeskuksen-suunnitelmat-edistyvat\/#breadcrumb"},"inLanguage":"fi","potentialAction":[{"@type":"ReadAction","target":["https:\/\/www.senaatti.fi\/asema-alueet\/ajankohtaista\/uutiset\/oulun-asemakeskuksen-suunnitelmat-edistyvat\/"]}]},{"@type":"ImageObject","inLanguage":"fi","@id":"https:\/\/www.senaatti.fi\/asema-alueet\/ajankohtaista\/uutiset\/oulun-asemakeskuksen-suunnitelmat-edistyvat\/#primaryimage","url":"https:\/\/www.senaatti.fi\/app\/uploads\/sites\/6\/2019\/10\/Oulu_18563_07.jpg","contentUrl":"https:\/\/www.senaatti.fi\/app\/uploads\/sites\/6\/2019\/10\/Oulu_18563_07.jpg","width":6048,"height":4015,"caption":"Oulun asema-alue ilmakuvassa."},{"@type":"BreadcrumbList","@id":"https:\/\/www.senaatti.fi\/asema-alueet\/ajankohtaista\/uutiset\/oulun-asemakeskuksen-suunnitelmat-edistyvat\/#breadcrumb","itemListElement":[{"@type":"ListItem","position":1,"name":"Etusivu","item":"https:\/\/www.senaatti.fi\/asema-alueet\/"},{"@type":"ListItem","position":2,"name":"Oulun asemakeskuksen suunnitelmat edistyv\u00e4t"}]},{"@type":"WebSite","@id":"https:\/\/www.senaatti.fi\/asema-alueet\/#website","url":"https:\/\/www.senaatti.fi\/asema-alueet\/","name":"Asema-alueet","description":"Senaatin Asema-alueet","potentialAction":[{"@type":"SearchAction","target":{"@type":"EntryPoint","urlTemplate":"https:\/\/www.senaatti.fi\/asema-alueet\/?s={search_term_string}"},"query-input":{"@type":"PropertyValueSpecification","valueRequired":true,"valueName":"search_term_string"}}],"inLanguage":"fi"},{"@type":"Person","@id":"https:\/\/www.senaatti.fi\/asema-alueet\/#\/schema\/person\/19ebcd857f41fa4cf02102cd128abc46","name":"Andreas Ylijarvi","image":{"@type":"ImageObject","inLanguage":"fi","@id":"https:\/\/secure.gravatar.com\/avatar\/da48797f91660605745175abd9fe82263292008bf52cf452340b960fcdab186f?s=96&d=mm&r=g","url":"https:\/\/secure.gravatar.com\/avatar\/da48797f91660605745175abd9fe82263292008bf52cf452340b960fcdab186f?s=96&d=mm&r=g","contentUrl":"https:\/\/secure.gravatar.com\/avatar\/da48797f91660605745175abd9fe82263292008bf52cf452340b960fcdab186f?s=96&d=mm&r=g","caption":"Andreas Ylijarvi"}}]}},"lang":"fi","translations":{"fi":1000},"pll_sync_post":[],"_links":{"self":[{"href":"https:\/\/www.senaatti.fi\/asema-alueet\/wp-json\/wp\/v2\/posts\/1000","targetHints":{"allow":["GET"]}}],"collection":[{"href":"https:\/\/www.senaatti.fi\/asema-alueet\/wp-json\/wp\/v2\/posts"}],"about":[{"href":"https:\/\/www.senaatti.fi\/asema-alueet\/wp-json\/wp\/v2\/types\/post"}],"author":[{"embeddable":true,"href":"https:\/\/www.senaatti.fi\/asema-alueet\/wp-json\/wp\/v2\/users\/16"}],"replies":[{"embeddable":true,"href":"https:\/\/www.senaatti.fi\/asema-alueet\/wp-json\/wp\/v2\/comments?post=1000"}],"version-history":[{"count":5,"href":"https:\/\/www.senaatti.fi\/asema-alueet\/wp-json\/wp\/v2\/posts\/1000\/revisions"}],"predecessor-version":[{"id":1287,"href":"https:\/\/www.senaatti.fi\/asema-alueet\/wp-json\/wp\/v2\/posts\/1000\/revisions\/1287"}],"wp:featuredmedia":[{"embeddable":true,"href":"https:\/\/www.senaatti.fi\/asema-alueet\/wp-json\/wp\/v2\/media\/875"}],"wp:attachment":[{"href":"https:\/\/www.senaatti.fi\/asema-alueet\/wp-json\/wp\/v2\/media?parent=1000"}],"wp:term":[{"taxonomy":"senaatti_type","embeddable":true,"href":"https:\/\/www.senaatti.fi\/asema-alueet\/wp-json\/wp\/v2\/senaatti_type?post=1000"}],"curies":[{"name":"wp","href":"https:\/\/api.w.org\/{rel}","templated":true}]}}